{"id":207502,"date":"2026-02-10T20:24:41","date_gmt":"2026-02-10T23:24:41","guid":{"rendered":"https:\/\/portaltela.pt\/noticias\/2026\/02\/10\/danos-no-medio-tejo-iguais-aos-de-leiria-alertam-empresarios\/"},"modified":"2026-02-10T20:24:41","modified_gmt":"2026-02-10T23:24:41","slug":"danos-no-medio-tejo-iguais-aos-de-leiria-alertam-empresarios","status":"publish","type":"post","link":"https:\/\/portaltela.pt\/noticias\/2026\/02\/10\/danos-no-medio-tejo-iguais-aos-de-leiria-alertam-empresarios\/","title":{"rendered":"Danos no M\u00e9dio Tejo iguais aos de Leiria, alertam empres\u00e1rios"},"content":{"rendered":"<p>Danos no M\u00e9dio Tejo na mesma ordem de grandeza que em Leiria, mas com menos visibilidade, alertam empres\u00e1rios nesta regi\u00e3o. A tempestade Kristin deixou zonas industriais de Our\u00e9m, Caxarias, Ferreira do Z\u00eazere e Tomar com impactos relevantes, j\u00e1 passadas duas semanas.<\/p>\n<p>Em Tomar, na CIM do M\u00e9dio Tejo, o presidente da AIP afirmou que o grau de destrui\u00e7\u00e3o nas empresas locais \u00e9 semelhante ao observado na Marinha Grande e em Leiria. Ainda residem milhares sem energia nos respetivos concelhos, com centenas de empresas paralisadas e apoios ainda por chegar.<\/p>\n<p>O balan\u00e7o foi apresentado por representantes de Our\u00e9m, Ferreira do Z\u00eazere, Tomar e da associa\u00e7\u00e3o Nersant, destacando o atraso na disponibiliza\u00e7\u00e3o de medidas de apoio anunciadas pelo Governo. A ocasi\u00e3o contou com a participa\u00e7\u00e3o de autoridades locais.<\/p>\n<h3>Propostas e perspetivas de apoio<\/h3>\n<p>Entre as principais reivindica\u00e7\u00f5es est\u00e3o apoios a fundo perdido, a extens\u00e3o de um apoio de 10 mil euros a setores al\u00e9m da agricultura e floresta, morat\u00f3rias fiscais de pelo menos seis meses e simplifica\u00e7\u00e3o do lay-off. Tamb\u00e9m pedem acelera\u00e7\u00e3o de linhas de cr\u00e9dito e celeridade na reconstru\u00e7\u00e3o.<\/p>\n<p>Jos\u00e9 Eduardo Carvalho indicou que, desde a reuni\u00e3o de 2 de fevereiro, ainda n\u00e3o houve desbloqueio dos apoios. Amanh\u00e3 haver\u00e1 encontros em Leiria e na Figueira da Foz com a Unidade de Miss\u00e3o, o IAPMEI e o Banco Fomento, para clarificar as medidas.<\/p>\n<p>O dirigente pediu a redu\u00e7\u00e3o de entraves burocr\u00e1ticos e a garantia de que os apoios cheguem \u00e0s empresas mais afetadas. Defendeu que as medidas devem considerar a realidade do M\u00e9dio Tejo, onde a destrui\u00e7\u00e3o industrial \u00e9 grave.<\/p>\n<p>Rui Serrano, presidente da Nersant, apontou os setores mais atingidos como agroind\u00fastria, ind\u00fastria transformadora e constru\u00e7\u00e3o, pela exposi\u00e7\u00e3o \u00e0s intemp\u00e9ries e interrup\u00e7\u00e3o de cadeias log\u00edsticas. Anunciou a cria\u00e7\u00e3o de uma estrutura informal de acompanhamento econ\u00f3mico da depress\u00e3o Kristin.<\/p>\n<h3>Acompanhamento e pr\u00f3ximos passos<\/h3>\n<p>A coopera\u00e7\u00e3o entre AIP, CIM do M\u00e9dio Tejo e munic\u00edpios visa monitorizar impactos, avaliar medidas j\u00e1 anunciadas e propor novas interven\u00e7\u00f5es. O objetivo \u00e9 acelerar a implementa\u00e7\u00e3o e a coordena\u00e7\u00e3o institucional entre entidades.<\/p>\n<p>Desde 28 de janeiro, quinze pessoas morreram em Portugal na sequ\u00eancia de Kristin, Leonardo e Marta. As regi\u00f5es Centro, Lisboa e Vale do Tejo e Alentejo foram as mais afetadas, com extraordin\u00e1rias perdas em casas, empresas e infraestruturas.<\/p>\n<p>O Governo estendeu a situa\u00e7\u00e3o de calamidade at\u00e9 15 de mar\u00e7o para 68 concelhos e comprometeu-se com medidas de apoio que chegam a valores pr\u00f3ximos de 2,5 mil milh\u00f5es de euros.<\/p>\n","protected":false},"excerpt":{"rendered":"<ul>\n<li>Empres\u00e1rios do M\u00e9dio Tejo alertam que os danos nas zonas industriais de Our\u00e9m, Caxarias, Ferreira do Z\u00eazere e Tomar s\u00e3o compar\u00e1veis aos de Leiria, mas com menor visibilidade.<\/li>\n<li>Quase 7.000 pessoas em Our\u00e9m, 2.500 em Ferreira do Z\u00eazere e mil em Tomar continuam sem energia, com centenas de empresas paralisadas e apoios ainda por chegar.<\/li>\n<li>Reivindicam apoios mais r\u00e1pidos, incluindo fundo perdido, extens\u00e3o de apoio de 10 mil euros a mais setores, morat\u00f3rias fiscais, simplifica\u00e7\u00e3o do lay-off, acelera\u00e7\u00e3o de linhas de cr\u00e9dito e celeridade na reconstru\u00e7\u00e3o.<\/li>\n<li>Acompanhamento do impacto econ\u00f3mico \u00e9 criado pela Nersant com a AIP, CIM do M\u00e9dio Tejo e munic\u00edpios, para identificar problemas, monitorizar medidas e coordenar interven\u00e7\u00f5es.<\/li>\n<\/ul>\n","protected":false},"author":2,"featured_media":207503,"comment_status":"closed","ping_status":"closed","sticky":false,"template":"","format":"standard","meta":{"footnotes":""},"categories":[1],"tags":[4687,5038,255,1385,2357,1088],"class_list":["post-207502","post","type-post","status-publish","format-standard","has-post-thumbnail","hentry","category-noticias","tag-calamidade-publica","tag-ferreira-do-zezere","tag-industria","tag-leiria","tag-ourem","tag-tomar"],"yoast_head":"<!-- This site is optimized with the Yoast SEO plugin v27.2 - https:\/\/yoast.com\/product\/yoast-seo-wordpress\/ -->\n<title>Danos no M\u00e9dio Tejo iguais aos de Leiria, alertam empres\u00e1rios - Portal Tela Portugal<\/title>\n<meta name=\"robots\" content=\"index, follow, max-snippet:-1, max-image-preview:large, max-video-preview:-1\" \/>\n<meta property=\"og:locale\" content=\"pt_PT\" \/>\n<meta property=\"og:type\" content=\"article\" \/>\n<meta property=\"og:title\" content=\"Danos no M\u00e9dio Tejo iguais aos de Leiria, alertam empres\u00e1rios - Portal Tela Portugal\" \/>\n<meta property=\"og:description\" content=\"Empres\u00e1rios do M\u00e9dio Tejo alertam que os danos nas zonas industriais de Our\u00e9m, Caxarias, Ferreira do Z\u00eazere e Tomar s\u00e3o compar\u00e1veis aos de Leiria, mas com menor visibilidade. Quase 7.000 pessoas em Our\u00e9m, 2.500 em Ferreira do Z\u00eazere e mil em Tomar continuam sem energia, com centenas de empresas paralisadas e apoios ainda por chegar. Reivindicam apoios mais r\u00e1pidos, incluindo fundo perdido, extens\u00e3o de apoio de 10 mil euros a mais setores, morat\u00f3rias fiscais, simplifica\u00e7\u00e3o do lay-off, acelera\u00e7\u00e3o de linhas de cr\u00e9dito e celeridade na reconstru\u00e7\u00e3o. Acompanhamento do impacto econ\u00f3mico \u00e9 criado pela Nersant com a AIP, CIM do M\u00e9dio Tejo e munic\u00edpios, para identificar problemas, monitorizar medidas e coordenar interven\u00e7\u00f5es.\" \/>\n<meta property=\"og:url\" content=\"https:\/\/portaltela.pt\/noticias\/2026\/02\/10\/danos-no-medio-tejo-iguais-aos-de-leiria-alertam-empresarios\/\" \/>\n<meta property=\"og:site_name\" content=\"Portal Tela Portugal\" \/>\n<meta property=\"article:published_time\" content=\"2026-02-10T23:24:41+00:00\" \/>\n<meta name=\"author\" content=\"Telinha\" \/>\n<meta name=\"twitter:card\" content=\"summary_large_image\" \/>\n<meta name=\"twitter:label1\" content=\"Escrito por\" \/>\n\t<meta name=\"twitter:data1\" content=\"Telinha\" \/>\n\t<meta name=\"twitter:label2\" content=\"Tempo estimado de leitura\" \/>\n\t<meta name=\"twitter:data2\" content=\"2 minutos\" \/>\n<script type=\"application\/ld+json\" class=\"yoast-schema-graph\">{\"@context\":\"https:\/\/schema.org\",\"@graph\":[{\"@type\":\"Article\",\"@id\":\"https:\/\/portaltela.pt\/noticias\/2026\/02\/10\/danos-no-medio-tejo-iguais-aos-de-leiria-alertam-empresarios\/#article\",\"isPartOf\":{\"@id\":\"https:\/\/portaltela.pt\/noticias\/2026\/02\/10\/danos-no-medio-tejo-iguais-aos-de-leiria-alertam-empresarios\/\"},\"author\":{\"name\":\"Telinha\",\"@id\":\"https:\/\/portaltela.pt\/#\/schema\/person\/c4278d4a6028830caff9ee44b42d32ed\"},\"headline\":\"Danos no M\u00e9dio Tejo iguais aos de Leiria, alertam empres\u00e1rios\",\"datePublished\":\"2026-02-10T23:24:41+00:00\",\"mainEntityOfPage\":{\"@id\":\"https:\/\/portaltela.pt\/noticias\/2026\/02\/10\/danos-no-medio-tejo-iguais-aos-de-leiria-alertam-empresarios\/\"},\"wordCount\":460,\"image\":{\"@id\":\"https:\/\/portaltela.pt\/noticias\/2026\/02\/10\/danos-no-medio-tejo-iguais-aos-de-leiria-alertam-empresarios\/#primaryimage\"},\"thumbnailUrl\":\"https:\/\/portaltela.pt\/s.01k8rhncp4jt1\/2026\/02\/img_1500x1000uu2026-02-05-12-06-52-2200181-2.jpg\",\"keywords\":[\"calamidade p\u00fablica\",\"Ferreira do Z\u00eazere\",\"ind\u00fastria\",\"Leiria\",\"Our\u00e9m\",\"Tomar\"],\"articleSection\":[\"Not\u00edcias\"],\"inLanguage\":\"pt-PT\"},{\"@type\":\"WebPage\",\"@id\":\"https:\/\/portaltela.pt\/noticias\/2026\/02\/10\/danos-no-medio-tejo-iguais-aos-de-leiria-alertam-empresarios\/\",\"url\":\"https:\/\/portaltela.pt\/noticias\/2026\/02\/10\/danos-no-medio-tejo-iguais-aos-de-leiria-alertam-empresarios\/\",\"name\":\"Danos no M\u00e9dio Tejo iguais aos de Leiria, alertam empres\u00e1rios - Portal Tela Portugal\",\"isPartOf\":{\"@id\":\"https:\/\/portaltela.pt\/#website\"},\"primaryImageOfPage\":{\"@id\":\"https:\/\/portaltela.pt\/noticias\/2026\/02\/10\/danos-no-medio-tejo-iguais-aos-de-leiria-alertam-empresarios\/#primaryimage\"},\"image\":{\"@id\":\"https:\/\/portaltela.pt\/noticias\/2026\/02\/10\/danos-no-medio-tejo-iguais-aos-de-leiria-alertam-empresarios\/#primaryimage\"},\"thumbnailUrl\":\"https:\/\/portaltela.pt\/s.01k8rhncp4jt1\/2026\/02\/img_1500x1000uu2026-02-05-12-06-52-2200181-2.jpg\",\"datePublished\":\"2026-02-10T23:24:41+00:00\",\"author\":{\"@id\":\"https:\/\/portaltela.pt\/#\/schema\/person\/c4278d4a6028830caff9ee44b42d32ed\"},\"breadcrumb\":{\"@id\":\"https:\/\/portaltela.pt\/noticias\/2026\/02\/10\/danos-no-medio-tejo-iguais-aos-de-leiria-alertam-empresarios\/#breadcrumb\"},\"inLanguage\":\"pt-PT\",\"potentialAction\":[{\"@type\":\"ReadAction\",\"target\":[\"https:\/\/portaltela.pt\/noticias\/2026\/02\/10\/danos-no-medio-tejo-iguais-aos-de-leiria-alertam-empresarios\/\"]}]},{\"@type\":\"ImageObject\",\"inLanguage\":\"pt-PT\",\"@id\":\"https:\/\/portaltela.pt\/noticias\/2026\/02\/10\/danos-no-medio-tejo-iguais-aos-de-leiria-alertam-empresarios\/#primaryimage\",\"url\":\"https:\/\/portaltela.pt\/s.01k8rhncp4jt1\/2026\/02\/img_1500x1000uu2026-02-05-12-06-52-2200181-2.jpg\",\"contentUrl\":\"https:\/\/portaltela.pt\/s.01k8rhncp4jt1\/2026\/02\/img_1500x1000uu2026-02-05-12-06-52-2200181-2.jpg\",\"width\":1500,\"height\":1000,\"caption\":\"Distrito de Santar\u00e9m \u00e9 o mais afetado pela subida do caudal do Rio Tejo\"},{\"@type\":\"BreadcrumbList\",\"@id\":\"https:\/\/portaltela.pt\/noticias\/2026\/02\/10\/danos-no-medio-tejo-iguais-aos-de-leiria-alertam-empresarios\/#breadcrumb\",\"itemListElement\":[{\"@type\":\"ListItem\",\"position\":1,\"name\":\"In\u00edcio\",\"item\":\"https:\/\/portaltela.pt\/\"},{\"@type\":\"ListItem\",\"position\":2,\"name\":\"Danos no M\u00e9dio Tejo iguais aos de Leiria, alertam empres\u00e1rios\"}]},{\"@type\":\"WebSite\",\"@id\":\"https:\/\/portaltela.pt\/#website\",\"url\":\"https:\/\/portaltela.pt\/\",\"name\":\"Portal Tela Portugal\",\"description\":\"\",\"potentialAction\":[{\"@type\":\"SearchAction\",\"target\":{\"@type\":\"EntryPoint\",\"urlTemplate\":\"https:\/\/portaltela.pt\/?s={search_term_string}\"},\"query-input\":{\"@type\":\"PropertyValueSpecification\",\"valueRequired\":true,\"valueName\":\"search_term_string\"}}],\"inLanguage\":\"pt-PT\"},{\"@type\":\"Person\",\"@id\":\"https:\/\/portaltela.pt\/#\/schema\/person\/c4278d4a6028830caff9ee44b42d32ed\",\"name\":\"Telinha\",\"image\":{\"@type\":\"ImageObject\",\"inLanguage\":\"pt-PT\",\"@id\":\"https:\/\/portaltela.pt\/s.01k8rhncp4jt1\/2025\/11\/talking-bot-125x125.png\",\"url\":\"https:\/\/portaltela.pt\/s.01k8rhncp4jt1\/2025\/11\/talking-bot-125x125.png\",\"contentUrl\":\"https:\/\/portaltela.pt\/s.01k8rhncp4jt1\/2025\/11\/talking-bot-125x125.png\",\"caption\":\"Telinha\"},\"sameAs\":[\"https:\/\/portaltela.pt\/\"],\"url\":\"https:\/\/portaltela.pt\/por\/367410592786\/\"}]}<\/script>\n<!-- \/ Yoast SEO plugin. -->","yoast_head_json":{"title":"Danos no M\u00e9dio Tejo iguais aos de Leiria, alertam empres\u00e1rios - Portal Tela Portugal","robots":{"index":"index","follow":"follow","max-snippet":"max-snippet:-1","max-image-preview":"max-image-preview:large","max-video-preview":"max-video-preview:-1"},"og_locale":"pt_PT","og_type":"article","og_title":"Danos no M\u00e9dio Tejo iguais aos de Leiria, alertam empres\u00e1rios - Portal Tela Portugal","og_description":"Empres\u00e1rios do M\u00e9dio Tejo alertam que os danos nas zonas industriais de Our\u00e9m, Caxarias, Ferreira do Z\u00eazere e Tomar s\u00e3o compar\u00e1veis aos de Leiria, mas com menor visibilidade. Quase 7.000 pessoas em Our\u00e9m, 2.500 em Ferreira do Z\u00eazere e mil em Tomar continuam sem energia, com centenas de empresas paralisadas e apoios ainda por chegar. Reivindicam apoios mais r\u00e1pidos, incluindo fundo perdido, extens\u00e3o de apoio de 10 mil euros a mais setores, morat\u00f3rias fiscais, simplifica\u00e7\u00e3o do lay-off, acelera\u00e7\u00e3o de linhas de cr\u00e9dito e celeridade na reconstru\u00e7\u00e3o. Acompanhamento do impacto econ\u00f3mico \u00e9 criado pela Nersant com a AIP, CIM do M\u00e9dio Tejo e munic\u00edpios, para identificar problemas, monitorizar medidas e coordenar interven\u00e7\u00f5es.","og_url":"https:\/\/portaltela.pt\/noticias\/2026\/02\/10\/danos-no-medio-tejo-iguais-aos-de-leiria-alertam-empresarios\/","og_site_name":"Portal Tela Portugal","article_published_time":"2026-02-10T23:24:41+00:00","author":"Telinha","twitter_card":"summary_large_image","twitter_misc":{"Escrito por":"Telinha","Tempo estimado de leitura":"2 minutos"},"schema":{"@context":"https:\/\/schema.org","@graph":[{"@type":"Article","@id":"https:\/\/portaltela.pt\/noticias\/2026\/02\/10\/danos-no-medio-tejo-iguais-aos-de-leiria-alertam-empresarios\/#article","isPartOf":{"@id":"https:\/\/portaltela.pt\/noticias\/2026\/02\/10\/danos-no-medio-tejo-iguais-aos-de-leiria-alertam-empresarios\/"},"author":{"name":"Telinha","@id":"https:\/\/portaltela.pt\/#\/schema\/person\/c4278d4a6028830caff9ee44b42d32ed"},"headline":"Danos no M\u00e9dio Tejo iguais aos de Leiria, alertam empres\u00e1rios","datePublished":"2026-02-10T23:24:41+00:00","mainEntityOfPage":{"@id":"https:\/\/portaltela.pt\/noticias\/2026\/02\/10\/danos-no-medio-tejo-iguais-aos-de-leiria-alertam-empresarios\/"},"wordCount":460,"image":{"@id":"https:\/\/portaltela.pt\/noticias\/2026\/02\/10\/danos-no-medio-tejo-iguais-aos-de-leiria-alertam-empresarios\/#primaryimage"},"thumbnailUrl":"https:\/\/portaltela.pt\/s.01k8rhncp4jt1\/2026\/02\/img_1500x1000uu2026-02-05-12-06-52-2200181-2.jpg","keywords":["calamidade p\u00fablica","Ferreira do Z\u00eazere","ind\u00fastria","Leiria","Our\u00e9m","Tomar"],"articleSection":["Not\u00edcias"],"inLanguage":"pt-PT"},{"@type":"WebPage","@id":"https:\/\/portaltela.pt\/noticias\/2026\/02\/10\/danos-no-medio-tejo-iguais-aos-de-leiria-alertam-empresarios\/","url":"https:\/\/portaltela.pt\/noticias\/2026\/02\/10\/danos-no-medio-tejo-iguais-aos-de-leiria-alertam-empresarios\/","name":"Danos no M\u00e9dio Tejo iguais aos de Leiria, alertam empres\u00e1rios - Portal Tela Portugal","isPartOf":{"@id":"https:\/\/portaltela.pt\/#website"},"primaryImageOfPage":{"@id":"https:\/\/portaltela.pt\/noticias\/2026\/02\/10\/danos-no-medio-tejo-iguais-aos-de-leiria-alertam-empresarios\/#primaryimage"},"image":{"@id":"https:\/\/portaltela.pt\/noticias\/2026\/02\/10\/danos-no-medio-tejo-iguais-aos-de-leiria-alertam-empresarios\/#primaryimage"},"thumbnailUrl":"https:\/\/portaltela.pt\/s.01k8rhncp4jt1\/2026\/02\/img_1500x1000uu2026-02-05-12-06-52-2200181-2.jpg","datePublished":"2026-02-10T23:24:41+00:00","author":{"@id":"https:\/\/portaltela.pt\/#\/schema\/person\/c4278d4a6028830caff9ee44b42d32ed"},"breadcrumb":{"@id":"https:\/\/portaltela.pt\/noticias\/2026\/02\/10\/danos-no-medio-tejo-iguais-aos-de-leiria-alertam-empresarios\/#breadcrumb"},"inLanguage":"pt-PT","potentialAction":[{"@type":"ReadAction","target":["https:\/\/portaltela.pt\/noticias\/2026\/02\/10\/danos-no-medio-tejo-iguais-aos-de-leiria-alertam-empresarios\/"]}]},{"@type":"ImageObject","inLanguage":"pt-PT","@id":"https:\/\/portaltela.pt\/noticias\/2026\/02\/10\/danos-no-medio-tejo-iguais-aos-de-leiria-alertam-empresarios\/#primaryimage","url":"https:\/\/portaltela.pt\/s.01k8rhncp4jt1\/2026\/02\/img_1500x1000uu2026-02-05-12-06-52-2200181-2.jpg","contentUrl":"https:\/\/portaltela.pt\/s.01k8rhncp4jt1\/2026\/02\/img_1500x1000uu2026-02-05-12-06-52-2200181-2.jpg","width":1500,"height":1000,"caption":"Distrito de Santar\u00e9m \u00e9 o mais afetado pela subida do caudal do Rio Tejo"},{"@type":"BreadcrumbList","@id":"https:\/\/portaltela.pt\/noticias\/2026\/02\/10\/danos-no-medio-tejo-iguais-aos-de-leiria-alertam-empresarios\/#breadcrumb","itemListElement":[{"@type":"ListItem","position":1,"name":"In\u00edcio","item":"https:\/\/portaltela.pt\/"},{"@type":"ListItem","position":2,"name":"Danos no M\u00e9dio Tejo iguais aos de Leiria, alertam empres\u00e1rios"}]},{"@type":"WebSite","@id":"https:\/\/portaltela.pt\/#website","url":"https:\/\/portaltela.pt\/","name":"Portal Tela Portugal","description":"","potentialAction":[{"@type":"SearchAction","target":{"@type":"EntryPoint","urlTemplate":"https:\/\/portaltela.pt\/?s={search_term_string}"},"query-input":{"@type":"PropertyValueSpecification","valueRequired":true,"valueName":"search_term_string"}}],"inLanguage":"pt-PT"},{"@type":"Person","@id":"https:\/\/portaltela.pt\/#\/schema\/person\/c4278d4a6028830caff9ee44b42d32ed","name":"Telinha","image":{"@type":"ImageObject","inLanguage":"pt-PT","@id":"https:\/\/portaltela.pt\/s.01k8rhncp4jt1\/2025\/11\/talking-bot-125x125.png","url":"https:\/\/portaltela.pt\/s.01k8rhncp4jt1\/2025\/11\/talking-bot-125x125.png","contentUrl":"https:\/\/portaltela.pt\/s.01k8rhncp4jt1\/2025\/11\/talking-bot-125x125.png","caption":"Telinha"},"sameAs":["https:\/\/portaltela.pt\/"],"url":"https:\/\/portaltela.pt\/por\/367410592786\/"}]}},"_links":{"self":[{"href":"https:\/\/portaltela.pt\/api\/wp\/v2\/posts\/207502","targetHints":{"allow":["GET"]}}],"collection":[{"href":"https:\/\/portaltela.pt\/api\/wp\/v2\/posts"}],"about":[{"href":"https:\/\/portaltela.pt\/api\/wp\/v2\/types\/post"}],"author":[{"embeddable":true,"href":"https:\/\/portaltela.pt\/api\/wp\/v2\/users\/2"}],"replies":[{"embeddable":true,"href":"https:\/\/portaltela.pt\/api\/wp\/v2\/comments?post=207502"}],"version-history":[{"count":0,"href":"https:\/\/portaltela.pt\/api\/wp\/v2\/posts\/207502\/revisions"}],"wp:featuredmedia":[{"embeddable":true,"href":"https:\/\/portaltela.pt\/api\/wp\/v2\/media\/207503"}],"wp:attachment":[{"href":"https:\/\/portaltela.pt\/api\/wp\/v2\/media?parent=207502"}],"wp:term":[{"taxonomy":"category","embeddable":true,"href":"https:\/\/portaltela.pt\/api\/wp\/v2\/categories?post=207502"},{"taxonomy":"post_tag","embeddable":true,"href":"https:\/\/portaltela.pt\/api\/wp\/v2\/tags?post=207502"}],"curies":[{"name":"wp","href":"https:\/\/api.w.org\/{rel}","templated":true}]}}