{"id":207498,"date":"2026-02-10T20:17:00","date_gmt":"2026-02-10T23:17:00","guid":{"rendered":"https:\/\/portaltela.pt\/noticias\/2026\/02\/10\/marcelo-nao-comenta-a-saida-da-ministra-da-administracao-interna\/"},"modified":"2026-02-10T20:17:00","modified_gmt":"2026-02-10T23:17:00","slug":"marcelo-nao-comenta-a-saida-da-ministra-da-administracao-interna","status":"publish","type":"post","link":"https:\/\/portaltela.pt\/noticias\/politica\/2026\/02\/10\/marcelo-nao-comenta-a-saida-da-ministra-da-administracao-interna\/","title":{"rendered":"Marcelo n\u00e3o comenta a sa\u00edda da ministra da Administra\u00e7\u00e3o Interna"},"content":{"rendered":"<p>O Presidente da Rep\u00fablica n\u00e3o comentou a demiss\u00e3o da ministra da Administra\u00e7\u00e3o Interna, Maria L\u00facia Amaral, confirmada pelo pr\u00f3prio chefe de Estado. Marcelo Rebelo de Sousa afirmou que n\u00e3o iria substitui\u00e7\u00e3o ao ju\u00edzo feito pela decis\u00e3o e que respeita a vontade da ministra.<\/p>\n<p>O an\u00fancio da sa\u00edda foi feito minutos depois de o Presidente aceitar o pedido de exonera\u00e7\u00e3o. A ministra deixou o cargos ap\u00f3s cr\u00edticas \u00e0 gest\u00e3o da situa\u00e7\u00e3o provocada pelas tempestades que afetaram o pa\u00eds nas \u00faltimas semanas.<\/p>\n<p>Na sequ\u00eancia, o primeiro-ministro, Lu\u00eds Montenegro, ficar\u00e1 \u00e0 frente da pasta de forma transit\u00f3ria, at\u00e9 apresentar uma proposta de sucessor ao Presidente da Rep\u00fablica. A mat\u00e9ria envolve o governo portugu\u00eas e decis\u00f5es sobre a condu\u00e7\u00e3o da Administra\u00e7\u00e3o Interna.<\/p>\n<h3>Acompanhamento institucional<\/h3>\n<p>A exonera\u00e7\u00e3o ocorre numa altura em que o Governo est\u00e1 a reestruturar fun\u00e7\u00f5es ap\u00f3s cr\u00edticas \u00e0 atua\u00e7\u00e3o na gest\u00e3o de tempestades. O ato permite ao Executivo reorganizar responsabilidades e preparar a nomea\u00e7\u00e3o de um substituto definitivo.<\/p>\n<p>O Presidente lembrou que, segundo a lei org\u00e2nica, o primeiro-ministro assume provisoriamente a pasta at\u00e9 ao envio de uma proposta de futuro para o cargo. O Minist\u00e9rio da Administra\u00e7\u00e3o Interna manter\u00e1 funcionamento normal durante o per\u00edodo transit\u00f3rio.<\/p>\n","protected":false},"excerpt":{"rendered":"<ul>\n<li>O Presidente da Rep\u00fablica n\u00e3o comentou a demiss\u00e3o da ministra da Administra\u00e7\u00e3o Interna, Maria L\u00facia Amaral.<\/li>\n<li>Maria L\u00facia Amaral pediu exonera\u00e7\u00e3o e confirmou a sa\u00edda; o Presidente aceitou o pedido.<\/li>\n<li>Lu\u00eds Montenegro ficar\u00e1 \u00e0 tutela da pasta de forma transit\u00f3ria at\u00e9 apresentar uma proposta de sucessor.<\/li>\n<li>Marcelo Rebelo de Sousa disse que n\u00e3o se vai substituir ao ju\u00edzo tomado e que quer respeitar a decis\u00e3o da ministra.<\/li>\n<li>A demiss\u00e3o ocorreu ap\u00f3s cr\u00edticas \u00e0 gest\u00e3o das tempestades em Portugal nas \u00faltimas duas semanas.<\/li>\n<\/ul>\n","protected":false},"author":2,"featured_media":207500,"comment_status":"closed","ping_status":"closed","sticky":false,"template":"","format":"standard","meta":{"footnotes":""},"categories":[1,5],"tags":[168,5068,34,1144,2832,30],"class_list":["post-207498","post","type-post","status-publish","format-standard","has-post-thumbnail","hentry","category-noticias","category-politica","tag-administracao-publica","tag-destituicao","tag-governo","tag-instituicoes","tag-politica","tag-presidente"],"yoast_head":"<!-- This site is optimized with the Yoast SEO plugin v27.2 - https:\/\/yoast.com\/product\/yoast-seo-wordpress\/ -->\n<title>Marcelo n\u00e3o comenta a sa\u00edda da ministra da Administra\u00e7\u00e3o Interna - Portal Tela Portugal<\/title>\n<meta name=\"robots\" content=\"index, follow, max-snippet:-1, max-image-preview:large, max-video-preview:-1\" \/>\n<meta property=\"og:locale\" content=\"pt_PT\" \/>\n<meta property=\"og:type\" content=\"article\" \/>\n<meta property=\"og:title\" content=\"Marcelo n\u00e3o comenta a sa\u00edda da ministra da Administra\u00e7\u00e3o Interna - Portal Tela Portugal\" \/>\n<meta property=\"og:description\" content=\"O Presidente da Rep\u00fablica n\u00e3o comentou a demiss\u00e3o da ministra da Administra\u00e7\u00e3o Interna, Maria L\u00facia Amaral. Maria L\u00facia Amaral pediu exonera\u00e7\u00e3o e confirmou a sa\u00edda; o Presidente aceitou o pedido. Lu\u00eds Montenegro ficar\u00e1 \u00e0 tutela da pasta de forma transit\u00f3ria at\u00e9 apresentar uma proposta de sucessor. Marcelo Rebelo de Sousa disse que n\u00e3o se vai substituir ao ju\u00edzo tomado e que quer respeitar a decis\u00e3o da ministra. A demiss\u00e3o ocorreu ap\u00f3s cr\u00edticas \u00e0 gest\u00e3o das tempestades em Portugal nas \u00faltimas duas semanas.\" \/>\n<meta property=\"og:url\" content=\"https:\/\/portaltela.pt\/noticias\/2026\/02\/10\/marcelo-nao-comenta-a-saida-da-ministra-da-administracao-interna\/\" \/>\n<meta property=\"og:site_name\" content=\"Portal Tela Portugal\" \/>\n<meta property=\"article:published_time\" content=\"2026-02-10T23:17:00+00:00\" \/>\n<meta name=\"author\" content=\"Telinha\" \/>\n<meta name=\"twitter:card\" content=\"summary_large_image\" \/>\n<meta name=\"twitter:label1\" content=\"Escrito por\" \/>\n\t<meta name=\"twitter:data1\" content=\"Telinha\" \/>\n\t<meta name=\"twitter:label2\" content=\"Tempo estimado de leitura\" \/>\n\t<meta name=\"twitter:data2\" content=\"1 minuto\" \/>\n<script type=\"application\/ld+json\" class=\"yoast-schema-graph\">{\"@context\":\"https:\/\/schema.org\",\"@graph\":[{\"@type\":\"Article\",\"@id\":\"https:\/\/portaltela.pt\/noticias\/2026\/02\/10\/marcelo-nao-comenta-a-saida-da-ministra-da-administracao-interna\/#article\",\"isPartOf\":{\"@id\":\"https:\/\/portaltela.pt\/noticias\/2026\/02\/10\/marcelo-nao-comenta-a-saida-da-ministra-da-administracao-interna\/\"},\"author\":{\"name\":\"Telinha\",\"@id\":\"https:\/\/portaltela.pt\/#\/schema\/person\/c4278d4a6028830caff9ee44b42d32ed\"},\"headline\":\"Marcelo n\u00e3o comenta a sa\u00edda da ministra da Administra\u00e7\u00e3o Interna\",\"datePublished\":\"2026-02-10T23:17:00+00:00\",\"mainEntityOfPage\":{\"@id\":\"https:\/\/portaltela.pt\/noticias\/2026\/02\/10\/marcelo-nao-comenta-a-saida-da-ministra-da-administracao-interna\/\"},\"wordCount\":242,\"image\":{\"@id\":\"https:\/\/portaltela.pt\/noticias\/2026\/02\/10\/marcelo-nao-comenta-a-saida-da-ministra-da-administracao-interna\/#primaryimage\"},\"thumbnailUrl\":\"https:\/\/portaltela.pt\/s.01k8rhncp4jt1\/2026\/02\/img_1500x1000uu2025-09-11-18-30-03-2234667.jpg\",\"keywords\":[\"administra\u00e7\u00e3o p\u00fablica\",\"destitui\u00e7\u00e3o\",\"governo\",\"institui\u00e7\u00f5es\",\"pol\u00edtica\",\"presidente\"],\"articleSection\":[\"Not\u00edcias\",\"Pol\u00edtica\"],\"inLanguage\":\"pt-PT\"},{\"@type\":\"WebPage\",\"@id\":\"https:\/\/portaltela.pt\/noticias\/2026\/02\/10\/marcelo-nao-comenta-a-saida-da-ministra-da-administracao-interna\/\",\"url\":\"https:\/\/portaltela.pt\/noticias\/2026\/02\/10\/marcelo-nao-comenta-a-saida-da-ministra-da-administracao-interna\/\",\"name\":\"Marcelo n\u00e3o comenta a sa\u00edda da ministra da Administra\u00e7\u00e3o Interna - Portal Tela Portugal\",\"isPartOf\":{\"@id\":\"https:\/\/portaltela.pt\/#website\"},\"primaryImageOfPage\":{\"@id\":\"https:\/\/portaltela.pt\/noticias\/2026\/02\/10\/marcelo-nao-comenta-a-saida-da-ministra-da-administracao-interna\/#primaryimage\"},\"image\":{\"@id\":\"https:\/\/portaltela.pt\/noticias\/2026\/02\/10\/marcelo-nao-comenta-a-saida-da-ministra-da-administracao-interna\/#primaryimage\"},\"thumbnailUrl\":\"https:\/\/portaltela.pt\/s.01k8rhncp4jt1\/2026\/02\/img_1500x1000uu2025-09-11-18-30-03-2234667.jpg\",\"datePublished\":\"2026-02-10T23:17:00+00:00\",\"author\":{\"@id\":\"https:\/\/portaltela.pt\/#\/schema\/person\/c4278d4a6028830caff9ee44b42d32ed\"},\"breadcrumb\":{\"@id\":\"https:\/\/portaltela.pt\/noticias\/2026\/02\/10\/marcelo-nao-comenta-a-saida-da-ministra-da-administracao-interna\/#breadcrumb\"},\"inLanguage\":\"pt-PT\",\"potentialAction\":[{\"@type\":\"ReadAction\",\"target\":[\"https:\/\/portaltela.pt\/noticias\/2026\/02\/10\/marcelo-nao-comenta-a-saida-da-ministra-da-administracao-interna\/\"]}]},{\"@type\":\"ImageObject\",\"inLanguage\":\"pt-PT\",\"@id\":\"https:\/\/portaltela.pt\/noticias\/2026\/02\/10\/marcelo-nao-comenta-a-saida-da-ministra-da-administracao-interna\/#primaryimage\",\"url\":\"https:\/\/portaltela.pt\/s.01k8rhncp4jt1\/2026\/02\/img_1500x1000uu2025-09-11-18-30-03-2234667.jpg\",\"contentUrl\":\"https:\/\/portaltela.pt\/s.01k8rhncp4jt1\/2026\/02\/img_1500x1000uu2025-09-11-18-30-03-2234667.jpg\",\"width\":796,\"height\":448,\"caption\":\"Presidente da Rep\u00fablica afirmou querer \\\"respeitar a vontade da senhora ministra\\\"\"},{\"@type\":\"BreadcrumbList\",\"@id\":\"https:\/\/portaltela.pt\/noticias\/2026\/02\/10\/marcelo-nao-comenta-a-saida-da-ministra-da-administracao-interna\/#breadcrumb\",\"itemListElement\":[{\"@type\":\"ListItem\",\"position\":1,\"name\":\"In\u00edcio\",\"item\":\"https:\/\/portaltela.pt\/\"},{\"@type\":\"ListItem\",\"position\":2,\"name\":\"Marcelo n\u00e3o comenta a sa\u00edda da ministra da Administra\u00e7\u00e3o Interna\"}]},{\"@type\":\"WebSite\",\"@id\":\"https:\/\/portaltela.pt\/#website\",\"url\":\"https:\/\/portaltela.pt\/\",\"name\":\"Portal Tela Portugal\",\"description\":\"\",\"potentialAction\":[{\"@type\":\"SearchAction\",\"target\":{\"@type\":\"EntryPoint\",\"urlTemplate\":\"https:\/\/portaltela.pt\/?s={search_term_string}\"},\"query-input\":{\"@type\":\"PropertyValueSpecification\",\"valueRequired\":true,\"valueName\":\"search_term_string\"}}],\"inLanguage\":\"pt-PT\"},{\"@type\":\"Person\",\"@id\":\"https:\/\/portaltela.pt\/#\/schema\/person\/c4278d4a6028830caff9ee44b42d32ed\",\"name\":\"Telinha\",\"image\":{\"@type\":\"ImageObject\",\"inLanguage\":\"pt-PT\",\"@id\":\"https:\/\/portaltela.pt\/s.01k8rhncp4jt1\/2025\/11\/talking-bot-125x125.png\",\"url\":\"https:\/\/portaltela.pt\/s.01k8rhncp4jt1\/2025\/11\/talking-bot-125x125.png\",\"contentUrl\":\"https:\/\/portaltela.pt\/s.01k8rhncp4jt1\/2025\/11\/talking-bot-125x125.png\",\"caption\":\"Telinha\"},\"sameAs\":[\"https:\/\/portaltela.pt\/\"],\"url\":\"https:\/\/portaltela.pt\/por\/367410592786\/\"}]}<\/script>\n<!-- \/ Yoast SEO plugin. -->","yoast_head_json":{"title":"Marcelo n\u00e3o comenta a sa\u00edda da ministra da Administra\u00e7\u00e3o Interna - Portal Tela Portugal","robots":{"index":"index","follow":"follow","max-snippet":"max-snippet:-1","max-image-preview":"max-image-preview:large","max-video-preview":"max-video-preview:-1"},"og_locale":"pt_PT","og_type":"article","og_title":"Marcelo n\u00e3o comenta a sa\u00edda da ministra da Administra\u00e7\u00e3o Interna - Portal Tela Portugal","og_description":"O Presidente da Rep\u00fablica n\u00e3o comentou a demiss\u00e3o da ministra da Administra\u00e7\u00e3o Interna, Maria L\u00facia Amaral. Maria L\u00facia Amaral pediu exonera\u00e7\u00e3o e confirmou a sa\u00edda; o Presidente aceitou o pedido. Lu\u00eds Montenegro ficar\u00e1 \u00e0 tutela da pasta de forma transit\u00f3ria at\u00e9 apresentar uma proposta de sucessor. Marcelo Rebelo de Sousa disse que n\u00e3o se vai substituir ao ju\u00edzo tomado e que quer respeitar a decis\u00e3o da ministra. A demiss\u00e3o ocorreu ap\u00f3s cr\u00edticas \u00e0 gest\u00e3o das tempestades em Portugal nas \u00faltimas duas semanas.","og_url":"https:\/\/portaltela.pt\/noticias\/2026\/02\/10\/marcelo-nao-comenta-a-saida-da-ministra-da-administracao-interna\/","og_site_name":"Portal Tela Portugal","article_published_time":"2026-02-10T23:17:00+00:00","author":"Telinha","twitter_card":"summary_large_image","twitter_misc":{"Escrito por":"Telinha","Tempo estimado de leitura":"1 minuto"},"schema":{"@context":"https:\/\/schema.org","@graph":[{"@type":"Article","@id":"https:\/\/portaltela.pt\/noticias\/2026\/02\/10\/marcelo-nao-comenta-a-saida-da-ministra-da-administracao-interna\/#article","isPartOf":{"@id":"https:\/\/portaltela.pt\/noticias\/2026\/02\/10\/marcelo-nao-comenta-a-saida-da-ministra-da-administracao-interna\/"},"author":{"name":"Telinha","@id":"https:\/\/portaltela.pt\/#\/schema\/person\/c4278d4a6028830caff9ee44b42d32ed"},"headline":"Marcelo n\u00e3o comenta a sa\u00edda da ministra da Administra\u00e7\u00e3o Interna","datePublished":"2026-02-10T23:17:00+00:00","mainEntityOfPage":{"@id":"https:\/\/portaltela.pt\/noticias\/2026\/02\/10\/marcelo-nao-comenta-a-saida-da-ministra-da-administracao-interna\/"},"wordCount":242,"image":{"@id":"https:\/\/portaltela.pt\/noticias\/2026\/02\/10\/marcelo-nao-comenta-a-saida-da-ministra-da-administracao-interna\/#primaryimage"},"thumbnailUrl":"https:\/\/portaltela.pt\/s.01k8rhncp4jt1\/2026\/02\/img_1500x1000uu2025-09-11-18-30-03-2234667.jpg","keywords":["administra\u00e7\u00e3o p\u00fablica","destitui\u00e7\u00e3o","governo","institui\u00e7\u00f5es","pol\u00edtica","presidente"],"articleSection":["Not\u00edcias","Pol\u00edtica"],"inLanguage":"pt-PT"},{"@type":"WebPage","@id":"https:\/\/portaltela.pt\/noticias\/2026\/02\/10\/marcelo-nao-comenta-a-saida-da-ministra-da-administracao-interna\/","url":"https:\/\/portaltela.pt\/noticias\/2026\/02\/10\/marcelo-nao-comenta-a-saida-da-ministra-da-administracao-interna\/","name":"Marcelo n\u00e3o comenta a sa\u00edda da ministra da Administra\u00e7\u00e3o Interna - Portal Tela Portugal","isPartOf":{"@id":"https:\/\/portaltela.pt\/#website"},"primaryImageOfPage":{"@id":"https:\/\/portaltela.pt\/noticias\/2026\/02\/10\/marcelo-nao-comenta-a-saida-da-ministra-da-administracao-interna\/#primaryimage"},"image":{"@id":"https:\/\/portaltela.pt\/noticias\/2026\/02\/10\/marcelo-nao-comenta-a-saida-da-ministra-da-administracao-interna\/#primaryimage"},"thumbnailUrl":"https:\/\/portaltela.pt\/s.01k8rhncp4jt1\/2026\/02\/img_1500x1000uu2025-09-11-18-30-03-2234667.jpg","datePublished":"2026-02-10T23:17:00+00:00","author":{"@id":"https:\/\/portaltela.pt\/#\/schema\/person\/c4278d4a6028830caff9ee44b42d32ed"},"breadcrumb":{"@id":"https:\/\/portaltela.pt\/noticias\/2026\/02\/10\/marcelo-nao-comenta-a-saida-da-ministra-da-administracao-interna\/#breadcrumb"},"inLanguage":"pt-PT","potentialAction":[{"@type":"ReadAction","target":["https:\/\/portaltela.pt\/noticias\/2026\/02\/10\/marcelo-nao-comenta-a-saida-da-ministra-da-administracao-interna\/"]}]},{"@type":"ImageObject","inLanguage":"pt-PT","@id":"https:\/\/portaltela.pt\/noticias\/2026\/02\/10\/marcelo-nao-comenta-a-saida-da-ministra-da-administracao-interna\/#primaryimage","url":"https:\/\/portaltela.pt\/s.01k8rhncp4jt1\/2026\/02\/img_1500x1000uu2025-09-11-18-30-03-2234667.jpg","contentUrl":"https:\/\/portaltela.pt\/s.01k8rhncp4jt1\/2026\/02\/img_1500x1000uu2025-09-11-18-30-03-2234667.jpg","width":796,"height":448,"caption":"Presidente da Rep\u00fablica afirmou querer \"respeitar a vontade da senhora ministra\""},{"@type":"BreadcrumbList","@id":"https:\/\/portaltela.pt\/noticias\/2026\/02\/10\/marcelo-nao-comenta-a-saida-da-ministra-da-administracao-interna\/#breadcrumb","itemListElement":[{"@type":"ListItem","position":1,"name":"In\u00edcio","item":"https:\/\/portaltela.pt\/"},{"@type":"ListItem","position":2,"name":"Marcelo n\u00e3o comenta a sa\u00edda da ministra da Administra\u00e7\u00e3o Interna"}]},{"@type":"WebSite","@id":"https:\/\/portaltela.pt\/#website","url":"https:\/\/portaltela.pt\/","name":"Portal Tela Portugal","description":"","potentialAction":[{"@type":"SearchAction","target":{"@type":"EntryPoint","urlTemplate":"https:\/\/portaltela.pt\/?s={search_term_string}"},"query-input":{"@type":"PropertyValueSpecification","valueRequired":true,"valueName":"search_term_string"}}],"inLanguage":"pt-PT"},{"@type":"Person","@id":"https:\/\/portaltela.pt\/#\/schema\/person\/c4278d4a6028830caff9ee44b42d32ed","name":"Telinha","image":{"@type":"ImageObject","inLanguage":"pt-PT","@id":"https:\/\/portaltela.pt\/s.01k8rhncp4jt1\/2025\/11\/talking-bot-125x125.png","url":"https:\/\/portaltela.pt\/s.01k8rhncp4jt1\/2025\/11\/talking-bot-125x125.png","contentUrl":"https:\/\/portaltela.pt\/s.01k8rhncp4jt1\/2025\/11\/talking-bot-125x125.png","caption":"Telinha"},"sameAs":["https:\/\/portaltela.pt\/"],"url":"https:\/\/portaltela.pt\/por\/367410592786\/"}]}},"_links":{"self":[{"href":"https:\/\/portaltela.pt\/api\/wp\/v2\/posts\/207498","targetHints":{"allow":["GET"]}}],"collection":[{"href":"https:\/\/portaltela.pt\/api\/wp\/v2\/posts"}],"about":[{"href":"https:\/\/portaltela.pt\/api\/wp\/v2\/types\/post"}],"author":[{"embeddable":true,"href":"https:\/\/portaltela.pt\/api\/wp\/v2\/users\/2"}],"replies":[{"embeddable":true,"href":"https:\/\/portaltela.pt\/api\/wp\/v2\/comments?post=207498"}],"version-history":[{"count":0,"href":"https:\/\/portaltela.pt\/api\/wp\/v2\/posts\/207498\/revisions"}],"wp:featuredmedia":[{"embeddable":true,"href":"https:\/\/portaltela.pt\/api\/wp\/v2\/media\/207500"}],"wp:attachment":[{"href":"https:\/\/portaltela.pt\/api\/wp\/v2\/media?parent=207498"}],"wp:term":[{"taxonomy":"category","embeddable":true,"href":"https:\/\/portaltela.pt\/api\/wp\/v2\/categories?post=207498"},{"taxonomy":"post_tag","embeddable":true,"href":"https:\/\/portaltela.pt\/api\/wp\/v2\/tags?post=207498"}],"curies":[{"name":"wp","href":"https:\/\/api.w.org\/{rel}","templated":true}]}}