{"id":207461,"date":"2026-02-09T21:00:00","date_gmt":"2026-02-10T00:00:00","guid":{"rendered":"https:\/\/portaltela.pt\/noticias\/2026\/02\/09\/itamar-vieira-junior-apresenta-coracao-sem-medo-no-encontro-de-leituras\/"},"modified":"2026-02-09T21:00:00","modified_gmt":"2026-02-10T00:00:00","slug":"itamar-vieira-junior-apresenta-coracao-sem-medo-no-encontro-de-leituras","status":"publish","type":"post","link":"https:\/\/portaltela.pt\/noticias\/2026\/02\/09\/itamar-vieira-junior-apresenta-coracao-sem-medo-no-encontro-de-leituras\/","title":{"rendered":"Itamar Vieira Junior apresenta Cora\u00e7\u00e3o sem medo no Encontro de Leituras"},"content":{"rendered":"<p>Itamar Vieira Junior \u00e9 o convidado do pr\u00f3ximo Encontro de Leituras, o clube de leitura do P\u00daBLICO e da revista brasileira Quatro Cinco Um. O evento foca o romance Cora\u00e7\u00e3o sem medo.<\/p>\n<p>O encontro pretende permitir aos participantes a leitura e discuss\u00e3o da obra, com leitura guiada e espa\u00e7o para perguntas. A iniciativa envolve as equipas dos dois ve\u00edculos de comunica\u00e7\u00e3o.<\/p>\n<p>A sess\u00e3o acontece no dia 10 de Fevereiro, \u00e0s 22h em Lisboa (19h em Bras\u00edlia), via Zoom. A reuni\u00e3o \u00e9 aberta a quem queira participar e n\u00e3o requer inscri\u00e7\u00e3o pr\u00e9via.<\/p>\n<h3>Participa\u00e7\u00e3o e detalhes de acesso<\/h3>\n<p>O Zoom ser\u00e1 utilizado para a sess\u00e3o, com a ID 842 8191 4937 e a senha 835758. N\u00e3o ser\u00e1 disponibilizado o link direto; os interessados devem conectar-se usando os dados fornecidos acima.<\/p>\n<p>A organiza\u00e7\u00e3o informa que a leitura e a discuss\u00e3o seguem as regras de participa\u00e7\u00e3o do clube, mantendo o foco no conte\u00fado liter\u00e1rio sem opini\u00f5es pessoais dominantes.<\/p>\n","protected":false},"excerpt":{"rendered":"<ul>\n<li>Itamar Vieira Junior \u00e9 o convidado do pr\u00f3ximo Encontro de Leituras, o clube de leitura do P\u00daBLICO e da Quatro Cinco Um, com foco no romance Cora\u00e7\u00e3o sem medo.<\/li>\n<li>O evento destaca o romance Cora\u00e7\u00e3o sem medo e acontece no dia dez de fevereiro \u00e0s 22h, em Lisboa, com apresenta\u00e7\u00e3o online.<\/li>\n<li>A sess\u00e3o ocorre via Zoom e est\u00e1 aberta a todos os interessados em participar.<\/li>\n<li>A reuni\u00e3o pode ser acedida com a ID de 842 8191 4937 e a senha 835758.<\/li>\n<li>A hora correspondente em Bras\u00edlia \u00e9 19h, mantendo a acessibilidade internacional para leitores.<\/li>\n<\/ul>\n","protected":false},"author":2,"featured_media":207464,"comment_status":"closed","ping_status":"closed","sticky":false,"template":"","format":"standard","meta":{"footnotes":""},"categories":[1],"tags":[145,4447,2719,981,106,130],"class_list":["post-207461","post","type-post","status-publish","format-standard","has-post-thumbnail","hentry","category-noticias","tag-cultura","tag-itamar-vieira-junior","tag-leitura","tag-lisboa","tag-literatura","tag-livros"],"yoast_head":"<!-- This site is optimized with the Yoast SEO plugin v27.2 - https:\/\/yoast.com\/product\/yoast-seo-wordpress\/ -->\n<title>Itamar Vieira Junior apresenta Cora\u00e7\u00e3o sem medo no Encontro de Leituras - Portal Tela Portugal<\/title>\n<meta name=\"robots\" content=\"index, follow, max-snippet:-1, max-image-preview:large, max-video-preview:-1\" \/>\n<meta property=\"og:locale\" content=\"pt_PT\" \/>\n<meta property=\"og:type\" content=\"article\" \/>\n<meta property=\"og:title\" content=\"Itamar Vieira Junior apresenta Cora\u00e7\u00e3o sem medo no Encontro de Leituras - Portal Tela Portugal\" \/>\n<meta property=\"og:description\" content=\"Itamar Vieira Junior \u00e9 o convidado do pr\u00f3ximo Encontro de Leituras, o clube de leitura do P\u00daBLICO e da Quatro Cinco Um, com foco no romance Cora\u00e7\u00e3o sem medo. O evento destaca o romance Cora\u00e7\u00e3o sem medo e acontece no dia dez de fevereiro \u00e0s 22h, em Lisboa, com apresenta\u00e7\u00e3o online. A sess\u00e3o ocorre via Zoom e est\u00e1 aberta a todos os interessados em participar. A reuni\u00e3o pode ser acedida com a ID de 842 8191 4937 e a senha 835758. A hora correspondente em Bras\u00edlia \u00e9 19h, mantendo a acessibilidade internacional para leitores.\" \/>\n<meta property=\"og:url\" content=\"https:\/\/portaltela.pt\/noticias\/2026\/02\/09\/itamar-vieira-junior-apresenta-coracao-sem-medo-no-encontro-de-leituras\/\" \/>\n<meta property=\"og:site_name\" content=\"Portal Tela Portugal\" \/>\n<meta property=\"article:published_time\" content=\"2026-02-10T00:00:00+00:00\" \/>\n<meta name=\"author\" content=\"Telinha\" \/>\n<meta name=\"twitter:card\" content=\"summary_large_image\" \/>\n<meta name=\"twitter:label1\" content=\"Escrito por\" \/>\n\t<meta name=\"twitter:data1\" content=\"Telinha\" \/>\n\t<meta name=\"twitter:label2\" content=\"Tempo estimado de leitura\" \/>\n\t<meta name=\"twitter:data2\" content=\"1 minuto\" \/>\n<script type=\"application\/ld+json\" class=\"yoast-schema-graph\">{\"@context\":\"https:\/\/schema.org\",\"@graph\":[{\"@type\":\"Article\",\"@id\":\"https:\/\/portaltela.pt\/noticias\/2026\/02\/09\/itamar-vieira-junior-apresenta-coracao-sem-medo-no-encontro-de-leituras\/#article\",\"isPartOf\":{\"@id\":\"https:\/\/portaltela.pt\/noticias\/2026\/02\/09\/itamar-vieira-junior-apresenta-coracao-sem-medo-no-encontro-de-leituras\/\"},\"author\":{\"name\":\"Telinha\",\"@id\":\"https:\/\/portaltela.pt\/#\/schema\/person\/c4278d4a6028830caff9ee44b42d32ed\"},\"headline\":\"Itamar Vieira Junior apresenta Cora\u00e7\u00e3o sem medo no Encontro de Leituras\",\"datePublished\":\"2026-02-10T00:00:00+00:00\",\"mainEntityOfPage\":{\"@id\":\"https:\/\/portaltela.pt\/noticias\/2026\/02\/09\/itamar-vieira-junior-apresenta-coracao-sem-medo-no-encontro-de-leituras\/\"},\"wordCount\":181,\"image\":{\"@id\":\"https:\/\/portaltela.pt\/noticias\/2026\/02\/09\/itamar-vieira-junior-apresenta-coracao-sem-medo-no-encontro-de-leituras\/#primaryimage\"},\"thumbnailUrl\":\"https:\/\/portaltela.pt\/s.01k8rhncp4jt1\/2026\/02\/2062150.jpg\",\"keywords\":[\"cultura\",\"Itamar Vieira Junior\",\"leitura\",\"Lisboa\",\"literatura\",\"livros\"],\"articleSection\":[\"Not\u00edcias\"],\"inLanguage\":\"pt-PT\"},{\"@type\":\"WebPage\",\"@id\":\"https:\/\/portaltela.pt\/noticias\/2026\/02\/09\/itamar-vieira-junior-apresenta-coracao-sem-medo-no-encontro-de-leituras\/\",\"url\":\"https:\/\/portaltela.pt\/noticias\/2026\/02\/09\/itamar-vieira-junior-apresenta-coracao-sem-medo-no-encontro-de-leituras\/\",\"name\":\"Itamar Vieira Junior apresenta Cora\u00e7\u00e3o sem medo no Encontro de Leituras - Portal Tela Portugal\",\"isPartOf\":{\"@id\":\"https:\/\/portaltela.pt\/#website\"},\"primaryImageOfPage\":{\"@id\":\"https:\/\/portaltela.pt\/noticias\/2026\/02\/09\/itamar-vieira-junior-apresenta-coracao-sem-medo-no-encontro-de-leituras\/#primaryimage\"},\"image\":{\"@id\":\"https:\/\/portaltela.pt\/noticias\/2026\/02\/09\/itamar-vieira-junior-apresenta-coracao-sem-medo-no-encontro-de-leituras\/#primaryimage\"},\"thumbnailUrl\":\"https:\/\/portaltela.pt\/s.01k8rhncp4jt1\/2026\/02\/2062150.jpg\",\"datePublished\":\"2026-02-10T00:00:00+00:00\",\"author\":{\"@id\":\"https:\/\/portaltela.pt\/#\/schema\/person\/c4278d4a6028830caff9ee44b42d32ed\"},\"breadcrumb\":{\"@id\":\"https:\/\/portaltela.pt\/noticias\/2026\/02\/09\/itamar-vieira-junior-apresenta-coracao-sem-medo-no-encontro-de-leituras\/#breadcrumb\"},\"inLanguage\":\"pt-PT\",\"potentialAction\":[{\"@type\":\"ReadAction\",\"target\":[\"https:\/\/portaltela.pt\/noticias\/2026\/02\/09\/itamar-vieira-junior-apresenta-coracao-sem-medo-no-encontro-de-leituras\/\"]}]},{\"@type\":\"ImageObject\",\"inLanguage\":\"pt-PT\",\"@id\":\"https:\/\/portaltela.pt\/noticias\/2026\/02\/09\/itamar-vieira-junior-apresenta-coracao-sem-medo-no-encontro-de-leituras\/#primaryimage\",\"url\":\"https:\/\/portaltela.pt\/s.01k8rhncp4jt1\/2026\/02\/2062150.jpg\",\"contentUrl\":\"https:\/\/portaltela.pt\/s.01k8rhncp4jt1\/2026\/02\/2062150.jpg\",\"width\":796,\"height\":448,\"caption\":\"Photo\"},{\"@type\":\"BreadcrumbList\",\"@id\":\"https:\/\/portaltela.pt\/noticias\/2026\/02\/09\/itamar-vieira-junior-apresenta-coracao-sem-medo-no-encontro-de-leituras\/#breadcrumb\",\"itemListElement\":[{\"@type\":\"ListItem\",\"position\":1,\"name\":\"In\u00edcio\",\"item\":\"https:\/\/portaltela.pt\/\"},{\"@type\":\"ListItem\",\"position\":2,\"name\":\"Itamar Vieira Junior apresenta Cora\u00e7\u00e3o sem medo no Encontro de Leituras\"}]},{\"@type\":\"WebSite\",\"@id\":\"https:\/\/portaltela.pt\/#website\",\"url\":\"https:\/\/portaltela.pt\/\",\"name\":\"Portal Tela Portugal\",\"description\":\"\",\"potentialAction\":[{\"@type\":\"SearchAction\",\"target\":{\"@type\":\"EntryPoint\",\"urlTemplate\":\"https:\/\/portaltela.pt\/?s={search_term_string}\"},\"query-input\":{\"@type\":\"PropertyValueSpecification\",\"valueRequired\":true,\"valueName\":\"search_term_string\"}}],\"inLanguage\":\"pt-PT\"},{\"@type\":\"Person\",\"@id\":\"https:\/\/portaltela.pt\/#\/schema\/person\/c4278d4a6028830caff9ee44b42d32ed\",\"name\":\"Telinha\",\"image\":{\"@type\":\"ImageObject\",\"inLanguage\":\"pt-PT\",\"@id\":\"https:\/\/portaltela.pt\/s.01k8rhncp4jt1\/2025\/11\/talking-bot-125x125.png\",\"url\":\"https:\/\/portaltela.pt\/s.01k8rhncp4jt1\/2025\/11\/talking-bot-125x125.png\",\"contentUrl\":\"https:\/\/portaltela.pt\/s.01k8rhncp4jt1\/2025\/11\/talking-bot-125x125.png\",\"caption\":\"Telinha\"},\"sameAs\":[\"https:\/\/portaltela.pt\/\"],\"url\":\"https:\/\/portaltela.pt\/por\/367410592786\/\"}]}<\/script>\n<!-- \/ Yoast SEO plugin. -->","yoast_head_json":{"title":"Itamar Vieira Junior apresenta Cora\u00e7\u00e3o sem medo no Encontro de Leituras - Portal Tela Portugal","robots":{"index":"index","follow":"follow","max-snippet":"max-snippet:-1","max-image-preview":"max-image-preview:large","max-video-preview":"max-video-preview:-1"},"og_locale":"pt_PT","og_type":"article","og_title":"Itamar Vieira Junior apresenta Cora\u00e7\u00e3o sem medo no Encontro de Leituras - Portal Tela Portugal","og_description":"Itamar Vieira Junior \u00e9 o convidado do pr\u00f3ximo Encontro de Leituras, o clube de leitura do P\u00daBLICO e da Quatro Cinco Um, com foco no romance Cora\u00e7\u00e3o sem medo. O evento destaca o romance Cora\u00e7\u00e3o sem medo e acontece no dia dez de fevereiro \u00e0s 22h, em Lisboa, com apresenta\u00e7\u00e3o online. A sess\u00e3o ocorre via Zoom e est\u00e1 aberta a todos os interessados em participar. A reuni\u00e3o pode ser acedida com a ID de 842 8191 4937 e a senha 835758. A hora correspondente em Bras\u00edlia \u00e9 19h, mantendo a acessibilidade internacional para leitores.","og_url":"https:\/\/portaltela.pt\/noticias\/2026\/02\/09\/itamar-vieira-junior-apresenta-coracao-sem-medo-no-encontro-de-leituras\/","og_site_name":"Portal Tela Portugal","article_published_time":"2026-02-10T00:00:00+00:00","author":"Telinha","twitter_card":"summary_large_image","twitter_misc":{"Escrito por":"Telinha","Tempo estimado de leitura":"1 minuto"},"schema":{"@context":"https:\/\/schema.org","@graph":[{"@type":"Article","@id":"https:\/\/portaltela.pt\/noticias\/2026\/02\/09\/itamar-vieira-junior-apresenta-coracao-sem-medo-no-encontro-de-leituras\/#article","isPartOf":{"@id":"https:\/\/portaltela.pt\/noticias\/2026\/02\/09\/itamar-vieira-junior-apresenta-coracao-sem-medo-no-encontro-de-leituras\/"},"author":{"name":"Telinha","@id":"https:\/\/portaltela.pt\/#\/schema\/person\/c4278d4a6028830caff9ee44b42d32ed"},"headline":"Itamar Vieira Junior apresenta Cora\u00e7\u00e3o sem medo no Encontro de Leituras","datePublished":"2026-02-10T00:00:00+00:00","mainEntityOfPage":{"@id":"https:\/\/portaltela.pt\/noticias\/2026\/02\/09\/itamar-vieira-junior-apresenta-coracao-sem-medo-no-encontro-de-leituras\/"},"wordCount":181,"image":{"@id":"https:\/\/portaltela.pt\/noticias\/2026\/02\/09\/itamar-vieira-junior-apresenta-coracao-sem-medo-no-encontro-de-leituras\/#primaryimage"},"thumbnailUrl":"https:\/\/portaltela.pt\/s.01k8rhncp4jt1\/2026\/02\/2062150.jpg","keywords":["cultura","Itamar Vieira Junior","leitura","Lisboa","literatura","livros"],"articleSection":["Not\u00edcias"],"inLanguage":"pt-PT"},{"@type":"WebPage","@id":"https:\/\/portaltela.pt\/noticias\/2026\/02\/09\/itamar-vieira-junior-apresenta-coracao-sem-medo-no-encontro-de-leituras\/","url":"https:\/\/portaltela.pt\/noticias\/2026\/02\/09\/itamar-vieira-junior-apresenta-coracao-sem-medo-no-encontro-de-leituras\/","name":"Itamar Vieira Junior apresenta Cora\u00e7\u00e3o sem medo no Encontro de Leituras - Portal Tela Portugal","isPartOf":{"@id":"https:\/\/portaltela.pt\/#website"},"primaryImageOfPage":{"@id":"https:\/\/portaltela.pt\/noticias\/2026\/02\/09\/itamar-vieira-junior-apresenta-coracao-sem-medo-no-encontro-de-leituras\/#primaryimage"},"image":{"@id":"https:\/\/portaltela.pt\/noticias\/2026\/02\/09\/itamar-vieira-junior-apresenta-coracao-sem-medo-no-encontro-de-leituras\/#primaryimage"},"thumbnailUrl":"https:\/\/portaltela.pt\/s.01k8rhncp4jt1\/2026\/02\/2062150.jpg","datePublished":"2026-02-10T00:00:00+00:00","author":{"@id":"https:\/\/portaltela.pt\/#\/schema\/person\/c4278d4a6028830caff9ee44b42d32ed"},"breadcrumb":{"@id":"https:\/\/portaltela.pt\/noticias\/2026\/02\/09\/itamar-vieira-junior-apresenta-coracao-sem-medo-no-encontro-de-leituras\/#breadcrumb"},"inLanguage":"pt-PT","potentialAction":[{"@type":"ReadAction","target":["https:\/\/portaltela.pt\/noticias\/2026\/02\/09\/itamar-vieira-junior-apresenta-coracao-sem-medo-no-encontro-de-leituras\/"]}]},{"@type":"ImageObject","inLanguage":"pt-PT","@id":"https:\/\/portaltela.pt\/noticias\/2026\/02\/09\/itamar-vieira-junior-apresenta-coracao-sem-medo-no-encontro-de-leituras\/#primaryimage","url":"https:\/\/portaltela.pt\/s.01k8rhncp4jt1\/2026\/02\/2062150.jpg","contentUrl":"https:\/\/portaltela.pt\/s.01k8rhncp4jt1\/2026\/02\/2062150.jpg","width":796,"height":448,"caption":"Photo"},{"@type":"BreadcrumbList","@id":"https:\/\/portaltela.pt\/noticias\/2026\/02\/09\/itamar-vieira-junior-apresenta-coracao-sem-medo-no-encontro-de-leituras\/#breadcrumb","itemListElement":[{"@type":"ListItem","position":1,"name":"In\u00edcio","item":"https:\/\/portaltela.pt\/"},{"@type":"ListItem","position":2,"name":"Itamar Vieira Junior apresenta Cora\u00e7\u00e3o sem medo no Encontro de Leituras"}]},{"@type":"WebSite","@id":"https:\/\/portaltela.pt\/#website","url":"https:\/\/portaltela.pt\/","name":"Portal Tela Portugal","description":"","potentialAction":[{"@type":"SearchAction","target":{"@type":"EntryPoint","urlTemplate":"https:\/\/portaltela.pt\/?s={search_term_string}"},"query-input":{"@type":"PropertyValueSpecification","valueRequired":true,"valueName":"search_term_string"}}],"inLanguage":"pt-PT"},{"@type":"Person","@id":"https:\/\/portaltela.pt\/#\/schema\/person\/c4278d4a6028830caff9ee44b42d32ed","name":"Telinha","image":{"@type":"ImageObject","inLanguage":"pt-PT","@id":"https:\/\/portaltela.pt\/s.01k8rhncp4jt1\/2025\/11\/talking-bot-125x125.png","url":"https:\/\/portaltela.pt\/s.01k8rhncp4jt1\/2025\/11\/talking-bot-125x125.png","contentUrl":"https:\/\/portaltela.pt\/s.01k8rhncp4jt1\/2025\/11\/talking-bot-125x125.png","caption":"Telinha"},"sameAs":["https:\/\/portaltela.pt\/"],"url":"https:\/\/portaltela.pt\/por\/367410592786\/"}]}},"_links":{"self":[{"href":"https:\/\/portaltela.pt\/api\/wp\/v2\/posts\/207461","targetHints":{"allow":["GET"]}}],"collection":[{"href":"https:\/\/portaltela.pt\/api\/wp\/v2\/posts"}],"about":[{"href":"https:\/\/portaltela.pt\/api\/wp\/v2\/types\/post"}],"author":[{"embeddable":true,"href":"https:\/\/portaltela.pt\/api\/wp\/v2\/users\/2"}],"replies":[{"embeddable":true,"href":"https:\/\/portaltela.pt\/api\/wp\/v2\/comments?post=207461"}],"version-history":[{"count":0,"href":"https:\/\/portaltela.pt\/api\/wp\/v2\/posts\/207461\/revisions"}],"wp:featuredmedia":[{"embeddable":true,"href":"https:\/\/portaltela.pt\/api\/wp\/v2\/media\/207464"}],"wp:attachment":[{"href":"https:\/\/portaltela.pt\/api\/wp\/v2\/media?parent=207461"}],"wp:term":[{"taxonomy":"category","embeddable":true,"href":"https:\/\/portaltela.pt\/api\/wp\/v2\/categories?post=207461"},{"taxonomy":"post_tag","embeddable":true,"href":"https:\/\/portaltela.pt\/api\/wp\/v2\/tags?post=207461"}],"curies":[{"name":"wp","href":"https:\/\/api.w.org\/{rel}","templated":true}]}}