{"id":207344,"date":"2026-02-10T17:22:00","date_gmt":"2026-02-10T20:22:00","guid":{"rendered":"https:\/\/portaltela.pt\/noticias\/2026\/02\/10\/mau-tempo-forcas-armadas-passam-a-atuar-com-robustez-apos-ordem-do-governo\/"},"modified":"2026-02-10T17:22:00","modified_gmt":"2026-02-10T20:22:00","slug":"mau-tempo-forcas-armadas-passam-a-atuar-com-robustez-apos-ordem-do-governo","status":"publish","type":"post","link":"https:\/\/portaltela.pt\/noticias\/2026\/02\/10\/mau-tempo-forcas-armadas-passam-a-atuar-com-robustez-apos-ordem-do-governo\/","title":{"rendered":"Mau tempo: For\u00e7as Armadas passam a atuar com robustez ap\u00f3s ordem do Governo"},"content":{"rendered":"<p>No seguimento da tempestade Kristin, o apoio das For\u00e7as Armadas a popula\u00e7\u00f5es afetadas tornou-se mais robusto a partir de 30 de janeiro, ap\u00f3s ordem governamental. Os meios passaram a ser contactados directamente pelas autarquias.<\/p>\n<p>A actua\u00e7\u00e3o militar come\u00e7ou no dia 28 de janeiro, com resposta \u00e0s 13h00, ap\u00f3s o primeiro pedido da Prote\u00e7\u00e3o Civil. Em 29 de janeiro, foi activado o estado de prontid\u00e3o azul, com resposta em 24 horas.<\/p>\n<p>A porta-voz do EMGFA, tenente-coronel Susana Pinto, explicou que as For\u00e7as Armadas s\u00e3o agentes de prote\u00e7\u00e3o civil secund\u00e1rios, e que os pedidos iniciais vieram via ANEPC. O primeiro destacamento foi de engenharia, para abrir vias na regi\u00e3o de Ferreira do Z\u00eazere.<\/p>\n<h3>Mudan\u00e7a de abordagem<\/h3>\n<p>A Marinha indicou dois momentos na interven\u00e7\u00e3o: inicialmente via ANEPC, depois com maior envolvimento direto com munic\u00edpios a partir de 30 de janeiro. A autoriza\u00e7\u00e3o para contacto directo aumentou o n\u00famero de meios, efectivos e a\u00e7\u00f5es em campo.<\/p>\n<h3>Contexto pol\u00edtico e balan\u00e7o<\/h3>\n<p>O Presidente da Rep\u00fablica sinalizou d\u00favidas sobre a percep\u00e7\u00e3o da dimens\u00e3o dos danos, o que poder\u00e1 ter atrasado a activa\u00e7\u00e3o total de meios. O Primeiro-Ministro assegurou que tudo foi feito para prevenir e manter as for\u00e7as prontas, sem fechar a porta a avalia\u00e7\u00f5es futuras.<\/p>\n","protected":false},"excerpt":{"rendered":"<ul>\n<li>A atua\u00e7\u00e3o das For\u00e7as Armadas no apoio \u00e0s popula\u00e7\u00f5es afetadas pela tempestade Kristin ficou \u201cmais robusta\u201d a partir de 30 de janeiro, ap\u00f3s uma determina\u00e7\u00e3o governamental.<\/li>\n<li>Os militares j\u00e1 estavam no terreno desde 28 de janeiro, primeiro dia da tempestade, com o primeiro pedido da Prote\u00e7\u00e3o Civil a ser respondido \u00e0s 13h00 do mesmo dia.<\/li>\n<li>Em 29 de janeiro foi implementado o estado de prontid\u00e3o azul, que implica uma resposta de 24 horas.<\/li>\n<li>A robustez resulta do contacto directo entre os ramos das For\u00e7as Armadas e os munic\u00edpios, autorizado pelo governo a partir de 30 de janeiro, aumentando significativamente meios, efetivos e a\u00e7\u00f5es no terreno.<\/li>\n<li>No dia 21 de janeiro, o Ex\u00e9rcito j\u00e1 tinha destacado uma equipa de engenharia para a regi\u00e3o de Ferreira do Z\u00eazere, o \u00fanico envolvimento militar at\u00e9 ali, antes do maior envolvimento subsequente.<\/li>\n<\/ul>\n","protected":false},"author":2,"featured_media":207351,"comment_status":"closed","ping_status":"closed","sticky":false,"template":"","format":"standard","meta":{"footnotes":""},"categories":[1],"tags":[4340,5215,5038,1779,34,320],"class_list":["post-207344","post","type-post","status-publish","format-standard","has-post-thumbnail","hentry","category-noticias","tag-anepc","tag-catastrofes-naturais","tag-ferreira-do-zezere","tag-forcas-armadas","tag-governo","tag-protecao-civil"],"yoast_head":"<!-- This site is optimized with the Yoast SEO plugin v27.2 - https:\/\/yoast.com\/product\/yoast-seo-wordpress\/ -->\n<title>Mau tempo: For\u00e7as Armadas passam a atuar com robustez ap\u00f3s ordem do Governo - Portal Tela Portugal<\/title>\n<meta name=\"robots\" content=\"index, follow, max-snippet:-1, max-image-preview:large, max-video-preview:-1\" \/>\n<meta property=\"og:locale\" content=\"pt_PT\" \/>\n<meta property=\"og:type\" content=\"article\" \/>\n<meta property=\"og:title\" content=\"Mau tempo: For\u00e7as Armadas passam a atuar com robustez ap\u00f3s ordem do Governo - Portal Tela Portugal\" \/>\n<meta property=\"og:description\" content=\"A atua\u00e7\u00e3o das For\u00e7as Armadas no apoio \u00e0s popula\u00e7\u00f5es afetadas pela tempestade Kristin ficou \u201cmais robusta\u201d a partir de 30 de janeiro, ap\u00f3s uma determina\u00e7\u00e3o governamental. Os militares j\u00e1 estavam no terreno desde 28 de janeiro, primeiro dia da tempestade, com o primeiro pedido da Prote\u00e7\u00e3o Civil a ser respondido \u00e0s 13h00 do mesmo dia. Em 29 de janeiro foi implementado o estado de prontid\u00e3o azul, que implica uma resposta de 24 horas. A robustez resulta do contacto directo entre os ramos das For\u00e7as Armadas e os munic\u00edpios, autorizado pelo governo a partir de 30 de janeiro, aumentando significativamente meios, efetivos e a\u00e7\u00f5es no terreno. No dia 21 de janeiro, o Ex\u00e9rcito j\u00e1 tinha destacado uma equipa de engenharia para a regi\u00e3o de Ferreira do Z\u00eazere, o \u00fanico envolvimento militar at\u00e9 ali, antes do maior envolvimento subsequente.\" \/>\n<meta property=\"og:url\" content=\"https:\/\/portaltela.pt\/noticias\/2026\/02\/10\/mau-tempo-forcas-armadas-passam-a-atuar-com-robustez-apos-ordem-do-governo\/\" \/>\n<meta property=\"og:site_name\" content=\"Portal Tela Portugal\" \/>\n<meta property=\"article:published_time\" content=\"2026-02-10T20:22:00+00:00\" \/>\n<meta name=\"author\" content=\"Telinha\" \/>\n<meta name=\"twitter:card\" content=\"summary_large_image\" \/>\n<meta name=\"twitter:label1\" content=\"Escrito por\" \/>\n\t<meta name=\"twitter:data1\" content=\"Telinha\" \/>\n\t<meta name=\"twitter:label2\" content=\"Tempo estimado de leitura\" \/>\n\t<meta name=\"twitter:data2\" content=\"1 minuto\" \/>\n<script type=\"application\/ld+json\" class=\"yoast-schema-graph\">{\"@context\":\"https:\/\/schema.org\",\"@graph\":[{\"@type\":\"Article\",\"@id\":\"https:\/\/portaltela.pt\/noticias\/2026\/02\/10\/mau-tempo-forcas-armadas-passam-a-atuar-com-robustez-apos-ordem-do-governo\/#article\",\"isPartOf\":{\"@id\":\"https:\/\/portaltela.pt\/noticias\/2026\/02\/10\/mau-tempo-forcas-armadas-passam-a-atuar-com-robustez-apos-ordem-do-governo\/\"},\"author\":{\"name\":\"Telinha\",\"@id\":\"https:\/\/portaltela.pt\/#\/schema\/person\/c4278d4a6028830caff9ee44b42d32ed\"},\"headline\":\"Mau tempo: For\u00e7as Armadas passam a atuar com robustez ap\u00f3s ordem do Governo\",\"datePublished\":\"2026-02-10T20:22:00+00:00\",\"mainEntityOfPage\":{\"@id\":\"https:\/\/portaltela.pt\/noticias\/2026\/02\/10\/mau-tempo-forcas-armadas-passam-a-atuar-com-robustez-apos-ordem-do-governo\/\"},\"wordCount\":239,\"image\":{\"@id\":\"https:\/\/portaltela.pt\/noticias\/2026\/02\/10\/mau-tempo-forcas-armadas-passam-a-atuar-com-robustez-apos-ordem-do-governo\/#primaryimage\"},\"thumbnailUrl\":\"https:\/\/portaltela.pt\/s.01k8rhncp4jt1\/2026\/02\/2066168.jpg\",\"keywords\":[\"ANEPC\",\"cat\u00e1strofes naturais\",\"Ferreira do Z\u00eazere\",\"For\u00e7as Armadas\",\"governo\",\"prote\u00e7\u00e3o civil\"],\"articleSection\":[\"Not\u00edcias\"],\"inLanguage\":\"pt-PT\"},{\"@type\":\"WebPage\",\"@id\":\"https:\/\/portaltela.pt\/noticias\/2026\/02\/10\/mau-tempo-forcas-armadas-passam-a-atuar-com-robustez-apos-ordem-do-governo\/\",\"url\":\"https:\/\/portaltela.pt\/noticias\/2026\/02\/10\/mau-tempo-forcas-armadas-passam-a-atuar-com-robustez-apos-ordem-do-governo\/\",\"name\":\"Mau tempo: For\u00e7as Armadas passam a atuar com robustez ap\u00f3s ordem do Governo - Portal Tela Portugal\",\"isPartOf\":{\"@id\":\"https:\/\/portaltela.pt\/#website\"},\"primaryImageOfPage\":{\"@id\":\"https:\/\/portaltela.pt\/noticias\/2026\/02\/10\/mau-tempo-forcas-armadas-passam-a-atuar-com-robustez-apos-ordem-do-governo\/#primaryimage\"},\"image\":{\"@id\":\"https:\/\/portaltela.pt\/noticias\/2026\/02\/10\/mau-tempo-forcas-armadas-passam-a-atuar-com-robustez-apos-ordem-do-governo\/#primaryimage\"},\"thumbnailUrl\":\"https:\/\/portaltela.pt\/s.01k8rhncp4jt1\/2026\/02\/2066168.jpg\",\"datePublished\":\"2026-02-10T20:22:00+00:00\",\"author\":{\"@id\":\"https:\/\/portaltela.pt\/#\/schema\/person\/c4278d4a6028830caff9ee44b42d32ed\"},\"breadcrumb\":{\"@id\":\"https:\/\/portaltela.pt\/noticias\/2026\/02\/10\/mau-tempo-forcas-armadas-passam-a-atuar-com-robustez-apos-ordem-do-governo\/#breadcrumb\"},\"inLanguage\":\"pt-PT\",\"potentialAction\":[{\"@type\":\"ReadAction\",\"target\":[\"https:\/\/portaltela.pt\/noticias\/2026\/02\/10\/mau-tempo-forcas-armadas-passam-a-atuar-com-robustez-apos-ordem-do-governo\/\"]}]},{\"@type\":\"ImageObject\",\"inLanguage\":\"pt-PT\",\"@id\":\"https:\/\/portaltela.pt\/noticias\/2026\/02\/10\/mau-tempo-forcas-armadas-passam-a-atuar-com-robustez-apos-ordem-do-governo\/#primaryimage\",\"url\":\"https:\/\/portaltela.pt\/s.01k8rhncp4jt1\/2026\/02\/2066168.jpg\",\"contentUrl\":\"https:\/\/portaltela.pt\/s.01k8rhncp4jt1\/2026\/02\/2066168.jpg\",\"width\":796,\"height\":448,\"caption\":\"No dia 4 de Fevereiro, uma semana ap\u00f3s a passagem da depress\u00e3o Kristin, militares ajudam a limpar restos de \u00e1rvores derrubadas na Escola B\u00e1sica Guilherme Stephens\"},{\"@type\":\"BreadcrumbList\",\"@id\":\"https:\/\/portaltela.pt\/noticias\/2026\/02\/10\/mau-tempo-forcas-armadas-passam-a-atuar-com-robustez-apos-ordem-do-governo\/#breadcrumb\",\"itemListElement\":[{\"@type\":\"ListItem\",\"position\":1,\"name\":\"In\u00edcio\",\"item\":\"https:\/\/portaltela.pt\/\"},{\"@type\":\"ListItem\",\"position\":2,\"name\":\"Mau tempo: For\u00e7as Armadas passam a atuar com robustez ap\u00f3s ordem do Governo\"}]},{\"@type\":\"WebSite\",\"@id\":\"https:\/\/portaltela.pt\/#website\",\"url\":\"https:\/\/portaltela.pt\/\",\"name\":\"Portal Tela Portugal\",\"description\":\"\",\"potentialAction\":[{\"@type\":\"SearchAction\",\"target\":{\"@type\":\"EntryPoint\",\"urlTemplate\":\"https:\/\/portaltela.pt\/?s={search_term_string}\"},\"query-input\":{\"@type\":\"PropertyValueSpecification\",\"valueRequired\":true,\"valueName\":\"search_term_string\"}}],\"inLanguage\":\"pt-PT\"},{\"@type\":\"Person\",\"@id\":\"https:\/\/portaltela.pt\/#\/schema\/person\/c4278d4a6028830caff9ee44b42d32ed\",\"name\":\"Telinha\",\"image\":{\"@type\":\"ImageObject\",\"inLanguage\":\"pt-PT\",\"@id\":\"https:\/\/portaltela.pt\/s.01k8rhncp4jt1\/2025\/11\/talking-bot-125x125.png\",\"url\":\"https:\/\/portaltela.pt\/s.01k8rhncp4jt1\/2025\/11\/talking-bot-125x125.png\",\"contentUrl\":\"https:\/\/portaltela.pt\/s.01k8rhncp4jt1\/2025\/11\/talking-bot-125x125.png\",\"caption\":\"Telinha\"},\"sameAs\":[\"https:\/\/portaltela.pt\/\"],\"url\":\"https:\/\/portaltela.pt\/por\/367410592786\/\"}]}<\/script>\n<!-- \/ Yoast SEO plugin. -->","yoast_head_json":{"title":"Mau tempo: For\u00e7as Armadas passam a atuar com robustez ap\u00f3s ordem do Governo - Portal Tela Portugal","robots":{"index":"index","follow":"follow","max-snippet":"max-snippet:-1","max-image-preview":"max-image-preview:large","max-video-preview":"max-video-preview:-1"},"og_locale":"pt_PT","og_type":"article","og_title":"Mau tempo: For\u00e7as Armadas passam a atuar com robustez ap\u00f3s ordem do Governo - Portal Tela Portugal","og_description":"A atua\u00e7\u00e3o das For\u00e7as Armadas no apoio \u00e0s popula\u00e7\u00f5es afetadas pela tempestade Kristin ficou \u201cmais robusta\u201d a partir de 30 de janeiro, ap\u00f3s uma determina\u00e7\u00e3o governamental. Os militares j\u00e1 estavam no terreno desde 28 de janeiro, primeiro dia da tempestade, com o primeiro pedido da Prote\u00e7\u00e3o Civil a ser respondido \u00e0s 13h00 do mesmo dia. Em 29 de janeiro foi implementado o estado de prontid\u00e3o azul, que implica uma resposta de 24 horas. A robustez resulta do contacto directo entre os ramos das For\u00e7as Armadas e os munic\u00edpios, autorizado pelo governo a partir de 30 de janeiro, aumentando significativamente meios, efetivos e a\u00e7\u00f5es no terreno. No dia 21 de janeiro, o Ex\u00e9rcito j\u00e1 tinha destacado uma equipa de engenharia para a regi\u00e3o de Ferreira do Z\u00eazere, o \u00fanico envolvimento militar at\u00e9 ali, antes do maior envolvimento subsequente.","og_url":"https:\/\/portaltela.pt\/noticias\/2026\/02\/10\/mau-tempo-forcas-armadas-passam-a-atuar-com-robustez-apos-ordem-do-governo\/","og_site_name":"Portal Tela Portugal","article_published_time":"2026-02-10T20:22:00+00:00","author":"Telinha","twitter_card":"summary_large_image","twitter_misc":{"Escrito por":"Telinha","Tempo estimado de leitura":"1 minuto"},"schema":{"@context":"https:\/\/schema.org","@graph":[{"@type":"Article","@id":"https:\/\/portaltela.pt\/noticias\/2026\/02\/10\/mau-tempo-forcas-armadas-passam-a-atuar-com-robustez-apos-ordem-do-governo\/#article","isPartOf":{"@id":"https:\/\/portaltela.pt\/noticias\/2026\/02\/10\/mau-tempo-forcas-armadas-passam-a-atuar-com-robustez-apos-ordem-do-governo\/"},"author":{"name":"Telinha","@id":"https:\/\/portaltela.pt\/#\/schema\/person\/c4278d4a6028830caff9ee44b42d32ed"},"headline":"Mau tempo: For\u00e7as Armadas passam a atuar com robustez ap\u00f3s ordem do Governo","datePublished":"2026-02-10T20:22:00+00:00","mainEntityOfPage":{"@id":"https:\/\/portaltela.pt\/noticias\/2026\/02\/10\/mau-tempo-forcas-armadas-passam-a-atuar-com-robustez-apos-ordem-do-governo\/"},"wordCount":239,"image":{"@id":"https:\/\/portaltela.pt\/noticias\/2026\/02\/10\/mau-tempo-forcas-armadas-passam-a-atuar-com-robustez-apos-ordem-do-governo\/#primaryimage"},"thumbnailUrl":"https:\/\/portaltela.pt\/s.01k8rhncp4jt1\/2026\/02\/2066168.jpg","keywords":["ANEPC","cat\u00e1strofes naturais","Ferreira do Z\u00eazere","For\u00e7as Armadas","governo","prote\u00e7\u00e3o civil"],"articleSection":["Not\u00edcias"],"inLanguage":"pt-PT"},{"@type":"WebPage","@id":"https:\/\/portaltela.pt\/noticias\/2026\/02\/10\/mau-tempo-forcas-armadas-passam-a-atuar-com-robustez-apos-ordem-do-governo\/","url":"https:\/\/portaltela.pt\/noticias\/2026\/02\/10\/mau-tempo-forcas-armadas-passam-a-atuar-com-robustez-apos-ordem-do-governo\/","name":"Mau tempo: For\u00e7as Armadas passam a atuar com robustez ap\u00f3s ordem do Governo - Portal Tela Portugal","isPartOf":{"@id":"https:\/\/portaltela.pt\/#website"},"primaryImageOfPage":{"@id":"https:\/\/portaltela.pt\/noticias\/2026\/02\/10\/mau-tempo-forcas-armadas-passam-a-atuar-com-robustez-apos-ordem-do-governo\/#primaryimage"},"image":{"@id":"https:\/\/portaltela.pt\/noticias\/2026\/02\/10\/mau-tempo-forcas-armadas-passam-a-atuar-com-robustez-apos-ordem-do-governo\/#primaryimage"},"thumbnailUrl":"https:\/\/portaltela.pt\/s.01k8rhncp4jt1\/2026\/02\/2066168.jpg","datePublished":"2026-02-10T20:22:00+00:00","author":{"@id":"https:\/\/portaltela.pt\/#\/schema\/person\/c4278d4a6028830caff9ee44b42d32ed"},"breadcrumb":{"@id":"https:\/\/portaltela.pt\/noticias\/2026\/02\/10\/mau-tempo-forcas-armadas-passam-a-atuar-com-robustez-apos-ordem-do-governo\/#breadcrumb"},"inLanguage":"pt-PT","potentialAction":[{"@type":"ReadAction","target":["https:\/\/portaltela.pt\/noticias\/2026\/02\/10\/mau-tempo-forcas-armadas-passam-a-atuar-com-robustez-apos-ordem-do-governo\/"]}]},{"@type":"ImageObject","inLanguage":"pt-PT","@id":"https:\/\/portaltela.pt\/noticias\/2026\/02\/10\/mau-tempo-forcas-armadas-passam-a-atuar-com-robustez-apos-ordem-do-governo\/#primaryimage","url":"https:\/\/portaltela.pt\/s.01k8rhncp4jt1\/2026\/02\/2066168.jpg","contentUrl":"https:\/\/portaltela.pt\/s.01k8rhncp4jt1\/2026\/02\/2066168.jpg","width":796,"height":448,"caption":"No dia 4 de Fevereiro, uma semana ap\u00f3s a passagem da depress\u00e3o Kristin, militares ajudam a limpar restos de \u00e1rvores derrubadas na Escola B\u00e1sica Guilherme Stephens"},{"@type":"BreadcrumbList","@id":"https:\/\/portaltela.pt\/noticias\/2026\/02\/10\/mau-tempo-forcas-armadas-passam-a-atuar-com-robustez-apos-ordem-do-governo\/#breadcrumb","itemListElement":[{"@type":"ListItem","position":1,"name":"In\u00edcio","item":"https:\/\/portaltela.pt\/"},{"@type":"ListItem","position":2,"name":"Mau tempo: For\u00e7as Armadas passam a atuar com robustez ap\u00f3s ordem do Governo"}]},{"@type":"WebSite","@id":"https:\/\/portaltela.pt\/#website","url":"https:\/\/portaltela.pt\/","name":"Portal Tela Portugal","description":"","potentialAction":[{"@type":"SearchAction","target":{"@type":"EntryPoint","urlTemplate":"https:\/\/portaltela.pt\/?s={search_term_string}"},"query-input":{"@type":"PropertyValueSpecification","valueRequired":true,"valueName":"search_term_string"}}],"inLanguage":"pt-PT"},{"@type":"Person","@id":"https:\/\/portaltela.pt\/#\/schema\/person\/c4278d4a6028830caff9ee44b42d32ed","name":"Telinha","image":{"@type":"ImageObject","inLanguage":"pt-PT","@id":"https:\/\/portaltela.pt\/s.01k8rhncp4jt1\/2025\/11\/talking-bot-125x125.png","url":"https:\/\/portaltela.pt\/s.01k8rhncp4jt1\/2025\/11\/talking-bot-125x125.png","contentUrl":"https:\/\/portaltela.pt\/s.01k8rhncp4jt1\/2025\/11\/talking-bot-125x125.png","caption":"Telinha"},"sameAs":["https:\/\/portaltela.pt\/"],"url":"https:\/\/portaltela.pt\/por\/367410592786\/"}]}},"_links":{"self":[{"href":"https:\/\/portaltela.pt\/api\/wp\/v2\/posts\/207344","targetHints":{"allow":["GET"]}}],"collection":[{"href":"https:\/\/portaltela.pt\/api\/wp\/v2\/posts"}],"about":[{"href":"https:\/\/portaltela.pt\/api\/wp\/v2\/types\/post"}],"author":[{"embeddable":true,"href":"https:\/\/portaltela.pt\/api\/wp\/v2\/users\/2"}],"replies":[{"embeddable":true,"href":"https:\/\/portaltela.pt\/api\/wp\/v2\/comments?post=207344"}],"version-history":[{"count":0,"href":"https:\/\/portaltela.pt\/api\/wp\/v2\/posts\/207344\/revisions"}],"wp:featuredmedia":[{"embeddable":true,"href":"https:\/\/portaltela.pt\/api\/wp\/v2\/media\/207351"}],"wp:attachment":[{"href":"https:\/\/portaltela.pt\/api\/wp\/v2\/media?parent=207344"}],"wp:term":[{"taxonomy":"category","embeddable":true,"href":"https:\/\/portaltela.pt\/api\/wp\/v2\/categories?post=207344"},{"taxonomy":"post_tag","embeddable":true,"href":"https:\/\/portaltela.pt\/api\/wp\/v2\/tags?post=207344"}],"curies":[{"name":"wp","href":"https:\/\/api.w.org\/{rel}","templated":true}]}}