{"id":207336,"date":"2026-02-10T17:10:00","date_gmt":"2026-02-10T20:10:00","guid":{"rendered":"https:\/\/portaltela.pt\/noticias\/2026\/02\/10\/casa-museu-afonso-lopes-vieira-em-risco-de-ruir\/"},"modified":"2026-02-10T17:10:00","modified_gmt":"2026-02-10T20:10:00","slug":"casa-museu-afonso-lopes-vieira-em-risco-de-ruir","status":"publish","type":"post","link":"https:\/\/portaltela.pt\/noticias\/2026\/02\/10\/casa-museu-afonso-lopes-vieira-em-risco-de-ruir\/","title":{"rendered":"Casa-Museu Afonso Lopes Vieira em risco de ruir"},"content":{"rendered":"<p>A Casa-Museu Afonso Lopes Vieira, na praia de S. Pedro de Moel, est\u00e1 em risco de desmoronar ap\u00f3s a tempestade Kristin na madrugada de 28 de janeiro e a forte agita\u00e7\u00e3o mar\u00edtima. O edif\u00edcio enfrenta instabilidade no exterior.<\/p>\n<p>O Munic\u00edpio da Marinha Grande, por meio do vereador da Cultura, S\u00e9rgio Silva, diz ao JN que procura uma empresa para enrocamento, reparos no muro de suporte e estabiliza\u00e7\u00e3o da estrutura, visto que o corpo da varanda se destaca do edif\u00edcio.<\/p>\n<p>A previs\u00e3o \u00e9 evitar novos danos ao im\u00f3vel e ao espa\u00e7o museol\u00f3gico da vila. N\u00e3o h\u00e1 informa\u00e7\u00f5es sobre ferimentos ou interrup\u00e7\u00e3o de visitas at\u00e9 ao momento.<\/p>\n<h3>Medidas em curso<\/h3>\n<p>A autarquia est\u00e1 a contactar empresas para apresentar propostas de interven\u00e7\u00e3o, com foco na conten\u00e7\u00e3o da zona costeira junto ao edif\u00edcio hist\u00f3rico. T\u00e9cnicos v\u00e3o avaliar or\u00e7amentos, prazos e crit\u00e9rios de interven\u00e7\u00e3o, sem data definida para o arranque das obras.<\/p>\n","protected":false},"excerpt":{"rendered":"<ul>\n<li>A Casa-Museu Afonso Lopes Vieira, na praia de S. Pedro de Moel, est\u00e1 em risco de desmoronar.<\/li>\n<li>O risco ocorreu ap\u00f3s a passagem da tempestade Kristin, na madrugada de 28 de janeiro, e pela forte agita\u00e7\u00e3o mar\u00edtima.<\/li>\n<li>O Munic\u00edpio da Marinha Grande procura uma empresa para fazer uma obra de enrocamento.<\/li>\n<li>A interven\u00e7\u00e3o visa reparar o muro de suporte, o piso do p\u00e1tio e estabilizar a estrutura, j\u00e1 que o corpo da varanda se encontra destacado do edif\u00edcio.<\/li>\n<li>O vereador da Cultura, S\u00e9rgio Silva, confirmou a inten\u00e7\u00e3o de contratar a obra ao Jornal de Not\u00edcias.<\/li>\n<\/ul>\n","protected":false},"author":2,"featured_media":207341,"comment_status":"closed","ping_status":"closed","sticky":false,"template":"","format":"standard","meta":{"footnotes":""},"categories":[1],"tags":[5215,2954,1192,814,5285,5099],"class_list":["post-207336","post","type-post","status-publish","format-standard","has-post-thumbnail","hentry","category-noticias","tag-catastrofes-naturais","tag-museus-e-monumentos-de-portugal","tag-museus-arquivos","tag-patrimonio","tag-patrimonio-cultural-instituto-publico","tag-protecao-civil-municipal"],"yoast_head":"<!-- This site is optimized with the Yoast SEO plugin v27.2 - https:\/\/yoast.com\/product\/yoast-seo-wordpress\/ -->\n<title>Casa-Museu Afonso Lopes Vieira em risco de ruir - Portal Tela Portugal<\/title>\n<meta name=\"robots\" content=\"index, follow, max-snippet:-1, max-image-preview:large, max-video-preview:-1\" \/>\n<meta property=\"og:locale\" content=\"pt_PT\" \/>\n<meta property=\"og:type\" content=\"article\" \/>\n<meta property=\"og:title\" content=\"Casa-Museu Afonso Lopes Vieira em risco de ruir - Portal Tela Portugal\" \/>\n<meta property=\"og:description\" content=\"A Casa-Museu Afonso Lopes Vieira, na praia de S. Pedro de Moel, est\u00e1 em risco de desmoronar. O risco ocorreu ap\u00f3s a passagem da tempestade Kristin, na madrugada de 28 de janeiro, e pela forte agita\u00e7\u00e3o mar\u00edtima. O Munic\u00edpio da Marinha Grande procura uma empresa para fazer uma obra de enrocamento. A interven\u00e7\u00e3o visa reparar o muro de suporte, o piso do p\u00e1tio e estabilizar a estrutura, j\u00e1 que o corpo da varanda se encontra destacado do edif\u00edcio. O vereador da Cultura, S\u00e9rgio Silva, confirmou a inten\u00e7\u00e3o de contratar a obra ao Jornal de Not\u00edcias.\" \/>\n<meta property=\"og:url\" content=\"https:\/\/portaltela.pt\/noticias\/2026\/02\/10\/casa-museu-afonso-lopes-vieira-em-risco-de-ruir\/\" \/>\n<meta property=\"og:site_name\" content=\"Portal Tela Portugal\" \/>\n<meta property=\"article:published_time\" content=\"2026-02-10T20:10:00+00:00\" \/>\n<meta name=\"author\" content=\"Telinha\" \/>\n<meta name=\"twitter:card\" content=\"summary_large_image\" \/>\n<meta name=\"twitter:label1\" content=\"Escrito por\" \/>\n\t<meta name=\"twitter:data1\" content=\"Telinha\" \/>\n\t<meta name=\"twitter:label2\" content=\"Tempo estimado de leitura\" \/>\n\t<meta name=\"twitter:data2\" content=\"1 minuto\" \/>\n<script type=\"application\/ld+json\" class=\"yoast-schema-graph\">{\"@context\":\"https:\/\/schema.org\",\"@graph\":[{\"@type\":\"Article\",\"@id\":\"https:\/\/portaltela.pt\/noticias\/2026\/02\/10\/casa-museu-afonso-lopes-vieira-em-risco-de-ruir\/#article\",\"isPartOf\":{\"@id\":\"https:\/\/portaltela.pt\/noticias\/2026\/02\/10\/casa-museu-afonso-lopes-vieira-em-risco-de-ruir\/\"},\"author\":{\"name\":\"Telinha\",\"@id\":\"https:\/\/portaltela.pt\/#\/schema\/person\/c4278d4a6028830caff9ee44b42d32ed\"},\"headline\":\"Casa-Museu Afonso Lopes Vieira em risco de ruir\",\"datePublished\":\"2026-02-10T20:10:00+00:00\",\"mainEntityOfPage\":{\"@id\":\"https:\/\/portaltela.pt\/noticias\/2026\/02\/10\/casa-museu-afonso-lopes-vieira-em-risco-de-ruir\/\"},\"wordCount\":177,\"image\":{\"@id\":\"https:\/\/portaltela.pt\/noticias\/2026\/02\/10\/casa-museu-afonso-lopes-vieira-em-risco-de-ruir\/#primaryimage\"},\"thumbnailUrl\":\"https:\/\/portaltela.pt\/s.01k8rhncp4jt1\/2026\/02\/image-815.jpg\",\"keywords\":[\"cat\u00e1strofes naturais\",\"Museus e Monumentos de Portugal\",\"museus\/arquivos\",\"patrim\u00f3nio\",\"Patrim\u00f3nio Cultural \u2013 Instituto P\u00fablico\",\"Prote\u00e7\u00e3o Civil Municipal\"],\"articleSection\":[\"Not\u00edcias\"],\"inLanguage\":\"pt-PT\"},{\"@type\":\"WebPage\",\"@id\":\"https:\/\/portaltela.pt\/noticias\/2026\/02\/10\/casa-museu-afonso-lopes-vieira-em-risco-de-ruir\/\",\"url\":\"https:\/\/portaltela.pt\/noticias\/2026\/02\/10\/casa-museu-afonso-lopes-vieira-em-risco-de-ruir\/\",\"name\":\"Casa-Museu Afonso Lopes Vieira em risco de ruir - Portal Tela Portugal\",\"isPartOf\":{\"@id\":\"https:\/\/portaltela.pt\/#website\"},\"primaryImageOfPage\":{\"@id\":\"https:\/\/portaltela.pt\/noticias\/2026\/02\/10\/casa-museu-afonso-lopes-vieira-em-risco-de-ruir\/#primaryimage\"},\"image\":{\"@id\":\"https:\/\/portaltela.pt\/noticias\/2026\/02\/10\/casa-museu-afonso-lopes-vieira-em-risco-de-ruir\/#primaryimage\"},\"thumbnailUrl\":\"https:\/\/portaltela.pt\/s.01k8rhncp4jt1\/2026\/02\/image-815.jpg\",\"datePublished\":\"2026-02-10T20:10:00+00:00\",\"author\":{\"@id\":\"https:\/\/portaltela.pt\/#\/schema\/person\/c4278d4a6028830caff9ee44b42d32ed\"},\"breadcrumb\":{\"@id\":\"https:\/\/portaltela.pt\/noticias\/2026\/02\/10\/casa-museu-afonso-lopes-vieira-em-risco-de-ruir\/#breadcrumb\"},\"inLanguage\":\"pt-PT\",\"potentialAction\":[{\"@type\":\"ReadAction\",\"target\":[\"https:\/\/portaltela.pt\/noticias\/2026\/02\/10\/casa-museu-afonso-lopes-vieira-em-risco-de-ruir\/\"]}]},{\"@type\":\"ImageObject\",\"inLanguage\":\"pt-PT\",\"@id\":\"https:\/\/portaltela.pt\/noticias\/2026\/02\/10\/casa-museu-afonso-lopes-vieira-em-risco-de-ruir\/#primaryimage\",\"url\":\"https:\/\/portaltela.pt\/s.01k8rhncp4jt1\/2026\/02\/image-815.jpg\",\"contentUrl\":\"https:\/\/portaltela.pt\/s.01k8rhncp4jt1\/2026\/02\/image-815.jpg\",\"width\":796,\"height\":448,\"caption\":\"Casa-Museu Afonso Lopes Vieira, na praia de S. Pedro de Moel\"},{\"@type\":\"BreadcrumbList\",\"@id\":\"https:\/\/portaltela.pt\/noticias\/2026\/02\/10\/casa-museu-afonso-lopes-vieira-em-risco-de-ruir\/#breadcrumb\",\"itemListElement\":[{\"@type\":\"ListItem\",\"position\":1,\"name\":\"In\u00edcio\",\"item\":\"https:\/\/portaltela.pt\/\"},{\"@type\":\"ListItem\",\"position\":2,\"name\":\"Casa-Museu Afonso Lopes Vieira em risco de ruir\"}]},{\"@type\":\"WebSite\",\"@id\":\"https:\/\/portaltela.pt\/#website\",\"url\":\"https:\/\/portaltela.pt\/\",\"name\":\"Portal Tela Portugal\",\"description\":\"\",\"potentialAction\":[{\"@type\":\"SearchAction\",\"target\":{\"@type\":\"EntryPoint\",\"urlTemplate\":\"https:\/\/portaltela.pt\/?s={search_term_string}\"},\"query-input\":{\"@type\":\"PropertyValueSpecification\",\"valueRequired\":true,\"valueName\":\"search_term_string\"}}],\"inLanguage\":\"pt-PT\"},{\"@type\":\"Person\",\"@id\":\"https:\/\/portaltela.pt\/#\/schema\/person\/c4278d4a6028830caff9ee44b42d32ed\",\"name\":\"Telinha\",\"image\":{\"@type\":\"ImageObject\",\"inLanguage\":\"pt-PT\",\"@id\":\"https:\/\/portaltela.pt\/s.01k8rhncp4jt1\/2025\/11\/talking-bot-125x125.png\",\"url\":\"https:\/\/portaltela.pt\/s.01k8rhncp4jt1\/2025\/11\/talking-bot-125x125.png\",\"contentUrl\":\"https:\/\/portaltela.pt\/s.01k8rhncp4jt1\/2025\/11\/talking-bot-125x125.png\",\"caption\":\"Telinha\"},\"sameAs\":[\"https:\/\/portaltela.pt\/\"],\"url\":\"https:\/\/portaltela.pt\/por\/367410592786\/\"}]}<\/script>\n<!-- \/ Yoast SEO plugin. -->","yoast_head_json":{"title":"Casa-Museu Afonso Lopes Vieira em risco de ruir - Portal Tela Portugal","robots":{"index":"index","follow":"follow","max-snippet":"max-snippet:-1","max-image-preview":"max-image-preview:large","max-video-preview":"max-video-preview:-1"},"og_locale":"pt_PT","og_type":"article","og_title":"Casa-Museu Afonso Lopes Vieira em risco de ruir - Portal Tela Portugal","og_description":"A Casa-Museu Afonso Lopes Vieira, na praia de S. Pedro de Moel, est\u00e1 em risco de desmoronar. O risco ocorreu ap\u00f3s a passagem da tempestade Kristin, na madrugada de 28 de janeiro, e pela forte agita\u00e7\u00e3o mar\u00edtima. O Munic\u00edpio da Marinha Grande procura uma empresa para fazer uma obra de enrocamento. A interven\u00e7\u00e3o visa reparar o muro de suporte, o piso do p\u00e1tio e estabilizar a estrutura, j\u00e1 que o corpo da varanda se encontra destacado do edif\u00edcio. O vereador da Cultura, S\u00e9rgio Silva, confirmou a inten\u00e7\u00e3o de contratar a obra ao Jornal de Not\u00edcias.","og_url":"https:\/\/portaltela.pt\/noticias\/2026\/02\/10\/casa-museu-afonso-lopes-vieira-em-risco-de-ruir\/","og_site_name":"Portal Tela Portugal","article_published_time":"2026-02-10T20:10:00+00:00","author":"Telinha","twitter_card":"summary_large_image","twitter_misc":{"Escrito por":"Telinha","Tempo estimado de leitura":"1 minuto"},"schema":{"@context":"https:\/\/schema.org","@graph":[{"@type":"Article","@id":"https:\/\/portaltela.pt\/noticias\/2026\/02\/10\/casa-museu-afonso-lopes-vieira-em-risco-de-ruir\/#article","isPartOf":{"@id":"https:\/\/portaltela.pt\/noticias\/2026\/02\/10\/casa-museu-afonso-lopes-vieira-em-risco-de-ruir\/"},"author":{"name":"Telinha","@id":"https:\/\/portaltela.pt\/#\/schema\/person\/c4278d4a6028830caff9ee44b42d32ed"},"headline":"Casa-Museu Afonso Lopes Vieira em risco de ruir","datePublished":"2026-02-10T20:10:00+00:00","mainEntityOfPage":{"@id":"https:\/\/portaltela.pt\/noticias\/2026\/02\/10\/casa-museu-afonso-lopes-vieira-em-risco-de-ruir\/"},"wordCount":177,"image":{"@id":"https:\/\/portaltela.pt\/noticias\/2026\/02\/10\/casa-museu-afonso-lopes-vieira-em-risco-de-ruir\/#primaryimage"},"thumbnailUrl":"https:\/\/portaltela.pt\/s.01k8rhncp4jt1\/2026\/02\/image-815.jpg","keywords":["cat\u00e1strofes naturais","Museus e Monumentos de Portugal","museus\/arquivos","patrim\u00f3nio","Patrim\u00f3nio Cultural \u2013 Instituto P\u00fablico","Prote\u00e7\u00e3o Civil Municipal"],"articleSection":["Not\u00edcias"],"inLanguage":"pt-PT"},{"@type":"WebPage","@id":"https:\/\/portaltela.pt\/noticias\/2026\/02\/10\/casa-museu-afonso-lopes-vieira-em-risco-de-ruir\/","url":"https:\/\/portaltela.pt\/noticias\/2026\/02\/10\/casa-museu-afonso-lopes-vieira-em-risco-de-ruir\/","name":"Casa-Museu Afonso Lopes Vieira em risco de ruir - Portal Tela Portugal","isPartOf":{"@id":"https:\/\/portaltela.pt\/#website"},"primaryImageOfPage":{"@id":"https:\/\/portaltela.pt\/noticias\/2026\/02\/10\/casa-museu-afonso-lopes-vieira-em-risco-de-ruir\/#primaryimage"},"image":{"@id":"https:\/\/portaltela.pt\/noticias\/2026\/02\/10\/casa-museu-afonso-lopes-vieira-em-risco-de-ruir\/#primaryimage"},"thumbnailUrl":"https:\/\/portaltela.pt\/s.01k8rhncp4jt1\/2026\/02\/image-815.jpg","datePublished":"2026-02-10T20:10:00+00:00","author":{"@id":"https:\/\/portaltela.pt\/#\/schema\/person\/c4278d4a6028830caff9ee44b42d32ed"},"breadcrumb":{"@id":"https:\/\/portaltela.pt\/noticias\/2026\/02\/10\/casa-museu-afonso-lopes-vieira-em-risco-de-ruir\/#breadcrumb"},"inLanguage":"pt-PT","potentialAction":[{"@type":"ReadAction","target":["https:\/\/portaltela.pt\/noticias\/2026\/02\/10\/casa-museu-afonso-lopes-vieira-em-risco-de-ruir\/"]}]},{"@type":"ImageObject","inLanguage":"pt-PT","@id":"https:\/\/portaltela.pt\/noticias\/2026\/02\/10\/casa-museu-afonso-lopes-vieira-em-risco-de-ruir\/#primaryimage","url":"https:\/\/portaltela.pt\/s.01k8rhncp4jt1\/2026\/02\/image-815.jpg","contentUrl":"https:\/\/portaltela.pt\/s.01k8rhncp4jt1\/2026\/02\/image-815.jpg","width":796,"height":448,"caption":"Casa-Museu Afonso Lopes Vieira, na praia de S. Pedro de Moel"},{"@type":"BreadcrumbList","@id":"https:\/\/portaltela.pt\/noticias\/2026\/02\/10\/casa-museu-afonso-lopes-vieira-em-risco-de-ruir\/#breadcrumb","itemListElement":[{"@type":"ListItem","position":1,"name":"In\u00edcio","item":"https:\/\/portaltela.pt\/"},{"@type":"ListItem","position":2,"name":"Casa-Museu Afonso Lopes Vieira em risco de ruir"}]},{"@type":"WebSite","@id":"https:\/\/portaltela.pt\/#website","url":"https:\/\/portaltela.pt\/","name":"Portal Tela Portugal","description":"","potentialAction":[{"@type":"SearchAction","target":{"@type":"EntryPoint","urlTemplate":"https:\/\/portaltela.pt\/?s={search_term_string}"},"query-input":{"@type":"PropertyValueSpecification","valueRequired":true,"valueName":"search_term_string"}}],"inLanguage":"pt-PT"},{"@type":"Person","@id":"https:\/\/portaltela.pt\/#\/schema\/person\/c4278d4a6028830caff9ee44b42d32ed","name":"Telinha","image":{"@type":"ImageObject","inLanguage":"pt-PT","@id":"https:\/\/portaltela.pt\/s.01k8rhncp4jt1\/2025\/11\/talking-bot-125x125.png","url":"https:\/\/portaltela.pt\/s.01k8rhncp4jt1\/2025\/11\/talking-bot-125x125.png","contentUrl":"https:\/\/portaltela.pt\/s.01k8rhncp4jt1\/2025\/11\/talking-bot-125x125.png","caption":"Telinha"},"sameAs":["https:\/\/portaltela.pt\/"],"url":"https:\/\/portaltela.pt\/por\/367410592786\/"}]}},"_links":{"self":[{"href":"https:\/\/portaltela.pt\/api\/wp\/v2\/posts\/207336","targetHints":{"allow":["GET"]}}],"collection":[{"href":"https:\/\/portaltela.pt\/api\/wp\/v2\/posts"}],"about":[{"href":"https:\/\/portaltela.pt\/api\/wp\/v2\/types\/post"}],"author":[{"embeddable":true,"href":"https:\/\/portaltela.pt\/api\/wp\/v2\/users\/2"}],"replies":[{"embeddable":true,"href":"https:\/\/portaltela.pt\/api\/wp\/v2\/comments?post=207336"}],"version-history":[{"count":0,"href":"https:\/\/portaltela.pt\/api\/wp\/v2\/posts\/207336\/revisions"}],"wp:featuredmedia":[{"embeddable":true,"href":"https:\/\/portaltela.pt\/api\/wp\/v2\/media\/207341"}],"wp:attachment":[{"href":"https:\/\/portaltela.pt\/api\/wp\/v2\/media?parent=207336"}],"wp:term":[{"taxonomy":"category","embeddable":true,"href":"https:\/\/portaltela.pt\/api\/wp\/v2\/categories?post=207336"},{"taxonomy":"post_tag","embeddable":true,"href":"https:\/\/portaltela.pt\/api\/wp\/v2\/tags?post=207336"}],"curies":[{"name":"wp","href":"https:\/\/api.w.org\/{rel}","templated":true}]}}