{"id":207321,"date":"2026-02-10T16:41:00","date_gmt":"2026-02-10T19:41:00","guid":{"rendered":"https:\/\/portaltela.pt\/noticias\/2026\/02\/10\/proibem-entrada-em-recintos-desportivos-apos-insultos-racistas-contra-o-porto\/"},"modified":"2026-02-10T16:41:00","modified_gmt":"2026-02-10T19:41:00","slug":"proibem-entrada-em-recintos-desportivos-apos-insultos-racistas-contra-o-porto","status":"publish","type":"post","link":"https:\/\/portaltela.pt\/desporto\/2026\/02\/10\/proibem-entrada-em-recintos-desportivos-apos-insultos-racistas-contra-o-porto\/","title":{"rendered":"Pro\u00edbem entrada em recintos desportivos ap\u00f3s insultos racistas contra o Porto"},"content":{"rendered":"<p>Um adepto de 77 anos ficou proibido de entrar em recintos desportivos, ap\u00f3s ter dirigido insultos racistas contra jogadores de basquetebol do FC Porto. O incidente ocorreu no s\u00e1bado, durante o jogo entre Sporting CP e FC Porto.<\/p>\n<p>A atua\u00e7\u00e3o foi identificada pela PSP em colabora\u00e7\u00e3o com a APCVD, no Pavilh\u00e3o Jo\u00e3o Rocha, a contar para a 14.\u00aa jornada da fase regular do Campeonato Nacional de Basquetebol &#8211; Seniores Masculinos.<\/p>\n<p>O homem, residente em Lisboa, fica interdito de aceder a recintos desportivos at\u00e9 ao final do processo de contraordena\u00e7\u00e3o. Em caso de condena\u00e7\u00e3o, pode perder entre 1.750 e 50.000 euros e ficar proibido por tr\u00eas anos de participa\u00e7\u00e3o em eventos desportivos.<\/p>\n<h3>Medidas aplicadas e pr\u00f3ximos passos<\/h3>\n<p>Caso haja viola\u00e7\u00e3o da medida, configura crime de desobedi\u00eancia, com poss\u00edvel deten\u00e7\u00e3o pelas autoridades policiais, segundo o regime legal aplic\u00e1vel. O processo segue os tr\u00e2mites previstos para contraordena\u00e7\u00f5es desportivas.<\/p>\n","protected":false},"excerpt":{"rendered":"<ul>\n<li>Um homem de 77 anos, residente em Lisboa, foi proibido de entrar em recintos desportivos at\u00e9 ao final do processo de contraordena\u00e7\u00e3o.<\/li>\n<li>A medida resulta de insultos racistas dirigidos a jogadores de basquetebol do F. C. Porto durante o jogo contra o Sporting no Pavilh\u00e3o Jo\u00e3o Rocha, no s\u00e1bado.<\/li>\n<li>A decis\u00e3o contou com a colabora\u00e7\u00e3o da Pol\u00edcia de Seguran\u00e7a P\u00fablica (PSP) e da Autoridade para a Preven\u00e7\u00e3o e o Combate \u00e0 Viol\u00eancia no Desporto (APCVD).<\/li>\n<li>O encontro fazia parte da 14.\u00aa jornada da fase regular do Campeonato Nacional de Basquetebol &#8211; Seniores Masculinos.<\/li>\n<li>Em caso de condena\u00e7\u00e3o, pode haver coima entre 1.750 e 50.000 euros e interdi\u00e7\u00e3o de acesso a recintos desportivos por tr\u00eas anos; o incumprimento pode configurar desobedi\u00eancia, com possibilidade de deten\u00e7\u00e3o.<\/li>\n<\/ul>\n","protected":false},"author":2,"featured_media":207323,"comment_status":"closed","ping_status":"closed","sticky":false,"template":"","format":"standard","meta":{"footnotes":""},"categories":[21],"tags":[85,1926,211,152,982,250],"class_list":["post-207321","post","type-post","status-publish","format-standard","has-post-thumbnail","hentry","category-desporto","tag-basquete","tag-contraordenacoes","tag-desobediencia","tag-desporto","tag-porto","tag-seguranca-publica"],"yoast_head":"<!-- This site is optimized with the Yoast SEO plugin v27.2 - https:\/\/yoast.com\/product\/yoast-seo-wordpress\/ -->\n<title>Pro\u00edbem entrada em recintos desportivos ap\u00f3s insultos racistas contra o Porto - Portal Tela Portugal<\/title>\n<meta name=\"robots\" content=\"index, follow, max-snippet:-1, max-image-preview:large, max-video-preview:-1\" \/>\n<meta property=\"og:locale\" content=\"pt_PT\" \/>\n<meta property=\"og:type\" content=\"article\" \/>\n<meta property=\"og:title\" content=\"Pro\u00edbem entrada em recintos desportivos ap\u00f3s insultos racistas contra o Porto - Portal Tela Portugal\" \/>\n<meta property=\"og:description\" content=\"Um homem de 77 anos, residente em Lisboa, foi proibido de entrar em recintos desportivos at\u00e9 ao final do processo de contraordena\u00e7\u00e3o. A medida resulta de insultos racistas dirigidos a jogadores de basquetebol do F. C. Porto durante o jogo contra o Sporting no Pavilh\u00e3o Jo\u00e3o Rocha, no s\u00e1bado. A decis\u00e3o contou com a colabora\u00e7\u00e3o da Pol\u00edcia de Seguran\u00e7a P\u00fablica (PSP) e da Autoridade para a Preven\u00e7\u00e3o e o Combate \u00e0 Viol\u00eancia no Desporto (APCVD). O encontro fazia parte da 14.\u00aa jornada da fase regular do Campeonato Nacional de Basquetebol - Seniores Masculinos. Em caso de condena\u00e7\u00e3o, pode haver coima entre 1.750 e 50.000 euros e interdi\u00e7\u00e3o de acesso a recintos desportivos por tr\u00eas anos; o incumprimento pode configurar desobedi\u00eancia, com possibilidade de deten\u00e7\u00e3o.\" \/>\n<meta property=\"og:url\" content=\"https:\/\/portaltela.pt\/noticias\/2026\/02\/10\/proibem-entrada-em-recintos-desportivos-apos-insultos-racistas-contra-o-porto\/\" \/>\n<meta property=\"og:site_name\" content=\"Portal Tela Portugal\" \/>\n<meta property=\"article:published_time\" content=\"2026-02-10T19:41:00+00:00\" \/>\n<meta name=\"author\" content=\"Telinha\" \/>\n<meta name=\"twitter:card\" content=\"summary_large_image\" \/>\n<meta name=\"twitter:label1\" content=\"Escrito por\" \/>\n\t<meta name=\"twitter:data1\" content=\"Telinha\" \/>\n\t<meta name=\"twitter:label2\" content=\"Tempo estimado de leitura\" \/>\n\t<meta name=\"twitter:data2\" content=\"1 minuto\" \/>\n<script type=\"application\/ld+json\" class=\"yoast-schema-graph\">{\"@context\":\"https:\/\/schema.org\",\"@graph\":[{\"@type\":\"Article\",\"@id\":\"https:\/\/portaltela.pt\/noticias\/2026\/02\/10\/proibem-entrada-em-recintos-desportivos-apos-insultos-racistas-contra-o-porto\/#article\",\"isPartOf\":{\"@id\":\"https:\/\/portaltela.pt\/noticias\/2026\/02\/10\/proibem-entrada-em-recintos-desportivos-apos-insultos-racistas-contra-o-porto\/\"},\"author\":{\"name\":\"Telinha\",\"@id\":\"https:\/\/portaltela.pt\/#\/schema\/person\/c4278d4a6028830caff9ee44b42d32ed\"},\"headline\":\"Pro\u00edbem entrada em recintos desportivos ap\u00f3s insultos racistas contra o Porto\",\"datePublished\":\"2026-02-10T19:41:00+00:00\",\"mainEntityOfPage\":{\"@id\":\"https:\/\/portaltela.pt\/noticias\/2026\/02\/10\/proibem-entrada-em-recintos-desportivos-apos-insultos-racistas-contra-o-porto\/\"},\"wordCount\":172,\"image\":{\"@id\":\"https:\/\/portaltela.pt\/noticias\/2026\/02\/10\/proibem-entrada-em-recintos-desportivos-apos-insultos-racistas-contra-o-porto\/#primaryimage\"},\"thumbnailUrl\":\"https:\/\/portaltela.pt\/s.01k8rhncp4jt1\/2026\/02\/2e86d30d-0ac9-49b4-9439-ae99b20a20db_1200x675.jpg\",\"keywords\":[\"basquete\",\"contraordena\u00e7\u00f5es\",\"desobedi\u00eancia\",\"desporto\",\"Porto\",\"seguran\u00e7a p\u00fablica\"],\"articleSection\":[\"Desporto\"],\"inLanguage\":\"pt-PT\"},{\"@type\":\"WebPage\",\"@id\":\"https:\/\/portaltela.pt\/noticias\/2026\/02\/10\/proibem-entrada-em-recintos-desportivos-apos-insultos-racistas-contra-o-porto\/\",\"url\":\"https:\/\/portaltela.pt\/noticias\/2026\/02\/10\/proibem-entrada-em-recintos-desportivos-apos-insultos-racistas-contra-o-porto\/\",\"name\":\"Pro\u00edbem entrada em recintos desportivos ap\u00f3s insultos racistas contra o Porto - Portal Tela Portugal\",\"isPartOf\":{\"@id\":\"https:\/\/portaltela.pt\/#website\"},\"primaryImageOfPage\":{\"@id\":\"https:\/\/portaltela.pt\/noticias\/2026\/02\/10\/proibem-entrada-em-recintos-desportivos-apos-insultos-racistas-contra-o-porto\/#primaryimage\"},\"image\":{\"@id\":\"https:\/\/portaltela.pt\/noticias\/2026\/02\/10\/proibem-entrada-em-recintos-desportivos-apos-insultos-racistas-contra-o-porto\/#primaryimage\"},\"thumbnailUrl\":\"https:\/\/portaltela.pt\/s.01k8rhncp4jt1\/2026\/02\/2e86d30d-0ac9-49b4-9439-ae99b20a20db_1200x675.jpg\",\"datePublished\":\"2026-02-10T19:41:00+00:00\",\"author\":{\"@id\":\"https:\/\/portaltela.pt\/#\/schema\/person\/c4278d4a6028830caff9ee44b42d32ed\"},\"breadcrumb\":{\"@id\":\"https:\/\/portaltela.pt\/noticias\/2026\/02\/10\/proibem-entrada-em-recintos-desportivos-apos-insultos-racistas-contra-o-porto\/#breadcrumb\"},\"inLanguage\":\"pt-PT\",\"potentialAction\":[{\"@type\":\"ReadAction\",\"target\":[\"https:\/\/portaltela.pt\/noticias\/2026\/02\/10\/proibem-entrada-em-recintos-desportivos-apos-insultos-racistas-contra-o-porto\/\"]}]},{\"@type\":\"ImageObject\",\"inLanguage\":\"pt-PT\",\"@id\":\"https:\/\/portaltela.pt\/noticias\/2026\/02\/10\/proibem-entrada-em-recintos-desportivos-apos-insultos-racistas-contra-o-porto\/#primaryimage\",\"url\":\"https:\/\/portaltela.pt\/s.01k8rhncp4jt1\/2026\/02\/2e86d30d-0ac9-49b4-9439-ae99b20a20db_1200x675.jpg\",\"contentUrl\":\"https:\/\/portaltela.pt\/s.01k8rhncp4jt1\/2026\/02\/2e86d30d-0ac9-49b4-9439-ae99b20a20db_1200x675.jpg\",\"width\":796,\"height\":448,\"caption\":\"Os insultos foram proferidos aos jogadores do F. C. Porto, durante o confronto com o Sporting no s\u00e1bado\"},{\"@type\":\"BreadcrumbList\",\"@id\":\"https:\/\/portaltela.pt\/noticias\/2026\/02\/10\/proibem-entrada-em-recintos-desportivos-apos-insultos-racistas-contra-o-porto\/#breadcrumb\",\"itemListElement\":[{\"@type\":\"ListItem\",\"position\":1,\"name\":\"In\u00edcio\",\"item\":\"https:\/\/portaltela.pt\/\"},{\"@type\":\"ListItem\",\"position\":2,\"name\":\"Pro\u00edbem entrada em recintos desportivos ap\u00f3s insultos racistas contra o Porto\"}]},{\"@type\":\"WebSite\",\"@id\":\"https:\/\/portaltela.pt\/#website\",\"url\":\"https:\/\/portaltela.pt\/\",\"name\":\"Portal Tela Portugal\",\"description\":\"\",\"potentialAction\":[{\"@type\":\"SearchAction\",\"target\":{\"@type\":\"EntryPoint\",\"urlTemplate\":\"https:\/\/portaltela.pt\/?s={search_term_string}\"},\"query-input\":{\"@type\":\"PropertyValueSpecification\",\"valueRequired\":true,\"valueName\":\"search_term_string\"}}],\"inLanguage\":\"pt-PT\"},{\"@type\":\"Person\",\"@id\":\"https:\/\/portaltela.pt\/#\/schema\/person\/c4278d4a6028830caff9ee44b42d32ed\",\"name\":\"Telinha\",\"image\":{\"@type\":\"ImageObject\",\"inLanguage\":\"pt-PT\",\"@id\":\"https:\/\/portaltela.pt\/s.01k8rhncp4jt1\/2025\/11\/talking-bot-125x125.png\",\"url\":\"https:\/\/portaltela.pt\/s.01k8rhncp4jt1\/2025\/11\/talking-bot-125x125.png\",\"contentUrl\":\"https:\/\/portaltela.pt\/s.01k8rhncp4jt1\/2025\/11\/talking-bot-125x125.png\",\"caption\":\"Telinha\"},\"sameAs\":[\"https:\/\/portaltela.pt\/\"],\"url\":\"https:\/\/portaltela.pt\/por\/367410592786\/\"}]}<\/script>\n<!-- \/ Yoast SEO plugin. -->","yoast_head_json":{"title":"Pro\u00edbem entrada em recintos desportivos ap\u00f3s insultos racistas contra o Porto - Portal Tela Portugal","robots":{"index":"index","follow":"follow","max-snippet":"max-snippet:-1","max-image-preview":"max-image-preview:large","max-video-preview":"max-video-preview:-1"},"og_locale":"pt_PT","og_type":"article","og_title":"Pro\u00edbem entrada em recintos desportivos ap\u00f3s insultos racistas contra o Porto - Portal Tela Portugal","og_description":"Um homem de 77 anos, residente em Lisboa, foi proibido de entrar em recintos desportivos at\u00e9 ao final do processo de contraordena\u00e7\u00e3o. A medida resulta de insultos racistas dirigidos a jogadores de basquetebol do F. C. Porto durante o jogo contra o Sporting no Pavilh\u00e3o Jo\u00e3o Rocha, no s\u00e1bado. A decis\u00e3o contou com a colabora\u00e7\u00e3o da Pol\u00edcia de Seguran\u00e7a P\u00fablica (PSP) e da Autoridade para a Preven\u00e7\u00e3o e o Combate \u00e0 Viol\u00eancia no Desporto (APCVD). O encontro fazia parte da 14.\u00aa jornada da fase regular do Campeonato Nacional de Basquetebol - Seniores Masculinos. Em caso de condena\u00e7\u00e3o, pode haver coima entre 1.750 e 50.000 euros e interdi\u00e7\u00e3o de acesso a recintos desportivos por tr\u00eas anos; o incumprimento pode configurar desobedi\u00eancia, com possibilidade de deten\u00e7\u00e3o.","og_url":"https:\/\/portaltela.pt\/noticias\/2026\/02\/10\/proibem-entrada-em-recintos-desportivos-apos-insultos-racistas-contra-o-porto\/","og_site_name":"Portal Tela Portugal","article_published_time":"2026-02-10T19:41:00+00:00","author":"Telinha","twitter_card":"summary_large_image","twitter_misc":{"Escrito por":"Telinha","Tempo estimado de leitura":"1 minuto"},"schema":{"@context":"https:\/\/schema.org","@graph":[{"@type":"Article","@id":"https:\/\/portaltela.pt\/noticias\/2026\/02\/10\/proibem-entrada-em-recintos-desportivos-apos-insultos-racistas-contra-o-porto\/#article","isPartOf":{"@id":"https:\/\/portaltela.pt\/noticias\/2026\/02\/10\/proibem-entrada-em-recintos-desportivos-apos-insultos-racistas-contra-o-porto\/"},"author":{"name":"Telinha","@id":"https:\/\/portaltela.pt\/#\/schema\/person\/c4278d4a6028830caff9ee44b42d32ed"},"headline":"Pro\u00edbem entrada em recintos desportivos ap\u00f3s insultos racistas contra o Porto","datePublished":"2026-02-10T19:41:00+00:00","mainEntityOfPage":{"@id":"https:\/\/portaltela.pt\/noticias\/2026\/02\/10\/proibem-entrada-em-recintos-desportivos-apos-insultos-racistas-contra-o-porto\/"},"wordCount":172,"image":{"@id":"https:\/\/portaltela.pt\/noticias\/2026\/02\/10\/proibem-entrada-em-recintos-desportivos-apos-insultos-racistas-contra-o-porto\/#primaryimage"},"thumbnailUrl":"https:\/\/portaltela.pt\/s.01k8rhncp4jt1\/2026\/02\/2e86d30d-0ac9-49b4-9439-ae99b20a20db_1200x675.jpg","keywords":["basquete","contraordena\u00e7\u00f5es","desobedi\u00eancia","desporto","Porto","seguran\u00e7a p\u00fablica"],"articleSection":["Desporto"],"inLanguage":"pt-PT"},{"@type":"WebPage","@id":"https:\/\/portaltela.pt\/noticias\/2026\/02\/10\/proibem-entrada-em-recintos-desportivos-apos-insultos-racistas-contra-o-porto\/","url":"https:\/\/portaltela.pt\/noticias\/2026\/02\/10\/proibem-entrada-em-recintos-desportivos-apos-insultos-racistas-contra-o-porto\/","name":"Pro\u00edbem entrada em recintos desportivos ap\u00f3s insultos racistas contra o Porto - Portal Tela Portugal","isPartOf":{"@id":"https:\/\/portaltela.pt\/#website"},"primaryImageOfPage":{"@id":"https:\/\/portaltela.pt\/noticias\/2026\/02\/10\/proibem-entrada-em-recintos-desportivos-apos-insultos-racistas-contra-o-porto\/#primaryimage"},"image":{"@id":"https:\/\/portaltela.pt\/noticias\/2026\/02\/10\/proibem-entrada-em-recintos-desportivos-apos-insultos-racistas-contra-o-porto\/#primaryimage"},"thumbnailUrl":"https:\/\/portaltela.pt\/s.01k8rhncp4jt1\/2026\/02\/2e86d30d-0ac9-49b4-9439-ae99b20a20db_1200x675.jpg","datePublished":"2026-02-10T19:41:00+00:00","author":{"@id":"https:\/\/portaltela.pt\/#\/schema\/person\/c4278d4a6028830caff9ee44b42d32ed"},"breadcrumb":{"@id":"https:\/\/portaltela.pt\/noticias\/2026\/02\/10\/proibem-entrada-em-recintos-desportivos-apos-insultos-racistas-contra-o-porto\/#breadcrumb"},"inLanguage":"pt-PT","potentialAction":[{"@type":"ReadAction","target":["https:\/\/portaltela.pt\/noticias\/2026\/02\/10\/proibem-entrada-em-recintos-desportivos-apos-insultos-racistas-contra-o-porto\/"]}]},{"@type":"ImageObject","inLanguage":"pt-PT","@id":"https:\/\/portaltela.pt\/noticias\/2026\/02\/10\/proibem-entrada-em-recintos-desportivos-apos-insultos-racistas-contra-o-porto\/#primaryimage","url":"https:\/\/portaltela.pt\/s.01k8rhncp4jt1\/2026\/02\/2e86d30d-0ac9-49b4-9439-ae99b20a20db_1200x675.jpg","contentUrl":"https:\/\/portaltela.pt\/s.01k8rhncp4jt1\/2026\/02\/2e86d30d-0ac9-49b4-9439-ae99b20a20db_1200x675.jpg","width":796,"height":448,"caption":"Os insultos foram proferidos aos jogadores do F. C. Porto, durante o confronto com o Sporting no s\u00e1bado"},{"@type":"BreadcrumbList","@id":"https:\/\/portaltela.pt\/noticias\/2026\/02\/10\/proibem-entrada-em-recintos-desportivos-apos-insultos-racistas-contra-o-porto\/#breadcrumb","itemListElement":[{"@type":"ListItem","position":1,"name":"In\u00edcio","item":"https:\/\/portaltela.pt\/"},{"@type":"ListItem","position":2,"name":"Pro\u00edbem entrada em recintos desportivos ap\u00f3s insultos racistas contra o Porto"}]},{"@type":"WebSite","@id":"https:\/\/portaltela.pt\/#website","url":"https:\/\/portaltela.pt\/","name":"Portal Tela Portugal","description":"","potentialAction":[{"@type":"SearchAction","target":{"@type":"EntryPoint","urlTemplate":"https:\/\/portaltela.pt\/?s={search_term_string}"},"query-input":{"@type":"PropertyValueSpecification","valueRequired":true,"valueName":"search_term_string"}}],"inLanguage":"pt-PT"},{"@type":"Person","@id":"https:\/\/portaltela.pt\/#\/schema\/person\/c4278d4a6028830caff9ee44b42d32ed","name":"Telinha","image":{"@type":"ImageObject","inLanguage":"pt-PT","@id":"https:\/\/portaltela.pt\/s.01k8rhncp4jt1\/2025\/11\/talking-bot-125x125.png","url":"https:\/\/portaltela.pt\/s.01k8rhncp4jt1\/2025\/11\/talking-bot-125x125.png","contentUrl":"https:\/\/portaltela.pt\/s.01k8rhncp4jt1\/2025\/11\/talking-bot-125x125.png","caption":"Telinha"},"sameAs":["https:\/\/portaltela.pt\/"],"url":"https:\/\/portaltela.pt\/por\/367410592786\/"}]}},"_links":{"self":[{"href":"https:\/\/portaltela.pt\/api\/wp\/v2\/posts\/207321","targetHints":{"allow":["GET"]}}],"collection":[{"href":"https:\/\/portaltela.pt\/api\/wp\/v2\/posts"}],"about":[{"href":"https:\/\/portaltela.pt\/api\/wp\/v2\/types\/post"}],"author":[{"embeddable":true,"href":"https:\/\/portaltela.pt\/api\/wp\/v2\/users\/2"}],"replies":[{"embeddable":true,"href":"https:\/\/portaltela.pt\/api\/wp\/v2\/comments?post=207321"}],"version-history":[{"count":0,"href":"https:\/\/portaltela.pt\/api\/wp\/v2\/posts\/207321\/revisions"}],"wp:featuredmedia":[{"embeddable":true,"href":"https:\/\/portaltela.pt\/api\/wp\/v2\/media\/207323"}],"wp:attachment":[{"href":"https:\/\/portaltela.pt\/api\/wp\/v2\/media?parent=207321"}],"wp:term":[{"taxonomy":"category","embeddable":true,"href":"https:\/\/portaltela.pt\/api\/wp\/v2\/categories?post=207321"},{"taxonomy":"post_tag","embeddable":true,"href":"https:\/\/portaltela.pt\/api\/wp\/v2\/tags?post=207321"}],"curies":[{"name":"wp","href":"https:\/\/api.w.org\/{rel}","templated":true}]}}