{"id":207308,"date":"2026-02-10T16:49:00","date_gmt":"2026-02-10T19:49:00","guid":{"rendered":"https:\/\/portaltela.pt\/noticias\/2026\/02\/10\/santuario-do-bom-jesus-de-braga-em-obras-ate-julho\/"},"modified":"2026-02-10T16:49:00","modified_gmt":"2026-02-10T19:49:00","slug":"santuario-do-bom-jesus-de-braga-em-obras-ate-julho","status":"publish","type":"post","link":"https:\/\/portaltela.pt\/noticias\/2026\/02\/10\/santuario-do-bom-jesus-de-braga-em-obras-ate-julho\/","title":{"rendered":"Santu\u00e1rio do Bom Jesus de Braga em obras at\u00e9 julho"},"content":{"rendered":"<p>O santu\u00e1rio do Bom Jesus de Braga iniciou a terceira fase de interven\u00e7\u00f5es, com as obras j\u00e1 em andamento e previs\u00e3o de conclus\u00e3o at\u00e9 julho. O projeto envolve um investimento total de cerca de 2,3 milh\u00f5es de euros.<\/p>\n<p>O financiamento \u00e9 majoritariamente assegurado por fundos comunit\u00e1rios, que cobrem 75% do montante. A restante verba fica a cargo da confraria do Bom Jesus do Monte, respons\u00e1vel pela gest\u00e3o da obra.<\/p>\n<p>Hoje decorre uma sess\u00e3o p\u00fablica da confraria, com a presen\u00e7a do secret\u00e1rio de Estado da Cultura, Alberto Santos, para apresentar o plano e o andamento dos trabalhos.<\/p>\n<p>A interven\u00e7\u00e3o busca preservar o patrim\u00f4nio e melhorar as condi\u00e7\u00f5es de visita\u00e7\u00e3o e mobilidade no santu\u00e1rio. O objetivo \u00e9 concluir a terceira fase dentro do prazo estabelecido.<\/p>\n","protected":false},"excerpt":{"rendered":"<ul>\n<li>A terceira fase de interven\u00e7\u00e3o no Santu\u00e1rio do Bom Jesus, em Braga, j\u00e1 arrancou e dever\u00e1 ficar conclu\u00edda at\u00e9 julho.<\/li>\n<li>O investimento total \u00e9 de cerca de 2,3 milh\u00f5es de euros, com 75% financiados por fundos comunit\u00e1rios.<\/li>\n<li>A restante verba \u00e9 assegurada pela confraria do Bom Jesus do Monte.<\/li>\n<li>Hoje decorre uma sess\u00e3o p\u00fablica com a presen\u00e7a do secret\u00e1rio de Estado da Cultura, Alberto Santos, para apresentar o que est\u00e1 planeado e o andamento das obras.<\/li>\n<\/ul>\n","protected":false},"author":2,"featured_media":207312,"comment_status":"closed","ping_status":"closed","sticky":false,"template":"","format":"standard","meta":{"footnotes":""},"categories":[1],"tags":[1207,145,2417,5730,814,1175],"class_list":["post-207308","post","type-post","status-publish","format-standard","has-post-thumbnail","hentry","category-noticias","tag-braga","tag-cultura","tag-financiamento","tag-fundo-de-coesao","tag-patrimonio","tag-patrimonio-cultural"],"yoast_head":"<!-- This site is optimized with the Yoast SEO plugin v27.2 - https:\/\/yoast.com\/product\/yoast-seo-wordpress\/ -->\n<title>Santu\u00e1rio do Bom Jesus de Braga em obras at\u00e9 julho - Portal Tela Portugal<\/title>\n<meta name=\"robots\" content=\"index, follow, max-snippet:-1, max-image-preview:large, max-video-preview:-1\" \/>\n<meta property=\"og:locale\" content=\"pt_PT\" \/>\n<meta property=\"og:type\" content=\"article\" \/>\n<meta property=\"og:title\" content=\"Santu\u00e1rio do Bom Jesus de Braga em obras at\u00e9 julho - Portal Tela Portugal\" \/>\n<meta property=\"og:description\" content=\"A terceira fase de interven\u00e7\u00e3o no Santu\u00e1rio do Bom Jesus, em Braga, j\u00e1 arrancou e dever\u00e1 ficar conclu\u00edda at\u00e9 julho. O investimento total \u00e9 de cerca de 2,3 milh\u00f5es de euros, com 75% financiados por fundos comunit\u00e1rios. A restante verba \u00e9 assegurada pela confraria do Bom Jesus do Monte. Hoje decorre uma sess\u00e3o p\u00fablica com a presen\u00e7a do secret\u00e1rio de Estado da Cultura, Alberto Santos, para apresentar o que est\u00e1 planeado e o andamento das obras.\" \/>\n<meta property=\"og:url\" content=\"https:\/\/portaltela.pt\/noticias\/2026\/02\/10\/santuario-do-bom-jesus-de-braga-em-obras-ate-julho\/\" \/>\n<meta property=\"og:site_name\" content=\"Portal Tela Portugal\" \/>\n<meta property=\"article:published_time\" content=\"2026-02-10T19:49:00+00:00\" \/>\n<meta name=\"author\" content=\"Telinha\" \/>\n<meta name=\"twitter:card\" content=\"summary_large_image\" \/>\n<meta name=\"twitter:label1\" content=\"Escrito por\" \/>\n\t<meta name=\"twitter:data1\" content=\"Telinha\" \/>\n\t<meta name=\"twitter:label2\" content=\"Tempo estimado de leitura\" \/>\n\t<meta name=\"twitter:data2\" content=\"1 minuto\" \/>\n<script type=\"application\/ld+json\" class=\"yoast-schema-graph\">{\"@context\":\"https:\/\/schema.org\",\"@graph\":[{\"@type\":\"Article\",\"@id\":\"https:\/\/portaltela.pt\/noticias\/2026\/02\/10\/santuario-do-bom-jesus-de-braga-em-obras-ate-julho\/#article\",\"isPartOf\":{\"@id\":\"https:\/\/portaltela.pt\/noticias\/2026\/02\/10\/santuario-do-bom-jesus-de-braga-em-obras-ate-julho\/\"},\"author\":{\"name\":\"Telinha\",\"@id\":\"https:\/\/portaltela.pt\/#\/schema\/person\/c4278d4a6028830caff9ee44b42d32ed\"},\"headline\":\"Santu\u00e1rio do Bom Jesus de Braga em obras at\u00e9 julho\",\"datePublished\":\"2026-02-10T19:49:00+00:00\",\"mainEntityOfPage\":{\"@id\":\"https:\/\/portaltela.pt\/noticias\/2026\/02\/10\/santuario-do-bom-jesus-de-braga-em-obras-ate-julho\/\"},\"wordCount\":147,\"image\":{\"@id\":\"https:\/\/portaltela.pt\/noticias\/2026\/02\/10\/santuario-do-bom-jesus-de-braga-em-obras-ate-julho\/#primaryimage\"},\"thumbnailUrl\":\"https:\/\/portaltela.pt\/s.01k8rhncp4jt1\/2026\/02\/image-813.jpg\",\"keywords\":[\"Braga\",\"cultura\",\"financiamento\",\"Fundo de Coes\u00e3o\",\"patrim\u00f3nio\",\"Patrim\u00f3nio Cultural\"],\"articleSection\":[\"Not\u00edcias\"],\"inLanguage\":\"pt-PT\"},{\"@type\":\"WebPage\",\"@id\":\"https:\/\/portaltela.pt\/noticias\/2026\/02\/10\/santuario-do-bom-jesus-de-braga-em-obras-ate-julho\/\",\"url\":\"https:\/\/portaltela.pt\/noticias\/2026\/02\/10\/santuario-do-bom-jesus-de-braga-em-obras-ate-julho\/\",\"name\":\"Santu\u00e1rio do Bom Jesus de Braga em obras at\u00e9 julho - Portal Tela Portugal\",\"isPartOf\":{\"@id\":\"https:\/\/portaltela.pt\/#website\"},\"primaryImageOfPage\":{\"@id\":\"https:\/\/portaltela.pt\/noticias\/2026\/02\/10\/santuario-do-bom-jesus-de-braga-em-obras-ate-julho\/#primaryimage\"},\"image\":{\"@id\":\"https:\/\/portaltela.pt\/noticias\/2026\/02\/10\/santuario-do-bom-jesus-de-braga-em-obras-ate-julho\/#primaryimage\"},\"thumbnailUrl\":\"https:\/\/portaltela.pt\/s.01k8rhncp4jt1\/2026\/02\/image-813.jpg\",\"datePublished\":\"2026-02-10T19:49:00+00:00\",\"author\":{\"@id\":\"https:\/\/portaltela.pt\/#\/schema\/person\/c4278d4a6028830caff9ee44b42d32ed\"},\"breadcrumb\":{\"@id\":\"https:\/\/portaltela.pt\/noticias\/2026\/02\/10\/santuario-do-bom-jesus-de-braga-em-obras-ate-julho\/#breadcrumb\"},\"inLanguage\":\"pt-PT\",\"potentialAction\":[{\"@type\":\"ReadAction\",\"target\":[\"https:\/\/portaltela.pt\/noticias\/2026\/02\/10\/santuario-do-bom-jesus-de-braga-em-obras-ate-julho\/\"]}]},{\"@type\":\"ImageObject\",\"inLanguage\":\"pt-PT\",\"@id\":\"https:\/\/portaltela.pt\/noticias\/2026\/02\/10\/santuario-do-bom-jesus-de-braga-em-obras-ate-julho\/#primaryimage\",\"url\":\"https:\/\/portaltela.pt\/s.01k8rhncp4jt1\/2026\/02\/image-813.jpg\",\"contentUrl\":\"https:\/\/portaltela.pt\/s.01k8rhncp4jt1\/2026\/02\/image-813.jpg\",\"width\":796,\"height\":448,\"caption\":\"Local onde ser\u00e1 criado o centro interpretativo\"},{\"@type\":\"BreadcrumbList\",\"@id\":\"https:\/\/portaltela.pt\/noticias\/2026\/02\/10\/santuario-do-bom-jesus-de-braga-em-obras-ate-julho\/#breadcrumb\",\"itemListElement\":[{\"@type\":\"ListItem\",\"position\":1,\"name\":\"In\u00edcio\",\"item\":\"https:\/\/portaltela.pt\/\"},{\"@type\":\"ListItem\",\"position\":2,\"name\":\"Santu\u00e1rio do Bom Jesus de Braga em obras at\u00e9 julho\"}]},{\"@type\":\"WebSite\",\"@id\":\"https:\/\/portaltela.pt\/#website\",\"url\":\"https:\/\/portaltela.pt\/\",\"name\":\"Portal Tela Portugal\",\"description\":\"\",\"potentialAction\":[{\"@type\":\"SearchAction\",\"target\":{\"@type\":\"EntryPoint\",\"urlTemplate\":\"https:\/\/portaltela.pt\/?s={search_term_string}\"},\"query-input\":{\"@type\":\"PropertyValueSpecification\",\"valueRequired\":true,\"valueName\":\"search_term_string\"}}],\"inLanguage\":\"pt-PT\"},{\"@type\":\"Person\",\"@id\":\"https:\/\/portaltela.pt\/#\/schema\/person\/c4278d4a6028830caff9ee44b42d32ed\",\"name\":\"Telinha\",\"image\":{\"@type\":\"ImageObject\",\"inLanguage\":\"pt-PT\",\"@id\":\"https:\/\/portaltela.pt\/s.01k8rhncp4jt1\/2025\/11\/talking-bot-125x125.png\",\"url\":\"https:\/\/portaltela.pt\/s.01k8rhncp4jt1\/2025\/11\/talking-bot-125x125.png\",\"contentUrl\":\"https:\/\/portaltela.pt\/s.01k8rhncp4jt1\/2025\/11\/talking-bot-125x125.png\",\"caption\":\"Telinha\"},\"sameAs\":[\"https:\/\/portaltela.pt\/\"],\"url\":\"https:\/\/portaltela.pt\/por\/367410592786\/\"}]}<\/script>\n<!-- \/ Yoast SEO plugin. -->","yoast_head_json":{"title":"Santu\u00e1rio do Bom Jesus de Braga em obras at\u00e9 julho - Portal Tela Portugal","robots":{"index":"index","follow":"follow","max-snippet":"max-snippet:-1","max-image-preview":"max-image-preview:large","max-video-preview":"max-video-preview:-1"},"og_locale":"pt_PT","og_type":"article","og_title":"Santu\u00e1rio do Bom Jesus de Braga em obras at\u00e9 julho - Portal Tela Portugal","og_description":"A terceira fase de interven\u00e7\u00e3o no Santu\u00e1rio do Bom Jesus, em Braga, j\u00e1 arrancou e dever\u00e1 ficar conclu\u00edda at\u00e9 julho. O investimento total \u00e9 de cerca de 2,3 milh\u00f5es de euros, com 75% financiados por fundos comunit\u00e1rios. A restante verba \u00e9 assegurada pela confraria do Bom Jesus do Monte. Hoje decorre uma sess\u00e3o p\u00fablica com a presen\u00e7a do secret\u00e1rio de Estado da Cultura, Alberto Santos, para apresentar o que est\u00e1 planeado e o andamento das obras.","og_url":"https:\/\/portaltela.pt\/noticias\/2026\/02\/10\/santuario-do-bom-jesus-de-braga-em-obras-ate-julho\/","og_site_name":"Portal Tela Portugal","article_published_time":"2026-02-10T19:49:00+00:00","author":"Telinha","twitter_card":"summary_large_image","twitter_misc":{"Escrito por":"Telinha","Tempo estimado de leitura":"1 minuto"},"schema":{"@context":"https:\/\/schema.org","@graph":[{"@type":"Article","@id":"https:\/\/portaltela.pt\/noticias\/2026\/02\/10\/santuario-do-bom-jesus-de-braga-em-obras-ate-julho\/#article","isPartOf":{"@id":"https:\/\/portaltela.pt\/noticias\/2026\/02\/10\/santuario-do-bom-jesus-de-braga-em-obras-ate-julho\/"},"author":{"name":"Telinha","@id":"https:\/\/portaltela.pt\/#\/schema\/person\/c4278d4a6028830caff9ee44b42d32ed"},"headline":"Santu\u00e1rio do Bom Jesus de Braga em obras at\u00e9 julho","datePublished":"2026-02-10T19:49:00+00:00","mainEntityOfPage":{"@id":"https:\/\/portaltela.pt\/noticias\/2026\/02\/10\/santuario-do-bom-jesus-de-braga-em-obras-ate-julho\/"},"wordCount":147,"image":{"@id":"https:\/\/portaltela.pt\/noticias\/2026\/02\/10\/santuario-do-bom-jesus-de-braga-em-obras-ate-julho\/#primaryimage"},"thumbnailUrl":"https:\/\/portaltela.pt\/s.01k8rhncp4jt1\/2026\/02\/image-813.jpg","keywords":["Braga","cultura","financiamento","Fundo de Coes\u00e3o","patrim\u00f3nio","Patrim\u00f3nio Cultural"],"articleSection":["Not\u00edcias"],"inLanguage":"pt-PT"},{"@type":"WebPage","@id":"https:\/\/portaltela.pt\/noticias\/2026\/02\/10\/santuario-do-bom-jesus-de-braga-em-obras-ate-julho\/","url":"https:\/\/portaltela.pt\/noticias\/2026\/02\/10\/santuario-do-bom-jesus-de-braga-em-obras-ate-julho\/","name":"Santu\u00e1rio do Bom Jesus de Braga em obras at\u00e9 julho - Portal Tela Portugal","isPartOf":{"@id":"https:\/\/portaltela.pt\/#website"},"primaryImageOfPage":{"@id":"https:\/\/portaltela.pt\/noticias\/2026\/02\/10\/santuario-do-bom-jesus-de-braga-em-obras-ate-julho\/#primaryimage"},"image":{"@id":"https:\/\/portaltela.pt\/noticias\/2026\/02\/10\/santuario-do-bom-jesus-de-braga-em-obras-ate-julho\/#primaryimage"},"thumbnailUrl":"https:\/\/portaltela.pt\/s.01k8rhncp4jt1\/2026\/02\/image-813.jpg","datePublished":"2026-02-10T19:49:00+00:00","author":{"@id":"https:\/\/portaltela.pt\/#\/schema\/person\/c4278d4a6028830caff9ee44b42d32ed"},"breadcrumb":{"@id":"https:\/\/portaltela.pt\/noticias\/2026\/02\/10\/santuario-do-bom-jesus-de-braga-em-obras-ate-julho\/#breadcrumb"},"inLanguage":"pt-PT","potentialAction":[{"@type":"ReadAction","target":["https:\/\/portaltela.pt\/noticias\/2026\/02\/10\/santuario-do-bom-jesus-de-braga-em-obras-ate-julho\/"]}]},{"@type":"ImageObject","inLanguage":"pt-PT","@id":"https:\/\/portaltela.pt\/noticias\/2026\/02\/10\/santuario-do-bom-jesus-de-braga-em-obras-ate-julho\/#primaryimage","url":"https:\/\/portaltela.pt\/s.01k8rhncp4jt1\/2026\/02\/image-813.jpg","contentUrl":"https:\/\/portaltela.pt\/s.01k8rhncp4jt1\/2026\/02\/image-813.jpg","width":796,"height":448,"caption":"Local onde ser\u00e1 criado o centro interpretativo"},{"@type":"BreadcrumbList","@id":"https:\/\/portaltela.pt\/noticias\/2026\/02\/10\/santuario-do-bom-jesus-de-braga-em-obras-ate-julho\/#breadcrumb","itemListElement":[{"@type":"ListItem","position":1,"name":"In\u00edcio","item":"https:\/\/portaltela.pt\/"},{"@type":"ListItem","position":2,"name":"Santu\u00e1rio do Bom Jesus de Braga em obras at\u00e9 julho"}]},{"@type":"WebSite","@id":"https:\/\/portaltela.pt\/#website","url":"https:\/\/portaltela.pt\/","name":"Portal Tela Portugal","description":"","potentialAction":[{"@type":"SearchAction","target":{"@type":"EntryPoint","urlTemplate":"https:\/\/portaltela.pt\/?s={search_term_string}"},"query-input":{"@type":"PropertyValueSpecification","valueRequired":true,"valueName":"search_term_string"}}],"inLanguage":"pt-PT"},{"@type":"Person","@id":"https:\/\/portaltela.pt\/#\/schema\/person\/c4278d4a6028830caff9ee44b42d32ed","name":"Telinha","image":{"@type":"ImageObject","inLanguage":"pt-PT","@id":"https:\/\/portaltela.pt\/s.01k8rhncp4jt1\/2025\/11\/talking-bot-125x125.png","url":"https:\/\/portaltela.pt\/s.01k8rhncp4jt1\/2025\/11\/talking-bot-125x125.png","contentUrl":"https:\/\/portaltela.pt\/s.01k8rhncp4jt1\/2025\/11\/talking-bot-125x125.png","caption":"Telinha"},"sameAs":["https:\/\/portaltela.pt\/"],"url":"https:\/\/portaltela.pt\/por\/367410592786\/"}]}},"_links":{"self":[{"href":"https:\/\/portaltela.pt\/api\/wp\/v2\/posts\/207308","targetHints":{"allow":["GET"]}}],"collection":[{"href":"https:\/\/portaltela.pt\/api\/wp\/v2\/posts"}],"about":[{"href":"https:\/\/portaltela.pt\/api\/wp\/v2\/types\/post"}],"author":[{"embeddable":true,"href":"https:\/\/portaltela.pt\/api\/wp\/v2\/users\/2"}],"replies":[{"embeddable":true,"href":"https:\/\/portaltela.pt\/api\/wp\/v2\/comments?post=207308"}],"version-history":[{"count":0,"href":"https:\/\/portaltela.pt\/api\/wp\/v2\/posts\/207308\/revisions"}],"wp:featuredmedia":[{"embeddable":true,"href":"https:\/\/portaltela.pt\/api\/wp\/v2\/media\/207312"}],"wp:attachment":[{"href":"https:\/\/portaltela.pt\/api\/wp\/v2\/media?parent=207308"}],"wp:term":[{"taxonomy":"category","embeddable":true,"href":"https:\/\/portaltela.pt\/api\/wp\/v2\/categories?post=207308"},{"taxonomy":"post_tag","embeddable":true,"href":"https:\/\/portaltela.pt\/api\/wp\/v2\/tags?post=207308"}],"curies":[{"name":"wp","href":"https:\/\/api.w.org\/{rel}","templated":true}]}}