{"id":207267,"date":"2026-02-10T16:10:22","date_gmt":"2026-02-10T19:10:22","guid":{"rendered":"https:\/\/portaltela.pt\/noticias\/2026\/02\/10\/municipio-de-leiria-solicita-doacao-urgente-de-telhas\/"},"modified":"2026-02-10T16:10:22","modified_gmt":"2026-02-10T19:10:22","slug":"municipio-de-leiria-solicita-doacao-urgente-de-telhas","status":"publish","type":"post","link":"https:\/\/portaltela.pt\/noticias\/2026\/02\/10\/municipio-de-leiria-solicita-doacao-urgente-de-telhas\/","title":{"rendered":"Munic\u00edpio de Leiria solicita doa\u00e7\u00e3o urgente de telhas"},"content":{"rendered":"<p>O Munic\u00edpio de Leiria pediu na ter\u00e7a-feira a doa\u00e7\u00e3o urgente de telhas, necess\u00e1rias para a reconstru\u00e7\u00e3o de habita\u00e7\u00f5es afetadas pela depress\u00e3o Kristin. A autarquia sublinha que este material \u00e9 essencial para responder \u00e0s necessidades das fam\u00edlias betroffen.<\/p>\n<p>A C\u00e2mara explica que as telhas priorit\u00e1rias s\u00e3o as de modelo 10 e 12, telh\u00f5es para telhasol, telha Marselha antiga, telha Margon Juncal (esquerda e direita), telha Umbelino Monteiro, telha CS \u2013 modelo F2 e telh\u00f5es para telha CS. A entrega deve chegar ao Armaz\u00e9m Solid\u00e1rio, no Mercado do Falc\u00e3o, junto ao aer\u00f3dromo de Leiria.<\/p>\n<p>O espa\u00e7o funciona diariamente entre as 09:00 e as 17:00, servindo tamb\u00e9m para a recolha de outros materiais de constru\u00e7\u00e3o. As fam\u00edlias podem dirigir-se ao Armaz\u00e9m Solid\u00e1rio para pedir os materiais necess\u00e1rios.<\/p>\n<h3>Apoio e log\u00edstica<\/h3>\n<p>O vereador Carlos Palheira disse \u00e0 Lusa que h\u00e1 dificuldade em obter este tipo de telhas, tendo a C\u00e2mara j\u00e1 feito aquisi\u00e7\u00f5es e apelado \u00e0 solidariedade de empresas. Quem tiver telhas em casa e n\u00e3o conseguir as levar at\u00e9 ao armaz\u00e9m pode indicar o modelo e o local; a C\u00e2mara pode tentar buscar as pe\u00e7as.<\/p>\n<p>Palheira agradeceu as doa\u00e7\u00f5es, destacando que o gesto contribui para o bem-estar das pessoas afetadas. O munic\u00edpio j\u00e1 contactou entidades para suprir as necessidades de reconstru\u00e7\u00e3o.<\/p>\n<h3>Contexto nacional<\/h3>\n<p>Quinze pessoas morreram em Portugal desde 28 de janeiro devido \u00e0s depress\u00f5es Kristin, Leonardo e Marta, com centenas de feridos e desalojados. As regi\u00f5es Centro, Lisboa e Vale do Tejo e Alentejo s\u00e3o as mais atingidas.<\/p>\n<p>O Governo prolongou a situa\u00e7\u00e3o de calamidade at\u00e9 ao dia 15 para 68 concelhos e anunciou medidas de apoio de at\u00e9 2,5 mil milh\u00f5es de euros. As principais consequ\u00eancias incluem danos em habita\u00e7\u00f5es, empresas e infraestruturas, com interrup\u00e7\u00f5es de transportes e servi\u00e7os essenciais.<\/p>\n","protected":false},"excerpt":{"rendered":"<ul>\n<li>O munic\u00edpio de Leiria lan\u00e7ou um apelo para a doa\u00e7\u00e3o urgente de telhas indispens\u00e1veis \u00e0 reconstru\u00e7\u00e3o de habita\u00e7\u00f5es afetadas pela depress\u00e3o Kristin.<\/li>\n<li>S\u00e3o priorit\u00e1rias as telhas espec\u00edficas: telh\u00e1sol 10 e 12, telh\u00f5es para telhasol, telha Marselha antiga, telha Margon Juncal (esquerda e direita), telha Umbelino Monteiro, telha CS (modelo F2) e telh\u00f5es para telha CS.<\/li>\n<li>As entregas devem ser feitas no Armaz\u00e9m Solid\u00e1rio, no Mercado do Falc\u00e3o junto ao aer\u00f3dromo de Leiria, diariamente das 09:00 \u00e0s 17:00, espa\u00e7o que tamb\u00e9m recebe outros materiais de constru\u00e7\u00e3o.<\/li>\n<li>O vereador Carlos Palheira explicou que a C\u00e2mara tem dificuldade em obter estas telhas e tem contado com a solidariedade de empresas; quem tiver telhas pode indicar modelo e localiza\u00e7\u00e3o para a C\u00e2mara tentar recolh\u00ea-las.<\/li>\n<li>A not\u00edcia contextualiza com quinze mortos em Portugal, devido \u00e0s depress\u00f5es Kristin, Leonardo e Marta, e refor\u00e7a que o Governo prorrogou a calamidade at\u00e9 ao dia 15 para 68 concelhos, com medidas de apoio at\u00e9 2,5 mil milh\u00f5es de euros.<\/li>\n<\/ul>\n","protected":false},"author":2,"featured_media":207271,"comment_status":"closed","ping_status":"closed","sticky":false,"template":"","format":"standard","meta":{"footnotes":""},"categories":[1],"tags":[4687,3004,150,1385,4071,5168],"class_list":["post-207267","post","type-post","status-publish","format-standard","has-post-thumbnail","hentry","category-noticias","tag-calamidade-publica","tag-desalojados","tag-habitacao","tag-leiria","tag-solidariedade-social","tag-telhas"],"yoast_head":"<!-- This site is optimized with the Yoast SEO plugin v27.2 - https:\/\/yoast.com\/product\/yoast-seo-wordpress\/ -->\n<title>Munic\u00edpio de Leiria solicita doa\u00e7\u00e3o urgente de telhas - Portal Tela Portugal<\/title>\n<meta name=\"robots\" content=\"index, follow, max-snippet:-1, max-image-preview:large, max-video-preview:-1\" \/>\n<meta property=\"og:locale\" content=\"pt_PT\" \/>\n<meta property=\"og:type\" content=\"article\" \/>\n<meta property=\"og:title\" content=\"Munic\u00edpio de Leiria solicita doa\u00e7\u00e3o urgente de telhas - Portal Tela Portugal\" \/>\n<meta property=\"og:description\" content=\"O munic\u00edpio de Leiria lan\u00e7ou um apelo para a doa\u00e7\u00e3o urgente de telhas indispens\u00e1veis \u00e0 reconstru\u00e7\u00e3o de habita\u00e7\u00f5es afetadas pela depress\u00e3o Kristin. S\u00e3o priorit\u00e1rias as telhas espec\u00edficas: telh\u00e1sol 10 e 12, telh\u00f5es para telhasol, telha Marselha antiga, telha Margon Juncal (esquerda e direita), telha Umbelino Monteiro, telha CS (modelo F2) e telh\u00f5es para telha CS. As entregas devem ser feitas no Armaz\u00e9m Solid\u00e1rio, no Mercado do Falc\u00e3o junto ao aer\u00f3dromo de Leiria, diariamente das 09:00 \u00e0s 17:00, espa\u00e7o que tamb\u00e9m recebe outros materiais de constru\u00e7\u00e3o. O vereador Carlos Palheira explicou que a C\u00e2mara tem dificuldade em obter estas telhas e tem contado com a solidariedade de empresas; quem tiver telhas pode indicar modelo e localiza\u00e7\u00e3o para a C\u00e2mara tentar recolh\u00ea-las. A not\u00edcia contextualiza com quinze mortos em Portugal, devido \u00e0s depress\u00f5es Kristin, Leonardo e Marta, e refor\u00e7a que o Governo prorrogou a calamidade at\u00e9 ao dia 15 para 68 concelhos, com medidas de apoio at\u00e9 2,5 mil milh\u00f5es de euros.\" \/>\n<meta property=\"og:url\" content=\"https:\/\/portaltela.pt\/noticias\/2026\/02\/10\/municipio-de-leiria-solicita-doacao-urgente-de-telhas\/\" \/>\n<meta property=\"og:site_name\" content=\"Portal Tela Portugal\" \/>\n<meta property=\"article:published_time\" content=\"2026-02-10T19:10:22+00:00\" \/>\n<meta name=\"author\" content=\"Telinha\" \/>\n<meta name=\"twitter:card\" content=\"summary_large_image\" \/>\n<meta name=\"twitter:label1\" content=\"Escrito por\" \/>\n\t<meta name=\"twitter:data1\" content=\"Telinha\" \/>\n\t<meta name=\"twitter:label2\" content=\"Tempo estimado de leitura\" \/>\n\t<meta name=\"twitter:data2\" content=\"2 minutos\" \/>\n<script type=\"application\/ld+json\" class=\"yoast-schema-graph\">{\"@context\":\"https:\/\/schema.org\",\"@graph\":[{\"@type\":\"Article\",\"@id\":\"https:\/\/portaltela.pt\/noticias\/2026\/02\/10\/municipio-de-leiria-solicita-doacao-urgente-de-telhas\/#article\",\"isPartOf\":{\"@id\":\"https:\/\/portaltela.pt\/noticias\/2026\/02\/10\/municipio-de-leiria-solicita-doacao-urgente-de-telhas\/\"},\"author\":{\"name\":\"Telinha\",\"@id\":\"https:\/\/portaltela.pt\/#\/schema\/person\/c4278d4a6028830caff9ee44b42d32ed\"},\"headline\":\"Munic\u00edpio de Leiria solicita doa\u00e7\u00e3o urgente de telhas\",\"datePublished\":\"2026-02-10T19:10:22+00:00\",\"mainEntityOfPage\":{\"@id\":\"https:\/\/portaltela.pt\/noticias\/2026\/02\/10\/municipio-de-leiria-solicita-doacao-urgente-de-telhas\/\"},\"wordCount\":330,\"image\":{\"@id\":\"https:\/\/portaltela.pt\/noticias\/2026\/02\/10\/municipio-de-leiria-solicita-doacao-urgente-de-telhas\/#primaryimage\"},\"thumbnailUrl\":\"https:\/\/portaltela.pt\/s.01k8rhncp4jt1\/2026\/02\/img_1280x721uu2026-02-01-19-09-46-2264043.jpg\",\"keywords\":[\"calamidade p\u00fablica\",\"desalojados\",\"habita\u00e7\u00e3o\",\"Leiria\",\"Solidariedade Social\",\"telhas\"],\"articleSection\":[\"Not\u00edcias\"],\"inLanguage\":\"pt-PT\"},{\"@type\":\"WebPage\",\"@id\":\"https:\/\/portaltela.pt\/noticias\/2026\/02\/10\/municipio-de-leiria-solicita-doacao-urgente-de-telhas\/\",\"url\":\"https:\/\/portaltela.pt\/noticias\/2026\/02\/10\/municipio-de-leiria-solicita-doacao-urgente-de-telhas\/\",\"name\":\"Munic\u00edpio de Leiria solicita doa\u00e7\u00e3o urgente de telhas - Portal Tela Portugal\",\"isPartOf\":{\"@id\":\"https:\/\/portaltela.pt\/#website\"},\"primaryImageOfPage\":{\"@id\":\"https:\/\/portaltela.pt\/noticias\/2026\/02\/10\/municipio-de-leiria-solicita-doacao-urgente-de-telhas\/#primaryimage\"},\"image\":{\"@id\":\"https:\/\/portaltela.pt\/noticias\/2026\/02\/10\/municipio-de-leiria-solicita-doacao-urgente-de-telhas\/#primaryimage\"},\"thumbnailUrl\":\"https:\/\/portaltela.pt\/s.01k8rhncp4jt1\/2026\/02\/img_1280x721uu2026-02-01-19-09-46-2264043.jpg\",\"datePublished\":\"2026-02-10T19:10:22+00:00\",\"author\":{\"@id\":\"https:\/\/portaltela.pt\/#\/schema\/person\/c4278d4a6028830caff9ee44b42d32ed\"},\"breadcrumb\":{\"@id\":\"https:\/\/portaltela.pt\/noticias\/2026\/02\/10\/municipio-de-leiria-solicita-doacao-urgente-de-telhas\/#breadcrumb\"},\"inLanguage\":\"pt-PT\",\"potentialAction\":[{\"@type\":\"ReadAction\",\"target\":[\"https:\/\/portaltela.pt\/noticias\/2026\/02\/10\/municipio-de-leiria-solicita-doacao-urgente-de-telhas\/\"]}]},{\"@type\":\"ImageObject\",\"inLanguage\":\"pt-PT\",\"@id\":\"https:\/\/portaltela.pt\/noticias\/2026\/02\/10\/municipio-de-leiria-solicita-doacao-urgente-de-telhas\/#primaryimage\",\"url\":\"https:\/\/portaltela.pt\/s.01k8rhncp4jt1\/2026\/02\/img_1280x721uu2026-02-01-19-09-46-2264043.jpg\",\"contentUrl\":\"https:\/\/portaltela.pt\/s.01k8rhncp4jt1\/2026\/02\/img_1280x721uu2026-02-01-19-09-46-2264043.jpg\",\"width\":796,\"height\":448,\"caption\":\"Popula\u00e7\u00e3o de Leiria aguarda por telhas e lonas\"},{\"@type\":\"BreadcrumbList\",\"@id\":\"https:\/\/portaltela.pt\/noticias\/2026\/02\/10\/municipio-de-leiria-solicita-doacao-urgente-de-telhas\/#breadcrumb\",\"itemListElement\":[{\"@type\":\"ListItem\",\"position\":1,\"name\":\"In\u00edcio\",\"item\":\"https:\/\/portaltela.pt\/\"},{\"@type\":\"ListItem\",\"position\":2,\"name\":\"Munic\u00edpio de Leiria solicita doa\u00e7\u00e3o urgente de telhas\"}]},{\"@type\":\"WebSite\",\"@id\":\"https:\/\/portaltela.pt\/#website\",\"url\":\"https:\/\/portaltela.pt\/\",\"name\":\"Portal Tela Portugal\",\"description\":\"\",\"potentialAction\":[{\"@type\":\"SearchAction\",\"target\":{\"@type\":\"EntryPoint\",\"urlTemplate\":\"https:\/\/portaltela.pt\/?s={search_term_string}\"},\"query-input\":{\"@type\":\"PropertyValueSpecification\",\"valueRequired\":true,\"valueName\":\"search_term_string\"}}],\"inLanguage\":\"pt-PT\"},{\"@type\":\"Person\",\"@id\":\"https:\/\/portaltela.pt\/#\/schema\/person\/c4278d4a6028830caff9ee44b42d32ed\",\"name\":\"Telinha\",\"image\":{\"@type\":\"ImageObject\",\"inLanguage\":\"pt-PT\",\"@id\":\"https:\/\/portaltela.pt\/s.01k8rhncp4jt1\/2025\/11\/talking-bot-125x125.png\",\"url\":\"https:\/\/portaltela.pt\/s.01k8rhncp4jt1\/2025\/11\/talking-bot-125x125.png\",\"contentUrl\":\"https:\/\/portaltela.pt\/s.01k8rhncp4jt1\/2025\/11\/talking-bot-125x125.png\",\"caption\":\"Telinha\"},\"sameAs\":[\"https:\/\/portaltela.pt\/\"],\"url\":\"https:\/\/portaltela.pt\/por\/367410592786\/\"}]}<\/script>\n<!-- \/ Yoast SEO plugin. -->","yoast_head_json":{"title":"Munic\u00edpio de Leiria solicita doa\u00e7\u00e3o urgente de telhas - Portal Tela Portugal","robots":{"index":"index","follow":"follow","max-snippet":"max-snippet:-1","max-image-preview":"max-image-preview:large","max-video-preview":"max-video-preview:-1"},"og_locale":"pt_PT","og_type":"article","og_title":"Munic\u00edpio de Leiria solicita doa\u00e7\u00e3o urgente de telhas - Portal Tela Portugal","og_description":"O munic\u00edpio de Leiria lan\u00e7ou um apelo para a doa\u00e7\u00e3o urgente de telhas indispens\u00e1veis \u00e0 reconstru\u00e7\u00e3o de habita\u00e7\u00f5es afetadas pela depress\u00e3o Kristin. S\u00e3o priorit\u00e1rias as telhas espec\u00edficas: telh\u00e1sol 10 e 12, telh\u00f5es para telhasol, telha Marselha antiga, telha Margon Juncal (esquerda e direita), telha Umbelino Monteiro, telha CS (modelo F2) e telh\u00f5es para telha CS. As entregas devem ser feitas no Armaz\u00e9m Solid\u00e1rio, no Mercado do Falc\u00e3o junto ao aer\u00f3dromo de Leiria, diariamente das 09:00 \u00e0s 17:00, espa\u00e7o que tamb\u00e9m recebe outros materiais de constru\u00e7\u00e3o. O vereador Carlos Palheira explicou que a C\u00e2mara tem dificuldade em obter estas telhas e tem contado com a solidariedade de empresas; quem tiver telhas pode indicar modelo e localiza\u00e7\u00e3o para a C\u00e2mara tentar recolh\u00ea-las. A not\u00edcia contextualiza com quinze mortos em Portugal, devido \u00e0s depress\u00f5es Kristin, Leonardo e Marta, e refor\u00e7a que o Governo prorrogou a calamidade at\u00e9 ao dia 15 para 68 concelhos, com medidas de apoio at\u00e9 2,5 mil milh\u00f5es de euros.","og_url":"https:\/\/portaltela.pt\/noticias\/2026\/02\/10\/municipio-de-leiria-solicita-doacao-urgente-de-telhas\/","og_site_name":"Portal Tela Portugal","article_published_time":"2026-02-10T19:10:22+00:00","author":"Telinha","twitter_card":"summary_large_image","twitter_misc":{"Escrito por":"Telinha","Tempo estimado de leitura":"2 minutos"},"schema":{"@context":"https:\/\/schema.org","@graph":[{"@type":"Article","@id":"https:\/\/portaltela.pt\/noticias\/2026\/02\/10\/municipio-de-leiria-solicita-doacao-urgente-de-telhas\/#article","isPartOf":{"@id":"https:\/\/portaltela.pt\/noticias\/2026\/02\/10\/municipio-de-leiria-solicita-doacao-urgente-de-telhas\/"},"author":{"name":"Telinha","@id":"https:\/\/portaltela.pt\/#\/schema\/person\/c4278d4a6028830caff9ee44b42d32ed"},"headline":"Munic\u00edpio de Leiria solicita doa\u00e7\u00e3o urgente de telhas","datePublished":"2026-02-10T19:10:22+00:00","mainEntityOfPage":{"@id":"https:\/\/portaltela.pt\/noticias\/2026\/02\/10\/municipio-de-leiria-solicita-doacao-urgente-de-telhas\/"},"wordCount":330,"image":{"@id":"https:\/\/portaltela.pt\/noticias\/2026\/02\/10\/municipio-de-leiria-solicita-doacao-urgente-de-telhas\/#primaryimage"},"thumbnailUrl":"https:\/\/portaltela.pt\/s.01k8rhncp4jt1\/2026\/02\/img_1280x721uu2026-02-01-19-09-46-2264043.jpg","keywords":["calamidade p\u00fablica","desalojados","habita\u00e7\u00e3o","Leiria","Solidariedade Social","telhas"],"articleSection":["Not\u00edcias"],"inLanguage":"pt-PT"},{"@type":"WebPage","@id":"https:\/\/portaltela.pt\/noticias\/2026\/02\/10\/municipio-de-leiria-solicita-doacao-urgente-de-telhas\/","url":"https:\/\/portaltela.pt\/noticias\/2026\/02\/10\/municipio-de-leiria-solicita-doacao-urgente-de-telhas\/","name":"Munic\u00edpio de Leiria solicita doa\u00e7\u00e3o urgente de telhas - Portal Tela Portugal","isPartOf":{"@id":"https:\/\/portaltela.pt\/#website"},"primaryImageOfPage":{"@id":"https:\/\/portaltela.pt\/noticias\/2026\/02\/10\/municipio-de-leiria-solicita-doacao-urgente-de-telhas\/#primaryimage"},"image":{"@id":"https:\/\/portaltela.pt\/noticias\/2026\/02\/10\/municipio-de-leiria-solicita-doacao-urgente-de-telhas\/#primaryimage"},"thumbnailUrl":"https:\/\/portaltela.pt\/s.01k8rhncp4jt1\/2026\/02\/img_1280x721uu2026-02-01-19-09-46-2264043.jpg","datePublished":"2026-02-10T19:10:22+00:00","author":{"@id":"https:\/\/portaltela.pt\/#\/schema\/person\/c4278d4a6028830caff9ee44b42d32ed"},"breadcrumb":{"@id":"https:\/\/portaltela.pt\/noticias\/2026\/02\/10\/municipio-de-leiria-solicita-doacao-urgente-de-telhas\/#breadcrumb"},"inLanguage":"pt-PT","potentialAction":[{"@type":"ReadAction","target":["https:\/\/portaltela.pt\/noticias\/2026\/02\/10\/municipio-de-leiria-solicita-doacao-urgente-de-telhas\/"]}]},{"@type":"ImageObject","inLanguage":"pt-PT","@id":"https:\/\/portaltela.pt\/noticias\/2026\/02\/10\/municipio-de-leiria-solicita-doacao-urgente-de-telhas\/#primaryimage","url":"https:\/\/portaltela.pt\/s.01k8rhncp4jt1\/2026\/02\/img_1280x721uu2026-02-01-19-09-46-2264043.jpg","contentUrl":"https:\/\/portaltela.pt\/s.01k8rhncp4jt1\/2026\/02\/img_1280x721uu2026-02-01-19-09-46-2264043.jpg","width":796,"height":448,"caption":"Popula\u00e7\u00e3o de Leiria aguarda por telhas e lonas"},{"@type":"BreadcrumbList","@id":"https:\/\/portaltela.pt\/noticias\/2026\/02\/10\/municipio-de-leiria-solicita-doacao-urgente-de-telhas\/#breadcrumb","itemListElement":[{"@type":"ListItem","position":1,"name":"In\u00edcio","item":"https:\/\/portaltela.pt\/"},{"@type":"ListItem","position":2,"name":"Munic\u00edpio de Leiria solicita doa\u00e7\u00e3o urgente de telhas"}]},{"@type":"WebSite","@id":"https:\/\/portaltela.pt\/#website","url":"https:\/\/portaltela.pt\/","name":"Portal Tela Portugal","description":"","potentialAction":[{"@type":"SearchAction","target":{"@type":"EntryPoint","urlTemplate":"https:\/\/portaltela.pt\/?s={search_term_string}"},"query-input":{"@type":"PropertyValueSpecification","valueRequired":true,"valueName":"search_term_string"}}],"inLanguage":"pt-PT"},{"@type":"Person","@id":"https:\/\/portaltela.pt\/#\/schema\/person\/c4278d4a6028830caff9ee44b42d32ed","name":"Telinha","image":{"@type":"ImageObject","inLanguage":"pt-PT","@id":"https:\/\/portaltela.pt\/s.01k8rhncp4jt1\/2025\/11\/talking-bot-125x125.png","url":"https:\/\/portaltela.pt\/s.01k8rhncp4jt1\/2025\/11\/talking-bot-125x125.png","contentUrl":"https:\/\/portaltela.pt\/s.01k8rhncp4jt1\/2025\/11\/talking-bot-125x125.png","caption":"Telinha"},"sameAs":["https:\/\/portaltela.pt\/"],"url":"https:\/\/portaltela.pt\/por\/367410592786\/"}]}},"_links":{"self":[{"href":"https:\/\/portaltela.pt\/api\/wp\/v2\/posts\/207267","targetHints":{"allow":["GET"]}}],"collection":[{"href":"https:\/\/portaltela.pt\/api\/wp\/v2\/posts"}],"about":[{"href":"https:\/\/portaltela.pt\/api\/wp\/v2\/types\/post"}],"author":[{"embeddable":true,"href":"https:\/\/portaltela.pt\/api\/wp\/v2\/users\/2"}],"replies":[{"embeddable":true,"href":"https:\/\/portaltela.pt\/api\/wp\/v2\/comments?post=207267"}],"version-history":[{"count":0,"href":"https:\/\/portaltela.pt\/api\/wp\/v2\/posts\/207267\/revisions"}],"wp:featuredmedia":[{"embeddable":true,"href":"https:\/\/portaltela.pt\/api\/wp\/v2\/media\/207271"}],"wp:attachment":[{"href":"https:\/\/portaltela.pt\/api\/wp\/v2\/media?parent=207267"}],"wp:term":[{"taxonomy":"category","embeddable":true,"href":"https:\/\/portaltela.pt\/api\/wp\/v2\/categories?post=207267"},{"taxonomy":"post_tag","embeddable":true,"href":"https:\/\/portaltela.pt\/api\/wp\/v2\/tags?post=207267"}],"curies":[{"name":"wp","href":"https:\/\/api.w.org\/{rel}","templated":true}]}}