{"id":207209,"date":"2026-02-10T15:27:00","date_gmt":"2026-02-10T18:27:00","guid":{"rendered":"https:\/\/portaltela.pt\/noticias\/2026\/02\/10\/jovem-ligada-a-prostituicao-desde-os-15-anos-em-operacao-policial-com-policias-baleados\/"},"modified":"2026-02-10T15:27:00","modified_gmt":"2026-02-10T18:27:00","slug":"jovem-ligada-a-prostituicao-desde-os-15-anos-em-operacao-policial-com-policias-baleados","status":"publish","type":"post","link":"https:\/\/portaltela.pt\/noticias\/2026\/02\/10\/jovem-ligada-a-prostituicao-desde-os-15-anos-em-operacao-policial-com-policias-baleados\/","title":{"rendered":"Jovem ligada a prostitui\u00e7\u00e3o desde os 15 anos em opera\u00e7\u00e3o policial com pol\u00edcias baleados"},"content":{"rendered":"<p>A pol\u00edcia Judici\u00e1ria de Braga realizou, nesta ter\u00e7a-feira, uma opera\u00e7\u00e3o em Paredes, com 10 buscas domicili\u00e1rias, relacionada com o caso de uma menor que se prostitu\u00eda desde os 15 anos. Dois inspetores ficaram feridos por disparos durante a dilig\u00eancia. A opera\u00e7\u00e3o decorreu no \u00e2mbito de uma investiga\u00e7\u00e3o sobre explora\u00e7\u00e3o sexual de menores.<\/p>\n<p>O alvo das buscas foi um homem de 43 anos, residente em Duas Igrejas, Paredes, considerado um dos dez principais clientes da v\u00edtima. A jovem, de nacionalidade brasileira e atualmente com 18 anos, ter\u00e1 sido violada v\u00e1rias vezes quando era menor.<\/p>\n<p>A PJ esclarece que o pai do suspeito n\u00e3o tinha liga\u00e7\u00e3o direta aos crimes de viola\u00e7\u00e3o, pornografia e explora\u00e7\u00e3o de menores, mas responder\u00e1 a dois crimes de tentativa de homic\u00eddio, al\u00e9m de resist\u00eancia e coa\u00e7\u00e3o contra os inspetores.<\/p>\n<h3>Tr\u00eas professores entre os suspeitos<\/h3>\n<p>A investiga\u00e7\u00e3o apura crimes de pornografia e explora\u00e7\u00e3o sexual de menores, com pelo menos uma v\u00edtima com in\u00edcio aos 15 anos. A v\u00edtima utilizava redes sociais para oferecer servi\u00e7os sexuais, tendo um universo de centenas de clientes, entre homens, mulheres e casais.<\/p>\n<p>Entre os dez suspeitos, h\u00e1 perfis diversificados. Um deles era professor da jovem em Vila Nova de Famalic\u00e3o, e haver\u00e1 pelo menos mais dois docentes entre os suspeitos. O homem-alvo, residente em Duas Igrejas, \u00e9 quem esteve na moradia alvo da opera\u00e7\u00e3o, onde houve disparos.<\/p>\n<p>O promotor e o diretor da PJ de BragaPS indicaram que o conhecimento dos crimes n\u00e3o partiu da v\u00edtima, que inicialmente n\u00e3o colaborou, mas acabou por confirmar viola\u00e7\u00f5es por v\u00e1rios homens. A investiga\u00e7\u00e3o continua a seguir v\u00e1rios passos processuais para apurar os factos.<\/p>\n","protected":false},"excerpt":{"rendered":"<ul>\n<li>A Pol\u00edcia Judici\u00e1ria de Braga realizou uma opera\u00e7\u00e3o em Paredes com dez buscas domicili\u00e1rias, ligada ao caso de uma v\u00edtima menor de idade que se prostitu\u00eda h\u00e1 v\u00e1rios anos.<\/li>\n<li>O alvo da opera\u00e7\u00e3o foi um homem de 43 anos, residente em Duas Igrejas, um dos dez principais clientes, que poder\u00e1 responder por dois crimes de tentativa de homic\u00eddio, resist\u00eancia e coa\u00e7\u00e3o contra os inspetores.<\/li>\n<li>S\u00e3o investigados crimes de pornografia e explora\u00e7\u00e3o sexual de menores, envolvendo, pelo menos, uma v\u00edtima que ter\u00e1 oferecido servi\u00e7os sexuais pela internet a um universo de centenas de clientes.<\/li>\n<li>Entre os suspeitos h\u00e1 tr\u00eas professores, incluindo algu\u00e9m que era professor da v\u00edtima em Vila Nova de Famalic\u00e3o; pelo menos mais dois suspeitos exercem a mesma profiss\u00e3o; um deles seria o homem-alvo das buscas.<\/li>\n<li>A v\u00edtima s\u00f3 confirmou, numa fase posterior, ter sido violada por v\u00e1rios homens, ap\u00f3s inicialmente n\u00e3o colaborar com a investiga\u00e7\u00e3o.<\/li>\n<\/ul>\n","protected":false},"author":2,"featured_media":207212,"comment_status":"closed","ping_status":"closed","sticky":false,"template":"","format":"standard","meta":{"footnotes":""},"categories":[1],"tags":[1207,2221,3059,1802,1432,97],"class_list":["post-207209","post","type-post","status-publish","format-standard","has-post-thumbnail","hentry","category-noticias","tag-braga","tag-exploracao-de-menores-dependente-ou-em-situacao-vulneravel","tag-paredes","tag-policia-judiciaria","tag-pornografia-de-menores","tag-professores"],"yoast_head":"<!-- This site is optimized with the Yoast SEO plugin v27.2 - https:\/\/yoast.com\/product\/yoast-seo-wordpress\/ -->\n<title>Jovem ligada a prostitui\u00e7\u00e3o desde os 15 anos em opera\u00e7\u00e3o policial com pol\u00edcias baleados - Portal Tela Portugal<\/title>\n<meta name=\"robots\" content=\"index, follow, max-snippet:-1, max-image-preview:large, max-video-preview:-1\" \/>\n<meta property=\"og:locale\" content=\"pt_PT\" \/>\n<meta property=\"og:type\" content=\"article\" \/>\n<meta property=\"og:title\" content=\"Jovem ligada a prostitui\u00e7\u00e3o desde os 15 anos em opera\u00e7\u00e3o policial com pol\u00edcias baleados - Portal Tela Portugal\" \/>\n<meta property=\"og:description\" content=\"A Pol\u00edcia Judici\u00e1ria de Braga realizou uma opera\u00e7\u00e3o em Paredes com dez buscas domicili\u00e1rias, ligada ao caso de uma v\u00edtima menor de idade que se prostitu\u00eda h\u00e1 v\u00e1rios anos. O alvo da opera\u00e7\u00e3o foi um homem de 43 anos, residente em Duas Igrejas, um dos dez principais clientes, que poder\u00e1 responder por dois crimes de tentativa de homic\u00eddio, resist\u00eancia e coa\u00e7\u00e3o contra os inspetores. S\u00e3o investigados crimes de pornografia e explora\u00e7\u00e3o sexual de menores, envolvendo, pelo menos, uma v\u00edtima que ter\u00e1 oferecido servi\u00e7os sexuais pela internet a um universo de centenas de clientes. Entre os suspeitos h\u00e1 tr\u00eas professores, incluindo algu\u00e9m que era professor da v\u00edtima em Vila Nova de Famalic\u00e3o; pelo menos mais dois suspeitos exercem a mesma profiss\u00e3o; um deles seria o homem-alvo das buscas. A v\u00edtima s\u00f3 confirmou, numa fase posterior, ter sido violada por v\u00e1rios homens, ap\u00f3s inicialmente n\u00e3o colaborar com a investiga\u00e7\u00e3o.\" \/>\n<meta property=\"og:url\" content=\"https:\/\/portaltela.pt\/noticias\/2026\/02\/10\/jovem-ligada-a-prostituicao-desde-os-15-anos-em-operacao-policial-com-policias-baleados\/\" \/>\n<meta property=\"og:site_name\" content=\"Portal Tela Portugal\" \/>\n<meta property=\"article:published_time\" content=\"2026-02-10T18:27:00+00:00\" \/>\n<meta name=\"author\" content=\"Telinha\" \/>\n<meta name=\"twitter:card\" content=\"summary_large_image\" \/>\n<meta name=\"twitter:label1\" content=\"Escrito por\" \/>\n\t<meta name=\"twitter:data1\" content=\"Telinha\" \/>\n\t<meta name=\"twitter:label2\" content=\"Tempo estimado de leitura\" \/>\n\t<meta name=\"twitter:data2\" content=\"1 minuto\" \/>\n<script type=\"application\/ld+json\" class=\"yoast-schema-graph\">{\"@context\":\"https:\/\/schema.org\",\"@graph\":[{\"@type\":\"Article\",\"@id\":\"https:\/\/portaltela.pt\/noticias\/2026\/02\/10\/jovem-ligada-a-prostituicao-desde-os-15-anos-em-operacao-policial-com-policias-baleados\/#article\",\"isPartOf\":{\"@id\":\"https:\/\/portaltela.pt\/noticias\/2026\/02\/10\/jovem-ligada-a-prostituicao-desde-os-15-anos-em-operacao-policial-com-policias-baleados\/\"},\"author\":{\"name\":\"Telinha\",\"@id\":\"https:\/\/portaltela.pt\/#\/schema\/person\/c4278d4a6028830caff9ee44b42d32ed\"},\"headline\":\"Jovem ligada a prostitui\u00e7\u00e3o desde os 15 anos em opera\u00e7\u00e3o policial com pol\u00edcias baleados\",\"datePublished\":\"2026-02-10T18:27:00+00:00\",\"mainEntityOfPage\":{\"@id\":\"https:\/\/portaltela.pt\/noticias\/2026\/02\/10\/jovem-ligada-a-prostituicao-desde-os-15-anos-em-operacao-policial-com-policias-baleados\/\"},\"wordCount\":312,\"image\":{\"@id\":\"https:\/\/portaltela.pt\/noticias\/2026\/02\/10\/jovem-ligada-a-prostituicao-desde-os-15-anos-em-operacao-policial-com-policias-baleados\/#primaryimage\"},\"thumbnailUrl\":\"https:\/\/portaltela.pt\/s.01k8rhncp4jt1\/2026\/02\/image-809.jpg\",\"keywords\":[\"Braga\",\"explora\u00e7\u00e3o de menores dependente ou em situa\u00e7\u00e3o vulner\u00e1vel\",\"Paredes\",\"Pol\u00edcia Judici\u00e1ria\",\"pornografia de menores\",\"professores\"],\"articleSection\":[\"Not\u00edcias\"],\"inLanguage\":\"pt-PT\"},{\"@type\":\"WebPage\",\"@id\":\"https:\/\/portaltela.pt\/noticias\/2026\/02\/10\/jovem-ligada-a-prostituicao-desde-os-15-anos-em-operacao-policial-com-policias-baleados\/\",\"url\":\"https:\/\/portaltela.pt\/noticias\/2026\/02\/10\/jovem-ligada-a-prostituicao-desde-os-15-anos-em-operacao-policial-com-policias-baleados\/\",\"name\":\"Jovem ligada a prostitui\u00e7\u00e3o desde os 15 anos em opera\u00e7\u00e3o policial com pol\u00edcias baleados - Portal Tela Portugal\",\"isPartOf\":{\"@id\":\"https:\/\/portaltela.pt\/#website\"},\"primaryImageOfPage\":{\"@id\":\"https:\/\/portaltela.pt\/noticias\/2026\/02\/10\/jovem-ligada-a-prostituicao-desde-os-15-anos-em-operacao-policial-com-policias-baleados\/#primaryimage\"},\"image\":{\"@id\":\"https:\/\/portaltela.pt\/noticias\/2026\/02\/10\/jovem-ligada-a-prostituicao-desde-os-15-anos-em-operacao-policial-com-policias-baleados\/#primaryimage\"},\"thumbnailUrl\":\"https:\/\/portaltela.pt\/s.01k8rhncp4jt1\/2026\/02\/image-809.jpg\",\"datePublished\":\"2026-02-10T18:27:00+00:00\",\"author\":{\"@id\":\"https:\/\/portaltela.pt\/#\/schema\/person\/c4278d4a6028830caff9ee44b42d32ed\"},\"breadcrumb\":{\"@id\":\"https:\/\/portaltela.pt\/noticias\/2026\/02\/10\/jovem-ligada-a-prostituicao-desde-os-15-anos-em-operacao-policial-com-policias-baleados\/#breadcrumb\"},\"inLanguage\":\"pt-PT\",\"potentialAction\":[{\"@type\":\"ReadAction\",\"target\":[\"https:\/\/portaltela.pt\/noticias\/2026\/02\/10\/jovem-ligada-a-prostituicao-desde-os-15-anos-em-operacao-policial-com-policias-baleados\/\"]}]},{\"@type\":\"ImageObject\",\"inLanguage\":\"pt-PT\",\"@id\":\"https:\/\/portaltela.pt\/noticias\/2026\/02\/10\/jovem-ligada-a-prostituicao-desde-os-15-anos-em-operacao-policial-com-policias-baleados\/#primaryimage\",\"url\":\"https:\/\/portaltela.pt\/s.01k8rhncp4jt1\/2026\/02\/image-809.jpg\",\"contentUrl\":\"https:\/\/portaltela.pt\/s.01k8rhncp4jt1\/2026\/02\/image-809.jpg\",\"width\":796,\"height\":448,\"caption\":\"Casa onde os inspetores da PJ foram alvejados, em Duas Igrejas\"},{\"@type\":\"BreadcrumbList\",\"@id\":\"https:\/\/portaltela.pt\/noticias\/2026\/02\/10\/jovem-ligada-a-prostituicao-desde-os-15-anos-em-operacao-policial-com-policias-baleados\/#breadcrumb\",\"itemListElement\":[{\"@type\":\"ListItem\",\"position\":1,\"name\":\"In\u00edcio\",\"item\":\"https:\/\/portaltela.pt\/\"},{\"@type\":\"ListItem\",\"position\":2,\"name\":\"Jovem ligada a prostitui\u00e7\u00e3o desde os 15 anos em opera\u00e7\u00e3o policial com pol\u00edcias baleados\"}]},{\"@type\":\"WebSite\",\"@id\":\"https:\/\/portaltela.pt\/#website\",\"url\":\"https:\/\/portaltela.pt\/\",\"name\":\"Portal Tela Portugal\",\"description\":\"\",\"potentialAction\":[{\"@type\":\"SearchAction\",\"target\":{\"@type\":\"EntryPoint\",\"urlTemplate\":\"https:\/\/portaltela.pt\/?s={search_term_string}\"},\"query-input\":{\"@type\":\"PropertyValueSpecification\",\"valueRequired\":true,\"valueName\":\"search_term_string\"}}],\"inLanguage\":\"pt-PT\"},{\"@type\":\"Person\",\"@id\":\"https:\/\/portaltela.pt\/#\/schema\/person\/c4278d4a6028830caff9ee44b42d32ed\",\"name\":\"Telinha\",\"image\":{\"@type\":\"ImageObject\",\"inLanguage\":\"pt-PT\",\"@id\":\"https:\/\/portaltela.pt\/s.01k8rhncp4jt1\/2025\/11\/talking-bot-125x125.png\",\"url\":\"https:\/\/portaltela.pt\/s.01k8rhncp4jt1\/2025\/11\/talking-bot-125x125.png\",\"contentUrl\":\"https:\/\/portaltela.pt\/s.01k8rhncp4jt1\/2025\/11\/talking-bot-125x125.png\",\"caption\":\"Telinha\"},\"sameAs\":[\"https:\/\/portaltela.pt\/\"],\"url\":\"https:\/\/portaltela.pt\/por\/367410592786\/\"}]}<\/script>\n<!-- \/ Yoast SEO plugin. -->","yoast_head_json":{"title":"Jovem ligada a prostitui\u00e7\u00e3o desde os 15 anos em opera\u00e7\u00e3o policial com pol\u00edcias baleados - Portal Tela Portugal","robots":{"index":"index","follow":"follow","max-snippet":"max-snippet:-1","max-image-preview":"max-image-preview:large","max-video-preview":"max-video-preview:-1"},"og_locale":"pt_PT","og_type":"article","og_title":"Jovem ligada a prostitui\u00e7\u00e3o desde os 15 anos em opera\u00e7\u00e3o policial com pol\u00edcias baleados - Portal Tela Portugal","og_description":"A Pol\u00edcia Judici\u00e1ria de Braga realizou uma opera\u00e7\u00e3o em Paredes com dez buscas domicili\u00e1rias, ligada ao caso de uma v\u00edtima menor de idade que se prostitu\u00eda h\u00e1 v\u00e1rios anos. O alvo da opera\u00e7\u00e3o foi um homem de 43 anos, residente em Duas Igrejas, um dos dez principais clientes, que poder\u00e1 responder por dois crimes de tentativa de homic\u00eddio, resist\u00eancia e coa\u00e7\u00e3o contra os inspetores. S\u00e3o investigados crimes de pornografia e explora\u00e7\u00e3o sexual de menores, envolvendo, pelo menos, uma v\u00edtima que ter\u00e1 oferecido servi\u00e7os sexuais pela internet a um universo de centenas de clientes. Entre os suspeitos h\u00e1 tr\u00eas professores, incluindo algu\u00e9m que era professor da v\u00edtima em Vila Nova de Famalic\u00e3o; pelo menos mais dois suspeitos exercem a mesma profiss\u00e3o; um deles seria o homem-alvo das buscas. A v\u00edtima s\u00f3 confirmou, numa fase posterior, ter sido violada por v\u00e1rios homens, ap\u00f3s inicialmente n\u00e3o colaborar com a investiga\u00e7\u00e3o.","og_url":"https:\/\/portaltela.pt\/noticias\/2026\/02\/10\/jovem-ligada-a-prostituicao-desde-os-15-anos-em-operacao-policial-com-policias-baleados\/","og_site_name":"Portal Tela Portugal","article_published_time":"2026-02-10T18:27:00+00:00","author":"Telinha","twitter_card":"summary_large_image","twitter_misc":{"Escrito por":"Telinha","Tempo estimado de leitura":"1 minuto"},"schema":{"@context":"https:\/\/schema.org","@graph":[{"@type":"Article","@id":"https:\/\/portaltela.pt\/noticias\/2026\/02\/10\/jovem-ligada-a-prostituicao-desde-os-15-anos-em-operacao-policial-com-policias-baleados\/#article","isPartOf":{"@id":"https:\/\/portaltela.pt\/noticias\/2026\/02\/10\/jovem-ligada-a-prostituicao-desde-os-15-anos-em-operacao-policial-com-policias-baleados\/"},"author":{"name":"Telinha","@id":"https:\/\/portaltela.pt\/#\/schema\/person\/c4278d4a6028830caff9ee44b42d32ed"},"headline":"Jovem ligada a prostitui\u00e7\u00e3o desde os 15 anos em opera\u00e7\u00e3o policial com pol\u00edcias baleados","datePublished":"2026-02-10T18:27:00+00:00","mainEntityOfPage":{"@id":"https:\/\/portaltela.pt\/noticias\/2026\/02\/10\/jovem-ligada-a-prostituicao-desde-os-15-anos-em-operacao-policial-com-policias-baleados\/"},"wordCount":312,"image":{"@id":"https:\/\/portaltela.pt\/noticias\/2026\/02\/10\/jovem-ligada-a-prostituicao-desde-os-15-anos-em-operacao-policial-com-policias-baleados\/#primaryimage"},"thumbnailUrl":"https:\/\/portaltela.pt\/s.01k8rhncp4jt1\/2026\/02\/image-809.jpg","keywords":["Braga","explora\u00e7\u00e3o de menores dependente ou em situa\u00e7\u00e3o vulner\u00e1vel","Paredes","Pol\u00edcia Judici\u00e1ria","pornografia de menores","professores"],"articleSection":["Not\u00edcias"],"inLanguage":"pt-PT"},{"@type":"WebPage","@id":"https:\/\/portaltela.pt\/noticias\/2026\/02\/10\/jovem-ligada-a-prostituicao-desde-os-15-anos-em-operacao-policial-com-policias-baleados\/","url":"https:\/\/portaltela.pt\/noticias\/2026\/02\/10\/jovem-ligada-a-prostituicao-desde-os-15-anos-em-operacao-policial-com-policias-baleados\/","name":"Jovem ligada a prostitui\u00e7\u00e3o desde os 15 anos em opera\u00e7\u00e3o policial com pol\u00edcias baleados - Portal Tela Portugal","isPartOf":{"@id":"https:\/\/portaltela.pt\/#website"},"primaryImageOfPage":{"@id":"https:\/\/portaltela.pt\/noticias\/2026\/02\/10\/jovem-ligada-a-prostituicao-desde-os-15-anos-em-operacao-policial-com-policias-baleados\/#primaryimage"},"image":{"@id":"https:\/\/portaltela.pt\/noticias\/2026\/02\/10\/jovem-ligada-a-prostituicao-desde-os-15-anos-em-operacao-policial-com-policias-baleados\/#primaryimage"},"thumbnailUrl":"https:\/\/portaltela.pt\/s.01k8rhncp4jt1\/2026\/02\/image-809.jpg","datePublished":"2026-02-10T18:27:00+00:00","author":{"@id":"https:\/\/portaltela.pt\/#\/schema\/person\/c4278d4a6028830caff9ee44b42d32ed"},"breadcrumb":{"@id":"https:\/\/portaltela.pt\/noticias\/2026\/02\/10\/jovem-ligada-a-prostituicao-desde-os-15-anos-em-operacao-policial-com-policias-baleados\/#breadcrumb"},"inLanguage":"pt-PT","potentialAction":[{"@type":"ReadAction","target":["https:\/\/portaltela.pt\/noticias\/2026\/02\/10\/jovem-ligada-a-prostituicao-desde-os-15-anos-em-operacao-policial-com-policias-baleados\/"]}]},{"@type":"ImageObject","inLanguage":"pt-PT","@id":"https:\/\/portaltela.pt\/noticias\/2026\/02\/10\/jovem-ligada-a-prostituicao-desde-os-15-anos-em-operacao-policial-com-policias-baleados\/#primaryimage","url":"https:\/\/portaltela.pt\/s.01k8rhncp4jt1\/2026\/02\/image-809.jpg","contentUrl":"https:\/\/portaltela.pt\/s.01k8rhncp4jt1\/2026\/02\/image-809.jpg","width":796,"height":448,"caption":"Casa onde os inspetores da PJ foram alvejados, em Duas Igrejas"},{"@type":"BreadcrumbList","@id":"https:\/\/portaltela.pt\/noticias\/2026\/02\/10\/jovem-ligada-a-prostituicao-desde-os-15-anos-em-operacao-policial-com-policias-baleados\/#breadcrumb","itemListElement":[{"@type":"ListItem","position":1,"name":"In\u00edcio","item":"https:\/\/portaltela.pt\/"},{"@type":"ListItem","position":2,"name":"Jovem ligada a prostitui\u00e7\u00e3o desde os 15 anos em opera\u00e7\u00e3o policial com pol\u00edcias baleados"}]},{"@type":"WebSite","@id":"https:\/\/portaltela.pt\/#website","url":"https:\/\/portaltela.pt\/","name":"Portal Tela Portugal","description":"","potentialAction":[{"@type":"SearchAction","target":{"@type":"EntryPoint","urlTemplate":"https:\/\/portaltela.pt\/?s={search_term_string}"},"query-input":{"@type":"PropertyValueSpecification","valueRequired":true,"valueName":"search_term_string"}}],"inLanguage":"pt-PT"},{"@type":"Person","@id":"https:\/\/portaltela.pt\/#\/schema\/person\/c4278d4a6028830caff9ee44b42d32ed","name":"Telinha","image":{"@type":"ImageObject","inLanguage":"pt-PT","@id":"https:\/\/portaltela.pt\/s.01k8rhncp4jt1\/2025\/11\/talking-bot-125x125.png","url":"https:\/\/portaltela.pt\/s.01k8rhncp4jt1\/2025\/11\/talking-bot-125x125.png","contentUrl":"https:\/\/portaltela.pt\/s.01k8rhncp4jt1\/2025\/11\/talking-bot-125x125.png","caption":"Telinha"},"sameAs":["https:\/\/portaltela.pt\/"],"url":"https:\/\/portaltela.pt\/por\/367410592786\/"}]}},"_links":{"self":[{"href":"https:\/\/portaltela.pt\/api\/wp\/v2\/posts\/207209","targetHints":{"allow":["GET"]}}],"collection":[{"href":"https:\/\/portaltela.pt\/api\/wp\/v2\/posts"}],"about":[{"href":"https:\/\/portaltela.pt\/api\/wp\/v2\/types\/post"}],"author":[{"embeddable":true,"href":"https:\/\/portaltela.pt\/api\/wp\/v2\/users\/2"}],"replies":[{"embeddable":true,"href":"https:\/\/portaltela.pt\/api\/wp\/v2\/comments?post=207209"}],"version-history":[{"count":0,"href":"https:\/\/portaltela.pt\/api\/wp\/v2\/posts\/207209\/revisions"}],"wp:featuredmedia":[{"embeddable":true,"href":"https:\/\/portaltela.pt\/api\/wp\/v2\/media\/207212"}],"wp:attachment":[{"href":"https:\/\/portaltela.pt\/api\/wp\/v2\/media?parent=207209"}],"wp:term":[{"taxonomy":"category","embeddable":true,"href":"https:\/\/portaltela.pt\/api\/wp\/v2\/categories?post=207209"},{"taxonomy":"post_tag","embeddable":true,"href":"https:\/\/portaltela.pt\/api\/wp\/v2\/tags?post=207209"}],"curies":[{"name":"wp","href":"https:\/\/api.w.org\/{rel}","templated":true}]}}