{"id":207135,"date":"2026-02-10T14:52:00","date_gmt":"2026-02-10T17:52:00","guid":{"rendered":"https:\/\/portaltela.pt\/noticias\/2026\/02\/10\/cabo-verde-rejeita-alegacoes-falsas-sobre-surto-de-infecoes-gastrointestinais\/"},"modified":"2026-02-10T14:52:00","modified_gmt":"2026-02-10T17:52:00","slug":"cabo-verde-rejeita-alegacoes-falsas-sobre-surto-de-infecoes-gastrointestinais","status":"publish","type":"post","link":"https:\/\/portaltela.pt\/noticias\/internacional\/2026\/02\/10\/cabo-verde-rejeita-alegacoes-falsas-sobre-surto-de-infecoes-gastrointestinais\/","title":{"rendered":"Cabo Verde rejeita alega\u00e7\u00f5es falsas sobre surto de infe\u00e7\u00f5es gastrointestinais"},"content":{"rendered":"<p>Cabo Verde repudiou e classificou como falsas as alega\u00e7\u00f5es que circulam h\u00e1 dez dias, originadas em \u00f3rg\u00e3os de comunica\u00e7\u00e3o do Reino Unido, sobre um surto de infe\u00e7\u00f5es gastrointestinais que supostamente afetou turistas brit\u00e2nicos no arquip\u00e9lago. A not\u00edcia vem a p\u00fablico por meio de declara\u00e7\u00f5es oficiais no pa\u00eds.<\/p>\n<p>O Governo cabo-verdiano informou que n\u00e3o h\u00e1 confirma\u00e7\u00e3o de qualquer surto ou incid\u00eancia relevante entre visitantes brit\u00e2nicos. Autoridades nacionais asseguram acompanhar a situa\u00e7\u00e3o junto das entidades competentes, sem registar dados que corroborem as informa\u00e7\u00f5es veiculadas.<\/p>\n<p>As informa\u00e7\u00f5es n\u00e3o verificadas teriam come\u00e7ado a circular h\u00e1 cerca de dez dias na imprensa brit\u00e2nica, mas Cabo Verde mant\u00e9m que as informa\u00e7\u00f5es divulgadas n\u00e3o correspondem \u00e0 realidade. O pa\u00eds refor\u00e7a o compromisso com a transpar\u00eancia e o rigor na comunica\u00e7\u00e3o institucional.<\/p>\n","protected":false},"excerpt":{"rendered":"<ul>\n<li>Cabo Verde repudiou as alega\u00e7\u00f5es, classificando-as como falsas, sobre um suposto surto de infe\u00e7\u00f5es gastrointestinais.<\/li>\n<li>As informa\u00e7\u00f5es teriam circulado h\u00e1 dez dias, iniciando-se em meios de comunica\u00e7\u00e3o do Reino Unido.<\/li>\n<li>A not\u00edcia descrevia turistas brit\u00e2nicos que estiveram no arquip\u00e9lago como potenciais afetados.<\/li>\n<li>O governo cabo-verdiano mant\u00e9m a postura de que n\u00e3o existem casos confirmados ou dados que corroborem o surto.<\/li>\n<\/ul>\n","protected":false},"author":2,"featured_media":0,"comment_status":"closed","ping_status":"closed","sticky":false,"template":"","format":"standard","meta":{"footnotes":""},"categories":[4,1],"tags":[2329,1469,506,3166,271,169],"class_list":["post-207135","post","type-post","status-publish","format-standard","hentry","category-internacional","category-noticias","tag-cabo-verde","tag-desinformacao","tag-imprensa","tag-infecao","tag-saude-publica","tag-turismo"],"yoast_head":"<!-- This site is optimized with the Yoast SEO plugin v27.2 - https:\/\/yoast.com\/product\/yoast-seo-wordpress\/ -->\n<title>Cabo Verde rejeita alega\u00e7\u00f5es falsas sobre surto de infe\u00e7\u00f5es gastrointestinais - Portal Tela Portugal<\/title>\n<meta name=\"robots\" content=\"index, follow, max-snippet:-1, max-image-preview:large, max-video-preview:-1\" \/>\n<meta property=\"og:locale\" content=\"pt_PT\" \/>\n<meta property=\"og:type\" content=\"article\" \/>\n<meta property=\"og:title\" content=\"Cabo Verde rejeita alega\u00e7\u00f5es falsas sobre surto de infe\u00e7\u00f5es gastrointestinais - Portal Tela Portugal\" \/>\n<meta property=\"og:description\" content=\"Cabo Verde repudiou as alega\u00e7\u00f5es, classificando-as como falsas, sobre um suposto surto de infe\u00e7\u00f5es gastrointestinais. As informa\u00e7\u00f5es teriam circulado h\u00e1 dez dias, iniciando-se em meios de comunica\u00e7\u00e3o do Reino Unido. A not\u00edcia descrevia turistas brit\u00e2nicos que estiveram no arquip\u00e9lago como potenciais afetados. O governo cabo-verdiano mant\u00e9m a postura de que n\u00e3o existem casos confirmados ou dados que corroborem o surto.\" \/>\n<meta property=\"og:url\" content=\"https:\/\/portaltela.pt\/noticias\/2026\/02\/10\/cabo-verde-rejeita-alegacoes-falsas-sobre-surto-de-infecoes-gastrointestinais\/\" \/>\n<meta property=\"og:site_name\" content=\"Portal Tela Portugal\" \/>\n<meta property=\"article:published_time\" content=\"2026-02-10T17:52:00+00:00\" \/>\n<meta name=\"author\" content=\"Telinha\" \/>\n<meta name=\"twitter:card\" content=\"summary_large_image\" \/>\n<meta name=\"twitter:label1\" content=\"Escrito por\" \/>\n\t<meta name=\"twitter:data1\" content=\"Telinha\" \/>\n\t<meta name=\"twitter:label2\" content=\"Tempo estimado de leitura\" \/>\n\t<meta name=\"twitter:data2\" content=\"1 minuto\" \/>\n<script type=\"application\/ld+json\" class=\"yoast-schema-graph\">{\"@context\":\"https:\/\/schema.org\",\"@graph\":[{\"@type\":\"Article\",\"@id\":\"https:\/\/portaltela.pt\/noticias\/2026\/02\/10\/cabo-verde-rejeita-alegacoes-falsas-sobre-surto-de-infecoes-gastrointestinais\/#article\",\"isPartOf\":{\"@id\":\"https:\/\/portaltela.pt\/noticias\/2026\/02\/10\/cabo-verde-rejeita-alegacoes-falsas-sobre-surto-de-infecoes-gastrointestinais\/\"},\"author\":{\"name\":\"Telinha\",\"@id\":\"https:\/\/portaltela.pt\/#\/schema\/person\/c4278d4a6028830caff9ee44b42d32ed\"},\"headline\":\"Cabo Verde rejeita alega\u00e7\u00f5es falsas sobre surto de infe\u00e7\u00f5es gastrointestinais\",\"datePublished\":\"2026-02-10T17:52:00+00:00\",\"mainEntityOfPage\":{\"@id\":\"https:\/\/portaltela.pt\/noticias\/2026\/02\/10\/cabo-verde-rejeita-alegacoes-falsas-sobre-surto-de-infecoes-gastrointestinais\/\"},\"wordCount\":162,\"keywords\":[\"Cabo Verde\",\"desinforma\u00e7\u00e3o\",\"imprensa\",\"infe\u00e7\u00e3o\",\"sa\u00fade p\u00fablica\",\"turismo\"],\"articleSection\":[\"Internacional\",\"Not\u00edcias\"],\"inLanguage\":\"pt-PT\"},{\"@type\":\"WebPage\",\"@id\":\"https:\/\/portaltela.pt\/noticias\/2026\/02\/10\/cabo-verde-rejeita-alegacoes-falsas-sobre-surto-de-infecoes-gastrointestinais\/\",\"url\":\"https:\/\/portaltela.pt\/noticias\/2026\/02\/10\/cabo-verde-rejeita-alegacoes-falsas-sobre-surto-de-infecoes-gastrointestinais\/\",\"name\":\"Cabo Verde rejeita alega\u00e7\u00f5es falsas sobre surto de infe\u00e7\u00f5es gastrointestinais - Portal Tela Portugal\",\"isPartOf\":{\"@id\":\"https:\/\/portaltela.pt\/#website\"},\"datePublished\":\"2026-02-10T17:52:00+00:00\",\"author\":{\"@id\":\"https:\/\/portaltela.pt\/#\/schema\/person\/c4278d4a6028830caff9ee44b42d32ed\"},\"breadcrumb\":{\"@id\":\"https:\/\/portaltela.pt\/noticias\/2026\/02\/10\/cabo-verde-rejeita-alegacoes-falsas-sobre-surto-de-infecoes-gastrointestinais\/#breadcrumb\"},\"inLanguage\":\"pt-PT\",\"potentialAction\":[{\"@type\":\"ReadAction\",\"target\":[\"https:\/\/portaltela.pt\/noticias\/2026\/02\/10\/cabo-verde-rejeita-alegacoes-falsas-sobre-surto-de-infecoes-gastrointestinais\/\"]}]},{\"@type\":\"BreadcrumbList\",\"@id\":\"https:\/\/portaltela.pt\/noticias\/2026\/02\/10\/cabo-verde-rejeita-alegacoes-falsas-sobre-surto-de-infecoes-gastrointestinais\/#breadcrumb\",\"itemListElement\":[{\"@type\":\"ListItem\",\"position\":1,\"name\":\"In\u00edcio\",\"item\":\"https:\/\/portaltela.pt\/\"},{\"@type\":\"ListItem\",\"position\":2,\"name\":\"Cabo Verde rejeita alega\u00e7\u00f5es falsas sobre surto de infe\u00e7\u00f5es gastrointestinais\"}]},{\"@type\":\"WebSite\",\"@id\":\"https:\/\/portaltela.pt\/#website\",\"url\":\"https:\/\/portaltela.pt\/\",\"name\":\"Portal Tela Portugal\",\"description\":\"\",\"potentialAction\":[{\"@type\":\"SearchAction\",\"target\":{\"@type\":\"EntryPoint\",\"urlTemplate\":\"https:\/\/portaltela.pt\/?s={search_term_string}\"},\"query-input\":{\"@type\":\"PropertyValueSpecification\",\"valueRequired\":true,\"valueName\":\"search_term_string\"}}],\"inLanguage\":\"pt-PT\"},{\"@type\":\"Person\",\"@id\":\"https:\/\/portaltela.pt\/#\/schema\/person\/c4278d4a6028830caff9ee44b42d32ed\",\"name\":\"Telinha\",\"image\":{\"@type\":\"ImageObject\",\"inLanguage\":\"pt-PT\",\"@id\":\"https:\/\/portaltela.pt\/s.01k8rhncp4jt1\/2025\/11\/talking-bot-125x125.png\",\"url\":\"https:\/\/portaltela.pt\/s.01k8rhncp4jt1\/2025\/11\/talking-bot-125x125.png\",\"contentUrl\":\"https:\/\/portaltela.pt\/s.01k8rhncp4jt1\/2025\/11\/talking-bot-125x125.png\",\"caption\":\"Telinha\"},\"sameAs\":[\"https:\/\/portaltela.pt\/\"],\"url\":\"https:\/\/portaltela.pt\/por\/367410592786\/\"}]}<\/script>\n<!-- \/ Yoast SEO plugin. -->","yoast_head_json":{"title":"Cabo Verde rejeita alega\u00e7\u00f5es falsas sobre surto de infe\u00e7\u00f5es gastrointestinais - Portal Tela Portugal","robots":{"index":"index","follow":"follow","max-snippet":"max-snippet:-1","max-image-preview":"max-image-preview:large","max-video-preview":"max-video-preview:-1"},"og_locale":"pt_PT","og_type":"article","og_title":"Cabo Verde rejeita alega\u00e7\u00f5es falsas sobre surto de infe\u00e7\u00f5es gastrointestinais - Portal Tela Portugal","og_description":"Cabo Verde repudiou as alega\u00e7\u00f5es, classificando-as como falsas, sobre um suposto surto de infe\u00e7\u00f5es gastrointestinais. As informa\u00e7\u00f5es teriam circulado h\u00e1 dez dias, iniciando-se em meios de comunica\u00e7\u00e3o do Reino Unido. A not\u00edcia descrevia turistas brit\u00e2nicos que estiveram no arquip\u00e9lago como potenciais afetados. O governo cabo-verdiano mant\u00e9m a postura de que n\u00e3o existem casos confirmados ou dados que corroborem o surto.","og_url":"https:\/\/portaltela.pt\/noticias\/2026\/02\/10\/cabo-verde-rejeita-alegacoes-falsas-sobre-surto-de-infecoes-gastrointestinais\/","og_site_name":"Portal Tela Portugal","article_published_time":"2026-02-10T17:52:00+00:00","author":"Telinha","twitter_card":"summary_large_image","twitter_misc":{"Escrito por":"Telinha","Tempo estimado de leitura":"1 minuto"},"schema":{"@context":"https:\/\/schema.org","@graph":[{"@type":"Article","@id":"https:\/\/portaltela.pt\/noticias\/2026\/02\/10\/cabo-verde-rejeita-alegacoes-falsas-sobre-surto-de-infecoes-gastrointestinais\/#article","isPartOf":{"@id":"https:\/\/portaltela.pt\/noticias\/2026\/02\/10\/cabo-verde-rejeita-alegacoes-falsas-sobre-surto-de-infecoes-gastrointestinais\/"},"author":{"name":"Telinha","@id":"https:\/\/portaltela.pt\/#\/schema\/person\/c4278d4a6028830caff9ee44b42d32ed"},"headline":"Cabo Verde rejeita alega\u00e7\u00f5es falsas sobre surto de infe\u00e7\u00f5es gastrointestinais","datePublished":"2026-02-10T17:52:00+00:00","mainEntityOfPage":{"@id":"https:\/\/portaltela.pt\/noticias\/2026\/02\/10\/cabo-verde-rejeita-alegacoes-falsas-sobre-surto-de-infecoes-gastrointestinais\/"},"wordCount":162,"keywords":["Cabo Verde","desinforma\u00e7\u00e3o","imprensa","infe\u00e7\u00e3o","sa\u00fade p\u00fablica","turismo"],"articleSection":["Internacional","Not\u00edcias"],"inLanguage":"pt-PT"},{"@type":"WebPage","@id":"https:\/\/portaltela.pt\/noticias\/2026\/02\/10\/cabo-verde-rejeita-alegacoes-falsas-sobre-surto-de-infecoes-gastrointestinais\/","url":"https:\/\/portaltela.pt\/noticias\/2026\/02\/10\/cabo-verde-rejeita-alegacoes-falsas-sobre-surto-de-infecoes-gastrointestinais\/","name":"Cabo Verde rejeita alega\u00e7\u00f5es falsas sobre surto de infe\u00e7\u00f5es gastrointestinais - Portal Tela Portugal","isPartOf":{"@id":"https:\/\/portaltela.pt\/#website"},"datePublished":"2026-02-10T17:52:00+00:00","author":{"@id":"https:\/\/portaltela.pt\/#\/schema\/person\/c4278d4a6028830caff9ee44b42d32ed"},"breadcrumb":{"@id":"https:\/\/portaltela.pt\/noticias\/2026\/02\/10\/cabo-verde-rejeita-alegacoes-falsas-sobre-surto-de-infecoes-gastrointestinais\/#breadcrumb"},"inLanguage":"pt-PT","potentialAction":[{"@type":"ReadAction","target":["https:\/\/portaltela.pt\/noticias\/2026\/02\/10\/cabo-verde-rejeita-alegacoes-falsas-sobre-surto-de-infecoes-gastrointestinais\/"]}]},{"@type":"BreadcrumbList","@id":"https:\/\/portaltela.pt\/noticias\/2026\/02\/10\/cabo-verde-rejeita-alegacoes-falsas-sobre-surto-de-infecoes-gastrointestinais\/#breadcrumb","itemListElement":[{"@type":"ListItem","position":1,"name":"In\u00edcio","item":"https:\/\/portaltela.pt\/"},{"@type":"ListItem","position":2,"name":"Cabo Verde rejeita alega\u00e7\u00f5es falsas sobre surto de infe\u00e7\u00f5es gastrointestinais"}]},{"@type":"WebSite","@id":"https:\/\/portaltela.pt\/#website","url":"https:\/\/portaltela.pt\/","name":"Portal Tela Portugal","description":"","potentialAction":[{"@type":"SearchAction","target":{"@type":"EntryPoint","urlTemplate":"https:\/\/portaltela.pt\/?s={search_term_string}"},"query-input":{"@type":"PropertyValueSpecification","valueRequired":true,"valueName":"search_term_string"}}],"inLanguage":"pt-PT"},{"@type":"Person","@id":"https:\/\/portaltela.pt\/#\/schema\/person\/c4278d4a6028830caff9ee44b42d32ed","name":"Telinha","image":{"@type":"ImageObject","inLanguage":"pt-PT","@id":"https:\/\/portaltela.pt\/s.01k8rhncp4jt1\/2025\/11\/talking-bot-125x125.png","url":"https:\/\/portaltela.pt\/s.01k8rhncp4jt1\/2025\/11\/talking-bot-125x125.png","contentUrl":"https:\/\/portaltela.pt\/s.01k8rhncp4jt1\/2025\/11\/talking-bot-125x125.png","caption":"Telinha"},"sameAs":["https:\/\/portaltela.pt\/"],"url":"https:\/\/portaltela.pt\/por\/367410592786\/"}]}},"_links":{"self":[{"href":"https:\/\/portaltela.pt\/api\/wp\/v2\/posts\/207135","targetHints":{"allow":["GET"]}}],"collection":[{"href":"https:\/\/portaltela.pt\/api\/wp\/v2\/posts"}],"about":[{"href":"https:\/\/portaltela.pt\/api\/wp\/v2\/types\/post"}],"author":[{"embeddable":true,"href":"https:\/\/portaltela.pt\/api\/wp\/v2\/users\/2"}],"replies":[{"embeddable":true,"href":"https:\/\/portaltela.pt\/api\/wp\/v2\/comments?post=207135"}],"version-history":[{"count":0,"href":"https:\/\/portaltela.pt\/api\/wp\/v2\/posts\/207135\/revisions"}],"wp:attachment":[{"href":"https:\/\/portaltela.pt\/api\/wp\/v2\/media?parent=207135"}],"wp:term":[{"taxonomy":"category","embeddable":true,"href":"https:\/\/portaltela.pt\/api\/wp\/v2\/categories?post=207135"},{"taxonomy":"post_tag","embeddable":true,"href":"https:\/\/portaltela.pt\/api\/wp\/v2\/tags?post=207135"}],"curies":[{"name":"wp","href":"https:\/\/api.w.org\/{rel}","templated":true}]}}