{"id":207114,"date":"2026-02-10T14:36:59","date_gmt":"2026-02-10T17:36:59","guid":{"rendered":"https:\/\/portaltela.pt\/noticias\/2026\/02\/10\/financas-panorama-economico-e-indicadores-chave\/"},"modified":"2026-02-10T14:36:59","modified_gmt":"2026-02-10T17:36:59","slug":"financas-panorama-economico-e-indicadores-chave","status":"publish","type":"post","link":"https:\/\/portaltela.pt\/noticias\/economia\/2026\/02\/10\/financas-panorama-economico-e-indicadores-chave\/","title":{"rendered":"Finan\u00e7as: panorama econ\u00f3mico e indicadores-chave"},"content":{"rendered":"<p>O Banco do Vaticano anunciou a cria\u00e7\u00e3o de \u00edndices bolsistas baseados em princ\u00edpios cat\u00f3licos, com lan\u00e7amento previsto para fevereiro de 2026 na Cidade do Vaticano. O objetivo \u00e9 oferecer op\u00e7\u00f5es de investimento que reflitam valores \u00e9ticos e a doctrine social da Igreja. A iniciativa chega em um momento de maior interesse p\u00fablico por finan\u00e7as respons\u00e1veis e alinhadas com princ\u00edpios morais.<\/p>\n<p>Os \u00edndices devem selecionar empresas que cumpram crit\u00e9rios \u00e9ticos definidos pela institui\u00e7\u00e3o, incluindo respeito aos direitos humanos, responsabilidade ambiental e transpar\u00eancia corporativa. A metodologia envolve filtragem de setores considerados incompat\u00edveis com a doutrina cat\u00f3lica, bem como avalia\u00e7\u00e3o de pr\u00e1ticas de governan\u00e7a e conformidade regulat\u00f3ria. O banco planeia acompanhamento cont\u00ednuo e revis\u00f5es peri\u00f3dicas dos componentes.<\/p>\n<h3>Estrutura e impacto<\/h3>\n<p>O lan\u00e7amento visa atrair investidores institucionais e individuais que buscam op\u00e7\u00f5es com alinhamento \u00e9tico, sem abrir m\u00e3o da diversifica\u00e7\u00e3o. Especialistas destacam que a iniciativa pode impulsionar padr\u00f5es de governan\u00e7a entre empresas cotadas, ao exigir maior responsabilidade social. O banco n\u00e3o indicou a lista de setores contemplados, nem os crit\u00e9rios de pondera\u00e7\u00e3o, mantendo a comunica\u00e7\u00e3o centrada na \u00e9tica como eixo central.<\/p>\n","protected":false},"excerpt":{"rendered":"<ul>\n<li>O Banco do Vaticano anunciou o lan\u00e7amento de \u00edndices bolsistas baseados em princ\u00edpios cat\u00f3licos.<\/li>\n<li>Nadia Calvi\u00f1o pediu aos l\u00edderes da UE que avancem com a Uni\u00e3o da Poupan\u00e7a e dos Investimentos.<\/li>\n<li>Um estudo indica que mulheres na tecnologia e nas finan\u00e7as s\u00e3o mais vulner\u00e1veis a cortes com IA.<\/li>\n<li>Donald Trump processa o maior banco dos EUA num processo de cinco mil milh\u00f5es de d\u00f3lares.<\/li>\n<li>Questiona-se o impacto da ades\u00e3o \u00e0 zone euro para a economia da Bulg\u00e1ria.<\/li>\n<\/ul>\n","protected":false},"author":2,"featured_media":207115,"comment_status":"closed","ping_status":"closed","sticky":false,"template":"","format":"standard","meta":{"footnotes":""},"categories":[2,1],"tags":[2633,5328,2584,1274,316,811],"class_list":["post-207114","post","type-post","status-publish","format-standard","has-post-thumbnail","hentry","category-economia","category-noticias","tag-direitos-humanos","tag-economia-sustentavel","tag-financas","tag-governanca","tag-investimento","tag-protecao-ambiental"],"yoast_head":"<!-- This site is optimized with the Yoast SEO plugin v27.2 - https:\/\/yoast.com\/product\/yoast-seo-wordpress\/ -->\n<title>Finan\u00e7as: panorama econ\u00f3mico e indicadores-chave - Portal Tela Portugal<\/title>\n<meta name=\"robots\" content=\"index, follow, max-snippet:-1, max-image-preview:large, max-video-preview:-1\" \/>\n<meta property=\"og:locale\" content=\"pt_PT\" \/>\n<meta property=\"og:type\" content=\"article\" \/>\n<meta property=\"og:title\" content=\"Finan\u00e7as: panorama econ\u00f3mico e indicadores-chave - Portal Tela Portugal\" \/>\n<meta property=\"og:description\" content=\"O Banco do Vaticano anunciou o lan\u00e7amento de \u00edndices bolsistas baseados em princ\u00edpios cat\u00f3licos. Nadia Calvi\u00f1o pediu aos l\u00edderes da UE que avancem com a Uni\u00e3o da Poupan\u00e7a e dos Investimentos. Um estudo indica que mulheres na tecnologia e nas finan\u00e7as s\u00e3o mais vulner\u00e1veis a cortes com IA. Donald Trump processa o maior banco dos EUA num processo de cinco mil milh\u00f5es de d\u00f3lares. Questiona-se o impacto da ades\u00e3o \u00e0 zone euro para a economia da Bulg\u00e1ria.\" \/>\n<meta property=\"og:url\" content=\"https:\/\/portaltela.pt\/noticias\/2026\/02\/10\/financas-panorama-economico-e-indicadores-chave\/\" \/>\n<meta property=\"og:site_name\" content=\"Portal Tela Portugal\" \/>\n<meta property=\"article:published_time\" content=\"2026-02-10T17:36:59+00:00\" \/>\n<meta name=\"author\" content=\"Telinha\" \/>\n<meta name=\"twitter:card\" content=\"summary_large_image\" \/>\n<meta name=\"twitter:label1\" content=\"Escrito por\" \/>\n\t<meta name=\"twitter:data1\" content=\"Telinha\" \/>\n\t<meta name=\"twitter:label2\" content=\"Tempo estimado de leitura\" \/>\n\t<meta name=\"twitter:data2\" content=\"1 minuto\" \/>\n<script type=\"application\/ld+json\" class=\"yoast-schema-graph\">{\"@context\":\"https:\/\/schema.org\",\"@graph\":[{\"@type\":\"Article\",\"@id\":\"https:\/\/portaltela.pt\/noticias\/2026\/02\/10\/financas-panorama-economico-e-indicadores-chave\/#article\",\"isPartOf\":{\"@id\":\"https:\/\/portaltela.pt\/noticias\/2026\/02\/10\/financas-panorama-economico-e-indicadores-chave\/\"},\"author\":{\"name\":\"Telinha\",\"@id\":\"https:\/\/portaltela.pt\/#\/schema\/person\/c4278d4a6028830caff9ee44b42d32ed\"},\"headline\":\"Finan\u00e7as: panorama econ\u00f3mico e indicadores-chave\",\"datePublished\":\"2026-02-10T17:36:59+00:00\",\"mainEntityOfPage\":{\"@id\":\"https:\/\/portaltela.pt\/noticias\/2026\/02\/10\/financas-panorama-economico-e-indicadores-chave\/\"},\"wordCount\":213,\"image\":{\"@id\":\"https:\/\/portaltela.pt\/noticias\/2026\/02\/10\/financas-panorama-economico-e-indicadores-chave\/#primaryimage\"},\"thumbnailUrl\":\"https:\/\/portaltela.pt\/s.01k8rhncp4jt1\/2026\/02\/320x180_cmsv2_d197ba3d-3847-5385-a825-4993d6c417c8-9645894.jpg\",\"keywords\":[\"direitos humanos\",\"Economia Sustent\u00e1vel\",\"finan\u00e7as\",\"governan\u00e7a\",\"investimento\",\"prote\u00e7\u00e3o ambiental\"],\"articleSection\":[\"Economia\",\"Not\u00edcias\"],\"inLanguage\":\"pt-PT\"},{\"@type\":\"WebPage\",\"@id\":\"https:\/\/portaltela.pt\/noticias\/2026\/02\/10\/financas-panorama-economico-e-indicadores-chave\/\",\"url\":\"https:\/\/portaltela.pt\/noticias\/2026\/02\/10\/financas-panorama-economico-e-indicadores-chave\/\",\"name\":\"Finan\u00e7as: panorama econ\u00f3mico e indicadores-chave - Portal Tela Portugal\",\"isPartOf\":{\"@id\":\"https:\/\/portaltela.pt\/#website\"},\"primaryImageOfPage\":{\"@id\":\"https:\/\/portaltela.pt\/noticias\/2026\/02\/10\/financas-panorama-economico-e-indicadores-chave\/#primaryimage\"},\"image\":{\"@id\":\"https:\/\/portaltela.pt\/noticias\/2026\/02\/10\/financas-panorama-economico-e-indicadores-chave\/#primaryimage\"},\"thumbnailUrl\":\"https:\/\/portaltela.pt\/s.01k8rhncp4jt1\/2026\/02\/320x180_cmsv2_d197ba3d-3847-5385-a825-4993d6c417c8-9645894.jpg\",\"datePublished\":\"2026-02-10T17:36:59+00:00\",\"author\":{\"@id\":\"https:\/\/portaltela.pt\/#\/schema\/person\/c4278d4a6028830caff9ee44b42d32ed\"},\"breadcrumb\":{\"@id\":\"https:\/\/portaltela.pt\/noticias\/2026\/02\/10\/financas-panorama-economico-e-indicadores-chave\/#breadcrumb\"},\"inLanguage\":\"pt-PT\",\"potentialAction\":[{\"@type\":\"ReadAction\",\"target\":[\"https:\/\/portaltela.pt\/noticias\/2026\/02\/10\/financas-panorama-economico-e-indicadores-chave\/\"]}]},{\"@type\":\"ImageObject\",\"inLanguage\":\"pt-PT\",\"@id\":\"https:\/\/portaltela.pt\/noticias\/2026\/02\/10\/financas-panorama-economico-e-indicadores-chave\/#primaryimage\",\"url\":\"https:\/\/portaltela.pt\/s.01k8rhncp4jt1\/2026\/02\/320x180_cmsv2_d197ba3d-3847-5385-a825-4993d6c417c8-9645894.jpg\",\"contentUrl\":\"https:\/\/portaltela.pt\/s.01k8rhncp4jt1\/2026\/02\/320x180_cmsv2_d197ba3d-3847-5385-a825-4993d6c417c8-9645894.jpg\",\"width\":796,\"height\":448,\"caption\":\"Papa Le\u00e3o XIV reza o Angelus do meio-dia na Bas\u00edlica de S\u00e3o Pedro, Cidade do Vaticano, janeiro de 2026\"},{\"@type\":\"BreadcrumbList\",\"@id\":\"https:\/\/portaltela.pt\/noticias\/2026\/02\/10\/financas-panorama-economico-e-indicadores-chave\/#breadcrumb\",\"itemListElement\":[{\"@type\":\"ListItem\",\"position\":1,\"name\":\"In\u00edcio\",\"item\":\"https:\/\/portaltela.pt\/\"},{\"@type\":\"ListItem\",\"position\":2,\"name\":\"Finan\u00e7as: panorama econ\u00f3mico e indicadores-chave\"}]},{\"@type\":\"WebSite\",\"@id\":\"https:\/\/portaltela.pt\/#website\",\"url\":\"https:\/\/portaltela.pt\/\",\"name\":\"Portal Tela Portugal\",\"description\":\"\",\"potentialAction\":[{\"@type\":\"SearchAction\",\"target\":{\"@type\":\"EntryPoint\",\"urlTemplate\":\"https:\/\/portaltela.pt\/?s={search_term_string}\"},\"query-input\":{\"@type\":\"PropertyValueSpecification\",\"valueRequired\":true,\"valueName\":\"search_term_string\"}}],\"inLanguage\":\"pt-PT\"},{\"@type\":\"Person\",\"@id\":\"https:\/\/portaltela.pt\/#\/schema\/person\/c4278d4a6028830caff9ee44b42d32ed\",\"name\":\"Telinha\",\"image\":{\"@type\":\"ImageObject\",\"inLanguage\":\"pt-PT\",\"@id\":\"https:\/\/portaltela.pt\/s.01k8rhncp4jt1\/2025\/11\/talking-bot-125x125.png\",\"url\":\"https:\/\/portaltela.pt\/s.01k8rhncp4jt1\/2025\/11\/talking-bot-125x125.png\",\"contentUrl\":\"https:\/\/portaltela.pt\/s.01k8rhncp4jt1\/2025\/11\/talking-bot-125x125.png\",\"caption\":\"Telinha\"},\"sameAs\":[\"https:\/\/portaltela.pt\/\"],\"url\":\"https:\/\/portaltela.pt\/por\/367410592786\/\"}]}<\/script>\n<!-- \/ Yoast SEO plugin. -->","yoast_head_json":{"title":"Finan\u00e7as: panorama econ\u00f3mico e indicadores-chave - Portal Tela Portugal","robots":{"index":"index","follow":"follow","max-snippet":"max-snippet:-1","max-image-preview":"max-image-preview:large","max-video-preview":"max-video-preview:-1"},"og_locale":"pt_PT","og_type":"article","og_title":"Finan\u00e7as: panorama econ\u00f3mico e indicadores-chave - Portal Tela Portugal","og_description":"O Banco do Vaticano anunciou o lan\u00e7amento de \u00edndices bolsistas baseados em princ\u00edpios cat\u00f3licos. Nadia Calvi\u00f1o pediu aos l\u00edderes da UE que avancem com a Uni\u00e3o da Poupan\u00e7a e dos Investimentos. Um estudo indica que mulheres na tecnologia e nas finan\u00e7as s\u00e3o mais vulner\u00e1veis a cortes com IA. Donald Trump processa o maior banco dos EUA num processo de cinco mil milh\u00f5es de d\u00f3lares. Questiona-se o impacto da ades\u00e3o \u00e0 zone euro para a economia da Bulg\u00e1ria.","og_url":"https:\/\/portaltela.pt\/noticias\/2026\/02\/10\/financas-panorama-economico-e-indicadores-chave\/","og_site_name":"Portal Tela Portugal","article_published_time":"2026-02-10T17:36:59+00:00","author":"Telinha","twitter_card":"summary_large_image","twitter_misc":{"Escrito por":"Telinha","Tempo estimado de leitura":"1 minuto"},"schema":{"@context":"https:\/\/schema.org","@graph":[{"@type":"Article","@id":"https:\/\/portaltela.pt\/noticias\/2026\/02\/10\/financas-panorama-economico-e-indicadores-chave\/#article","isPartOf":{"@id":"https:\/\/portaltela.pt\/noticias\/2026\/02\/10\/financas-panorama-economico-e-indicadores-chave\/"},"author":{"name":"Telinha","@id":"https:\/\/portaltela.pt\/#\/schema\/person\/c4278d4a6028830caff9ee44b42d32ed"},"headline":"Finan\u00e7as: panorama econ\u00f3mico e indicadores-chave","datePublished":"2026-02-10T17:36:59+00:00","mainEntityOfPage":{"@id":"https:\/\/portaltela.pt\/noticias\/2026\/02\/10\/financas-panorama-economico-e-indicadores-chave\/"},"wordCount":213,"image":{"@id":"https:\/\/portaltela.pt\/noticias\/2026\/02\/10\/financas-panorama-economico-e-indicadores-chave\/#primaryimage"},"thumbnailUrl":"https:\/\/portaltela.pt\/s.01k8rhncp4jt1\/2026\/02\/320x180_cmsv2_d197ba3d-3847-5385-a825-4993d6c417c8-9645894.jpg","keywords":["direitos humanos","Economia Sustent\u00e1vel","finan\u00e7as","governan\u00e7a","investimento","prote\u00e7\u00e3o ambiental"],"articleSection":["Economia","Not\u00edcias"],"inLanguage":"pt-PT"},{"@type":"WebPage","@id":"https:\/\/portaltela.pt\/noticias\/2026\/02\/10\/financas-panorama-economico-e-indicadores-chave\/","url":"https:\/\/portaltela.pt\/noticias\/2026\/02\/10\/financas-panorama-economico-e-indicadores-chave\/","name":"Finan\u00e7as: panorama econ\u00f3mico e indicadores-chave - Portal Tela Portugal","isPartOf":{"@id":"https:\/\/portaltela.pt\/#website"},"primaryImageOfPage":{"@id":"https:\/\/portaltela.pt\/noticias\/2026\/02\/10\/financas-panorama-economico-e-indicadores-chave\/#primaryimage"},"image":{"@id":"https:\/\/portaltela.pt\/noticias\/2026\/02\/10\/financas-panorama-economico-e-indicadores-chave\/#primaryimage"},"thumbnailUrl":"https:\/\/portaltela.pt\/s.01k8rhncp4jt1\/2026\/02\/320x180_cmsv2_d197ba3d-3847-5385-a825-4993d6c417c8-9645894.jpg","datePublished":"2026-02-10T17:36:59+00:00","author":{"@id":"https:\/\/portaltela.pt\/#\/schema\/person\/c4278d4a6028830caff9ee44b42d32ed"},"breadcrumb":{"@id":"https:\/\/portaltela.pt\/noticias\/2026\/02\/10\/financas-panorama-economico-e-indicadores-chave\/#breadcrumb"},"inLanguage":"pt-PT","potentialAction":[{"@type":"ReadAction","target":["https:\/\/portaltela.pt\/noticias\/2026\/02\/10\/financas-panorama-economico-e-indicadores-chave\/"]}]},{"@type":"ImageObject","inLanguage":"pt-PT","@id":"https:\/\/portaltela.pt\/noticias\/2026\/02\/10\/financas-panorama-economico-e-indicadores-chave\/#primaryimage","url":"https:\/\/portaltela.pt\/s.01k8rhncp4jt1\/2026\/02\/320x180_cmsv2_d197ba3d-3847-5385-a825-4993d6c417c8-9645894.jpg","contentUrl":"https:\/\/portaltela.pt\/s.01k8rhncp4jt1\/2026\/02\/320x180_cmsv2_d197ba3d-3847-5385-a825-4993d6c417c8-9645894.jpg","width":796,"height":448,"caption":"Papa Le\u00e3o XIV reza o Angelus do meio-dia na Bas\u00edlica de S\u00e3o Pedro, Cidade do Vaticano, janeiro de 2026"},{"@type":"BreadcrumbList","@id":"https:\/\/portaltela.pt\/noticias\/2026\/02\/10\/financas-panorama-economico-e-indicadores-chave\/#breadcrumb","itemListElement":[{"@type":"ListItem","position":1,"name":"In\u00edcio","item":"https:\/\/portaltela.pt\/"},{"@type":"ListItem","position":2,"name":"Finan\u00e7as: panorama econ\u00f3mico e indicadores-chave"}]},{"@type":"WebSite","@id":"https:\/\/portaltela.pt\/#website","url":"https:\/\/portaltela.pt\/","name":"Portal Tela Portugal","description":"","potentialAction":[{"@type":"SearchAction","target":{"@type":"EntryPoint","urlTemplate":"https:\/\/portaltela.pt\/?s={search_term_string}"},"query-input":{"@type":"PropertyValueSpecification","valueRequired":true,"valueName":"search_term_string"}}],"inLanguage":"pt-PT"},{"@type":"Person","@id":"https:\/\/portaltela.pt\/#\/schema\/person\/c4278d4a6028830caff9ee44b42d32ed","name":"Telinha","image":{"@type":"ImageObject","inLanguage":"pt-PT","@id":"https:\/\/portaltela.pt\/s.01k8rhncp4jt1\/2025\/11\/talking-bot-125x125.png","url":"https:\/\/portaltela.pt\/s.01k8rhncp4jt1\/2025\/11\/talking-bot-125x125.png","contentUrl":"https:\/\/portaltela.pt\/s.01k8rhncp4jt1\/2025\/11\/talking-bot-125x125.png","caption":"Telinha"},"sameAs":["https:\/\/portaltela.pt\/"],"url":"https:\/\/portaltela.pt\/por\/367410592786\/"}]}},"_links":{"self":[{"href":"https:\/\/portaltela.pt\/api\/wp\/v2\/posts\/207114","targetHints":{"allow":["GET"]}}],"collection":[{"href":"https:\/\/portaltela.pt\/api\/wp\/v2\/posts"}],"about":[{"href":"https:\/\/portaltela.pt\/api\/wp\/v2\/types\/post"}],"author":[{"embeddable":true,"href":"https:\/\/portaltela.pt\/api\/wp\/v2\/users\/2"}],"replies":[{"embeddable":true,"href":"https:\/\/portaltela.pt\/api\/wp\/v2\/comments?post=207114"}],"version-history":[{"count":0,"href":"https:\/\/portaltela.pt\/api\/wp\/v2\/posts\/207114\/revisions"}],"wp:featuredmedia":[{"embeddable":true,"href":"https:\/\/portaltela.pt\/api\/wp\/v2\/media\/207115"}],"wp:attachment":[{"href":"https:\/\/portaltela.pt\/api\/wp\/v2\/media?parent=207114"}],"wp:term":[{"taxonomy":"category","embeddable":true,"href":"https:\/\/portaltela.pt\/api\/wp\/v2\/categories?post=207114"},{"taxonomy":"post_tag","embeddable":true,"href":"https:\/\/portaltela.pt\/api\/wp\/v2\/tags?post=207114"}],"curies":[{"name":"wp","href":"https:\/\/api.w.org\/{rel}","templated":true}]}}