{"id":207082,"date":"2026-02-10T13:51:00","date_gmt":"2026-02-10T16:51:00","guid":{"rendered":"https:\/\/portaltela.pt\/noticias\/2026\/02\/10\/apos-tempestades-turismo-acolhe-quem-perdeu-casa-ou-presta-auxilio\/"},"modified":"2026-02-10T13:51:00","modified_gmt":"2026-02-10T16:51:00","slug":"apos-tempestades-turismo-acolhe-quem-perdeu-casa-ou-presta-auxilio","status":"publish","type":"post","link":"https:\/\/portaltela.pt\/noticias\/politica\/2026\/02\/10\/apos-tempestades-turismo-acolhe-quem-perdeu-casa-ou-presta-auxilio\/","title":{"rendered":"Ap\u00f3s tempestades, turismo acolhe quem perdeu casa ou presta aux\u00edlio"},"content":{"rendered":"<p>O Governo lan\u00e7ou uma linha de alojamento de emerg\u00eancia para quem ficou desalojado pelas tempestades que afectam o pa\u00eds. O programa, denominado \u201cO turismo acolhe\u201d, \u00e9 coordenado pelo Turismo de Portugal e visa assegurar alojamento tempor\u00e1rio, seguro e digno em unidades de turismo e alojamento local.<\/p>\n<p>A medida mobiliza entidades exploradoras de empreendimentos tur\u00edsticos e de alojamento local para disponibilizarem unidades de alojamento em regime tempor\u00e1rio e excepcional. Destina-se \u00e0s popula\u00e7\u00f5es afectadas pela tempestade Kristin e aos trabalhadores envolvidos na reconstru\u00e7\u00e3o.<\/p>\n<h3>Condi\u00e7\u00f5es de elegibilidade<\/h3>\n<p>Para as popula\u00e7\u00f5es, a resid\u00eancia principal deve situar-se num dos 69 concelhos abrangidos pelo estado de calamidade, e \u00e9 necess\u00e1ria comprovarem car\u00eancia e necessidade de alojamento tempor\u00e1rio junto do munic\u00edpio.<\/p>\n<h3>Ades\u00e3o e condi\u00e7\u00f5es de utiliza\u00e7\u00e3o<\/h3>\n<p>Para os trabalhadores, \u00e9 preciso demonstrar que as despesas n\u00e3o s\u00e3o cobertas por entidades p\u00fablicas ou associa\u00e7\u00f5es, mediante declara\u00e7\u00e3o emitida pelo Turismo de Portugal. O programa vigora at\u00e9 28 de Fevereiro e pode ser prorrogado consoante a avalia\u00e7\u00e3o da situa\u00e7\u00e3o.<\/p>\n<p>At\u00e9 ao momento, existem 12 unidades de alojamento inscritas, com disponibilidade de quartos em v\u00e1rias cidades, incluindo Tomar, Ovar, \u00d3bidos, Our\u00e9m, Abrantes, entre outras, em hot\u00e9is de grupos conhecidos e em unidades de alojamento local. A ades\u00e3o \u00e9 volunt\u00e1ria, podendo haver pagamento at\u00e9 60 euros por noite por unidade (com pequeno-almo\u00e7o) ou, se menor, mediante redu\u00e7\u00e3o de 10% sobre a melhor tarifa do estabelecimento.<\/p>\n<p>A lista de empreendimentos aderentes e contactos atualizados encontra-se com o Turismo de Portugal. O programa surge no \u00e2mbito do estado de calamidade em vigor e responde \u00e0 necessidade imediata de solu\u00e7\u00f5es de alojamento em contexto de emerg\u00eancia.<\/p>\n","protected":false},"excerpt":{"rendered":"<ul>\n<li>Governo lan\u00e7a o programa \u201co turismo acolhe\u201d para alojamento tempor\u00e1rio de quem ficou desalojado pelas intemp\u00e9ries, atrav\u00e9s do Turismo de Portugal.<\/li>\n<li>O objetivo \u00e9 mobilizar entidades exploradoras de empreendimentos tur\u00edsticos e alojamento local, incluindo trabalhadores p\u00fablicos envolvidos na reconstru\u00e7\u00e3o.<\/li>\n<li>Benefici\u00e1rios: moradores com resid\u00eancia principal em 69 concelhos sob estado de calamidade; \u00e9 preciso comprovar car\u00eancia e necessidade de alojamento tempor\u00e1rio junto do munic\u00edpio.<\/li>\n<li>Alojamento pode custar at\u00e9 60 euros por noite por unidade (com pequeno-almo\u00e7o); ades\u00e3o \u00e9 volunt\u00e1ria e h\u00e1 12 unidades inscritas inicialmente em v\u00e1rias cidades, incluindo hot\u00e9is de grupos, e unidades de alojamento local; o apoio pode estender-se at\u00e9 28 de fevereiro, com poss\u00edvel prorroga\u00e7\u00e3o.<\/li>\n<li>O programa surge no contexto do estado de calamidade e pretende responder \u00e0 necessidade imediata de solu\u00e7\u00f5es de alojamento em contexto de emerg\u00eancia; informa\u00e7\u00f5es sobre ades\u00e3o e lista de empreendimentos est\u00e3o dispon\u00edveis atrav\u00e9s dos meios oficiais.<\/li>\n<\/ul>\n","protected":false},"author":2,"featured_media":207085,"comment_status":"closed","ping_status":"closed","sticky":false,"template":"","format":"standard","meta":{"footnotes":""},"categories":[1,5],"tags":[491,4687,3004,150,1917,169],"class_list":["post-207082","post","type-post","status-publish","format-standard","has-post-thumbnail","hentry","category-noticias","category-politica","tag-alojamento-local","tag-calamidade-publica","tag-desalojados","tag-habitacao","tag-hospedagem-local","tag-turismo"],"yoast_head":"<!-- This site is optimized with the Yoast SEO plugin v27.2 - https:\/\/yoast.com\/product\/yoast-seo-wordpress\/ -->\n<title>Ap\u00f3s tempestades, turismo acolhe quem perdeu casa ou presta aux\u00edlio - Portal Tela Portugal<\/title>\n<meta name=\"robots\" content=\"index, follow, max-snippet:-1, max-image-preview:large, max-video-preview:-1\" \/>\n<meta property=\"og:locale\" content=\"pt_PT\" \/>\n<meta property=\"og:type\" content=\"article\" \/>\n<meta property=\"og:title\" content=\"Ap\u00f3s tempestades, turismo acolhe quem perdeu casa ou presta aux\u00edlio - Portal Tela Portugal\" \/>\n<meta property=\"og:description\" content=\"Governo lan\u00e7a o programa \u201co turismo acolhe\u201d para alojamento tempor\u00e1rio de quem ficou desalojado pelas intemp\u00e9ries, atrav\u00e9s do Turismo de Portugal. O objetivo \u00e9 mobilizar entidades exploradoras de empreendimentos tur\u00edsticos e alojamento local, incluindo trabalhadores p\u00fablicos envolvidos na reconstru\u00e7\u00e3o. Benefici\u00e1rios: moradores com resid\u00eancia principal em 69 concelhos sob estado de calamidade; \u00e9 preciso comprovar car\u00eancia e necessidade de alojamento tempor\u00e1rio junto do munic\u00edpio. Alojamento pode custar at\u00e9 60 euros por noite por unidade (com pequeno-almo\u00e7o); ades\u00e3o \u00e9 volunt\u00e1ria e h\u00e1 12 unidades inscritas inicialmente em v\u00e1rias cidades, incluindo hot\u00e9is de grupos, e unidades de alojamento local; o apoio pode estender-se at\u00e9 28 de fevereiro, com poss\u00edvel prorroga\u00e7\u00e3o. O programa surge no contexto do estado de calamidade e pretende responder \u00e0 necessidade imediata de solu\u00e7\u00f5es de alojamento em contexto de emerg\u00eancia; informa\u00e7\u00f5es sobre ades\u00e3o e lista de empreendimentos est\u00e3o dispon\u00edveis atrav\u00e9s dos meios oficiais.\" \/>\n<meta property=\"og:url\" content=\"https:\/\/portaltela.pt\/noticias\/2026\/02\/10\/apos-tempestades-turismo-acolhe-quem-perdeu-casa-ou-presta-auxilio\/\" \/>\n<meta property=\"og:site_name\" content=\"Portal Tela Portugal\" \/>\n<meta property=\"article:published_time\" content=\"2026-02-10T16:51:00+00:00\" \/>\n<meta name=\"author\" content=\"Telinha\" \/>\n<meta name=\"twitter:card\" content=\"summary_large_image\" \/>\n<meta name=\"twitter:label1\" content=\"Escrito por\" \/>\n\t<meta name=\"twitter:data1\" content=\"Telinha\" \/>\n\t<meta name=\"twitter:label2\" content=\"Tempo estimado de leitura\" \/>\n\t<meta name=\"twitter:data2\" content=\"1 minuto\" \/>\n<script type=\"application\/ld+json\" class=\"yoast-schema-graph\">{\"@context\":\"https:\/\/schema.org\",\"@graph\":[{\"@type\":\"Article\",\"@id\":\"https:\/\/portaltela.pt\/noticias\/2026\/02\/10\/apos-tempestades-turismo-acolhe-quem-perdeu-casa-ou-presta-auxilio\/#article\",\"isPartOf\":{\"@id\":\"https:\/\/portaltela.pt\/noticias\/2026\/02\/10\/apos-tempestades-turismo-acolhe-quem-perdeu-casa-ou-presta-auxilio\/\"},\"author\":{\"name\":\"Telinha\",\"@id\":\"https:\/\/portaltela.pt\/#\/schema\/person\/c4278d4a6028830caff9ee44b42d32ed\"},\"headline\":\"Ap\u00f3s tempestades, turismo acolhe quem perdeu casa ou presta aux\u00edlio\",\"datePublished\":\"2026-02-10T16:51:00+00:00\",\"mainEntityOfPage\":{\"@id\":\"https:\/\/portaltela.pt\/noticias\/2026\/02\/10\/apos-tempestades-turismo-acolhe-quem-perdeu-casa-ou-presta-auxilio\/\"},\"wordCount\":297,\"image\":{\"@id\":\"https:\/\/portaltela.pt\/noticias\/2026\/02\/10\/apos-tempestades-turismo-acolhe-quem-perdeu-casa-ou-presta-auxilio\/#primaryimage\"},\"thumbnailUrl\":\"https:\/\/portaltela.pt\/s.01k8rhncp4jt1\/2026\/02\/2066109.jpg\",\"keywords\":[\"alojamento local\",\"calamidade p\u00fablica\",\"desalojados\",\"habita\u00e7\u00e3o\",\"hospedagem local\",\"turismo\"],\"articleSection\":[\"Not\u00edcias\",\"Pol\u00edtica\"],\"inLanguage\":\"pt-PT\"},{\"@type\":\"WebPage\",\"@id\":\"https:\/\/portaltela.pt\/noticias\/2026\/02\/10\/apos-tempestades-turismo-acolhe-quem-perdeu-casa-ou-presta-auxilio\/\",\"url\":\"https:\/\/portaltela.pt\/noticias\/2026\/02\/10\/apos-tempestades-turismo-acolhe-quem-perdeu-casa-ou-presta-auxilio\/\",\"name\":\"Ap\u00f3s tempestades, turismo acolhe quem perdeu casa ou presta aux\u00edlio - Portal Tela Portugal\",\"isPartOf\":{\"@id\":\"https:\/\/portaltela.pt\/#website\"},\"primaryImageOfPage\":{\"@id\":\"https:\/\/portaltela.pt\/noticias\/2026\/02\/10\/apos-tempestades-turismo-acolhe-quem-perdeu-casa-ou-presta-auxilio\/#primaryimage\"},\"image\":{\"@id\":\"https:\/\/portaltela.pt\/noticias\/2026\/02\/10\/apos-tempestades-turismo-acolhe-quem-perdeu-casa-ou-presta-auxilio\/#primaryimage\"},\"thumbnailUrl\":\"https:\/\/portaltela.pt\/s.01k8rhncp4jt1\/2026\/02\/2066109.jpg\",\"datePublished\":\"2026-02-10T16:51:00+00:00\",\"author\":{\"@id\":\"https:\/\/portaltela.pt\/#\/schema\/person\/c4278d4a6028830caff9ee44b42d32ed\"},\"breadcrumb\":{\"@id\":\"https:\/\/portaltela.pt\/noticias\/2026\/02\/10\/apos-tempestades-turismo-acolhe-quem-perdeu-casa-ou-presta-auxilio\/#breadcrumb\"},\"inLanguage\":\"pt-PT\",\"potentialAction\":[{\"@type\":\"ReadAction\",\"target\":[\"https:\/\/portaltela.pt\/noticias\/2026\/02\/10\/apos-tempestades-turismo-acolhe-quem-perdeu-casa-ou-presta-auxilio\/\"]}]},{\"@type\":\"ImageObject\",\"inLanguage\":\"pt-PT\",\"@id\":\"https:\/\/portaltela.pt\/noticias\/2026\/02\/10\/apos-tempestades-turismo-acolhe-quem-perdeu-casa-ou-presta-auxilio\/#primaryimage\",\"url\":\"https:\/\/portaltela.pt\/s.01k8rhncp4jt1\/2026\/02\/2066109.jpg\",\"contentUrl\":\"https:\/\/portaltela.pt\/s.01k8rhncp4jt1\/2026\/02\/2066109.jpg\",\"width\":796,\"height\":448,\"caption\":\"O concelho de Leiria foi um dos mais afectados pela tempestade Kristin\"},{\"@type\":\"BreadcrumbList\",\"@id\":\"https:\/\/portaltela.pt\/noticias\/2026\/02\/10\/apos-tempestades-turismo-acolhe-quem-perdeu-casa-ou-presta-auxilio\/#breadcrumb\",\"itemListElement\":[{\"@type\":\"ListItem\",\"position\":1,\"name\":\"In\u00edcio\",\"item\":\"https:\/\/portaltela.pt\/\"},{\"@type\":\"ListItem\",\"position\":2,\"name\":\"Ap\u00f3s tempestades, turismo acolhe quem perdeu casa ou presta aux\u00edlio\"}]},{\"@type\":\"WebSite\",\"@id\":\"https:\/\/portaltela.pt\/#website\",\"url\":\"https:\/\/portaltela.pt\/\",\"name\":\"Portal Tela Portugal\",\"description\":\"\",\"potentialAction\":[{\"@type\":\"SearchAction\",\"target\":{\"@type\":\"EntryPoint\",\"urlTemplate\":\"https:\/\/portaltela.pt\/?s={search_term_string}\"},\"query-input\":{\"@type\":\"PropertyValueSpecification\",\"valueRequired\":true,\"valueName\":\"search_term_string\"}}],\"inLanguage\":\"pt-PT\"},{\"@type\":\"Person\",\"@id\":\"https:\/\/portaltela.pt\/#\/schema\/person\/c4278d4a6028830caff9ee44b42d32ed\",\"name\":\"Telinha\",\"image\":{\"@type\":\"ImageObject\",\"inLanguage\":\"pt-PT\",\"@id\":\"https:\/\/portaltela.pt\/s.01k8rhncp4jt1\/2025\/11\/talking-bot-125x125.png\",\"url\":\"https:\/\/portaltela.pt\/s.01k8rhncp4jt1\/2025\/11\/talking-bot-125x125.png\",\"contentUrl\":\"https:\/\/portaltela.pt\/s.01k8rhncp4jt1\/2025\/11\/talking-bot-125x125.png\",\"caption\":\"Telinha\"},\"sameAs\":[\"https:\/\/portaltela.pt\/\"],\"url\":\"https:\/\/portaltela.pt\/por\/367410592786\/\"}]}<\/script>\n<!-- \/ Yoast SEO plugin. -->","yoast_head_json":{"title":"Ap\u00f3s tempestades, turismo acolhe quem perdeu casa ou presta aux\u00edlio - Portal Tela Portugal","robots":{"index":"index","follow":"follow","max-snippet":"max-snippet:-1","max-image-preview":"max-image-preview:large","max-video-preview":"max-video-preview:-1"},"og_locale":"pt_PT","og_type":"article","og_title":"Ap\u00f3s tempestades, turismo acolhe quem perdeu casa ou presta aux\u00edlio - Portal Tela Portugal","og_description":"Governo lan\u00e7a o programa \u201co turismo acolhe\u201d para alojamento tempor\u00e1rio de quem ficou desalojado pelas intemp\u00e9ries, atrav\u00e9s do Turismo de Portugal. O objetivo \u00e9 mobilizar entidades exploradoras de empreendimentos tur\u00edsticos e alojamento local, incluindo trabalhadores p\u00fablicos envolvidos na reconstru\u00e7\u00e3o. Benefici\u00e1rios: moradores com resid\u00eancia principal em 69 concelhos sob estado de calamidade; \u00e9 preciso comprovar car\u00eancia e necessidade de alojamento tempor\u00e1rio junto do munic\u00edpio. Alojamento pode custar at\u00e9 60 euros por noite por unidade (com pequeno-almo\u00e7o); ades\u00e3o \u00e9 volunt\u00e1ria e h\u00e1 12 unidades inscritas inicialmente em v\u00e1rias cidades, incluindo hot\u00e9is de grupos, e unidades de alojamento local; o apoio pode estender-se at\u00e9 28 de fevereiro, com poss\u00edvel prorroga\u00e7\u00e3o. O programa surge no contexto do estado de calamidade e pretende responder \u00e0 necessidade imediata de solu\u00e7\u00f5es de alojamento em contexto de emerg\u00eancia; informa\u00e7\u00f5es sobre ades\u00e3o e lista de empreendimentos est\u00e3o dispon\u00edveis atrav\u00e9s dos meios oficiais.","og_url":"https:\/\/portaltela.pt\/noticias\/2026\/02\/10\/apos-tempestades-turismo-acolhe-quem-perdeu-casa-ou-presta-auxilio\/","og_site_name":"Portal Tela Portugal","article_published_time":"2026-02-10T16:51:00+00:00","author":"Telinha","twitter_card":"summary_large_image","twitter_misc":{"Escrito por":"Telinha","Tempo estimado de leitura":"1 minuto"},"schema":{"@context":"https:\/\/schema.org","@graph":[{"@type":"Article","@id":"https:\/\/portaltela.pt\/noticias\/2026\/02\/10\/apos-tempestades-turismo-acolhe-quem-perdeu-casa-ou-presta-auxilio\/#article","isPartOf":{"@id":"https:\/\/portaltela.pt\/noticias\/2026\/02\/10\/apos-tempestades-turismo-acolhe-quem-perdeu-casa-ou-presta-auxilio\/"},"author":{"name":"Telinha","@id":"https:\/\/portaltela.pt\/#\/schema\/person\/c4278d4a6028830caff9ee44b42d32ed"},"headline":"Ap\u00f3s tempestades, turismo acolhe quem perdeu casa ou presta aux\u00edlio","datePublished":"2026-02-10T16:51:00+00:00","mainEntityOfPage":{"@id":"https:\/\/portaltela.pt\/noticias\/2026\/02\/10\/apos-tempestades-turismo-acolhe-quem-perdeu-casa-ou-presta-auxilio\/"},"wordCount":297,"image":{"@id":"https:\/\/portaltela.pt\/noticias\/2026\/02\/10\/apos-tempestades-turismo-acolhe-quem-perdeu-casa-ou-presta-auxilio\/#primaryimage"},"thumbnailUrl":"https:\/\/portaltela.pt\/s.01k8rhncp4jt1\/2026\/02\/2066109.jpg","keywords":["alojamento local","calamidade p\u00fablica","desalojados","habita\u00e7\u00e3o","hospedagem local","turismo"],"articleSection":["Not\u00edcias","Pol\u00edtica"],"inLanguage":"pt-PT"},{"@type":"WebPage","@id":"https:\/\/portaltela.pt\/noticias\/2026\/02\/10\/apos-tempestades-turismo-acolhe-quem-perdeu-casa-ou-presta-auxilio\/","url":"https:\/\/portaltela.pt\/noticias\/2026\/02\/10\/apos-tempestades-turismo-acolhe-quem-perdeu-casa-ou-presta-auxilio\/","name":"Ap\u00f3s tempestades, turismo acolhe quem perdeu casa ou presta aux\u00edlio - Portal Tela Portugal","isPartOf":{"@id":"https:\/\/portaltela.pt\/#website"},"primaryImageOfPage":{"@id":"https:\/\/portaltela.pt\/noticias\/2026\/02\/10\/apos-tempestades-turismo-acolhe-quem-perdeu-casa-ou-presta-auxilio\/#primaryimage"},"image":{"@id":"https:\/\/portaltela.pt\/noticias\/2026\/02\/10\/apos-tempestades-turismo-acolhe-quem-perdeu-casa-ou-presta-auxilio\/#primaryimage"},"thumbnailUrl":"https:\/\/portaltela.pt\/s.01k8rhncp4jt1\/2026\/02\/2066109.jpg","datePublished":"2026-02-10T16:51:00+00:00","author":{"@id":"https:\/\/portaltela.pt\/#\/schema\/person\/c4278d4a6028830caff9ee44b42d32ed"},"breadcrumb":{"@id":"https:\/\/portaltela.pt\/noticias\/2026\/02\/10\/apos-tempestades-turismo-acolhe-quem-perdeu-casa-ou-presta-auxilio\/#breadcrumb"},"inLanguage":"pt-PT","potentialAction":[{"@type":"ReadAction","target":["https:\/\/portaltela.pt\/noticias\/2026\/02\/10\/apos-tempestades-turismo-acolhe-quem-perdeu-casa-ou-presta-auxilio\/"]}]},{"@type":"ImageObject","inLanguage":"pt-PT","@id":"https:\/\/portaltela.pt\/noticias\/2026\/02\/10\/apos-tempestades-turismo-acolhe-quem-perdeu-casa-ou-presta-auxilio\/#primaryimage","url":"https:\/\/portaltela.pt\/s.01k8rhncp4jt1\/2026\/02\/2066109.jpg","contentUrl":"https:\/\/portaltela.pt\/s.01k8rhncp4jt1\/2026\/02\/2066109.jpg","width":796,"height":448,"caption":"O concelho de Leiria foi um dos mais afectados pela tempestade Kristin"},{"@type":"BreadcrumbList","@id":"https:\/\/portaltela.pt\/noticias\/2026\/02\/10\/apos-tempestades-turismo-acolhe-quem-perdeu-casa-ou-presta-auxilio\/#breadcrumb","itemListElement":[{"@type":"ListItem","position":1,"name":"In\u00edcio","item":"https:\/\/portaltela.pt\/"},{"@type":"ListItem","position":2,"name":"Ap\u00f3s tempestades, turismo acolhe quem perdeu casa ou presta aux\u00edlio"}]},{"@type":"WebSite","@id":"https:\/\/portaltela.pt\/#website","url":"https:\/\/portaltela.pt\/","name":"Portal Tela Portugal","description":"","potentialAction":[{"@type":"SearchAction","target":{"@type":"EntryPoint","urlTemplate":"https:\/\/portaltela.pt\/?s={search_term_string}"},"query-input":{"@type":"PropertyValueSpecification","valueRequired":true,"valueName":"search_term_string"}}],"inLanguage":"pt-PT"},{"@type":"Person","@id":"https:\/\/portaltela.pt\/#\/schema\/person\/c4278d4a6028830caff9ee44b42d32ed","name":"Telinha","image":{"@type":"ImageObject","inLanguage":"pt-PT","@id":"https:\/\/portaltela.pt\/s.01k8rhncp4jt1\/2025\/11\/talking-bot-125x125.png","url":"https:\/\/portaltela.pt\/s.01k8rhncp4jt1\/2025\/11\/talking-bot-125x125.png","contentUrl":"https:\/\/portaltela.pt\/s.01k8rhncp4jt1\/2025\/11\/talking-bot-125x125.png","caption":"Telinha"},"sameAs":["https:\/\/portaltela.pt\/"],"url":"https:\/\/portaltela.pt\/por\/367410592786\/"}]}},"_links":{"self":[{"href":"https:\/\/portaltela.pt\/api\/wp\/v2\/posts\/207082","targetHints":{"allow":["GET"]}}],"collection":[{"href":"https:\/\/portaltela.pt\/api\/wp\/v2\/posts"}],"about":[{"href":"https:\/\/portaltela.pt\/api\/wp\/v2\/types\/post"}],"author":[{"embeddable":true,"href":"https:\/\/portaltela.pt\/api\/wp\/v2\/users\/2"}],"replies":[{"embeddable":true,"href":"https:\/\/portaltela.pt\/api\/wp\/v2\/comments?post=207082"}],"version-history":[{"count":0,"href":"https:\/\/portaltela.pt\/api\/wp\/v2\/posts\/207082\/revisions"}],"wp:featuredmedia":[{"embeddable":true,"href":"https:\/\/portaltela.pt\/api\/wp\/v2\/media\/207085"}],"wp:attachment":[{"href":"https:\/\/portaltela.pt\/api\/wp\/v2\/media?parent=207082"}],"wp:term":[{"taxonomy":"category","embeddable":true,"href":"https:\/\/portaltela.pt\/api\/wp\/v2\/categories?post=207082"},{"taxonomy":"post_tag","embeddable":true,"href":"https:\/\/portaltela.pt\/api\/wp\/v2\/tags?post=207082"}],"curies":[{"name":"wp","href":"https:\/\/api.w.org\/{rel}","templated":true}]}}