{"id":207073,"date":"2026-02-10T14:00:00","date_gmt":"2026-02-10T17:00:00","guid":{"rendered":"https:\/\/portaltela.pt\/noticias\/2026\/02\/10\/tribunal-da-razao-a-senhorio-que-cobra-10-mil-euros-a-loja-historica-de-lisboa\/"},"modified":"2026-02-10T14:00:00","modified_gmt":"2026-02-10T17:00:00","slug":"tribunal-da-razao-a-senhorio-que-cobra-10-mil-euros-a-loja-historica-de-lisboa","status":"publish","type":"post","link":"https:\/\/portaltela.pt\/noticias\/2026\/02\/10\/tribunal-da-razao-a-senhorio-que-cobra-10-mil-euros-a-loja-historica-de-lisboa\/","title":{"rendered":"Tribunal d\u00e1 raz\u00e3o a senhorio que cobra 10 mil euros a loja hist\u00f3rica de Lisboa"},"content":{"rendered":"<p>A Rela\u00e7\u00e3o de Lisboa decidiu a favor do senhorio da Casa Pereira da Concei\u00e7\u00e3o, loja hist\u00f3rica da Baixa de Lisboa, fundada em 1933. O objetivo era subir a renda mensal de 331 euros para 10 mil euros, o que foi recusado pelo tribunal de primeira inst\u00e2ncia.<\/p>\n<p>A loja, classificada como Loja com Hist\u00f3ria, mant\u00e9m-se no ativo desde 1933, em plena Rua Augusta. O processo envolve a Europombalina \u2013 Sociedade Imobili\u00e1ria, Lda., propriet\u00e1ria da frac\u00e7\u00e3o comercial.<\/p>\n<p>A decis\u00e3o de segunda inst\u00e2ncia fundamenta-se na morat\u00f3ria de dez anos \u00e0 aplica\u00e7\u00e3o do NRAU j\u00e1 ter decorrido, segundo o tribunal. Os donos da fra\u00e7\u00e3o recorreram, sustentando viola\u00e7\u00e3o de direitos de propriedade, mas o recurso foi aceite pela Rela\u00e7\u00e3o de Lisboa.<\/p>\n<h3>Decis\u00e3o e implica\u00e7\u00f5es para o espa\u00e7o comercial<\/h3>\n<p>A senten\u00e7a aponta que a morat\u00f3ria prevista no NRAU j\u00e1 expirou, permitindo ao senhorio avan\u00e7ar com a subida de renda. O pr\u00f3ximo passo envolve medidas de despejo a partir do Ver\u00e3o, conforme calend\u00e1rio judicial. A defesa n\u00e3o apresentou mudan\u00e7as relevantes at\u00e9 ao momento.<\/p>\n","protected":false},"excerpt":{"rendered":"<ul>\n<li>O Tribunal da Rela\u00e7\u00e3o de Lisboa deu raz\u00e3o ao senhorio da Casa Pereira da Concei\u00e7\u00e3o, loja hist\u00f3rica na Baixa de Lisboa, para subir a renda mensal de 331 euros para 10 mil euros.<\/li>\n<li>A decis\u00e3o confirma a inten\u00e7\u00e3o de despejar a frac\u00e7\u00e3o comercial a partir do ver\u00e3o, ap\u00f3s a contesta\u00e7\u00e3o inicial de primeira inst\u00e2ncia ter sido revertida pelo tribunal de apelo.<\/li>\n<li>A Casa Pereira da Concei\u00e7\u00e3o, fundada em 1933 e classificada como Loja com Hist\u00f3ria, fica na Rua Augusta.<\/li>\n<li>Os propriet\u00e1rios, Europombalina \u2013 Sociedade Imobili\u00e1ria, Lda., alegavam viola\u00e7\u00e3o dos seus direitos de propriedade e recorreram da decis\u00e3o.<\/li>\n<li>O tribunal de reenvio manteve a posi\u00e7\u00e3o de que a morat\u00f3ria de dez anos \u00e0 aplica\u00e7\u00e3o do NRAU j\u00e1 se cumpriu.<\/li>\n<\/ul>\n","protected":false},"author":2,"featured_media":207077,"comment_status":"closed","ping_status":"closed","sticky":false,"template":"","format":"standard","meta":{"footnotes":""},"categories":[1],"tags":[3014,150,228,981,5745,619],"class_list":["post-207073","post","type-post","status-publish","format-standard","has-post-thumbnail","hentry","category-noticias","tag-arrendamento","tag-habitacao","tag-imobiliario","tag-lisboa","tag-nrau","tag-propriedade-horizontal"],"yoast_head":"<!-- This site is optimized with the Yoast SEO plugin v27.2 - https:\/\/yoast.com\/product\/yoast-seo-wordpress\/ -->\n<title>Tribunal d\u00e1 raz\u00e3o a senhorio que cobra 10 mil euros a loja hist\u00f3rica de Lisboa - Portal Tela Portugal<\/title>\n<meta name=\"robots\" content=\"index, follow, max-snippet:-1, max-image-preview:large, max-video-preview:-1\" \/>\n<meta property=\"og:locale\" content=\"pt_PT\" \/>\n<meta property=\"og:type\" content=\"article\" \/>\n<meta property=\"og:title\" content=\"Tribunal d\u00e1 raz\u00e3o a senhorio que cobra 10 mil euros a loja hist\u00f3rica de Lisboa - Portal Tela Portugal\" \/>\n<meta property=\"og:description\" content=\"O Tribunal da Rela\u00e7\u00e3o de Lisboa deu raz\u00e3o ao senhorio da Casa Pereira da Concei\u00e7\u00e3o, loja hist\u00f3rica na Baixa de Lisboa, para subir a renda mensal de 331 euros para 10 mil euros. A decis\u00e3o confirma a inten\u00e7\u00e3o de despejar a frac\u00e7\u00e3o comercial a partir do ver\u00e3o, ap\u00f3s a contesta\u00e7\u00e3o inicial de primeira inst\u00e2ncia ter sido revertida pelo tribunal de apelo. A Casa Pereira da Concei\u00e7\u00e3o, fundada em 1933 e classificada como Loja com Hist\u00f3ria, fica na Rua Augusta. Os propriet\u00e1rios, Europombalina \u2013 Sociedade Imobili\u00e1ria, Lda., alegavam viola\u00e7\u00e3o dos seus direitos de propriedade e recorreram da decis\u00e3o. O tribunal de reenvio manteve a posi\u00e7\u00e3o de que a morat\u00f3ria de dez anos \u00e0 aplica\u00e7\u00e3o do NRAU j\u00e1 se cumpriu.\" \/>\n<meta property=\"og:url\" content=\"https:\/\/portaltela.pt\/noticias\/2026\/02\/10\/tribunal-da-razao-a-senhorio-que-cobra-10-mil-euros-a-loja-historica-de-lisboa\/\" \/>\n<meta property=\"og:site_name\" content=\"Portal Tela Portugal\" \/>\n<meta property=\"article:published_time\" content=\"2026-02-10T17:00:00+00:00\" \/>\n<meta name=\"author\" content=\"Telinha\" \/>\n<meta name=\"twitter:card\" content=\"summary_large_image\" \/>\n<meta name=\"twitter:label1\" content=\"Escrito por\" \/>\n\t<meta name=\"twitter:data1\" content=\"Telinha\" \/>\n\t<meta name=\"twitter:label2\" content=\"Tempo estimado de leitura\" \/>\n\t<meta name=\"twitter:data2\" content=\"1 minuto\" \/>\n<script type=\"application\/ld+json\" class=\"yoast-schema-graph\">{\"@context\":\"https:\/\/schema.org\",\"@graph\":[{\"@type\":\"Article\",\"@id\":\"https:\/\/portaltela.pt\/noticias\/2026\/02\/10\/tribunal-da-razao-a-senhorio-que-cobra-10-mil-euros-a-loja-historica-de-lisboa\/#article\",\"isPartOf\":{\"@id\":\"https:\/\/portaltela.pt\/noticias\/2026\/02\/10\/tribunal-da-razao-a-senhorio-que-cobra-10-mil-euros-a-loja-historica-de-lisboa\/\"},\"author\":{\"name\":\"Telinha\",\"@id\":\"https:\/\/portaltela.pt\/#\/schema\/person\/c4278d4a6028830caff9ee44b42d32ed\"},\"headline\":\"Tribunal d\u00e1 raz\u00e3o a senhorio que cobra 10 mil euros a loja hist\u00f3rica de Lisboa\",\"datePublished\":\"2026-02-10T17:00:00+00:00\",\"mainEntityOfPage\":{\"@id\":\"https:\/\/portaltela.pt\/noticias\/2026\/02\/10\/tribunal-da-razao-a-senhorio-que-cobra-10-mil-euros-a-loja-historica-de-lisboa\/\"},\"wordCount\":203,\"image\":{\"@id\":\"https:\/\/portaltela.pt\/noticias\/2026\/02\/10\/tribunal-da-razao-a-senhorio-que-cobra-10-mil-euros-a-loja-historica-de-lisboa\/#primaryimage\"},\"thumbnailUrl\":\"https:\/\/portaltela.pt\/s.01k8rhncp4jt1\/2026\/02\/2065883.jpg\",\"keywords\":[\"arrendamento\",\"habita\u00e7\u00e3o\",\"imobili\u00e1rio\",\"Lisboa\",\"NRAU\",\"propriedade horizontal\"],\"articleSection\":[\"Not\u00edcias\"],\"inLanguage\":\"pt-PT\"},{\"@type\":\"WebPage\",\"@id\":\"https:\/\/portaltela.pt\/noticias\/2026\/02\/10\/tribunal-da-razao-a-senhorio-que-cobra-10-mil-euros-a-loja-historica-de-lisboa\/\",\"url\":\"https:\/\/portaltela.pt\/noticias\/2026\/02\/10\/tribunal-da-razao-a-senhorio-que-cobra-10-mil-euros-a-loja-historica-de-lisboa\/\",\"name\":\"Tribunal d\u00e1 raz\u00e3o a senhorio que cobra 10 mil euros a loja hist\u00f3rica de Lisboa - Portal Tela Portugal\",\"isPartOf\":{\"@id\":\"https:\/\/portaltela.pt\/#website\"},\"primaryImageOfPage\":{\"@id\":\"https:\/\/portaltela.pt\/noticias\/2026\/02\/10\/tribunal-da-razao-a-senhorio-que-cobra-10-mil-euros-a-loja-historica-de-lisboa\/#primaryimage\"},\"image\":{\"@id\":\"https:\/\/portaltela.pt\/noticias\/2026\/02\/10\/tribunal-da-razao-a-senhorio-que-cobra-10-mil-euros-a-loja-historica-de-lisboa\/#primaryimage\"},\"thumbnailUrl\":\"https:\/\/portaltela.pt\/s.01k8rhncp4jt1\/2026\/02\/2065883.jpg\",\"datePublished\":\"2026-02-10T17:00:00+00:00\",\"author\":{\"@id\":\"https:\/\/portaltela.pt\/#\/schema\/person\/c4278d4a6028830caff9ee44b42d32ed\"},\"breadcrumb\":{\"@id\":\"https:\/\/portaltela.pt\/noticias\/2026\/02\/10\/tribunal-da-razao-a-senhorio-que-cobra-10-mil-euros-a-loja-historica-de-lisboa\/#breadcrumb\"},\"inLanguage\":\"pt-PT\",\"potentialAction\":[{\"@type\":\"ReadAction\",\"target\":[\"https:\/\/portaltela.pt\/noticias\/2026\/02\/10\/tribunal-da-razao-a-senhorio-que-cobra-10-mil-euros-a-loja-historica-de-lisboa\/\"]}]},{\"@type\":\"ImageObject\",\"inLanguage\":\"pt-PT\",\"@id\":\"https:\/\/portaltela.pt\/noticias\/2026\/02\/10\/tribunal-da-razao-a-senhorio-que-cobra-10-mil-euros-a-loja-historica-de-lisboa\/#primaryimage\",\"url\":\"https:\/\/portaltela.pt\/s.01k8rhncp4jt1\/2026\/02\/2065883.jpg\",\"contentUrl\":\"https:\/\/portaltela.pt\/s.01k8rhncp4jt1\/2026\/02\/2065883.jpg\",\"width\":796,\"height\":448,\"caption\":\"A Casa Pereira da Concei\u00e7\u00e3o vende ch\u00e1s, caf\u00e9s e chocolates, na Rua Augusta, desde 1933\"},{\"@type\":\"BreadcrumbList\",\"@id\":\"https:\/\/portaltela.pt\/noticias\/2026\/02\/10\/tribunal-da-razao-a-senhorio-que-cobra-10-mil-euros-a-loja-historica-de-lisboa\/#breadcrumb\",\"itemListElement\":[{\"@type\":\"ListItem\",\"position\":1,\"name\":\"In\u00edcio\",\"item\":\"https:\/\/portaltela.pt\/\"},{\"@type\":\"ListItem\",\"position\":2,\"name\":\"Tribunal d\u00e1 raz\u00e3o a senhorio que cobra 10 mil euros a loja hist\u00f3rica de Lisboa\"}]},{\"@type\":\"WebSite\",\"@id\":\"https:\/\/portaltela.pt\/#website\",\"url\":\"https:\/\/portaltela.pt\/\",\"name\":\"Portal Tela Portugal\",\"description\":\"\",\"potentialAction\":[{\"@type\":\"SearchAction\",\"target\":{\"@type\":\"EntryPoint\",\"urlTemplate\":\"https:\/\/portaltela.pt\/?s={search_term_string}\"},\"query-input\":{\"@type\":\"PropertyValueSpecification\",\"valueRequired\":true,\"valueName\":\"search_term_string\"}}],\"inLanguage\":\"pt-PT\"},{\"@type\":\"Person\",\"@id\":\"https:\/\/portaltela.pt\/#\/schema\/person\/c4278d4a6028830caff9ee44b42d32ed\",\"name\":\"Telinha\",\"image\":{\"@type\":\"ImageObject\",\"inLanguage\":\"pt-PT\",\"@id\":\"https:\/\/portaltela.pt\/s.01k8rhncp4jt1\/2025\/11\/talking-bot-125x125.png\",\"url\":\"https:\/\/portaltela.pt\/s.01k8rhncp4jt1\/2025\/11\/talking-bot-125x125.png\",\"contentUrl\":\"https:\/\/portaltela.pt\/s.01k8rhncp4jt1\/2025\/11\/talking-bot-125x125.png\",\"caption\":\"Telinha\"},\"sameAs\":[\"https:\/\/portaltela.pt\/\"],\"url\":\"https:\/\/portaltela.pt\/por\/367410592786\/\"}]}<\/script>\n<!-- \/ Yoast SEO plugin. -->","yoast_head_json":{"title":"Tribunal d\u00e1 raz\u00e3o a senhorio que cobra 10 mil euros a loja hist\u00f3rica de Lisboa - Portal Tela Portugal","robots":{"index":"index","follow":"follow","max-snippet":"max-snippet:-1","max-image-preview":"max-image-preview:large","max-video-preview":"max-video-preview:-1"},"og_locale":"pt_PT","og_type":"article","og_title":"Tribunal d\u00e1 raz\u00e3o a senhorio que cobra 10 mil euros a loja hist\u00f3rica de Lisboa - Portal Tela Portugal","og_description":"O Tribunal da Rela\u00e7\u00e3o de Lisboa deu raz\u00e3o ao senhorio da Casa Pereira da Concei\u00e7\u00e3o, loja hist\u00f3rica na Baixa de Lisboa, para subir a renda mensal de 331 euros para 10 mil euros. A decis\u00e3o confirma a inten\u00e7\u00e3o de despejar a frac\u00e7\u00e3o comercial a partir do ver\u00e3o, ap\u00f3s a contesta\u00e7\u00e3o inicial de primeira inst\u00e2ncia ter sido revertida pelo tribunal de apelo. A Casa Pereira da Concei\u00e7\u00e3o, fundada em 1933 e classificada como Loja com Hist\u00f3ria, fica na Rua Augusta. Os propriet\u00e1rios, Europombalina \u2013 Sociedade Imobili\u00e1ria, Lda., alegavam viola\u00e7\u00e3o dos seus direitos de propriedade e recorreram da decis\u00e3o. O tribunal de reenvio manteve a posi\u00e7\u00e3o de que a morat\u00f3ria de dez anos \u00e0 aplica\u00e7\u00e3o do NRAU j\u00e1 se cumpriu.","og_url":"https:\/\/portaltela.pt\/noticias\/2026\/02\/10\/tribunal-da-razao-a-senhorio-que-cobra-10-mil-euros-a-loja-historica-de-lisboa\/","og_site_name":"Portal Tela Portugal","article_published_time":"2026-02-10T17:00:00+00:00","author":"Telinha","twitter_card":"summary_large_image","twitter_misc":{"Escrito por":"Telinha","Tempo estimado de leitura":"1 minuto"},"schema":{"@context":"https:\/\/schema.org","@graph":[{"@type":"Article","@id":"https:\/\/portaltela.pt\/noticias\/2026\/02\/10\/tribunal-da-razao-a-senhorio-que-cobra-10-mil-euros-a-loja-historica-de-lisboa\/#article","isPartOf":{"@id":"https:\/\/portaltela.pt\/noticias\/2026\/02\/10\/tribunal-da-razao-a-senhorio-que-cobra-10-mil-euros-a-loja-historica-de-lisboa\/"},"author":{"name":"Telinha","@id":"https:\/\/portaltela.pt\/#\/schema\/person\/c4278d4a6028830caff9ee44b42d32ed"},"headline":"Tribunal d\u00e1 raz\u00e3o a senhorio que cobra 10 mil euros a loja hist\u00f3rica de Lisboa","datePublished":"2026-02-10T17:00:00+00:00","mainEntityOfPage":{"@id":"https:\/\/portaltela.pt\/noticias\/2026\/02\/10\/tribunal-da-razao-a-senhorio-que-cobra-10-mil-euros-a-loja-historica-de-lisboa\/"},"wordCount":203,"image":{"@id":"https:\/\/portaltela.pt\/noticias\/2026\/02\/10\/tribunal-da-razao-a-senhorio-que-cobra-10-mil-euros-a-loja-historica-de-lisboa\/#primaryimage"},"thumbnailUrl":"https:\/\/portaltela.pt\/s.01k8rhncp4jt1\/2026\/02\/2065883.jpg","keywords":["arrendamento","habita\u00e7\u00e3o","imobili\u00e1rio","Lisboa","NRAU","propriedade horizontal"],"articleSection":["Not\u00edcias"],"inLanguage":"pt-PT"},{"@type":"WebPage","@id":"https:\/\/portaltela.pt\/noticias\/2026\/02\/10\/tribunal-da-razao-a-senhorio-que-cobra-10-mil-euros-a-loja-historica-de-lisboa\/","url":"https:\/\/portaltela.pt\/noticias\/2026\/02\/10\/tribunal-da-razao-a-senhorio-que-cobra-10-mil-euros-a-loja-historica-de-lisboa\/","name":"Tribunal d\u00e1 raz\u00e3o a senhorio que cobra 10 mil euros a loja hist\u00f3rica de Lisboa - Portal Tela Portugal","isPartOf":{"@id":"https:\/\/portaltela.pt\/#website"},"primaryImageOfPage":{"@id":"https:\/\/portaltela.pt\/noticias\/2026\/02\/10\/tribunal-da-razao-a-senhorio-que-cobra-10-mil-euros-a-loja-historica-de-lisboa\/#primaryimage"},"image":{"@id":"https:\/\/portaltela.pt\/noticias\/2026\/02\/10\/tribunal-da-razao-a-senhorio-que-cobra-10-mil-euros-a-loja-historica-de-lisboa\/#primaryimage"},"thumbnailUrl":"https:\/\/portaltela.pt\/s.01k8rhncp4jt1\/2026\/02\/2065883.jpg","datePublished":"2026-02-10T17:00:00+00:00","author":{"@id":"https:\/\/portaltela.pt\/#\/schema\/person\/c4278d4a6028830caff9ee44b42d32ed"},"breadcrumb":{"@id":"https:\/\/portaltela.pt\/noticias\/2026\/02\/10\/tribunal-da-razao-a-senhorio-que-cobra-10-mil-euros-a-loja-historica-de-lisboa\/#breadcrumb"},"inLanguage":"pt-PT","potentialAction":[{"@type":"ReadAction","target":["https:\/\/portaltela.pt\/noticias\/2026\/02\/10\/tribunal-da-razao-a-senhorio-que-cobra-10-mil-euros-a-loja-historica-de-lisboa\/"]}]},{"@type":"ImageObject","inLanguage":"pt-PT","@id":"https:\/\/portaltela.pt\/noticias\/2026\/02\/10\/tribunal-da-razao-a-senhorio-que-cobra-10-mil-euros-a-loja-historica-de-lisboa\/#primaryimage","url":"https:\/\/portaltela.pt\/s.01k8rhncp4jt1\/2026\/02\/2065883.jpg","contentUrl":"https:\/\/portaltela.pt\/s.01k8rhncp4jt1\/2026\/02\/2065883.jpg","width":796,"height":448,"caption":"A Casa Pereira da Concei\u00e7\u00e3o vende ch\u00e1s, caf\u00e9s e chocolates, na Rua Augusta, desde 1933"},{"@type":"BreadcrumbList","@id":"https:\/\/portaltela.pt\/noticias\/2026\/02\/10\/tribunal-da-razao-a-senhorio-que-cobra-10-mil-euros-a-loja-historica-de-lisboa\/#breadcrumb","itemListElement":[{"@type":"ListItem","position":1,"name":"In\u00edcio","item":"https:\/\/portaltela.pt\/"},{"@type":"ListItem","position":2,"name":"Tribunal d\u00e1 raz\u00e3o a senhorio que cobra 10 mil euros a loja hist\u00f3rica de Lisboa"}]},{"@type":"WebSite","@id":"https:\/\/portaltela.pt\/#website","url":"https:\/\/portaltela.pt\/","name":"Portal Tela Portugal","description":"","potentialAction":[{"@type":"SearchAction","target":{"@type":"EntryPoint","urlTemplate":"https:\/\/portaltela.pt\/?s={search_term_string}"},"query-input":{"@type":"PropertyValueSpecification","valueRequired":true,"valueName":"search_term_string"}}],"inLanguage":"pt-PT"},{"@type":"Person","@id":"https:\/\/portaltela.pt\/#\/schema\/person\/c4278d4a6028830caff9ee44b42d32ed","name":"Telinha","image":{"@type":"ImageObject","inLanguage":"pt-PT","@id":"https:\/\/portaltela.pt\/s.01k8rhncp4jt1\/2025\/11\/talking-bot-125x125.png","url":"https:\/\/portaltela.pt\/s.01k8rhncp4jt1\/2025\/11\/talking-bot-125x125.png","contentUrl":"https:\/\/portaltela.pt\/s.01k8rhncp4jt1\/2025\/11\/talking-bot-125x125.png","caption":"Telinha"},"sameAs":["https:\/\/portaltela.pt\/"],"url":"https:\/\/portaltela.pt\/por\/367410592786\/"}]}},"_links":{"self":[{"href":"https:\/\/portaltela.pt\/api\/wp\/v2\/posts\/207073","targetHints":{"allow":["GET"]}}],"collection":[{"href":"https:\/\/portaltela.pt\/api\/wp\/v2\/posts"}],"about":[{"href":"https:\/\/portaltela.pt\/api\/wp\/v2\/types\/post"}],"author":[{"embeddable":true,"href":"https:\/\/portaltela.pt\/api\/wp\/v2\/users\/2"}],"replies":[{"embeddable":true,"href":"https:\/\/portaltela.pt\/api\/wp\/v2\/comments?post=207073"}],"version-history":[{"count":0,"href":"https:\/\/portaltela.pt\/api\/wp\/v2\/posts\/207073\/revisions"}],"wp:featuredmedia":[{"embeddable":true,"href":"https:\/\/portaltela.pt\/api\/wp\/v2\/media\/207077"}],"wp:attachment":[{"href":"https:\/\/portaltela.pt\/api\/wp\/v2\/media?parent=207073"}],"wp:term":[{"taxonomy":"category","embeddable":true,"href":"https:\/\/portaltela.pt\/api\/wp\/v2\/categories?post=207073"},{"taxonomy":"post_tag","embeddable":true,"href":"https:\/\/portaltela.pt\/api\/wp\/v2\/tags?post=207073"}],"curies":[{"name":"wp","href":"https:\/\/api.w.org\/{rel}","templated":true}]}}