{"id":207066,"date":"2026-02-10T13:39:00","date_gmt":"2026-02-10T16:39:00","guid":{"rendered":"https:\/\/portaltela.pt\/noticias\/2026\/02\/10\/caminho-de-ferro-junto-ao-tejo-resiste-e-apoia-populacoes\/"},"modified":"2026-02-10T13:39:00","modified_gmt":"2026-02-10T16:39:00","slug":"caminho-de-ferro-junto-ao-tejo-resiste-e-apoia-populacoes","status":"publish","type":"post","link":"https:\/\/portaltela.pt\/noticias\/2026\/02\/10\/caminho-de-ferro-junto-ao-tejo-resiste-e-apoia-populacoes\/","title":{"rendered":"Caminho-de-ferro junto ao Tejo resiste e apoia popula\u00e7\u00f5es"},"content":{"rendered":"<p>Circula\u00e7\u00f5es especiais da CP e da Medway desbloquearam o isolamento e ajudaram na prote\u00e7\u00e3o civil junto ao Tejo, na Valada do Ribatejo. Em pleno mau tempo, apenas uma linha de caminho-de-ferro permanece oper\u00e1vel para chegar a zonas isoladas e transportar sacos de areia.<\/p>\n<p>O ramal de Vendas Novas, entre Setil e Vendas Novas, continua ativo apenas para mercadorias. Nesta ter\u00e7a-feira, 9 de Fevereiro, a Medway organizou um comboio especial para carregar sacos de areia destinados a construir um dique de prote\u00e7\u00e3o contra cheias na Valada.<\/p>\n<p>Com estradas cortadas, a Prote\u00e7\u00e3o Civil pediu \u00e0 Medway apoio log\u00edstico. A locomotiva e dois vag\u00f5es-plataforma seguiram at\u00e9 perto de Muge, em Salvaterra de Magos, para descarregar os sacos no apeadeiro da Valada, num transporte em via f\u00e9rrea.<\/p>\n<p>Para carregar os sacos, foi necess\u00e1rio cortar a tens\u00e3o da caten\u00e1ria, em coordena\u00e7\u00e3o com a IP \u2013 Infraestruturas de Portugal. A opera\u00e7\u00e3o permitiu refor\u00e7ar a defesa contra inunda\u00e7\u00f5es na zona ribeirinha.<\/p>\n<p>Bruno Silva, diretor-executivo da Medway, afirmou que a ferrovia tem potencial para apoiar em trag\u00e9dias e em grandes conjun\u00e7\u00f5es de \u00e1gua para combate a inc\u00eandios ou seca. Lembrou que planos de conting\u00eancia devem ser pr\u00e9-definidos para r\u00e1pida ativa\u00e7\u00e3o.<\/p>\n<p>Nos dias 7 e 10 de Fevereiro, a CP j\u00e1 realizou dois comboios especiais entre Azambuja e Muge para abastecimento e transporte de passageiros em zonas isoladas. A C\u00e2mara do Cartaxo solicitou o servi\u00e7o \u00e0 CP.<\/p>\n<p>A automotora da CP realizou paragens em Ponte do Reguengo e Morgado, para transportar crian\u00e7as para escolas e trabalhadores para os seus empregos. A viagem foi de 26 minutos, com sa\u00edda \u00e0s 8h20 e regresso ap\u00f3s as 18h00.<\/p>\n<p>O CP e a autarquia anunciaram a iniciativa como uma resposta a situa\u00e7\u00f5es de emerg\u00eancia, com foco na mobilidade de popula\u00e7\u00f5es afetadas. A CP n\u00e3o disponibilizou mais informa\u00e7\u00f5es sobre a opera\u00e7\u00e3o em curso.<\/p>\n<p>Esta \u00e9 a primeira vez, em 15 anos, que retorna um servi\u00e7o de passageiros na linha de Vendas Novas em circunst\u00e2ncias excepcionais. Entre 2009 e 2011 houve um servi\u00e7o regular entre Setil e Coruche, j\u00e1 interrompido desde ent\u00e3o.<\/p>\n<p>Fora desta linha, a rede ferrovi\u00e1ria enfrenta novas interrup\u00e7\u00f5es. A linha do Norte est\u00e1 cortada entre Cacia e Estarreja, afetando longos percursos e servi\u00e7os suburbanos Porto \u2013 Aveiro. As inunda\u00e7\u00f5es tamb\u00e9m afetam a linha entre Coimbra e Figueira da Foz.<\/p>\n<p>A circula\u00e7\u00e3o est\u00e1 ainda interrompida na Beira Alta, devido a obras na regi\u00e3o entre R\u00e9gua e Pocinho. O abastecimento de madeira para a Celbi e a Navigator tamb\u00e9m ficou interrompido pela falta de servi\u00e7o entre Mondego e as f\u00e1bricas.<\/p>\n<p>Na linha de Cascais, o servi\u00e7o decorre em regime degradado, com apenas dois comboios por meia hora, em ambos os sentidos, reduzindo significativamente a frequ\u00eancia habitual.<\/p>\n","protected":false},"excerpt":{"rendered":"<ul>\n<li>Medway, em articula\u00e7\u00e3o com a Prote\u00e7\u00e3o Civil e a Infraestruturas de Portugal, realizou um comboio especial para transportar sacos de areia destinados a construir um dique na Valada do Ribatejo, devido ao avan\u00e7o das \u00e1guas do Tejo.<\/li>\n<li>A opera\u00e7\u00e3o utilizou uma locomotiva e dois vag\u00f5es-plataforma, com carregamento de sacos de areia junto a Muge e descarga no apeadeiro da Valada, sendo necess\u00e1rio cortar a caten\u00e1ria para o carregamento.<\/li>\n<li>A C\u00e2mara do Cartaxo pediu o servi\u00e7o e a CP integrou-o, com a automotora a parar em Ponte do Reguengo e Morgado para transportar crian\u00e7as para as escolas e adultos que trabalham, numa viagem de 26 minutos entre os dois extremos, pelas 8h20, com retorno depois das 18h00.<\/li>\n<li>A CP realizou ainda dois comboios especiais entre Azambuja e Muge nos dias 7 e 10 de fevereiro para levar mantimentos e transportar passageiros para zonas isoladas; trata-se da primeira circula\u00e7\u00e3o de passageiros na linha de Vendas Novas em cerca de quinze anos.<\/li>\n<li>Em paralelo, a rede ferrovi\u00e1ria nacional continua marcada por interrup\u00e7\u00f5es: linha do Norte entre Cacia e Estarreja, linhas do Oeste e do Douro com constrangimentos, interrup\u00e7\u00e3o na Linha do Mondego e altera\u00e7\u00f5es de servi\u00e7o nos Intercidades entre a Beira Alta, entre outros, devido \u00e0s cheias e obras.<\/li>\n<\/ul>\n","protected":false},"author":2,"featured_media":207069,"comment_status":"closed","ping_status":"closed","sticky":false,"template":"","format":"standard","meta":{"footnotes":""},"categories":[1],"tags":[3683,3191,320,2408,4535,4112],"class_list":["post-207066","post","type-post","status-publish","format-standard","has-post-thumbnail","hentry","category-noticias","tag-comboios","tag-cp","tag-protecao-civil","tag-tejo","tag-transporte-publico","tag-vendas-novas"],"yoast_head":"<!-- This site is optimized with the Yoast SEO plugin v27.2 - https:\/\/yoast.com\/product\/yoast-seo-wordpress\/ -->\n<title>Caminho-de-ferro junto ao Tejo resiste e apoia popula\u00e7\u00f5es - Portal Tela Portugal<\/title>\n<meta name=\"robots\" content=\"index, follow, max-snippet:-1, max-image-preview:large, max-video-preview:-1\" \/>\n<meta property=\"og:locale\" content=\"pt_PT\" \/>\n<meta property=\"og:type\" content=\"article\" \/>\n<meta property=\"og:title\" content=\"Caminho-de-ferro junto ao Tejo resiste e apoia popula\u00e7\u00f5es - Portal Tela Portugal\" \/>\n<meta property=\"og:description\" content=\"Medway, em articula\u00e7\u00e3o com a Prote\u00e7\u00e3o Civil e a Infraestruturas de Portugal, realizou um comboio especial para transportar sacos de areia destinados a construir um dique na Valada do Ribatejo, devido ao avan\u00e7o das \u00e1guas do Tejo. A opera\u00e7\u00e3o utilizou uma locomotiva e dois vag\u00f5es-plataforma, com carregamento de sacos de areia junto a Muge e descarga no apeadeiro da Valada, sendo necess\u00e1rio cortar a caten\u00e1ria para o carregamento. A C\u00e2mara do Cartaxo pediu o servi\u00e7o e a CP integrou-o, com a automotora a parar em Ponte do Reguengo e Morgado para transportar crian\u00e7as para as escolas e adultos que trabalham, numa viagem de 26 minutos entre os dois extremos, pelas 8h20, com retorno depois das 18h00. A CP realizou ainda dois comboios especiais entre Azambuja e Muge nos dias 7 e 10 de fevereiro para levar mantimentos e transportar passageiros para zonas isoladas; trata-se da primeira circula\u00e7\u00e3o de passageiros na linha de Vendas Novas em cerca de quinze anos. Em paralelo, a rede ferrovi\u00e1ria nacional continua marcada por interrup\u00e7\u00f5es: linha do Norte entre Cacia e Estarreja, linhas do Oeste e do Douro com constrangimentos, interrup\u00e7\u00e3o na Linha do Mondego e altera\u00e7\u00f5es de servi\u00e7o nos Intercidades entre a Beira Alta, entre outros, devido \u00e0s cheias e obras.\" \/>\n<meta property=\"og:url\" content=\"https:\/\/portaltela.pt\/noticias\/2026\/02\/10\/caminho-de-ferro-junto-ao-tejo-resiste-e-apoia-populacoes\/\" \/>\n<meta property=\"og:site_name\" content=\"Portal Tela Portugal\" \/>\n<meta property=\"article:published_time\" content=\"2026-02-10T16:39:00+00:00\" \/>\n<meta name=\"author\" content=\"Telinha\" \/>\n<meta name=\"twitter:card\" content=\"summary_large_image\" \/>\n<meta name=\"twitter:label1\" content=\"Escrito por\" \/>\n\t<meta name=\"twitter:data1\" content=\"Telinha\" \/>\n\t<meta name=\"twitter:label2\" content=\"Tempo estimado de leitura\" \/>\n\t<meta name=\"twitter:data2\" content=\"2 minutos\" \/>\n<script type=\"application\/ld+json\" class=\"yoast-schema-graph\">{\"@context\":\"https:\/\/schema.org\",\"@graph\":[{\"@type\":\"Article\",\"@id\":\"https:\/\/portaltela.pt\/noticias\/2026\/02\/10\/caminho-de-ferro-junto-ao-tejo-resiste-e-apoia-populacoes\/#article\",\"isPartOf\":{\"@id\":\"https:\/\/portaltela.pt\/noticias\/2026\/02\/10\/caminho-de-ferro-junto-ao-tejo-resiste-e-apoia-populacoes\/\"},\"author\":{\"name\":\"Telinha\",\"@id\":\"https:\/\/portaltela.pt\/#\/schema\/person\/c4278d4a6028830caff9ee44b42d32ed\"},\"headline\":\"Caminho-de-ferro junto ao Tejo resiste e apoia popula\u00e7\u00f5es\",\"datePublished\":\"2026-02-10T16:39:00+00:00\",\"mainEntityOfPage\":{\"@id\":\"https:\/\/portaltela.pt\/noticias\/2026\/02\/10\/caminho-de-ferro-junto-ao-tejo-resiste-e-apoia-populacoes\/\"},\"wordCount\":490,\"image\":{\"@id\":\"https:\/\/portaltela.pt\/noticias\/2026\/02\/10\/caminho-de-ferro-junto-ao-tejo-resiste-e-apoia-populacoes\/#primaryimage\"},\"thumbnailUrl\":\"https:\/\/portaltela.pt\/s.01k8rhncp4jt1\/2026\/02\/2164322.jpg\",\"keywords\":[\"comboios\",\"CP\",\"prote\u00e7\u00e3o civil\",\"Tejo\",\"transporte p\u00fablico\",\"Vendas Novas\"],\"articleSection\":[\"Not\u00edcias\"],\"inLanguage\":\"pt-PT\"},{\"@type\":\"WebPage\",\"@id\":\"https:\/\/portaltela.pt\/noticias\/2026\/02\/10\/caminho-de-ferro-junto-ao-tejo-resiste-e-apoia-populacoes\/\",\"url\":\"https:\/\/portaltela.pt\/noticias\/2026\/02\/10\/caminho-de-ferro-junto-ao-tejo-resiste-e-apoia-populacoes\/\",\"name\":\"Caminho-de-ferro junto ao Tejo resiste e apoia popula\u00e7\u00f5es - Portal Tela Portugal\",\"isPartOf\":{\"@id\":\"https:\/\/portaltela.pt\/#website\"},\"primaryImageOfPage\":{\"@id\":\"https:\/\/portaltela.pt\/noticias\/2026\/02\/10\/caminho-de-ferro-junto-ao-tejo-resiste-e-apoia-populacoes\/#primaryimage\"},\"image\":{\"@id\":\"https:\/\/portaltela.pt\/noticias\/2026\/02\/10\/caminho-de-ferro-junto-ao-tejo-resiste-e-apoia-populacoes\/#primaryimage\"},\"thumbnailUrl\":\"https:\/\/portaltela.pt\/s.01k8rhncp4jt1\/2026\/02\/2164322.jpg\",\"datePublished\":\"2026-02-10T16:39:00+00:00\",\"author\":{\"@id\":\"https:\/\/portaltela.pt\/#\/schema\/person\/c4278d4a6028830caff9ee44b42d32ed\"},\"breadcrumb\":{\"@id\":\"https:\/\/portaltela.pt\/noticias\/2026\/02\/10\/caminho-de-ferro-junto-ao-tejo-resiste-e-apoia-populacoes\/#breadcrumb\"},\"inLanguage\":\"pt-PT\",\"potentialAction\":[{\"@type\":\"ReadAction\",\"target\":[\"https:\/\/portaltela.pt\/noticias\/2026\/02\/10\/caminho-de-ferro-junto-ao-tejo-resiste-e-apoia-populacoes\/\"]}]},{\"@type\":\"ImageObject\",\"inLanguage\":\"pt-PT\",\"@id\":\"https:\/\/portaltela.pt\/noticias\/2026\/02\/10\/caminho-de-ferro-junto-ao-tejo-resiste-e-apoia-populacoes\/#primaryimage\",\"url\":\"https:\/\/portaltela.pt\/s.01k8rhncp4jt1\/2026\/02\/2164322.jpg\",\"contentUrl\":\"https:\/\/portaltela.pt\/s.01k8rhncp4jt1\/2026\/02\/2164322.jpg\",\"width\":796,\"height\":448,\"caption\":\"Photo\"},{\"@type\":\"BreadcrumbList\",\"@id\":\"https:\/\/portaltela.pt\/noticias\/2026\/02\/10\/caminho-de-ferro-junto-ao-tejo-resiste-e-apoia-populacoes\/#breadcrumb\",\"itemListElement\":[{\"@type\":\"ListItem\",\"position\":1,\"name\":\"In\u00edcio\",\"item\":\"https:\/\/portaltela.pt\/\"},{\"@type\":\"ListItem\",\"position\":2,\"name\":\"Caminho-de-ferro junto ao Tejo resiste e apoia popula\u00e7\u00f5es\"}]},{\"@type\":\"WebSite\",\"@id\":\"https:\/\/portaltela.pt\/#website\",\"url\":\"https:\/\/portaltela.pt\/\",\"name\":\"Portal Tela Portugal\",\"description\":\"\",\"potentialAction\":[{\"@type\":\"SearchAction\",\"target\":{\"@type\":\"EntryPoint\",\"urlTemplate\":\"https:\/\/portaltela.pt\/?s={search_term_string}\"},\"query-input\":{\"@type\":\"PropertyValueSpecification\",\"valueRequired\":true,\"valueName\":\"search_term_string\"}}],\"inLanguage\":\"pt-PT\"},{\"@type\":\"Person\",\"@id\":\"https:\/\/portaltela.pt\/#\/schema\/person\/c4278d4a6028830caff9ee44b42d32ed\",\"name\":\"Telinha\",\"image\":{\"@type\":\"ImageObject\",\"inLanguage\":\"pt-PT\",\"@id\":\"https:\/\/portaltela.pt\/s.01k8rhncp4jt1\/2025\/11\/talking-bot-125x125.png\",\"url\":\"https:\/\/portaltela.pt\/s.01k8rhncp4jt1\/2025\/11\/talking-bot-125x125.png\",\"contentUrl\":\"https:\/\/portaltela.pt\/s.01k8rhncp4jt1\/2025\/11\/talking-bot-125x125.png\",\"caption\":\"Telinha\"},\"sameAs\":[\"https:\/\/portaltela.pt\/\"],\"url\":\"https:\/\/portaltela.pt\/por\/367410592786\/\"}]}<\/script>\n<!-- \/ Yoast SEO plugin. -->","yoast_head_json":{"title":"Caminho-de-ferro junto ao Tejo resiste e apoia popula\u00e7\u00f5es - Portal Tela Portugal","robots":{"index":"index","follow":"follow","max-snippet":"max-snippet:-1","max-image-preview":"max-image-preview:large","max-video-preview":"max-video-preview:-1"},"og_locale":"pt_PT","og_type":"article","og_title":"Caminho-de-ferro junto ao Tejo resiste e apoia popula\u00e7\u00f5es - Portal Tela Portugal","og_description":"Medway, em articula\u00e7\u00e3o com a Prote\u00e7\u00e3o Civil e a Infraestruturas de Portugal, realizou um comboio especial para transportar sacos de areia destinados a construir um dique na Valada do Ribatejo, devido ao avan\u00e7o das \u00e1guas do Tejo. A opera\u00e7\u00e3o utilizou uma locomotiva e dois vag\u00f5es-plataforma, com carregamento de sacos de areia junto a Muge e descarga no apeadeiro da Valada, sendo necess\u00e1rio cortar a caten\u00e1ria para o carregamento. A C\u00e2mara do Cartaxo pediu o servi\u00e7o e a CP integrou-o, com a automotora a parar em Ponte do Reguengo e Morgado para transportar crian\u00e7as para as escolas e adultos que trabalham, numa viagem de 26 minutos entre os dois extremos, pelas 8h20, com retorno depois das 18h00. A CP realizou ainda dois comboios especiais entre Azambuja e Muge nos dias 7 e 10 de fevereiro para levar mantimentos e transportar passageiros para zonas isoladas; trata-se da primeira circula\u00e7\u00e3o de passageiros na linha de Vendas Novas em cerca de quinze anos. Em paralelo, a rede ferrovi\u00e1ria nacional continua marcada por interrup\u00e7\u00f5es: linha do Norte entre Cacia e Estarreja, linhas do Oeste e do Douro com constrangimentos, interrup\u00e7\u00e3o na Linha do Mondego e altera\u00e7\u00f5es de servi\u00e7o nos Intercidades entre a Beira Alta, entre outros, devido \u00e0s cheias e obras.","og_url":"https:\/\/portaltela.pt\/noticias\/2026\/02\/10\/caminho-de-ferro-junto-ao-tejo-resiste-e-apoia-populacoes\/","og_site_name":"Portal Tela Portugal","article_published_time":"2026-02-10T16:39:00+00:00","author":"Telinha","twitter_card":"summary_large_image","twitter_misc":{"Escrito por":"Telinha","Tempo estimado de leitura":"2 minutos"},"schema":{"@context":"https:\/\/schema.org","@graph":[{"@type":"Article","@id":"https:\/\/portaltela.pt\/noticias\/2026\/02\/10\/caminho-de-ferro-junto-ao-tejo-resiste-e-apoia-populacoes\/#article","isPartOf":{"@id":"https:\/\/portaltela.pt\/noticias\/2026\/02\/10\/caminho-de-ferro-junto-ao-tejo-resiste-e-apoia-populacoes\/"},"author":{"name":"Telinha","@id":"https:\/\/portaltela.pt\/#\/schema\/person\/c4278d4a6028830caff9ee44b42d32ed"},"headline":"Caminho-de-ferro junto ao Tejo resiste e apoia popula\u00e7\u00f5es","datePublished":"2026-02-10T16:39:00+00:00","mainEntityOfPage":{"@id":"https:\/\/portaltela.pt\/noticias\/2026\/02\/10\/caminho-de-ferro-junto-ao-tejo-resiste-e-apoia-populacoes\/"},"wordCount":490,"image":{"@id":"https:\/\/portaltela.pt\/noticias\/2026\/02\/10\/caminho-de-ferro-junto-ao-tejo-resiste-e-apoia-populacoes\/#primaryimage"},"thumbnailUrl":"https:\/\/portaltela.pt\/s.01k8rhncp4jt1\/2026\/02\/2164322.jpg","keywords":["comboios","CP","prote\u00e7\u00e3o civil","Tejo","transporte p\u00fablico","Vendas Novas"],"articleSection":["Not\u00edcias"],"inLanguage":"pt-PT"},{"@type":"WebPage","@id":"https:\/\/portaltela.pt\/noticias\/2026\/02\/10\/caminho-de-ferro-junto-ao-tejo-resiste-e-apoia-populacoes\/","url":"https:\/\/portaltela.pt\/noticias\/2026\/02\/10\/caminho-de-ferro-junto-ao-tejo-resiste-e-apoia-populacoes\/","name":"Caminho-de-ferro junto ao Tejo resiste e apoia popula\u00e7\u00f5es - Portal Tela Portugal","isPartOf":{"@id":"https:\/\/portaltela.pt\/#website"},"primaryImageOfPage":{"@id":"https:\/\/portaltela.pt\/noticias\/2026\/02\/10\/caminho-de-ferro-junto-ao-tejo-resiste-e-apoia-populacoes\/#primaryimage"},"image":{"@id":"https:\/\/portaltela.pt\/noticias\/2026\/02\/10\/caminho-de-ferro-junto-ao-tejo-resiste-e-apoia-populacoes\/#primaryimage"},"thumbnailUrl":"https:\/\/portaltela.pt\/s.01k8rhncp4jt1\/2026\/02\/2164322.jpg","datePublished":"2026-02-10T16:39:00+00:00","author":{"@id":"https:\/\/portaltela.pt\/#\/schema\/person\/c4278d4a6028830caff9ee44b42d32ed"},"breadcrumb":{"@id":"https:\/\/portaltela.pt\/noticias\/2026\/02\/10\/caminho-de-ferro-junto-ao-tejo-resiste-e-apoia-populacoes\/#breadcrumb"},"inLanguage":"pt-PT","potentialAction":[{"@type":"ReadAction","target":["https:\/\/portaltela.pt\/noticias\/2026\/02\/10\/caminho-de-ferro-junto-ao-tejo-resiste-e-apoia-populacoes\/"]}]},{"@type":"ImageObject","inLanguage":"pt-PT","@id":"https:\/\/portaltela.pt\/noticias\/2026\/02\/10\/caminho-de-ferro-junto-ao-tejo-resiste-e-apoia-populacoes\/#primaryimage","url":"https:\/\/portaltela.pt\/s.01k8rhncp4jt1\/2026\/02\/2164322.jpg","contentUrl":"https:\/\/portaltela.pt\/s.01k8rhncp4jt1\/2026\/02\/2164322.jpg","width":796,"height":448,"caption":"Photo"},{"@type":"BreadcrumbList","@id":"https:\/\/portaltela.pt\/noticias\/2026\/02\/10\/caminho-de-ferro-junto-ao-tejo-resiste-e-apoia-populacoes\/#breadcrumb","itemListElement":[{"@type":"ListItem","position":1,"name":"In\u00edcio","item":"https:\/\/portaltela.pt\/"},{"@type":"ListItem","position":2,"name":"Caminho-de-ferro junto ao Tejo resiste e apoia popula\u00e7\u00f5es"}]},{"@type":"WebSite","@id":"https:\/\/portaltela.pt\/#website","url":"https:\/\/portaltela.pt\/","name":"Portal Tela Portugal","description":"","potentialAction":[{"@type":"SearchAction","target":{"@type":"EntryPoint","urlTemplate":"https:\/\/portaltela.pt\/?s={search_term_string}"},"query-input":{"@type":"PropertyValueSpecification","valueRequired":true,"valueName":"search_term_string"}}],"inLanguage":"pt-PT"},{"@type":"Person","@id":"https:\/\/portaltela.pt\/#\/schema\/person\/c4278d4a6028830caff9ee44b42d32ed","name":"Telinha","image":{"@type":"ImageObject","inLanguage":"pt-PT","@id":"https:\/\/portaltela.pt\/s.01k8rhncp4jt1\/2025\/11\/talking-bot-125x125.png","url":"https:\/\/portaltela.pt\/s.01k8rhncp4jt1\/2025\/11\/talking-bot-125x125.png","contentUrl":"https:\/\/portaltela.pt\/s.01k8rhncp4jt1\/2025\/11\/talking-bot-125x125.png","caption":"Telinha"},"sameAs":["https:\/\/portaltela.pt\/"],"url":"https:\/\/portaltela.pt\/por\/367410592786\/"}]}},"_links":{"self":[{"href":"https:\/\/portaltela.pt\/api\/wp\/v2\/posts\/207066","targetHints":{"allow":["GET"]}}],"collection":[{"href":"https:\/\/portaltela.pt\/api\/wp\/v2\/posts"}],"about":[{"href":"https:\/\/portaltela.pt\/api\/wp\/v2\/types\/post"}],"author":[{"embeddable":true,"href":"https:\/\/portaltela.pt\/api\/wp\/v2\/users\/2"}],"replies":[{"embeddable":true,"href":"https:\/\/portaltela.pt\/api\/wp\/v2\/comments?post=207066"}],"version-history":[{"count":0,"href":"https:\/\/portaltela.pt\/api\/wp\/v2\/posts\/207066\/revisions"}],"wp:featuredmedia":[{"embeddable":true,"href":"https:\/\/portaltela.pt\/api\/wp\/v2\/media\/207069"}],"wp:attachment":[{"href":"https:\/\/portaltela.pt\/api\/wp\/v2\/media?parent=207066"}],"wp:term":[{"taxonomy":"category","embeddable":true,"href":"https:\/\/portaltela.pt\/api\/wp\/v2\/categories?post=207066"},{"taxonomy":"post_tag","embeddable":true,"href":"https:\/\/portaltela.pt\/api\/wp\/v2\/tags?post=207066"}],"curies":[{"name":"wp","href":"https:\/\/api.w.org\/{rel}","templated":true}]}}