{"id":207062,"date":"2026-02-10T13:49:00","date_gmt":"2026-02-10T16:49:00","guid":{"rendered":"https:\/\/portaltela.pt\/noticias\/2026\/02\/10\/festa-epstein-com-entrada-gratuita-para-mulheres-cancelada-e-promotor-detido\/"},"modified":"2026-02-10T13:49:00","modified_gmt":"2026-02-10T16:49:00","slug":"festa-epstein-com-entrada-gratuita-para-mulheres-cancelada-e-promotor-detido","status":"publish","type":"post","link":"https:\/\/portaltela.pt\/noticias\/2026\/02\/10\/festa-epstein-com-entrada-gratuita-para-mulheres-cancelada-e-promotor-detido\/","title":{"rendered":"Festa Epstein com entrada gratuita para mulheres cancelada e promotor detido"},"content":{"rendered":"<p>Uma festa chamada \u201cEpstein\u201d, organizada numa discoteca do Cairo, foi proibida e o organizador detido, confirmou o Minist\u00e9rio do Interior do Egito. O evento, com entrada gratuita para mulheres, estava marcado para a noite de hoje.<\/p>\n<p>A medida ocorreu ap\u00f3s o an\u00fancio de que a festa n\u00e3o tinha obtido as autoriza\u00e7\u00f5es legais necess\u00e1rias. As autoridades iniciaram processos legais para impedir a celebra\u00e7\u00e3o e deter o organizador, referido pela pol\u00edcia em comunicado oficial.<\/p>\n<p>O caso surgiu ap\u00f3s uma den\u00fancia de uma mulher, que se indignou com a divulga\u00e7\u00e3o nas redes sociais de um v\u00eddeo promocional. Fotografia do organizador aparece no relat\u00f3rio, com o rosto desfocado, e o panfleto publicit\u00e1rio foi partilhado pela imprensa.<\/p>\n<p>O local emitiu uma declara\u00e7\u00e3o destacando que a discoteca n\u00e3o \u00e9 respons\u00e1vel pela iniciativa. Um dos tr\u00eas DJs anunciados no panfleto negou envolvimento com o evento, contactado pela AFP.<\/p>\n<p>Contexto e repercuss\u00f5es<\/p>\n<p>Os documentos divulgados pelos promotores norte-americanos relacionam-se com o caso de Jeffrey Epstein, um financeiro condenado por crimes sexuais envolvendo menores. Epstein morreu em 2019 numa cela, durante o aguardado julgamento.<\/p>\n","protected":false},"excerpt":{"rendered":"<ul>\n<li>O Minist\u00e9rio do Interior do Egipto informou que uma \u201cfesta Epstein\u201d planeada numa discoteca no Cairo foi proibida e o organizador detido, por n\u00e3o ter autoriza\u00e7\u00e3o das autoridades.<\/li>\n<li>O evento, marcado para hoje \u00e0 noite, oferecia entrada gratuita para mulheres.<\/li>\n<li>A interven\u00e7\u00e3o ocorre num contexto de divulga\u00e7\u00e3o de novos documentos do arquivo Epstein, pelos Estados Unidos, a 30 de janeiro.<\/li>\n<li>As autoridades iniciaram processos legais e publicaram fotografias do organizador com o rosto desfocado.<\/li>\n<li>A discoteca discriminou-se da iniciativa, e um dos tr\u00eas DJs anunciados negou envolvimento.<\/li>\n<\/ul>\n","protected":false},"author":2,"featured_media":207070,"comment_status":"closed","ping_status":"closed","sticky":false,"template":"","format":"standard","meta":{"footnotes":""},"categories":[1],"tags":[3990,5065,5656,3336,5194,4343],"class_list":["post-207062","post","type-post","status-publish","format-standard","has-post-thumbnail","hentry","category-noticias","tag-crimes-sexuais","tag-crimes-sexuais-contra-menores","tag-criminalidade","tag-egito","tag-exploracao-de-menores","tag-prisoes"],"yoast_head":"<!-- This site is optimized with the Yoast SEO plugin v27.2 - https:\/\/yoast.com\/product\/yoast-seo-wordpress\/ -->\n<title>Festa Epstein com entrada gratuita para mulheres cancelada e promotor detido - Portal Tela Portugal<\/title>\n<meta name=\"robots\" content=\"index, follow, max-snippet:-1, max-image-preview:large, max-video-preview:-1\" \/>\n<meta property=\"og:locale\" content=\"pt_PT\" \/>\n<meta property=\"og:type\" content=\"article\" \/>\n<meta property=\"og:title\" content=\"Festa Epstein com entrada gratuita para mulheres cancelada e promotor detido - Portal Tela Portugal\" \/>\n<meta property=\"og:description\" content=\"O Minist\u00e9rio do Interior do Egipto informou que uma \u201cfesta Epstein\u201d planeada numa discoteca no Cairo foi proibida e o organizador detido, por n\u00e3o ter autoriza\u00e7\u00e3o das autoridades. O evento, marcado para hoje \u00e0 noite, oferecia entrada gratuita para mulheres. A interven\u00e7\u00e3o ocorre num contexto de divulga\u00e7\u00e3o de novos documentos do arquivo Epstein, pelos Estados Unidos, a 30 de janeiro. As autoridades iniciaram processos legais e publicaram fotografias do organizador com o rosto desfocado. A discoteca discriminou-se da iniciativa, e um dos tr\u00eas DJs anunciados negou envolvimento.\" \/>\n<meta property=\"og:url\" content=\"https:\/\/portaltela.pt\/noticias\/2026\/02\/10\/festa-epstein-com-entrada-gratuita-para-mulheres-cancelada-e-promotor-detido\/\" \/>\n<meta property=\"og:site_name\" content=\"Portal Tela Portugal\" \/>\n<meta property=\"article:published_time\" content=\"2026-02-10T16:49:00+00:00\" \/>\n<meta name=\"author\" content=\"Telinha\" \/>\n<meta name=\"twitter:card\" content=\"summary_large_image\" \/>\n<meta name=\"twitter:label1\" content=\"Escrito por\" \/>\n\t<meta name=\"twitter:data1\" content=\"Telinha\" \/>\n\t<meta name=\"twitter:label2\" content=\"Tempo estimado de leitura\" \/>\n\t<meta name=\"twitter:data2\" content=\"1 minuto\" \/>\n<script type=\"application\/ld+json\" class=\"yoast-schema-graph\">{\"@context\":\"https:\/\/schema.org\",\"@graph\":[{\"@type\":\"Article\",\"@id\":\"https:\/\/portaltela.pt\/noticias\/2026\/02\/10\/festa-epstein-com-entrada-gratuita-para-mulheres-cancelada-e-promotor-detido\/#article\",\"isPartOf\":{\"@id\":\"https:\/\/portaltela.pt\/noticias\/2026\/02\/10\/festa-epstein-com-entrada-gratuita-para-mulheres-cancelada-e-promotor-detido\/\"},\"author\":{\"name\":\"Telinha\",\"@id\":\"https:\/\/portaltela.pt\/#\/schema\/person\/c4278d4a6028830caff9ee44b42d32ed\"},\"headline\":\"Festa Epstein com entrada gratuita para mulheres cancelada e promotor detido\",\"datePublished\":\"2026-02-10T16:49:00+00:00\",\"mainEntityOfPage\":{\"@id\":\"https:\/\/portaltela.pt\/noticias\/2026\/02\/10\/festa-epstein-com-entrada-gratuita-para-mulheres-cancelada-e-promotor-detido\/\"},\"wordCount\":203,\"image\":{\"@id\":\"https:\/\/portaltela.pt\/noticias\/2026\/02\/10\/festa-epstein-com-entrada-gratuita-para-mulheres-cancelada-e-promotor-detido\/#primaryimage\"},\"thumbnailUrl\":\"https:\/\/portaltela.pt\/s.01k8rhncp4jt1\/2026\/02\/image-802.jpg\",\"keywords\":[\"crimes sexuais\",\"crimes sexuais contra menores\",\"criminalidade\",\"Egito\",\"explora\u00e7\u00e3o de menores\",\"pris\u00f5es\"],\"articleSection\":[\"Not\u00edcias\"],\"inLanguage\":\"pt-PT\"},{\"@type\":\"WebPage\",\"@id\":\"https:\/\/portaltela.pt\/noticias\/2026\/02\/10\/festa-epstein-com-entrada-gratuita-para-mulheres-cancelada-e-promotor-detido\/\",\"url\":\"https:\/\/portaltela.pt\/noticias\/2026\/02\/10\/festa-epstein-com-entrada-gratuita-para-mulheres-cancelada-e-promotor-detido\/\",\"name\":\"Festa Epstein com entrada gratuita para mulheres cancelada e promotor detido - Portal Tela Portugal\",\"isPartOf\":{\"@id\":\"https:\/\/portaltela.pt\/#website\"},\"primaryImageOfPage\":{\"@id\":\"https:\/\/portaltela.pt\/noticias\/2026\/02\/10\/festa-epstein-com-entrada-gratuita-para-mulheres-cancelada-e-promotor-detido\/#primaryimage\"},\"image\":{\"@id\":\"https:\/\/portaltela.pt\/noticias\/2026\/02\/10\/festa-epstein-com-entrada-gratuita-para-mulheres-cancelada-e-promotor-detido\/#primaryimage\"},\"thumbnailUrl\":\"https:\/\/portaltela.pt\/s.01k8rhncp4jt1\/2026\/02\/image-802.jpg\",\"datePublished\":\"2026-02-10T16:49:00+00:00\",\"author\":{\"@id\":\"https:\/\/portaltela.pt\/#\/schema\/person\/c4278d4a6028830caff9ee44b42d32ed\"},\"breadcrumb\":{\"@id\":\"https:\/\/portaltela.pt\/noticias\/2026\/02\/10\/festa-epstein-com-entrada-gratuita-para-mulheres-cancelada-e-promotor-detido\/#breadcrumb\"},\"inLanguage\":\"pt-PT\",\"potentialAction\":[{\"@type\":\"ReadAction\",\"target\":[\"https:\/\/portaltela.pt\/noticias\/2026\/02\/10\/festa-epstein-com-entrada-gratuita-para-mulheres-cancelada-e-promotor-detido\/\"]}]},{\"@type\":\"ImageObject\",\"inLanguage\":\"pt-PT\",\"@id\":\"https:\/\/portaltela.pt\/noticias\/2026\/02\/10\/festa-epstein-com-entrada-gratuita-para-mulheres-cancelada-e-promotor-detido\/#primaryimage\",\"url\":\"https:\/\/portaltela.pt\/s.01k8rhncp4jt1\/2026\/02\/image-802.jpg\",\"contentUrl\":\"https:\/\/portaltela.pt\/s.01k8rhncp4jt1\/2026\/02\/image-802.jpg\",\"width\":796,\"height\":448,\"caption\":\"Jeffrey Epstein morreu numa cela de pris\u00e3o em 2019\"},{\"@type\":\"BreadcrumbList\",\"@id\":\"https:\/\/portaltela.pt\/noticias\/2026\/02\/10\/festa-epstein-com-entrada-gratuita-para-mulheres-cancelada-e-promotor-detido\/#breadcrumb\",\"itemListElement\":[{\"@type\":\"ListItem\",\"position\":1,\"name\":\"In\u00edcio\",\"item\":\"https:\/\/portaltela.pt\/\"},{\"@type\":\"ListItem\",\"position\":2,\"name\":\"Festa Epstein com entrada gratuita para mulheres cancelada e promotor detido\"}]},{\"@type\":\"WebSite\",\"@id\":\"https:\/\/portaltela.pt\/#website\",\"url\":\"https:\/\/portaltela.pt\/\",\"name\":\"Portal Tela Portugal\",\"description\":\"\",\"potentialAction\":[{\"@type\":\"SearchAction\",\"target\":{\"@type\":\"EntryPoint\",\"urlTemplate\":\"https:\/\/portaltela.pt\/?s={search_term_string}\"},\"query-input\":{\"@type\":\"PropertyValueSpecification\",\"valueRequired\":true,\"valueName\":\"search_term_string\"}}],\"inLanguage\":\"pt-PT\"},{\"@type\":\"Person\",\"@id\":\"https:\/\/portaltela.pt\/#\/schema\/person\/c4278d4a6028830caff9ee44b42d32ed\",\"name\":\"Telinha\",\"image\":{\"@type\":\"ImageObject\",\"inLanguage\":\"pt-PT\",\"@id\":\"https:\/\/portaltela.pt\/s.01k8rhncp4jt1\/2025\/11\/talking-bot-125x125.png\",\"url\":\"https:\/\/portaltela.pt\/s.01k8rhncp4jt1\/2025\/11\/talking-bot-125x125.png\",\"contentUrl\":\"https:\/\/portaltela.pt\/s.01k8rhncp4jt1\/2025\/11\/talking-bot-125x125.png\",\"caption\":\"Telinha\"},\"sameAs\":[\"https:\/\/portaltela.pt\/\"],\"url\":\"https:\/\/portaltela.pt\/por\/367410592786\/\"}]}<\/script>\n<!-- \/ Yoast SEO plugin. -->","yoast_head_json":{"title":"Festa Epstein com entrada gratuita para mulheres cancelada e promotor detido - Portal Tela Portugal","robots":{"index":"index","follow":"follow","max-snippet":"max-snippet:-1","max-image-preview":"max-image-preview:large","max-video-preview":"max-video-preview:-1"},"og_locale":"pt_PT","og_type":"article","og_title":"Festa Epstein com entrada gratuita para mulheres cancelada e promotor detido - Portal Tela Portugal","og_description":"O Minist\u00e9rio do Interior do Egipto informou que uma \u201cfesta Epstein\u201d planeada numa discoteca no Cairo foi proibida e o organizador detido, por n\u00e3o ter autoriza\u00e7\u00e3o das autoridades. O evento, marcado para hoje \u00e0 noite, oferecia entrada gratuita para mulheres. A interven\u00e7\u00e3o ocorre num contexto de divulga\u00e7\u00e3o de novos documentos do arquivo Epstein, pelos Estados Unidos, a 30 de janeiro. As autoridades iniciaram processos legais e publicaram fotografias do organizador com o rosto desfocado. A discoteca discriminou-se da iniciativa, e um dos tr\u00eas DJs anunciados negou envolvimento.","og_url":"https:\/\/portaltela.pt\/noticias\/2026\/02\/10\/festa-epstein-com-entrada-gratuita-para-mulheres-cancelada-e-promotor-detido\/","og_site_name":"Portal Tela Portugal","article_published_time":"2026-02-10T16:49:00+00:00","author":"Telinha","twitter_card":"summary_large_image","twitter_misc":{"Escrito por":"Telinha","Tempo estimado de leitura":"1 minuto"},"schema":{"@context":"https:\/\/schema.org","@graph":[{"@type":"Article","@id":"https:\/\/portaltela.pt\/noticias\/2026\/02\/10\/festa-epstein-com-entrada-gratuita-para-mulheres-cancelada-e-promotor-detido\/#article","isPartOf":{"@id":"https:\/\/portaltela.pt\/noticias\/2026\/02\/10\/festa-epstein-com-entrada-gratuita-para-mulheres-cancelada-e-promotor-detido\/"},"author":{"name":"Telinha","@id":"https:\/\/portaltela.pt\/#\/schema\/person\/c4278d4a6028830caff9ee44b42d32ed"},"headline":"Festa Epstein com entrada gratuita para mulheres cancelada e promotor detido","datePublished":"2026-02-10T16:49:00+00:00","mainEntityOfPage":{"@id":"https:\/\/portaltela.pt\/noticias\/2026\/02\/10\/festa-epstein-com-entrada-gratuita-para-mulheres-cancelada-e-promotor-detido\/"},"wordCount":203,"image":{"@id":"https:\/\/portaltela.pt\/noticias\/2026\/02\/10\/festa-epstein-com-entrada-gratuita-para-mulheres-cancelada-e-promotor-detido\/#primaryimage"},"thumbnailUrl":"https:\/\/portaltela.pt\/s.01k8rhncp4jt1\/2026\/02\/image-802.jpg","keywords":["crimes sexuais","crimes sexuais contra menores","criminalidade","Egito","explora\u00e7\u00e3o de menores","pris\u00f5es"],"articleSection":["Not\u00edcias"],"inLanguage":"pt-PT"},{"@type":"WebPage","@id":"https:\/\/portaltela.pt\/noticias\/2026\/02\/10\/festa-epstein-com-entrada-gratuita-para-mulheres-cancelada-e-promotor-detido\/","url":"https:\/\/portaltela.pt\/noticias\/2026\/02\/10\/festa-epstein-com-entrada-gratuita-para-mulheres-cancelada-e-promotor-detido\/","name":"Festa Epstein com entrada gratuita para mulheres cancelada e promotor detido - Portal Tela Portugal","isPartOf":{"@id":"https:\/\/portaltela.pt\/#website"},"primaryImageOfPage":{"@id":"https:\/\/portaltela.pt\/noticias\/2026\/02\/10\/festa-epstein-com-entrada-gratuita-para-mulheres-cancelada-e-promotor-detido\/#primaryimage"},"image":{"@id":"https:\/\/portaltela.pt\/noticias\/2026\/02\/10\/festa-epstein-com-entrada-gratuita-para-mulheres-cancelada-e-promotor-detido\/#primaryimage"},"thumbnailUrl":"https:\/\/portaltela.pt\/s.01k8rhncp4jt1\/2026\/02\/image-802.jpg","datePublished":"2026-02-10T16:49:00+00:00","author":{"@id":"https:\/\/portaltela.pt\/#\/schema\/person\/c4278d4a6028830caff9ee44b42d32ed"},"breadcrumb":{"@id":"https:\/\/portaltela.pt\/noticias\/2026\/02\/10\/festa-epstein-com-entrada-gratuita-para-mulheres-cancelada-e-promotor-detido\/#breadcrumb"},"inLanguage":"pt-PT","potentialAction":[{"@type":"ReadAction","target":["https:\/\/portaltela.pt\/noticias\/2026\/02\/10\/festa-epstein-com-entrada-gratuita-para-mulheres-cancelada-e-promotor-detido\/"]}]},{"@type":"ImageObject","inLanguage":"pt-PT","@id":"https:\/\/portaltela.pt\/noticias\/2026\/02\/10\/festa-epstein-com-entrada-gratuita-para-mulheres-cancelada-e-promotor-detido\/#primaryimage","url":"https:\/\/portaltela.pt\/s.01k8rhncp4jt1\/2026\/02\/image-802.jpg","contentUrl":"https:\/\/portaltela.pt\/s.01k8rhncp4jt1\/2026\/02\/image-802.jpg","width":796,"height":448,"caption":"Jeffrey Epstein morreu numa cela de pris\u00e3o em 2019"},{"@type":"BreadcrumbList","@id":"https:\/\/portaltela.pt\/noticias\/2026\/02\/10\/festa-epstein-com-entrada-gratuita-para-mulheres-cancelada-e-promotor-detido\/#breadcrumb","itemListElement":[{"@type":"ListItem","position":1,"name":"In\u00edcio","item":"https:\/\/portaltela.pt\/"},{"@type":"ListItem","position":2,"name":"Festa Epstein com entrada gratuita para mulheres cancelada e promotor detido"}]},{"@type":"WebSite","@id":"https:\/\/portaltela.pt\/#website","url":"https:\/\/portaltela.pt\/","name":"Portal Tela Portugal","description":"","potentialAction":[{"@type":"SearchAction","target":{"@type":"EntryPoint","urlTemplate":"https:\/\/portaltela.pt\/?s={search_term_string}"},"query-input":{"@type":"PropertyValueSpecification","valueRequired":true,"valueName":"search_term_string"}}],"inLanguage":"pt-PT"},{"@type":"Person","@id":"https:\/\/portaltela.pt\/#\/schema\/person\/c4278d4a6028830caff9ee44b42d32ed","name":"Telinha","image":{"@type":"ImageObject","inLanguage":"pt-PT","@id":"https:\/\/portaltela.pt\/s.01k8rhncp4jt1\/2025\/11\/talking-bot-125x125.png","url":"https:\/\/portaltela.pt\/s.01k8rhncp4jt1\/2025\/11\/talking-bot-125x125.png","contentUrl":"https:\/\/portaltela.pt\/s.01k8rhncp4jt1\/2025\/11\/talking-bot-125x125.png","caption":"Telinha"},"sameAs":["https:\/\/portaltela.pt\/"],"url":"https:\/\/portaltela.pt\/por\/367410592786\/"}]}},"_links":{"self":[{"href":"https:\/\/portaltela.pt\/api\/wp\/v2\/posts\/207062","targetHints":{"allow":["GET"]}}],"collection":[{"href":"https:\/\/portaltela.pt\/api\/wp\/v2\/posts"}],"about":[{"href":"https:\/\/portaltela.pt\/api\/wp\/v2\/types\/post"}],"author":[{"embeddable":true,"href":"https:\/\/portaltela.pt\/api\/wp\/v2\/users\/2"}],"replies":[{"embeddable":true,"href":"https:\/\/portaltela.pt\/api\/wp\/v2\/comments?post=207062"}],"version-history":[{"count":0,"href":"https:\/\/portaltela.pt\/api\/wp\/v2\/posts\/207062\/revisions"}],"wp:featuredmedia":[{"embeddable":true,"href":"https:\/\/portaltela.pt\/api\/wp\/v2\/media\/207070"}],"wp:attachment":[{"href":"https:\/\/portaltela.pt\/api\/wp\/v2\/media?parent=207062"}],"wp:term":[{"taxonomy":"category","embeddable":true,"href":"https:\/\/portaltela.pt\/api\/wp\/v2\/categories?post=207062"},{"taxonomy":"post_tag","embeddable":true,"href":"https:\/\/portaltela.pt\/api\/wp\/v2\/tags?post=207062"}],"curies":[{"name":"wp","href":"https:\/\/api.w.org\/{rel}","templated":true}]}}