{"id":207058,"date":"2026-02-10T14:00:05","date_gmt":"2026-02-10T17:00:05","guid":{"rendered":"https:\/\/portaltela.pt\/noticias\/2026\/02\/10\/nehuen-perez-volta-a-correr-no-relvado-a-passos-mais-perto\/"},"modified":"2026-02-10T14:00:05","modified_gmt":"2026-02-10T17:00:05","slug":"nehuen-perez-volta-a-correr-no-relvado-a-passos-mais-perto","status":"publish","type":"post","link":"https:\/\/portaltela.pt\/desporto\/futebol\/2026\/02\/10\/nehuen-perez-volta-a-correr-no-relvado-a-passos-mais-perto\/","title":{"rendered":"Nehu\u00e9n P\u00e9rez volta a correr no relvado, a passos mais perto"},"content":{"rendered":"<p>Nehu\u00e9n P\u00e9rez voltou a correr no relvado do Olival, ap\u00f3s meses de recupera\u00e7\u00e3o. O central argentino do FC Porto sofreu uma rotura total do tend\u00e3o de Aquiles em setembro, que exigiu interven\u00e7\u00e3o cir\u00fargica e tratamento t\u00e9rmico e de gin\u00e1sio.<\/p>\n<p>A evolu\u00e7\u00e3o tem sido progressiva, com o jogador a partilhar imagens da sess\u00e3o de treino no Instagram, onde aparece em boa disposi\u00e7\u00e3o. A situa\u00e7\u00e3o mant\u00e9m o foco na recupera\u00e7\u00e3o f\u00edsica e na reocupa\u00e7\u00e3o funcional.<\/p>\n<p>Apesar de j\u00e1 estar em contacto com o terreno, o FC Porto aponta que o defesa n\u00e3o dever\u00e1 estar apto a competir antes da \u00e9poca 2026\/27. O clube n\u00e3o indicou data para o regresso \u00e0s competi\u00e7\u00f5es, apenas o prazo estimado de recupera\u00e7\u00e3o.<\/p>\n","protected":false},"excerpt":{"rendered":"<ul>\n<li>Nehu\u00e9n P\u00e9rez, central argentino do FC Porto, lesionou-se com gravidade em setembro, com ruptura total do tend\u00e3o de Aquiles e interven\u00e7\u00e3o cir\u00fargica.<\/li>\n<li>O jogador j\u00e1 voltou a correr no relvado do Olival, ap\u00f3s meses de tratamento e treino de gin\u00e1sio.<\/li>\n<li>A publica\u00e7\u00e3o do jogador na Instagram mostra-o sorridente, acompanhado de fotografias nos relvados do Olival.<\/li>\n<li>Mesmo com evolu\u00e7\u00e3o, s\u00f3 estar\u00e1 apto a voltar \u00e0 competi\u00e7\u00e3o na temporada 2026\/27.<\/li>\n<li>O regresso \u00e9 acompanhado pela caution de que o processo ainda est\u00e1 em fase de recupera\u00e7\u00e3o.<\/li>\n<\/ul>\n","protected":false},"author":2,"featured_media":207065,"comment_status":"closed","ping_status":"closed","sticky":false,"template":"","format":"standard","meta":{"footnotes":""},"categories":[21,24],"tags":[152,2028,32,2538,4045],"class_list":["post-207058","post","type-post","status-publish","format-standard","has-post-thumbnail","hentry","category-desporto","category-futebol","tag-desporto","tag-fc-porto","tag-futebol","tag-lesoes","tag-nehuen-perez"],"yoast_head":"<!-- This site is optimized with the Yoast SEO plugin v27.2 - https:\/\/yoast.com\/product\/yoast-seo-wordpress\/ -->\n<title>Nehu\u00e9n P\u00e9rez volta a correr no relvado, a passos mais perto - Portal Tela Portugal<\/title>\n<meta name=\"robots\" content=\"index, follow, max-snippet:-1, max-image-preview:large, max-video-preview:-1\" \/>\n<meta property=\"og:locale\" content=\"pt_PT\" \/>\n<meta property=\"og:type\" content=\"article\" \/>\n<meta property=\"og:title\" content=\"Nehu\u00e9n P\u00e9rez volta a correr no relvado, a passos mais perto - Portal Tela Portugal\" \/>\n<meta property=\"og:description\" content=\"Nehu\u00e9n P\u00e9rez, central argentino do FC Porto, lesionou-se com gravidade em setembro, com ruptura total do tend\u00e3o de Aquiles e interven\u00e7\u00e3o cir\u00fargica. O jogador j\u00e1 voltou a correr no relvado do Olival, ap\u00f3s meses de tratamento e treino de gin\u00e1sio. A publica\u00e7\u00e3o do jogador na Instagram mostra-o sorridente, acompanhado de fotografias nos relvados do Olival. Mesmo com evolu\u00e7\u00e3o, s\u00f3 estar\u00e1 apto a voltar \u00e0 competi\u00e7\u00e3o na temporada 2026\/27. O regresso \u00e9 acompanhado pela caution de que o processo ainda est\u00e1 em fase de recupera\u00e7\u00e3o.\" \/>\n<meta property=\"og:url\" content=\"https:\/\/portaltela.pt\/noticias\/2026\/02\/10\/nehuen-perez-volta-a-correr-no-relvado-a-passos-mais-perto\/\" \/>\n<meta property=\"og:site_name\" content=\"Portal Tela Portugal\" \/>\n<meta property=\"article:published_time\" content=\"2026-02-10T17:00:05+00:00\" \/>\n<meta name=\"author\" content=\"Telinha\" \/>\n<meta name=\"twitter:card\" content=\"summary_large_image\" \/>\n<meta name=\"twitter:label1\" content=\"Escrito por\" \/>\n\t<meta name=\"twitter:data1\" content=\"Telinha\" \/>\n\t<meta name=\"twitter:label2\" content=\"Tempo estimado de leitura\" \/>\n\t<meta name=\"twitter:data2\" content=\"1 minuto\" \/>\n<script type=\"application\/ld+json\" class=\"yoast-schema-graph\">{\"@context\":\"https:\/\/schema.org\",\"@graph\":[{\"@type\":\"Article\",\"@id\":\"https:\/\/portaltela.pt\/noticias\/2026\/02\/10\/nehuen-perez-volta-a-correr-no-relvado-a-passos-mais-perto\/#article\",\"isPartOf\":{\"@id\":\"https:\/\/portaltela.pt\/noticias\/2026\/02\/10\/nehuen-perez-volta-a-correr-no-relvado-a-passos-mais-perto\/\"},\"author\":{\"name\":\"Telinha\",\"@id\":\"https:\/\/portaltela.pt\/#\/schema\/person\/c4278d4a6028830caff9ee44b42d32ed\"},\"headline\":\"Nehu\u00e9n P\u00e9rez volta a correr no relvado, a passos mais perto\",\"datePublished\":\"2026-02-10T17:00:05+00:00\",\"mainEntityOfPage\":{\"@id\":\"https:\/\/portaltela.pt\/noticias\/2026\/02\/10\/nehuen-perez-volta-a-correr-no-relvado-a-passos-mais-perto\/\"},\"wordCount\":148,\"image\":{\"@id\":\"https:\/\/portaltela.pt\/noticias\/2026\/02\/10\/nehuen-perez-volta-a-correr-no-relvado-a-passos-mais-perto\/#primaryimage\"},\"thumbnailUrl\":\"https:\/\/portaltela.pt\/s.01k8rhncp4jt1\/2026\/02\/img_920x518uu2026-02-10-16-57-29-2420778-im-639063394800903563.jpg\",\"keywords\":[\"desporto\",\"FC Porto\",\"futebol\",\"les\u00f5es\",\"Nehu\u00e9n P\u00e9rez\"],\"articleSection\":[\"Desporto\",\"Futebol\"],\"inLanguage\":\"pt-PT\"},{\"@type\":\"WebPage\",\"@id\":\"https:\/\/portaltela.pt\/noticias\/2026\/02\/10\/nehuen-perez-volta-a-correr-no-relvado-a-passos-mais-perto\/\",\"url\":\"https:\/\/portaltela.pt\/noticias\/2026\/02\/10\/nehuen-perez-volta-a-correr-no-relvado-a-passos-mais-perto\/\",\"name\":\"Nehu\u00e9n P\u00e9rez volta a correr no relvado, a passos mais perto - Portal Tela Portugal\",\"isPartOf\":{\"@id\":\"https:\/\/portaltela.pt\/#website\"},\"primaryImageOfPage\":{\"@id\":\"https:\/\/portaltela.pt\/noticias\/2026\/02\/10\/nehuen-perez-volta-a-correr-no-relvado-a-passos-mais-perto\/#primaryimage\"},\"image\":{\"@id\":\"https:\/\/portaltela.pt\/noticias\/2026\/02\/10\/nehuen-perez-volta-a-correr-no-relvado-a-passos-mais-perto\/#primaryimage\"},\"thumbnailUrl\":\"https:\/\/portaltela.pt\/s.01k8rhncp4jt1\/2026\/02\/img_920x518uu2026-02-10-16-57-29-2420778-im-639063394800903563.jpg\",\"datePublished\":\"2026-02-10T17:00:05+00:00\",\"author\":{\"@id\":\"https:\/\/portaltela.pt\/#\/schema\/person\/c4278d4a6028830caff9ee44b42d32ed\"},\"breadcrumb\":{\"@id\":\"https:\/\/portaltela.pt\/noticias\/2026\/02\/10\/nehuen-perez-volta-a-correr-no-relvado-a-passos-mais-perto\/#breadcrumb\"},\"inLanguage\":\"pt-PT\",\"potentialAction\":[{\"@type\":\"ReadAction\",\"target\":[\"https:\/\/portaltela.pt\/noticias\/2026\/02\/10\/nehuen-perez-volta-a-correr-no-relvado-a-passos-mais-perto\/\"]}]},{\"@type\":\"ImageObject\",\"inLanguage\":\"pt-PT\",\"@id\":\"https:\/\/portaltela.pt\/noticias\/2026\/02\/10\/nehuen-perez-volta-a-correr-no-relvado-a-passos-mais-perto\/#primaryimage\",\"url\":\"https:\/\/portaltela.pt\/s.01k8rhncp4jt1\/2026\/02\/img_920x518uu2026-02-10-16-57-29-2420778-im-639063394800903563.jpg\",\"contentUrl\":\"https:\/\/portaltela.pt\/s.01k8rhncp4jt1\/2026\/02\/img_920x518uu2026-02-10-16-57-29-2420778-im-639063394800903563.jpg\",\"width\":796,\"height\":448,\"caption\":\"Nehu\u00e9n P\u00e9rez no relvado do Olival\"},{\"@type\":\"BreadcrumbList\",\"@id\":\"https:\/\/portaltela.pt\/noticias\/2026\/02\/10\/nehuen-perez-volta-a-correr-no-relvado-a-passos-mais-perto\/#breadcrumb\",\"itemListElement\":[{\"@type\":\"ListItem\",\"position\":1,\"name\":\"In\u00edcio\",\"item\":\"https:\/\/portaltela.pt\/\"},{\"@type\":\"ListItem\",\"position\":2,\"name\":\"Nehu\u00e9n P\u00e9rez volta a correr no relvado, a passos mais perto\"}]},{\"@type\":\"WebSite\",\"@id\":\"https:\/\/portaltela.pt\/#website\",\"url\":\"https:\/\/portaltela.pt\/\",\"name\":\"Portal Tela Portugal\",\"description\":\"\",\"potentialAction\":[{\"@type\":\"SearchAction\",\"target\":{\"@type\":\"EntryPoint\",\"urlTemplate\":\"https:\/\/portaltela.pt\/?s={search_term_string}\"},\"query-input\":{\"@type\":\"PropertyValueSpecification\",\"valueRequired\":true,\"valueName\":\"search_term_string\"}}],\"inLanguage\":\"pt-PT\"},{\"@type\":\"Person\",\"@id\":\"https:\/\/portaltela.pt\/#\/schema\/person\/c4278d4a6028830caff9ee44b42d32ed\",\"name\":\"Telinha\",\"image\":{\"@type\":\"ImageObject\",\"inLanguage\":\"pt-PT\",\"@id\":\"https:\/\/portaltela.pt\/s.01k8rhncp4jt1\/2025\/11\/talking-bot-125x125.png\",\"url\":\"https:\/\/portaltela.pt\/s.01k8rhncp4jt1\/2025\/11\/talking-bot-125x125.png\",\"contentUrl\":\"https:\/\/portaltela.pt\/s.01k8rhncp4jt1\/2025\/11\/talking-bot-125x125.png\",\"caption\":\"Telinha\"},\"sameAs\":[\"https:\/\/portaltela.pt\/\"],\"url\":\"https:\/\/portaltela.pt\/por\/367410592786\/\"}]}<\/script>\n<!-- \/ Yoast SEO plugin. -->","yoast_head_json":{"title":"Nehu\u00e9n P\u00e9rez volta a correr no relvado, a passos mais perto - Portal Tela Portugal","robots":{"index":"index","follow":"follow","max-snippet":"max-snippet:-1","max-image-preview":"max-image-preview:large","max-video-preview":"max-video-preview:-1"},"og_locale":"pt_PT","og_type":"article","og_title":"Nehu\u00e9n P\u00e9rez volta a correr no relvado, a passos mais perto - Portal Tela Portugal","og_description":"Nehu\u00e9n P\u00e9rez, central argentino do FC Porto, lesionou-se com gravidade em setembro, com ruptura total do tend\u00e3o de Aquiles e interven\u00e7\u00e3o cir\u00fargica. O jogador j\u00e1 voltou a correr no relvado do Olival, ap\u00f3s meses de tratamento e treino de gin\u00e1sio. A publica\u00e7\u00e3o do jogador na Instagram mostra-o sorridente, acompanhado de fotografias nos relvados do Olival. Mesmo com evolu\u00e7\u00e3o, s\u00f3 estar\u00e1 apto a voltar \u00e0 competi\u00e7\u00e3o na temporada 2026\/27. O regresso \u00e9 acompanhado pela caution de que o processo ainda est\u00e1 em fase de recupera\u00e7\u00e3o.","og_url":"https:\/\/portaltela.pt\/noticias\/2026\/02\/10\/nehuen-perez-volta-a-correr-no-relvado-a-passos-mais-perto\/","og_site_name":"Portal Tela Portugal","article_published_time":"2026-02-10T17:00:05+00:00","author":"Telinha","twitter_card":"summary_large_image","twitter_misc":{"Escrito por":"Telinha","Tempo estimado de leitura":"1 minuto"},"schema":{"@context":"https:\/\/schema.org","@graph":[{"@type":"Article","@id":"https:\/\/portaltela.pt\/noticias\/2026\/02\/10\/nehuen-perez-volta-a-correr-no-relvado-a-passos-mais-perto\/#article","isPartOf":{"@id":"https:\/\/portaltela.pt\/noticias\/2026\/02\/10\/nehuen-perez-volta-a-correr-no-relvado-a-passos-mais-perto\/"},"author":{"name":"Telinha","@id":"https:\/\/portaltela.pt\/#\/schema\/person\/c4278d4a6028830caff9ee44b42d32ed"},"headline":"Nehu\u00e9n P\u00e9rez volta a correr no relvado, a passos mais perto","datePublished":"2026-02-10T17:00:05+00:00","mainEntityOfPage":{"@id":"https:\/\/portaltela.pt\/noticias\/2026\/02\/10\/nehuen-perez-volta-a-correr-no-relvado-a-passos-mais-perto\/"},"wordCount":148,"image":{"@id":"https:\/\/portaltela.pt\/noticias\/2026\/02\/10\/nehuen-perez-volta-a-correr-no-relvado-a-passos-mais-perto\/#primaryimage"},"thumbnailUrl":"https:\/\/portaltela.pt\/s.01k8rhncp4jt1\/2026\/02\/img_920x518uu2026-02-10-16-57-29-2420778-im-639063394800903563.jpg","keywords":["desporto","FC Porto","futebol","les\u00f5es","Nehu\u00e9n P\u00e9rez"],"articleSection":["Desporto","Futebol"],"inLanguage":"pt-PT"},{"@type":"WebPage","@id":"https:\/\/portaltela.pt\/noticias\/2026\/02\/10\/nehuen-perez-volta-a-correr-no-relvado-a-passos-mais-perto\/","url":"https:\/\/portaltela.pt\/noticias\/2026\/02\/10\/nehuen-perez-volta-a-correr-no-relvado-a-passos-mais-perto\/","name":"Nehu\u00e9n P\u00e9rez volta a correr no relvado, a passos mais perto - Portal Tela Portugal","isPartOf":{"@id":"https:\/\/portaltela.pt\/#website"},"primaryImageOfPage":{"@id":"https:\/\/portaltela.pt\/noticias\/2026\/02\/10\/nehuen-perez-volta-a-correr-no-relvado-a-passos-mais-perto\/#primaryimage"},"image":{"@id":"https:\/\/portaltela.pt\/noticias\/2026\/02\/10\/nehuen-perez-volta-a-correr-no-relvado-a-passos-mais-perto\/#primaryimage"},"thumbnailUrl":"https:\/\/portaltela.pt\/s.01k8rhncp4jt1\/2026\/02\/img_920x518uu2026-02-10-16-57-29-2420778-im-639063394800903563.jpg","datePublished":"2026-02-10T17:00:05+00:00","author":{"@id":"https:\/\/portaltela.pt\/#\/schema\/person\/c4278d4a6028830caff9ee44b42d32ed"},"breadcrumb":{"@id":"https:\/\/portaltela.pt\/noticias\/2026\/02\/10\/nehuen-perez-volta-a-correr-no-relvado-a-passos-mais-perto\/#breadcrumb"},"inLanguage":"pt-PT","potentialAction":[{"@type":"ReadAction","target":["https:\/\/portaltela.pt\/noticias\/2026\/02\/10\/nehuen-perez-volta-a-correr-no-relvado-a-passos-mais-perto\/"]}]},{"@type":"ImageObject","inLanguage":"pt-PT","@id":"https:\/\/portaltela.pt\/noticias\/2026\/02\/10\/nehuen-perez-volta-a-correr-no-relvado-a-passos-mais-perto\/#primaryimage","url":"https:\/\/portaltela.pt\/s.01k8rhncp4jt1\/2026\/02\/img_920x518uu2026-02-10-16-57-29-2420778-im-639063394800903563.jpg","contentUrl":"https:\/\/portaltela.pt\/s.01k8rhncp4jt1\/2026\/02\/img_920x518uu2026-02-10-16-57-29-2420778-im-639063394800903563.jpg","width":796,"height":448,"caption":"Nehu\u00e9n P\u00e9rez no relvado do Olival"},{"@type":"BreadcrumbList","@id":"https:\/\/portaltela.pt\/noticias\/2026\/02\/10\/nehuen-perez-volta-a-correr-no-relvado-a-passos-mais-perto\/#breadcrumb","itemListElement":[{"@type":"ListItem","position":1,"name":"In\u00edcio","item":"https:\/\/portaltela.pt\/"},{"@type":"ListItem","position":2,"name":"Nehu\u00e9n P\u00e9rez volta a correr no relvado, a passos mais perto"}]},{"@type":"WebSite","@id":"https:\/\/portaltela.pt\/#website","url":"https:\/\/portaltela.pt\/","name":"Portal Tela Portugal","description":"","potentialAction":[{"@type":"SearchAction","target":{"@type":"EntryPoint","urlTemplate":"https:\/\/portaltela.pt\/?s={search_term_string}"},"query-input":{"@type":"PropertyValueSpecification","valueRequired":true,"valueName":"search_term_string"}}],"inLanguage":"pt-PT"},{"@type":"Person","@id":"https:\/\/portaltela.pt\/#\/schema\/person\/c4278d4a6028830caff9ee44b42d32ed","name":"Telinha","image":{"@type":"ImageObject","inLanguage":"pt-PT","@id":"https:\/\/portaltela.pt\/s.01k8rhncp4jt1\/2025\/11\/talking-bot-125x125.png","url":"https:\/\/portaltela.pt\/s.01k8rhncp4jt1\/2025\/11\/talking-bot-125x125.png","contentUrl":"https:\/\/portaltela.pt\/s.01k8rhncp4jt1\/2025\/11\/talking-bot-125x125.png","caption":"Telinha"},"sameAs":["https:\/\/portaltela.pt\/"],"url":"https:\/\/portaltela.pt\/por\/367410592786\/"}]}},"_links":{"self":[{"href":"https:\/\/portaltela.pt\/api\/wp\/v2\/posts\/207058","targetHints":{"allow":["GET"]}}],"collection":[{"href":"https:\/\/portaltela.pt\/api\/wp\/v2\/posts"}],"about":[{"href":"https:\/\/portaltela.pt\/api\/wp\/v2\/types\/post"}],"author":[{"embeddable":true,"href":"https:\/\/portaltela.pt\/api\/wp\/v2\/users\/2"}],"replies":[{"embeddable":true,"href":"https:\/\/portaltela.pt\/api\/wp\/v2\/comments?post=207058"}],"version-history":[{"count":0,"href":"https:\/\/portaltela.pt\/api\/wp\/v2\/posts\/207058\/revisions"}],"wp:featuredmedia":[{"embeddable":true,"href":"https:\/\/portaltela.pt\/api\/wp\/v2\/media\/207065"}],"wp:attachment":[{"href":"https:\/\/portaltela.pt\/api\/wp\/v2\/media?parent=207058"}],"wp:term":[{"taxonomy":"category","embeddable":true,"href":"https:\/\/portaltela.pt\/api\/wp\/v2\/categories?post=207058"},{"taxonomy":"post_tag","embeddable":true,"href":"https:\/\/portaltela.pt\/api\/wp\/v2\/tags?post=207058"}],"curies":[{"name":"wp","href":"https:\/\/api.w.org\/{rel}","templated":true}]}}