{"id":207056,"date":"2026-02-10T13:58:39","date_gmt":"2026-02-10T16:58:39","guid":{"rendered":"https:\/\/portaltela.pt\/noticias\/2026\/02\/10\/richard-rios-realiza-sonho-de-adepto-do-benfica-apos-vitoria-sobre-o-alverca\/"},"modified":"2026-02-10T13:58:39","modified_gmt":"2026-02-10T16:58:39","slug":"richard-rios-realiza-sonho-de-adepto-do-benfica-apos-vitoria-sobre-o-alverca","status":"publish","type":"post","link":"https:\/\/portaltela.pt\/desporto\/futebol\/2026\/02\/10\/richard-rios-realiza-sonho-de-adepto-do-benfica-apos-vitoria-sobre-o-alverca\/","title":{"rendered":"Richard R\u00edos realiza sonho de adepto do Benfica ap\u00f3s vit\u00f3ria sobre o Alverca"},"content":{"rendered":"<p>A Funda\u00e7\u00e3o Benfica realizou o sonho de Adriano, um adepto de 17 anos de Sintra, ao conhecer o plantel profissional do clube. Aconteceu na noite de um jogo do Benfica frente ao Alverca, no Est\u00e1dio da Luz, que terminou 2-1.<\/p>\n<p>Ap\u00f3s o encontro, Adriano recebeu uma camisola personalizada do clube, que foi assinada pelos jogadores presentes. A entrega decorreu na sala de homenagem do est\u00e1gio, ap\u00f3s o jogo.<\/p>\n<p>Entre as assinaturas, destacou-se a do jogador Richard R\u00edos, que \u00e9 o \u00eddolo do rapaz. Adriano, f\u00e3 de R\u00edos, reconheceu o apoio do colombiano durante o momento, mantendo a emo\u00e7\u00e3o da ocasi\u00e3o.<\/p>\n<p>R\u00edos, que n\u00e3o disputou a partida devido a uma les\u00e3o, mostrou-se dispon\u00edvel para cumprimentar o adepto. O encontro visou aproximar os jovens f\u00e3s do plantel e refor\u00e7ar o v\u00ednculo com a comunidade.<\/p>\n<p>A iniciativa da Funda\u00e7\u00e3o Benfica refor\u00e7a o objetivo de aproximar o clube dos jovens adeptos. A noite, marcada pela entrega da camisola e pelo entreposto com o jogador, ficar\u00e1 como mem\u00f3ria para Adriano.<\/p>\n","protected":false},"excerpt":{"rendered":"<ul>\n<li>A Funda\u00e7\u00e3o Benfica realizou o sonho de Adriano, adepto de 17 anos de Sintra, conhecer o plantel profissional.<\/li>\n<li>Adriano foi ao Est\u00e1dio da Luz pela primeira vez para assistir \u00e0 vit\u00f3ria do Benfica sobre o Alverca, por 2-1.<\/li>\n<li>O jovem recebeu uma camisola personalizada do clube, assinada pelos jogadores.<\/li>\n<li>Entre as assinaturas destacou-se a do internacional colombiano Richard R\u00edos, \u00eddolo do jovem.<\/li>\n<li>Mesmo sem jogar por estar a recuperar de les\u00e3o, R\u00edos encontrou-se com Adriano e proporcionou um momento marcante.<\/li>\n<\/ul>\n","protected":false},"author":2,"featured_media":207061,"comment_status":"closed","ping_status":"closed","sticky":false,"template":"","format":"standard","meta":{"footnotes":""},"categories":[21,24],"tags":[2533,1946,3035,5647,32,1110],"class_list":["post-207056","post","type-post","status-publish","format-standard","has-post-thumbnail","hentry","category-desporto","category-futebol","tag-adeptos","tag-benfica","tag-comunidade","tag-fundacao-benfica","tag-futebol","tag-sintra"],"yoast_head":"<!-- This site is optimized with the Yoast SEO plugin v27.2 - https:\/\/yoast.com\/product\/yoast-seo-wordpress\/ -->\n<title>Richard R\u00edos realiza sonho de adepto do Benfica ap\u00f3s vit\u00f3ria sobre o Alverca - Portal Tela Portugal<\/title>\n<meta name=\"robots\" content=\"index, follow, max-snippet:-1, max-image-preview:large, max-video-preview:-1\" \/>\n<meta property=\"og:locale\" content=\"pt_PT\" \/>\n<meta property=\"og:type\" content=\"article\" \/>\n<meta property=\"og:title\" content=\"Richard R\u00edos realiza sonho de adepto do Benfica ap\u00f3s vit\u00f3ria sobre o Alverca - Portal Tela Portugal\" \/>\n<meta property=\"og:description\" content=\"A Funda\u00e7\u00e3o Benfica realizou o sonho de Adriano, adepto de 17 anos de Sintra, conhecer o plantel profissional. Adriano foi ao Est\u00e1dio da Luz pela primeira vez para assistir \u00e0 vit\u00f3ria do Benfica sobre o Alverca, por 2-1. O jovem recebeu uma camisola personalizada do clube, assinada pelos jogadores. Entre as assinaturas destacou-se a do internacional colombiano Richard R\u00edos, \u00eddolo do jovem. Mesmo sem jogar por estar a recuperar de les\u00e3o, R\u00edos encontrou-se com Adriano e proporcionou um momento marcante.\" \/>\n<meta property=\"og:url\" content=\"https:\/\/portaltela.pt\/noticias\/2026\/02\/10\/richard-rios-realiza-sonho-de-adepto-do-benfica-apos-vitoria-sobre-o-alverca\/\" \/>\n<meta property=\"og:site_name\" content=\"Portal Tela Portugal\" \/>\n<meta property=\"article:published_time\" content=\"2026-02-10T16:58:39+00:00\" \/>\n<meta name=\"author\" content=\"Telinha\" \/>\n<meta name=\"twitter:card\" content=\"summary_large_image\" \/>\n<meta name=\"twitter:label1\" content=\"Escrito por\" \/>\n\t<meta name=\"twitter:data1\" content=\"Telinha\" \/>\n\t<meta name=\"twitter:label2\" content=\"Tempo estimado de leitura\" \/>\n\t<meta name=\"twitter:data2\" content=\"1 minuto\" \/>\n<script type=\"application\/ld+json\" class=\"yoast-schema-graph\">{\"@context\":\"https:\/\/schema.org\",\"@graph\":[{\"@type\":\"Article\",\"@id\":\"https:\/\/portaltela.pt\/noticias\/2026\/02\/10\/richard-rios-realiza-sonho-de-adepto-do-benfica-apos-vitoria-sobre-o-alverca\/#article\",\"isPartOf\":{\"@id\":\"https:\/\/portaltela.pt\/noticias\/2026\/02\/10\/richard-rios-realiza-sonho-de-adepto-do-benfica-apos-vitoria-sobre-o-alverca\/\"},\"author\":{\"name\":\"Telinha\",\"@id\":\"https:\/\/portaltela.pt\/#\/schema\/person\/c4278d4a6028830caff9ee44b42d32ed\"},\"headline\":\"Richard R\u00edos realiza sonho de adepto do Benfica ap\u00f3s vit\u00f3ria sobre o Alverca\",\"datePublished\":\"2026-02-10T16:58:39+00:00\",\"mainEntityOfPage\":{\"@id\":\"https:\/\/portaltela.pt\/noticias\/2026\/02\/10\/richard-rios-realiza-sonho-de-adepto-do-benfica-apos-vitoria-sobre-o-alverca\/\"},\"wordCount\":198,\"image\":{\"@id\":\"https:\/\/portaltela.pt\/noticias\/2026\/02\/10\/richard-rios-realiza-sonho-de-adepto-do-benfica-apos-vitoria-sobre-o-alverca\/#primaryimage\"},\"thumbnailUrl\":\"https:\/\/portaltela.pt\/s.01k8rhncp4jt1\/2026\/02\/img_920x518uu2026-02-10-16-48-12-2420776.jpg\",\"keywords\":[\"adeptos\",\"Benfica\",\"comunidade\",\"Funda\u00e7\u00e3o Benfica\",\"futebol\",\"Sintra\"],\"articleSection\":[\"Desporto\",\"Futebol\"],\"inLanguage\":\"pt-PT\"},{\"@type\":\"WebPage\",\"@id\":\"https:\/\/portaltela.pt\/noticias\/2026\/02\/10\/richard-rios-realiza-sonho-de-adepto-do-benfica-apos-vitoria-sobre-o-alverca\/\",\"url\":\"https:\/\/portaltela.pt\/noticias\/2026\/02\/10\/richard-rios-realiza-sonho-de-adepto-do-benfica-apos-vitoria-sobre-o-alverca\/\",\"name\":\"Richard R\u00edos realiza sonho de adepto do Benfica ap\u00f3s vit\u00f3ria sobre o Alverca - Portal Tela Portugal\",\"isPartOf\":{\"@id\":\"https:\/\/portaltela.pt\/#website\"},\"primaryImageOfPage\":{\"@id\":\"https:\/\/portaltela.pt\/noticias\/2026\/02\/10\/richard-rios-realiza-sonho-de-adepto-do-benfica-apos-vitoria-sobre-o-alverca\/#primaryimage\"},\"image\":{\"@id\":\"https:\/\/portaltela.pt\/noticias\/2026\/02\/10\/richard-rios-realiza-sonho-de-adepto-do-benfica-apos-vitoria-sobre-o-alverca\/#primaryimage\"},\"thumbnailUrl\":\"https:\/\/portaltela.pt\/s.01k8rhncp4jt1\/2026\/02\/img_920x518uu2026-02-10-16-48-12-2420776.jpg\",\"datePublished\":\"2026-02-10T16:58:39+00:00\",\"author\":{\"@id\":\"https:\/\/portaltela.pt\/#\/schema\/person\/c4278d4a6028830caff9ee44b42d32ed\"},\"breadcrumb\":{\"@id\":\"https:\/\/portaltela.pt\/noticias\/2026\/02\/10\/richard-rios-realiza-sonho-de-adepto-do-benfica-apos-vitoria-sobre-o-alverca\/#breadcrumb\"},\"inLanguage\":\"pt-PT\",\"potentialAction\":[{\"@type\":\"ReadAction\",\"target\":[\"https:\/\/portaltela.pt\/noticias\/2026\/02\/10\/richard-rios-realiza-sonho-de-adepto-do-benfica-apos-vitoria-sobre-o-alverca\/\"]}]},{\"@type\":\"ImageObject\",\"inLanguage\":\"pt-PT\",\"@id\":\"https:\/\/portaltela.pt\/noticias\/2026\/02\/10\/richard-rios-realiza-sonho-de-adepto-do-benfica-apos-vitoria-sobre-o-alverca\/#primaryimage\",\"url\":\"https:\/\/portaltela.pt\/s.01k8rhncp4jt1\/2026\/02\/img_920x518uu2026-02-10-16-48-12-2420776.jpg\",\"contentUrl\":\"https:\/\/portaltela.pt\/s.01k8rhncp4jt1\/2026\/02\/img_920x518uu2026-02-10-16-48-12-2420776.jpg\",\"width\":796,\"height\":448,\"caption\":\"Adriano com Richard R\u00edos\"},{\"@type\":\"BreadcrumbList\",\"@id\":\"https:\/\/portaltela.pt\/noticias\/2026\/02\/10\/richard-rios-realiza-sonho-de-adepto-do-benfica-apos-vitoria-sobre-o-alverca\/#breadcrumb\",\"itemListElement\":[{\"@type\":\"ListItem\",\"position\":1,\"name\":\"In\u00edcio\",\"item\":\"https:\/\/portaltela.pt\/\"},{\"@type\":\"ListItem\",\"position\":2,\"name\":\"Richard R\u00edos realiza sonho de adepto do Benfica ap\u00f3s vit\u00f3ria sobre o Alverca\"}]},{\"@type\":\"WebSite\",\"@id\":\"https:\/\/portaltela.pt\/#website\",\"url\":\"https:\/\/portaltela.pt\/\",\"name\":\"Portal Tela Portugal\",\"description\":\"\",\"potentialAction\":[{\"@type\":\"SearchAction\",\"target\":{\"@type\":\"EntryPoint\",\"urlTemplate\":\"https:\/\/portaltela.pt\/?s={search_term_string}\"},\"query-input\":{\"@type\":\"PropertyValueSpecification\",\"valueRequired\":true,\"valueName\":\"search_term_string\"}}],\"inLanguage\":\"pt-PT\"},{\"@type\":\"Person\",\"@id\":\"https:\/\/portaltela.pt\/#\/schema\/person\/c4278d4a6028830caff9ee44b42d32ed\",\"name\":\"Telinha\",\"image\":{\"@type\":\"ImageObject\",\"inLanguage\":\"pt-PT\",\"@id\":\"https:\/\/portaltela.pt\/s.01k8rhncp4jt1\/2025\/11\/talking-bot-125x125.png\",\"url\":\"https:\/\/portaltela.pt\/s.01k8rhncp4jt1\/2025\/11\/talking-bot-125x125.png\",\"contentUrl\":\"https:\/\/portaltela.pt\/s.01k8rhncp4jt1\/2025\/11\/talking-bot-125x125.png\",\"caption\":\"Telinha\"},\"sameAs\":[\"https:\/\/portaltela.pt\/\"],\"url\":\"https:\/\/portaltela.pt\/por\/367410592786\/\"}]}<\/script>\n<!-- \/ Yoast SEO plugin. -->","yoast_head_json":{"title":"Richard R\u00edos realiza sonho de adepto do Benfica ap\u00f3s vit\u00f3ria sobre o Alverca - Portal Tela Portugal","robots":{"index":"index","follow":"follow","max-snippet":"max-snippet:-1","max-image-preview":"max-image-preview:large","max-video-preview":"max-video-preview:-1"},"og_locale":"pt_PT","og_type":"article","og_title":"Richard R\u00edos realiza sonho de adepto do Benfica ap\u00f3s vit\u00f3ria sobre o Alverca - Portal Tela Portugal","og_description":"A Funda\u00e7\u00e3o Benfica realizou o sonho de Adriano, adepto de 17 anos de Sintra, conhecer o plantel profissional. Adriano foi ao Est\u00e1dio da Luz pela primeira vez para assistir \u00e0 vit\u00f3ria do Benfica sobre o Alverca, por 2-1. O jovem recebeu uma camisola personalizada do clube, assinada pelos jogadores. Entre as assinaturas destacou-se a do internacional colombiano Richard R\u00edos, \u00eddolo do jovem. Mesmo sem jogar por estar a recuperar de les\u00e3o, R\u00edos encontrou-se com Adriano e proporcionou um momento marcante.","og_url":"https:\/\/portaltela.pt\/noticias\/2026\/02\/10\/richard-rios-realiza-sonho-de-adepto-do-benfica-apos-vitoria-sobre-o-alverca\/","og_site_name":"Portal Tela Portugal","article_published_time":"2026-02-10T16:58:39+00:00","author":"Telinha","twitter_card":"summary_large_image","twitter_misc":{"Escrito por":"Telinha","Tempo estimado de leitura":"1 minuto"},"schema":{"@context":"https:\/\/schema.org","@graph":[{"@type":"Article","@id":"https:\/\/portaltela.pt\/noticias\/2026\/02\/10\/richard-rios-realiza-sonho-de-adepto-do-benfica-apos-vitoria-sobre-o-alverca\/#article","isPartOf":{"@id":"https:\/\/portaltela.pt\/noticias\/2026\/02\/10\/richard-rios-realiza-sonho-de-adepto-do-benfica-apos-vitoria-sobre-o-alverca\/"},"author":{"name":"Telinha","@id":"https:\/\/portaltela.pt\/#\/schema\/person\/c4278d4a6028830caff9ee44b42d32ed"},"headline":"Richard R\u00edos realiza sonho de adepto do Benfica ap\u00f3s vit\u00f3ria sobre o Alverca","datePublished":"2026-02-10T16:58:39+00:00","mainEntityOfPage":{"@id":"https:\/\/portaltela.pt\/noticias\/2026\/02\/10\/richard-rios-realiza-sonho-de-adepto-do-benfica-apos-vitoria-sobre-o-alverca\/"},"wordCount":198,"image":{"@id":"https:\/\/portaltela.pt\/noticias\/2026\/02\/10\/richard-rios-realiza-sonho-de-adepto-do-benfica-apos-vitoria-sobre-o-alverca\/#primaryimage"},"thumbnailUrl":"https:\/\/portaltela.pt\/s.01k8rhncp4jt1\/2026\/02\/img_920x518uu2026-02-10-16-48-12-2420776.jpg","keywords":["adeptos","Benfica","comunidade","Funda\u00e7\u00e3o Benfica","futebol","Sintra"],"articleSection":["Desporto","Futebol"],"inLanguage":"pt-PT"},{"@type":"WebPage","@id":"https:\/\/portaltela.pt\/noticias\/2026\/02\/10\/richard-rios-realiza-sonho-de-adepto-do-benfica-apos-vitoria-sobre-o-alverca\/","url":"https:\/\/portaltela.pt\/noticias\/2026\/02\/10\/richard-rios-realiza-sonho-de-adepto-do-benfica-apos-vitoria-sobre-o-alverca\/","name":"Richard R\u00edos realiza sonho de adepto do Benfica ap\u00f3s vit\u00f3ria sobre o Alverca - Portal Tela Portugal","isPartOf":{"@id":"https:\/\/portaltela.pt\/#website"},"primaryImageOfPage":{"@id":"https:\/\/portaltela.pt\/noticias\/2026\/02\/10\/richard-rios-realiza-sonho-de-adepto-do-benfica-apos-vitoria-sobre-o-alverca\/#primaryimage"},"image":{"@id":"https:\/\/portaltela.pt\/noticias\/2026\/02\/10\/richard-rios-realiza-sonho-de-adepto-do-benfica-apos-vitoria-sobre-o-alverca\/#primaryimage"},"thumbnailUrl":"https:\/\/portaltela.pt\/s.01k8rhncp4jt1\/2026\/02\/img_920x518uu2026-02-10-16-48-12-2420776.jpg","datePublished":"2026-02-10T16:58:39+00:00","author":{"@id":"https:\/\/portaltela.pt\/#\/schema\/person\/c4278d4a6028830caff9ee44b42d32ed"},"breadcrumb":{"@id":"https:\/\/portaltela.pt\/noticias\/2026\/02\/10\/richard-rios-realiza-sonho-de-adepto-do-benfica-apos-vitoria-sobre-o-alverca\/#breadcrumb"},"inLanguage":"pt-PT","potentialAction":[{"@type":"ReadAction","target":["https:\/\/portaltela.pt\/noticias\/2026\/02\/10\/richard-rios-realiza-sonho-de-adepto-do-benfica-apos-vitoria-sobre-o-alverca\/"]}]},{"@type":"ImageObject","inLanguage":"pt-PT","@id":"https:\/\/portaltela.pt\/noticias\/2026\/02\/10\/richard-rios-realiza-sonho-de-adepto-do-benfica-apos-vitoria-sobre-o-alverca\/#primaryimage","url":"https:\/\/portaltela.pt\/s.01k8rhncp4jt1\/2026\/02\/img_920x518uu2026-02-10-16-48-12-2420776.jpg","contentUrl":"https:\/\/portaltela.pt\/s.01k8rhncp4jt1\/2026\/02\/img_920x518uu2026-02-10-16-48-12-2420776.jpg","width":796,"height":448,"caption":"Adriano com Richard R\u00edos"},{"@type":"BreadcrumbList","@id":"https:\/\/portaltela.pt\/noticias\/2026\/02\/10\/richard-rios-realiza-sonho-de-adepto-do-benfica-apos-vitoria-sobre-o-alverca\/#breadcrumb","itemListElement":[{"@type":"ListItem","position":1,"name":"In\u00edcio","item":"https:\/\/portaltela.pt\/"},{"@type":"ListItem","position":2,"name":"Richard R\u00edos realiza sonho de adepto do Benfica ap\u00f3s vit\u00f3ria sobre o Alverca"}]},{"@type":"WebSite","@id":"https:\/\/portaltela.pt\/#website","url":"https:\/\/portaltela.pt\/","name":"Portal Tela Portugal","description":"","potentialAction":[{"@type":"SearchAction","target":{"@type":"EntryPoint","urlTemplate":"https:\/\/portaltela.pt\/?s={search_term_string}"},"query-input":{"@type":"PropertyValueSpecification","valueRequired":true,"valueName":"search_term_string"}}],"inLanguage":"pt-PT"},{"@type":"Person","@id":"https:\/\/portaltela.pt\/#\/schema\/person\/c4278d4a6028830caff9ee44b42d32ed","name":"Telinha","image":{"@type":"ImageObject","inLanguage":"pt-PT","@id":"https:\/\/portaltela.pt\/s.01k8rhncp4jt1\/2025\/11\/talking-bot-125x125.png","url":"https:\/\/portaltela.pt\/s.01k8rhncp4jt1\/2025\/11\/talking-bot-125x125.png","contentUrl":"https:\/\/portaltela.pt\/s.01k8rhncp4jt1\/2025\/11\/talking-bot-125x125.png","caption":"Telinha"},"sameAs":["https:\/\/portaltela.pt\/"],"url":"https:\/\/portaltela.pt\/por\/367410592786\/"}]}},"_links":{"self":[{"href":"https:\/\/portaltela.pt\/api\/wp\/v2\/posts\/207056","targetHints":{"allow":["GET"]}}],"collection":[{"href":"https:\/\/portaltela.pt\/api\/wp\/v2\/posts"}],"about":[{"href":"https:\/\/portaltela.pt\/api\/wp\/v2\/types\/post"}],"author":[{"embeddable":true,"href":"https:\/\/portaltela.pt\/api\/wp\/v2\/users\/2"}],"replies":[{"embeddable":true,"href":"https:\/\/portaltela.pt\/api\/wp\/v2\/comments?post=207056"}],"version-history":[{"count":0,"href":"https:\/\/portaltela.pt\/api\/wp\/v2\/posts\/207056\/revisions"}],"wp:featuredmedia":[{"embeddable":true,"href":"https:\/\/portaltela.pt\/api\/wp\/v2\/media\/207061"}],"wp:attachment":[{"href":"https:\/\/portaltela.pt\/api\/wp\/v2\/media?parent=207056"}],"wp:term":[{"taxonomy":"category","embeddable":true,"href":"https:\/\/portaltela.pt\/api\/wp\/v2\/categories?post=207056"},{"taxonomy":"post_tag","embeddable":true,"href":"https:\/\/portaltela.pt\/api\/wp\/v2\/tags?post=207056"}],"curies":[{"name":"wp","href":"https:\/\/api.w.org\/{rel}","templated":true}]}}