{"id":207019,"date":"2026-02-10T13:42:00","date_gmt":"2026-02-10T16:42:00","guid":{"rendered":"https:\/\/portaltela.pt\/noticias\/2026\/02\/10\/deputada-de-macau-propoe-voos-diretos-entre-macau-e-paises-lusofonos\/"},"modified":"2026-02-10T13:42:00","modified_gmt":"2026-02-10T16:42:00","slug":"deputada-de-macau-propoe-voos-diretos-entre-macau-e-paises-lusofonos","status":"publish","type":"post","link":"https:\/\/portaltela.pt\/noticias\/internacional\/2026\/02\/10\/deputada-de-macau-propoe-voos-diretos-entre-macau-e-paises-lusofonos\/","title":{"rendered":"Deputada de Macau prop\u00f5e voos diretos entre Macau e pa\u00edses lus\u00f3fonos"},"content":{"rendered":"<p>Uma deputada da Assembleia Legislativa de Macau pediu voos diretos entre Macau e pa\u00edses lus\u00f3fonos, como forma de intensificar as liga\u00e7\u00f5es a\u00e9reas e econ\u00f3micas. A proposta foi publicada pela Lusa, sem ainda divulgar pormenores adicionais.<\/p>\n<p>A comunica\u00e7\u00e3o aponta para a cria\u00e7\u00e3o de rotas diretas, sem escalas, para facilitar viagens de neg\u00f3cios e turismo entre Macau e os pa\u00edses de l\u00edngua oficial portuguesa. Os detalhes operacionais e a fundamenta\u00e7\u00e3o t\u00e9cnica ainda n\u00e3o foram divulgados.<\/p>\n<p>N\u00e3o h\u00e1 confirma\u00e7\u00e3o de datas, destinos espec\u00edficos ou cronograma de implementa\u00e7\u00e3o. A not\u00edcia em quest\u00e3o mant\u00e9m o foco na apresenta\u00e7\u00e3o da iniciativa pela deputada e no objetivo de ampliar a conectividade regional. Fonte: Lusa.<\/p>\n","protected":false},"excerpt":{"rendered":"<ul>\n<li>A deputada de Macau pediu voos diretos entre Macau e pa\u00edses lus\u00f3fonos.<\/li>\n<li>A proposta pretende facilitar as liga\u00e7\u00f5es a\u00e9reas com a lusofonia.<\/li>\n<li>A not\u00edcia n\u00e3o especifica destinos nem cronograma para a implementa\u00e7\u00e3o.<\/li>\n<\/ul>\n","protected":false},"author":2,"featured_media":207024,"comment_status":"closed","ping_status":"closed","sticky":false,"template":"","format":"standard","meta":{"footnotes":""},"categories":[4,1],"tags":[3302,4845,28,5386,533,169],"class_list":["post-207019","post","type-post","status-publish","format-standard","has-post-thumbnail","hentry","category-internacional","category-noticias","tag-aeroportos","tag-conectividade-internacional","tag-economia","tag-macau","tag-paises","tag-turismo"],"yoast_head":"<!-- This site is optimized with the Yoast SEO plugin v27.2 - https:\/\/yoast.com\/product\/yoast-seo-wordpress\/ -->\n<title>Deputada de Macau prop\u00f5e voos diretos entre Macau e pa\u00edses lus\u00f3fonos - Portal Tela Portugal<\/title>\n<meta name=\"robots\" content=\"index, follow, max-snippet:-1, max-image-preview:large, max-video-preview:-1\" \/>\n<meta property=\"og:locale\" content=\"pt_PT\" \/>\n<meta property=\"og:type\" content=\"article\" \/>\n<meta property=\"og:title\" content=\"Deputada de Macau prop\u00f5e voos diretos entre Macau e pa\u00edses lus\u00f3fonos - Portal Tela Portugal\" \/>\n<meta property=\"og:description\" content=\"A deputada de Macau pediu voos diretos entre Macau e pa\u00edses lus\u00f3fonos. A proposta pretende facilitar as liga\u00e7\u00f5es a\u00e9reas com a lusofonia. A not\u00edcia n\u00e3o especifica destinos nem cronograma para a implementa\u00e7\u00e3o.\" \/>\n<meta property=\"og:url\" content=\"https:\/\/portaltela.pt\/noticias\/2026\/02\/10\/deputada-de-macau-propoe-voos-diretos-entre-macau-e-paises-lusofonos\/\" \/>\n<meta property=\"og:site_name\" content=\"Portal Tela Portugal\" \/>\n<meta property=\"article:published_time\" content=\"2026-02-10T16:42:00+00:00\" \/>\n<meta name=\"author\" content=\"Telinha\" \/>\n<meta name=\"twitter:card\" content=\"summary_large_image\" \/>\n<meta name=\"twitter:label1\" content=\"Escrito por\" \/>\n\t<meta name=\"twitter:data1\" content=\"Telinha\" \/>\n\t<meta name=\"twitter:label2\" content=\"Tempo estimado de leitura\" \/>\n\t<meta name=\"twitter:data2\" content=\"1 minuto\" \/>\n<script type=\"application\/ld+json\" class=\"yoast-schema-graph\">{\"@context\":\"https:\/\/schema.org\",\"@graph\":[{\"@type\":\"Article\",\"@id\":\"https:\/\/portaltela.pt\/noticias\/2026\/02\/10\/deputada-de-macau-propoe-voos-diretos-entre-macau-e-paises-lusofonos\/#article\",\"isPartOf\":{\"@id\":\"https:\/\/portaltela.pt\/noticias\/2026\/02\/10\/deputada-de-macau-propoe-voos-diretos-entre-macau-e-paises-lusofonos\/\"},\"author\":{\"name\":\"Telinha\",\"@id\":\"https:\/\/portaltela.pt\/#\/schema\/person\/c4278d4a6028830caff9ee44b42d32ed\"},\"headline\":\"Deputada de Macau prop\u00f5e voos diretos entre Macau e pa\u00edses lus\u00f3fonos\",\"datePublished\":\"2026-02-10T16:42:00+00:00\",\"mainEntityOfPage\":{\"@id\":\"https:\/\/portaltela.pt\/noticias\/2026\/02\/10\/deputada-de-macau-propoe-voos-diretos-entre-macau-e-paises-lusofonos\/\"},\"wordCount\":142,\"image\":{\"@id\":\"https:\/\/portaltela.pt\/noticias\/2026\/02\/10\/deputada-de-macau-propoe-voos-diretos-entre-macau-e-paises-lusofonos\/#primaryimage\"},\"thumbnailUrl\":\"https:\/\/portaltela.pt\/s.01k8rhncp4jt1\/2026\/02\/CACHE_780X1200_ANALOG_WATERMARKED_31438767_526390919160291.jpg\",\"keywords\":[\"aeroportos\",\"conectividade internacional\",\"economia\",\"Macau\",\"pa\u00edses\",\"turismo\"],\"articleSection\":[\"Internacional\",\"Not\u00edcias\"],\"inLanguage\":\"pt-PT\"},{\"@type\":\"WebPage\",\"@id\":\"https:\/\/portaltela.pt\/noticias\/2026\/02\/10\/deputada-de-macau-propoe-voos-diretos-entre-macau-e-paises-lusofonos\/\",\"url\":\"https:\/\/portaltela.pt\/noticias\/2026\/02\/10\/deputada-de-macau-propoe-voos-diretos-entre-macau-e-paises-lusofonos\/\",\"name\":\"Deputada de Macau prop\u00f5e voos diretos entre Macau e pa\u00edses lus\u00f3fonos - Portal Tela Portugal\",\"isPartOf\":{\"@id\":\"https:\/\/portaltela.pt\/#website\"},\"primaryImageOfPage\":{\"@id\":\"https:\/\/portaltela.pt\/noticias\/2026\/02\/10\/deputada-de-macau-propoe-voos-diretos-entre-macau-e-paises-lusofonos\/#primaryimage\"},\"image\":{\"@id\":\"https:\/\/portaltela.pt\/noticias\/2026\/02\/10\/deputada-de-macau-propoe-voos-diretos-entre-macau-e-paises-lusofonos\/#primaryimage\"},\"thumbnailUrl\":\"https:\/\/portaltela.pt\/s.01k8rhncp4jt1\/2026\/02\/CACHE_780X1200_ANALOG_WATERMARKED_31438767_526390919160291.jpg\",\"datePublished\":\"2026-02-10T16:42:00+00:00\",\"author\":{\"@id\":\"https:\/\/portaltela.pt\/#\/schema\/person\/c4278d4a6028830caff9ee44b42d32ed\"},\"breadcrumb\":{\"@id\":\"https:\/\/portaltela.pt\/noticias\/2026\/02\/10\/deputada-de-macau-propoe-voos-diretos-entre-macau-e-paises-lusofonos\/#breadcrumb\"},\"inLanguage\":\"pt-PT\",\"potentialAction\":[{\"@type\":\"ReadAction\",\"target\":[\"https:\/\/portaltela.pt\/noticias\/2026\/02\/10\/deputada-de-macau-propoe-voos-diretos-entre-macau-e-paises-lusofonos\/\"]}]},{\"@type\":\"ImageObject\",\"inLanguage\":\"pt-PT\",\"@id\":\"https:\/\/portaltela.pt\/noticias\/2026\/02\/10\/deputada-de-macau-propoe-voos-diretos-entre-macau-e-paises-lusofonos\/#primaryimage\",\"url\":\"https:\/\/portaltela.pt\/s.01k8rhncp4jt1\/2026\/02\/CACHE_780X1200_ANALOG_WATERMARKED_31438767_526390919160291.jpg\",\"contentUrl\":\"https:\/\/portaltela.pt\/s.01k8rhncp4jt1\/2026\/02\/CACHE_780X1200_ANALOG_WATERMARKED_31438767_526390919160291.jpg\",\"width\":796,\"height\":448,\"caption\":\"Photo\"},{\"@type\":\"BreadcrumbList\",\"@id\":\"https:\/\/portaltela.pt\/noticias\/2026\/02\/10\/deputada-de-macau-propoe-voos-diretos-entre-macau-e-paises-lusofonos\/#breadcrumb\",\"itemListElement\":[{\"@type\":\"ListItem\",\"position\":1,\"name\":\"In\u00edcio\",\"item\":\"https:\/\/portaltela.pt\/\"},{\"@type\":\"ListItem\",\"position\":2,\"name\":\"Deputada de Macau prop\u00f5e voos diretos entre Macau e pa\u00edses lus\u00f3fonos\"}]},{\"@type\":\"WebSite\",\"@id\":\"https:\/\/portaltela.pt\/#website\",\"url\":\"https:\/\/portaltela.pt\/\",\"name\":\"Portal Tela Portugal\",\"description\":\"\",\"potentialAction\":[{\"@type\":\"SearchAction\",\"target\":{\"@type\":\"EntryPoint\",\"urlTemplate\":\"https:\/\/portaltela.pt\/?s={search_term_string}\"},\"query-input\":{\"@type\":\"PropertyValueSpecification\",\"valueRequired\":true,\"valueName\":\"search_term_string\"}}],\"inLanguage\":\"pt-PT\"},{\"@type\":\"Person\",\"@id\":\"https:\/\/portaltela.pt\/#\/schema\/person\/c4278d4a6028830caff9ee44b42d32ed\",\"name\":\"Telinha\",\"image\":{\"@type\":\"ImageObject\",\"inLanguage\":\"pt-PT\",\"@id\":\"https:\/\/portaltela.pt\/s.01k8rhncp4jt1\/2025\/11\/talking-bot-125x125.png\",\"url\":\"https:\/\/portaltela.pt\/s.01k8rhncp4jt1\/2025\/11\/talking-bot-125x125.png\",\"contentUrl\":\"https:\/\/portaltela.pt\/s.01k8rhncp4jt1\/2025\/11\/talking-bot-125x125.png\",\"caption\":\"Telinha\"},\"sameAs\":[\"https:\/\/portaltela.pt\/\"],\"url\":\"https:\/\/portaltela.pt\/por\/367410592786\/\"}]}<\/script>\n<!-- \/ Yoast SEO plugin. -->","yoast_head_json":{"title":"Deputada de Macau prop\u00f5e voos diretos entre Macau e pa\u00edses lus\u00f3fonos - Portal Tela Portugal","robots":{"index":"index","follow":"follow","max-snippet":"max-snippet:-1","max-image-preview":"max-image-preview:large","max-video-preview":"max-video-preview:-1"},"og_locale":"pt_PT","og_type":"article","og_title":"Deputada de Macau prop\u00f5e voos diretos entre Macau e pa\u00edses lus\u00f3fonos - Portal Tela Portugal","og_description":"A deputada de Macau pediu voos diretos entre Macau e pa\u00edses lus\u00f3fonos. A proposta pretende facilitar as liga\u00e7\u00f5es a\u00e9reas com a lusofonia. A not\u00edcia n\u00e3o especifica destinos nem cronograma para a implementa\u00e7\u00e3o.","og_url":"https:\/\/portaltela.pt\/noticias\/2026\/02\/10\/deputada-de-macau-propoe-voos-diretos-entre-macau-e-paises-lusofonos\/","og_site_name":"Portal Tela Portugal","article_published_time":"2026-02-10T16:42:00+00:00","author":"Telinha","twitter_card":"summary_large_image","twitter_misc":{"Escrito por":"Telinha","Tempo estimado de leitura":"1 minuto"},"schema":{"@context":"https:\/\/schema.org","@graph":[{"@type":"Article","@id":"https:\/\/portaltela.pt\/noticias\/2026\/02\/10\/deputada-de-macau-propoe-voos-diretos-entre-macau-e-paises-lusofonos\/#article","isPartOf":{"@id":"https:\/\/portaltela.pt\/noticias\/2026\/02\/10\/deputada-de-macau-propoe-voos-diretos-entre-macau-e-paises-lusofonos\/"},"author":{"name":"Telinha","@id":"https:\/\/portaltela.pt\/#\/schema\/person\/c4278d4a6028830caff9ee44b42d32ed"},"headline":"Deputada de Macau prop\u00f5e voos diretos entre Macau e pa\u00edses lus\u00f3fonos","datePublished":"2026-02-10T16:42:00+00:00","mainEntityOfPage":{"@id":"https:\/\/portaltela.pt\/noticias\/2026\/02\/10\/deputada-de-macau-propoe-voos-diretos-entre-macau-e-paises-lusofonos\/"},"wordCount":142,"image":{"@id":"https:\/\/portaltela.pt\/noticias\/2026\/02\/10\/deputada-de-macau-propoe-voos-diretos-entre-macau-e-paises-lusofonos\/#primaryimage"},"thumbnailUrl":"https:\/\/portaltela.pt\/s.01k8rhncp4jt1\/2026\/02\/CACHE_780X1200_ANALOG_WATERMARKED_31438767_526390919160291.jpg","keywords":["aeroportos","conectividade internacional","economia","Macau","pa\u00edses","turismo"],"articleSection":["Internacional","Not\u00edcias"],"inLanguage":"pt-PT"},{"@type":"WebPage","@id":"https:\/\/portaltela.pt\/noticias\/2026\/02\/10\/deputada-de-macau-propoe-voos-diretos-entre-macau-e-paises-lusofonos\/","url":"https:\/\/portaltela.pt\/noticias\/2026\/02\/10\/deputada-de-macau-propoe-voos-diretos-entre-macau-e-paises-lusofonos\/","name":"Deputada de Macau prop\u00f5e voos diretos entre Macau e pa\u00edses lus\u00f3fonos - Portal Tela Portugal","isPartOf":{"@id":"https:\/\/portaltela.pt\/#website"},"primaryImageOfPage":{"@id":"https:\/\/portaltela.pt\/noticias\/2026\/02\/10\/deputada-de-macau-propoe-voos-diretos-entre-macau-e-paises-lusofonos\/#primaryimage"},"image":{"@id":"https:\/\/portaltela.pt\/noticias\/2026\/02\/10\/deputada-de-macau-propoe-voos-diretos-entre-macau-e-paises-lusofonos\/#primaryimage"},"thumbnailUrl":"https:\/\/portaltela.pt\/s.01k8rhncp4jt1\/2026\/02\/CACHE_780X1200_ANALOG_WATERMARKED_31438767_526390919160291.jpg","datePublished":"2026-02-10T16:42:00+00:00","author":{"@id":"https:\/\/portaltela.pt\/#\/schema\/person\/c4278d4a6028830caff9ee44b42d32ed"},"breadcrumb":{"@id":"https:\/\/portaltela.pt\/noticias\/2026\/02\/10\/deputada-de-macau-propoe-voos-diretos-entre-macau-e-paises-lusofonos\/#breadcrumb"},"inLanguage":"pt-PT","potentialAction":[{"@type":"ReadAction","target":["https:\/\/portaltela.pt\/noticias\/2026\/02\/10\/deputada-de-macau-propoe-voos-diretos-entre-macau-e-paises-lusofonos\/"]}]},{"@type":"ImageObject","inLanguage":"pt-PT","@id":"https:\/\/portaltela.pt\/noticias\/2026\/02\/10\/deputada-de-macau-propoe-voos-diretos-entre-macau-e-paises-lusofonos\/#primaryimage","url":"https:\/\/portaltela.pt\/s.01k8rhncp4jt1\/2026\/02\/CACHE_780X1200_ANALOG_WATERMARKED_31438767_526390919160291.jpg","contentUrl":"https:\/\/portaltela.pt\/s.01k8rhncp4jt1\/2026\/02\/CACHE_780X1200_ANALOG_WATERMARKED_31438767_526390919160291.jpg","width":796,"height":448,"caption":"Photo"},{"@type":"BreadcrumbList","@id":"https:\/\/portaltela.pt\/noticias\/2026\/02\/10\/deputada-de-macau-propoe-voos-diretos-entre-macau-e-paises-lusofonos\/#breadcrumb","itemListElement":[{"@type":"ListItem","position":1,"name":"In\u00edcio","item":"https:\/\/portaltela.pt\/"},{"@type":"ListItem","position":2,"name":"Deputada de Macau prop\u00f5e voos diretos entre Macau e pa\u00edses lus\u00f3fonos"}]},{"@type":"WebSite","@id":"https:\/\/portaltela.pt\/#website","url":"https:\/\/portaltela.pt\/","name":"Portal Tela Portugal","description":"","potentialAction":[{"@type":"SearchAction","target":{"@type":"EntryPoint","urlTemplate":"https:\/\/portaltela.pt\/?s={search_term_string}"},"query-input":{"@type":"PropertyValueSpecification","valueRequired":true,"valueName":"search_term_string"}}],"inLanguage":"pt-PT"},{"@type":"Person","@id":"https:\/\/portaltela.pt\/#\/schema\/person\/c4278d4a6028830caff9ee44b42d32ed","name":"Telinha","image":{"@type":"ImageObject","inLanguage":"pt-PT","@id":"https:\/\/portaltela.pt\/s.01k8rhncp4jt1\/2025\/11\/talking-bot-125x125.png","url":"https:\/\/portaltela.pt\/s.01k8rhncp4jt1\/2025\/11\/talking-bot-125x125.png","contentUrl":"https:\/\/portaltela.pt\/s.01k8rhncp4jt1\/2025\/11\/talking-bot-125x125.png","caption":"Telinha"},"sameAs":["https:\/\/portaltela.pt\/"],"url":"https:\/\/portaltela.pt\/por\/367410592786\/"}]}},"_links":{"self":[{"href":"https:\/\/portaltela.pt\/api\/wp\/v2\/posts\/207019","targetHints":{"allow":["GET"]}}],"collection":[{"href":"https:\/\/portaltela.pt\/api\/wp\/v2\/posts"}],"about":[{"href":"https:\/\/portaltela.pt\/api\/wp\/v2\/types\/post"}],"author":[{"embeddable":true,"href":"https:\/\/portaltela.pt\/api\/wp\/v2\/users\/2"}],"replies":[{"embeddable":true,"href":"https:\/\/portaltela.pt\/api\/wp\/v2\/comments?post=207019"}],"version-history":[{"count":0,"href":"https:\/\/portaltela.pt\/api\/wp\/v2\/posts\/207019\/revisions"}],"wp:featuredmedia":[{"embeddable":true,"href":"https:\/\/portaltela.pt\/api\/wp\/v2\/media\/207024"}],"wp:attachment":[{"href":"https:\/\/portaltela.pt\/api\/wp\/v2\/media?parent=207019"}],"wp:term":[{"taxonomy":"category","embeddable":true,"href":"https:\/\/portaltela.pt\/api\/wp\/v2\/categories?post=207019"},{"taxonomy":"post_tag","embeddable":true,"href":"https:\/\/portaltela.pt\/api\/wp\/v2\/tags?post=207019"}],"curies":[{"name":"wp","href":"https:\/\/api.w.org\/{rel}","templated":true}]}}