{"id":207016,"date":"2026-02-10T13:39:00","date_gmt":"2026-02-10T16:39:00","guid":{"rendered":"https:\/\/portaltela.pt\/noticias\/2026\/02\/10\/xavi-malian-renova-com-o-hoquei-em-patins-do-f-c-porto\/"},"modified":"2026-02-10T13:39:00","modified_gmt":"2026-02-10T16:39:00","slug":"xavi-malian-renova-com-o-hoquei-em-patins-do-f-c-porto","status":"publish","type":"post","link":"https:\/\/portaltela.pt\/desporto\/2026\/02\/10\/xavi-malian-renova-com-o-hoquei-em-patins-do-f-c-porto\/","title":{"rendered":"Xavi Mali\u00e1n renova com o h\u00f3quei em patins do F. C. Porto"},"content":{"rendered":"<p>O guarda-redes espanhol Xavi Mali\u00e1n renovou o contrato com o h\u00f3quei em patins do F C Porto, anunciado pelos drag\u00f5es na ter\u00e7a-feira. A dura\u00e7\u00e3o do v\u00ednculo n\u00e3o foi revelada.<\/p>\n<p>Natural de Barcelona, o atleta tem 36 anos e chegou ao Porto em 2019\/20, vindo de Voltreg\u00e1, Cerceda e Liceo da Corunha. Mant\u00e9m-se, assim, no plantel azul e branco.<\/p>\n<p>Ao longo de sete temporadas, Mali\u00e1n conquistou a Ta\u00e7a Intercontinental, a Ta\u00e7a Continental e a Liga dos Campe\u00f5es, al\u00e9m de tr\u00eas campeonatos nacionais, duas Ta\u00e7as de Portugal, uma Superta\u00e7a Ant\u00f3nio Livramento e a Elite Cup.<\/p>\n<p>O jogador agradeceu ao clube e aos adeptos, referindo que \u00e9 um momento emocionante por continuar a representar o F C Porto e que pretende manter o contributo at\u00e9 onde puder.<\/p>\n","protected":false},"excerpt":{"rendered":"<ul>\n<li>O guarda-redes espanhol Xavi Mali\u00e1n renovou o contrato com o h\u00f3quei em patins do F. C. Porto, sem divulgar a dura\u00e7\u00e3o do v\u00ednculo.<\/li>\n<li>Mali\u00e1n, natural de Barcelona, tem 36 anos e chegou ao clube em 2019\/20, ap\u00f3s passagens por Voltreg\u00e1, Cerceda e Liceo da Corunha.<\/li>\n<li>Ao longo de sete temporadas com os azuis e brancos, o catal\u00e3o conquistou a Ta\u00e7a Intercontinental, a Ta\u00e7a Continental e a Liga dos Campe\u00f5es.<\/li>\n<li>Disputou ainda tr\u00eas campeonatos nacionais, duas Ta\u00e7as de Portugal, uma Superta\u00e7a Ant\u00f3nio Livramento e a Elite Cup.<\/li>\n<li>O jogador afirmou estar muito emocionado por continuar no F. C. Porto, agradecer ao clube e afirmar que vai continuar a dar tudo pelo clube.<\/li>\n<\/ul>\n","protected":false},"author":2,"featured_media":207028,"comment_status":"closed","ping_status":"closed","sticky":false,"template":"","format":"standard","meta":{"footnotes":""},"categories":[21],"tags":[3733,2028,273,253,982,2170],"class_list":["post-207016","post","type-post","status-publish","format-standard","has-post-thumbnail","hentry","category-desporto","tag-elite-cup","tag-fc-porto","tag-hoquei","tag-liga-dos-campeoes","tag-porto","tag-taca-intercontinental"],"yoast_head":"<!-- This site is optimized with the Yoast SEO plugin v27.2 - https:\/\/yoast.com\/product\/yoast-seo-wordpress\/ -->\n<title>Xavi Mali\u00e1n renova com o h\u00f3quei em patins do F. C. Porto - Portal Tela Portugal<\/title>\n<meta name=\"robots\" content=\"index, follow, max-snippet:-1, max-image-preview:large, max-video-preview:-1\" \/>\n<meta property=\"og:locale\" content=\"pt_PT\" \/>\n<meta property=\"og:type\" content=\"article\" \/>\n<meta property=\"og:title\" content=\"Xavi Mali\u00e1n renova com o h\u00f3quei em patins do F. C. Porto - Portal Tela Portugal\" \/>\n<meta property=\"og:description\" content=\"O guarda-redes espanhol Xavi Mali\u00e1n renovou o contrato com o h\u00f3quei em patins do F. C. Porto, sem divulgar a dura\u00e7\u00e3o do v\u00ednculo. Mali\u00e1n, natural de Barcelona, tem 36 anos e chegou ao clube em 2019\/20, ap\u00f3s passagens por Voltreg\u00e1, Cerceda e Liceo da Corunha. Ao longo de sete temporadas com os azuis e brancos, o catal\u00e3o conquistou a Ta\u00e7a Intercontinental, a Ta\u00e7a Continental e a Liga dos Campe\u00f5es. Disputou ainda tr\u00eas campeonatos nacionais, duas Ta\u00e7as de Portugal, uma Superta\u00e7a Ant\u00f3nio Livramento e a Elite Cup. O jogador afirmou estar muito emocionado por continuar no F. C. Porto, agradecer ao clube e afirmar que vai continuar a dar tudo pelo clube.\" \/>\n<meta property=\"og:url\" content=\"https:\/\/portaltela.pt\/noticias\/2026\/02\/10\/xavi-malian-renova-com-o-hoquei-em-patins-do-f-c-porto\/\" \/>\n<meta property=\"og:site_name\" content=\"Portal Tela Portugal\" \/>\n<meta property=\"article:published_time\" content=\"2026-02-10T16:39:00+00:00\" \/>\n<meta name=\"author\" content=\"Telinha\" \/>\n<meta name=\"twitter:card\" content=\"summary_large_image\" \/>\n<meta name=\"twitter:label1\" content=\"Escrito por\" \/>\n\t<meta name=\"twitter:data1\" content=\"Telinha\" \/>\n\t<meta name=\"twitter:label2\" content=\"Tempo estimado de leitura\" \/>\n\t<meta name=\"twitter:data2\" content=\"1 minuto\" \/>\n<script type=\"application\/ld+json\" class=\"yoast-schema-graph\">{\"@context\":\"https:\/\/schema.org\",\"@graph\":[{\"@type\":\"Article\",\"@id\":\"https:\/\/portaltela.pt\/noticias\/2026\/02\/10\/xavi-malian-renova-com-o-hoquei-em-patins-do-f-c-porto\/#article\",\"isPartOf\":{\"@id\":\"https:\/\/portaltela.pt\/noticias\/2026\/02\/10\/xavi-malian-renova-com-o-hoquei-em-patins-do-f-c-porto\/\"},\"author\":{\"name\":\"Telinha\",\"@id\":\"https:\/\/portaltela.pt\/#\/schema\/person\/c4278d4a6028830caff9ee44b42d32ed\"},\"headline\":\"Xavi Mali\u00e1n renova com o h\u00f3quei em patins do F. C. Porto\",\"datePublished\":\"2026-02-10T16:39:00+00:00\",\"mainEntityOfPage\":{\"@id\":\"https:\/\/portaltela.pt\/noticias\/2026\/02\/10\/xavi-malian-renova-com-o-hoquei-em-patins-do-f-c-porto\/\"},\"wordCount\":152,\"image\":{\"@id\":\"https:\/\/portaltela.pt\/noticias\/2026\/02\/10\/xavi-malian-renova-com-o-hoquei-em-patins-do-f-c-porto\/#primaryimage\"},\"thumbnailUrl\":\"https:\/\/portaltela.pt\/s.01k8rhncp4jt1\/2026\/02\/image-801.jpg\",\"keywords\":[\"Elite Cup\",\"FC Porto\",\"h\u00f3quei\",\"Liga dos Campe\u00f5es\",\"Porto\",\"Ta\u00e7a Intercontinental\"],\"articleSection\":[\"Desporto\"],\"inLanguage\":\"pt-PT\"},{\"@type\":\"WebPage\",\"@id\":\"https:\/\/portaltela.pt\/noticias\/2026\/02\/10\/xavi-malian-renova-com-o-hoquei-em-patins-do-f-c-porto\/\",\"url\":\"https:\/\/portaltela.pt\/noticias\/2026\/02\/10\/xavi-malian-renova-com-o-hoquei-em-patins-do-f-c-porto\/\",\"name\":\"Xavi Mali\u00e1n renova com o h\u00f3quei em patins do F. C. Porto - Portal Tela Portugal\",\"isPartOf\":{\"@id\":\"https:\/\/portaltela.pt\/#website\"},\"primaryImageOfPage\":{\"@id\":\"https:\/\/portaltela.pt\/noticias\/2026\/02\/10\/xavi-malian-renova-com-o-hoquei-em-patins-do-f-c-porto\/#primaryimage\"},\"image\":{\"@id\":\"https:\/\/portaltela.pt\/noticias\/2026\/02\/10\/xavi-malian-renova-com-o-hoquei-em-patins-do-f-c-porto\/#primaryimage\"},\"thumbnailUrl\":\"https:\/\/portaltela.pt\/s.01k8rhncp4jt1\/2026\/02\/image-801.jpg\",\"datePublished\":\"2026-02-10T16:39:00+00:00\",\"author\":{\"@id\":\"https:\/\/portaltela.pt\/#\/schema\/person\/c4278d4a6028830caff9ee44b42d32ed\"},\"breadcrumb\":{\"@id\":\"https:\/\/portaltela.pt\/noticias\/2026\/02\/10\/xavi-malian-renova-com-o-hoquei-em-patins-do-f-c-porto\/#breadcrumb\"},\"inLanguage\":\"pt-PT\",\"potentialAction\":[{\"@type\":\"ReadAction\",\"target\":[\"https:\/\/portaltela.pt\/noticias\/2026\/02\/10\/xavi-malian-renova-com-o-hoquei-em-patins-do-f-c-porto\/\"]}]},{\"@type\":\"ImageObject\",\"inLanguage\":\"pt-PT\",\"@id\":\"https:\/\/portaltela.pt\/noticias\/2026\/02\/10\/xavi-malian-renova-com-o-hoquei-em-patins-do-f-c-porto\/#primaryimage\",\"url\":\"https:\/\/portaltela.pt\/s.01k8rhncp4jt1\/2026\/02\/image-801.jpg\",\"contentUrl\":\"https:\/\/portaltela.pt\/s.01k8rhncp4jt1\/2026\/02\/image-801.jpg\",\"width\":796,\"height\":448,\"caption\":\"Guarda-redes espanhol est\u00e1 h\u00e1 sete temporadas nos azuis e brancos\"},{\"@type\":\"BreadcrumbList\",\"@id\":\"https:\/\/portaltela.pt\/noticias\/2026\/02\/10\/xavi-malian-renova-com-o-hoquei-em-patins-do-f-c-porto\/#breadcrumb\",\"itemListElement\":[{\"@type\":\"ListItem\",\"position\":1,\"name\":\"In\u00edcio\",\"item\":\"https:\/\/portaltela.pt\/\"},{\"@type\":\"ListItem\",\"position\":2,\"name\":\"Xavi Mali\u00e1n renova com o h\u00f3quei em patins do F. C. Porto\"}]},{\"@type\":\"WebSite\",\"@id\":\"https:\/\/portaltela.pt\/#website\",\"url\":\"https:\/\/portaltela.pt\/\",\"name\":\"Portal Tela Portugal\",\"description\":\"\",\"potentialAction\":[{\"@type\":\"SearchAction\",\"target\":{\"@type\":\"EntryPoint\",\"urlTemplate\":\"https:\/\/portaltela.pt\/?s={search_term_string}\"},\"query-input\":{\"@type\":\"PropertyValueSpecification\",\"valueRequired\":true,\"valueName\":\"search_term_string\"}}],\"inLanguage\":\"pt-PT\"},{\"@type\":\"Person\",\"@id\":\"https:\/\/portaltela.pt\/#\/schema\/person\/c4278d4a6028830caff9ee44b42d32ed\",\"name\":\"Telinha\",\"image\":{\"@type\":\"ImageObject\",\"inLanguage\":\"pt-PT\",\"@id\":\"https:\/\/portaltela.pt\/s.01k8rhncp4jt1\/2025\/11\/talking-bot-125x125.png\",\"url\":\"https:\/\/portaltela.pt\/s.01k8rhncp4jt1\/2025\/11\/talking-bot-125x125.png\",\"contentUrl\":\"https:\/\/portaltela.pt\/s.01k8rhncp4jt1\/2025\/11\/talking-bot-125x125.png\",\"caption\":\"Telinha\"},\"sameAs\":[\"https:\/\/portaltela.pt\/\"],\"url\":\"https:\/\/portaltela.pt\/por\/367410592786\/\"}]}<\/script>\n<!-- \/ Yoast SEO plugin. -->","yoast_head_json":{"title":"Xavi Mali\u00e1n renova com o h\u00f3quei em patins do F. C. Porto - Portal Tela Portugal","robots":{"index":"index","follow":"follow","max-snippet":"max-snippet:-1","max-image-preview":"max-image-preview:large","max-video-preview":"max-video-preview:-1"},"og_locale":"pt_PT","og_type":"article","og_title":"Xavi Mali\u00e1n renova com o h\u00f3quei em patins do F. C. Porto - Portal Tela Portugal","og_description":"O guarda-redes espanhol Xavi Mali\u00e1n renovou o contrato com o h\u00f3quei em patins do F. C. Porto, sem divulgar a dura\u00e7\u00e3o do v\u00ednculo. Mali\u00e1n, natural de Barcelona, tem 36 anos e chegou ao clube em 2019\/20, ap\u00f3s passagens por Voltreg\u00e1, Cerceda e Liceo da Corunha. Ao longo de sete temporadas com os azuis e brancos, o catal\u00e3o conquistou a Ta\u00e7a Intercontinental, a Ta\u00e7a Continental e a Liga dos Campe\u00f5es. Disputou ainda tr\u00eas campeonatos nacionais, duas Ta\u00e7as de Portugal, uma Superta\u00e7a Ant\u00f3nio Livramento e a Elite Cup. O jogador afirmou estar muito emocionado por continuar no F. C. Porto, agradecer ao clube e afirmar que vai continuar a dar tudo pelo clube.","og_url":"https:\/\/portaltela.pt\/noticias\/2026\/02\/10\/xavi-malian-renova-com-o-hoquei-em-patins-do-f-c-porto\/","og_site_name":"Portal Tela Portugal","article_published_time":"2026-02-10T16:39:00+00:00","author":"Telinha","twitter_card":"summary_large_image","twitter_misc":{"Escrito por":"Telinha","Tempo estimado de leitura":"1 minuto"},"schema":{"@context":"https:\/\/schema.org","@graph":[{"@type":"Article","@id":"https:\/\/portaltela.pt\/noticias\/2026\/02\/10\/xavi-malian-renova-com-o-hoquei-em-patins-do-f-c-porto\/#article","isPartOf":{"@id":"https:\/\/portaltela.pt\/noticias\/2026\/02\/10\/xavi-malian-renova-com-o-hoquei-em-patins-do-f-c-porto\/"},"author":{"name":"Telinha","@id":"https:\/\/portaltela.pt\/#\/schema\/person\/c4278d4a6028830caff9ee44b42d32ed"},"headline":"Xavi Mali\u00e1n renova com o h\u00f3quei em patins do F. C. Porto","datePublished":"2026-02-10T16:39:00+00:00","mainEntityOfPage":{"@id":"https:\/\/portaltela.pt\/noticias\/2026\/02\/10\/xavi-malian-renova-com-o-hoquei-em-patins-do-f-c-porto\/"},"wordCount":152,"image":{"@id":"https:\/\/portaltela.pt\/noticias\/2026\/02\/10\/xavi-malian-renova-com-o-hoquei-em-patins-do-f-c-porto\/#primaryimage"},"thumbnailUrl":"https:\/\/portaltela.pt\/s.01k8rhncp4jt1\/2026\/02\/image-801.jpg","keywords":["Elite Cup","FC Porto","h\u00f3quei","Liga dos Campe\u00f5es","Porto","Ta\u00e7a Intercontinental"],"articleSection":["Desporto"],"inLanguage":"pt-PT"},{"@type":"WebPage","@id":"https:\/\/portaltela.pt\/noticias\/2026\/02\/10\/xavi-malian-renova-com-o-hoquei-em-patins-do-f-c-porto\/","url":"https:\/\/portaltela.pt\/noticias\/2026\/02\/10\/xavi-malian-renova-com-o-hoquei-em-patins-do-f-c-porto\/","name":"Xavi Mali\u00e1n renova com o h\u00f3quei em patins do F. C. Porto - Portal Tela Portugal","isPartOf":{"@id":"https:\/\/portaltela.pt\/#website"},"primaryImageOfPage":{"@id":"https:\/\/portaltela.pt\/noticias\/2026\/02\/10\/xavi-malian-renova-com-o-hoquei-em-patins-do-f-c-porto\/#primaryimage"},"image":{"@id":"https:\/\/portaltela.pt\/noticias\/2026\/02\/10\/xavi-malian-renova-com-o-hoquei-em-patins-do-f-c-porto\/#primaryimage"},"thumbnailUrl":"https:\/\/portaltela.pt\/s.01k8rhncp4jt1\/2026\/02\/image-801.jpg","datePublished":"2026-02-10T16:39:00+00:00","author":{"@id":"https:\/\/portaltela.pt\/#\/schema\/person\/c4278d4a6028830caff9ee44b42d32ed"},"breadcrumb":{"@id":"https:\/\/portaltela.pt\/noticias\/2026\/02\/10\/xavi-malian-renova-com-o-hoquei-em-patins-do-f-c-porto\/#breadcrumb"},"inLanguage":"pt-PT","potentialAction":[{"@type":"ReadAction","target":["https:\/\/portaltela.pt\/noticias\/2026\/02\/10\/xavi-malian-renova-com-o-hoquei-em-patins-do-f-c-porto\/"]}]},{"@type":"ImageObject","inLanguage":"pt-PT","@id":"https:\/\/portaltela.pt\/noticias\/2026\/02\/10\/xavi-malian-renova-com-o-hoquei-em-patins-do-f-c-porto\/#primaryimage","url":"https:\/\/portaltela.pt\/s.01k8rhncp4jt1\/2026\/02\/image-801.jpg","contentUrl":"https:\/\/portaltela.pt\/s.01k8rhncp4jt1\/2026\/02\/image-801.jpg","width":796,"height":448,"caption":"Guarda-redes espanhol est\u00e1 h\u00e1 sete temporadas nos azuis e brancos"},{"@type":"BreadcrumbList","@id":"https:\/\/portaltela.pt\/noticias\/2026\/02\/10\/xavi-malian-renova-com-o-hoquei-em-patins-do-f-c-porto\/#breadcrumb","itemListElement":[{"@type":"ListItem","position":1,"name":"In\u00edcio","item":"https:\/\/portaltela.pt\/"},{"@type":"ListItem","position":2,"name":"Xavi Mali\u00e1n renova com o h\u00f3quei em patins do F. C. Porto"}]},{"@type":"WebSite","@id":"https:\/\/portaltela.pt\/#website","url":"https:\/\/portaltela.pt\/","name":"Portal Tela Portugal","description":"","potentialAction":[{"@type":"SearchAction","target":{"@type":"EntryPoint","urlTemplate":"https:\/\/portaltela.pt\/?s={search_term_string}"},"query-input":{"@type":"PropertyValueSpecification","valueRequired":true,"valueName":"search_term_string"}}],"inLanguage":"pt-PT"},{"@type":"Person","@id":"https:\/\/portaltela.pt\/#\/schema\/person\/c4278d4a6028830caff9ee44b42d32ed","name":"Telinha","image":{"@type":"ImageObject","inLanguage":"pt-PT","@id":"https:\/\/portaltela.pt\/s.01k8rhncp4jt1\/2025\/11\/talking-bot-125x125.png","url":"https:\/\/portaltela.pt\/s.01k8rhncp4jt1\/2025\/11\/talking-bot-125x125.png","contentUrl":"https:\/\/portaltela.pt\/s.01k8rhncp4jt1\/2025\/11\/talking-bot-125x125.png","caption":"Telinha"},"sameAs":["https:\/\/portaltela.pt\/"],"url":"https:\/\/portaltela.pt\/por\/367410592786\/"}]}},"_links":{"self":[{"href":"https:\/\/portaltela.pt\/api\/wp\/v2\/posts\/207016","targetHints":{"allow":["GET"]}}],"collection":[{"href":"https:\/\/portaltela.pt\/api\/wp\/v2\/posts"}],"about":[{"href":"https:\/\/portaltela.pt\/api\/wp\/v2\/types\/post"}],"author":[{"embeddable":true,"href":"https:\/\/portaltela.pt\/api\/wp\/v2\/users\/2"}],"replies":[{"embeddable":true,"href":"https:\/\/portaltela.pt\/api\/wp\/v2\/comments?post=207016"}],"version-history":[{"count":0,"href":"https:\/\/portaltela.pt\/api\/wp\/v2\/posts\/207016\/revisions"}],"wp:featuredmedia":[{"embeddable":true,"href":"https:\/\/portaltela.pt\/api\/wp\/v2\/media\/207028"}],"wp:attachment":[{"href":"https:\/\/portaltela.pt\/api\/wp\/v2\/media?parent=207016"}],"wp:term":[{"taxonomy":"category","embeddable":true,"href":"https:\/\/portaltela.pt\/api\/wp\/v2\/categories?post=207016"},{"taxonomy":"post_tag","embeddable":true,"href":"https:\/\/portaltela.pt\/api\/wp\/v2\/tags?post=207016"}],"curies":[{"name":"wp","href":"https:\/\/api.w.org\/{rel}","templated":true}]}}