{"id":206956,"date":"2026-02-10T12:50:00","date_gmt":"2026-02-10T15:50:00","guid":{"rendered":"https:\/\/portaltela.pt\/noticias\/2026\/02\/10\/peugeot-polygon-prototipo-que-antecipa-2027-esteve-em-lisboa\/"},"modified":"2026-02-10T12:50:00","modified_gmt":"2026-02-10T15:50:00","slug":"peugeot-polygon-prototipo-que-antecipa-2027-esteve-em-lisboa","status":"publish","type":"post","link":"https:\/\/portaltela.pt\/noticias\/2026\/02\/10\/peugeot-polygon-prototipo-que-antecipa-2027-esteve-em-lisboa\/","title":{"rendered":"Peugeot Polygon: prot\u00f3tipo que antecipa 2027 esteve em Lisboa"},"content":{"rendered":"<p>O Peugeot Polygon, prot\u00f3tipo que antecipa a tecnologia da marca para a pr\u00f3xima d\u00e9cada, passou por Lisboa nos dias 6 e 7 de Fevereiro. A paragem ocorreu na Pra\u00e7a Central do Ubbo Shopping, na Grande Lisboa, durante a digress\u00e3o europeia do modelo apresentado inicialmente no Sal\u00e3o Autom\u00f3vel de Bruxelas. Trata-se de um laborat\u00f3rio sobre rodas que a Peugeot utiliza para mostrar as solu\u00e7\u00f5es t\u00e9cnicas da transi\u00e7\u00e3o para 2027.<\/p>\n<p>O ve\u00edculo funciona como demonstra\u00e7\u00e3o pr\u00e1tica das inova\u00e7\u00f5es da marca do grupo Stellantis, com especial foco na rela\u00e7\u00e3o entre condutor e estrada. Um dos elementos centrais \u00e9 a dire\u00e7\u00e3o por software, eliminando a coluna f\u00edsica entre volante e rodas dianteiras. O sistema, denominado steer-by-wire, recebe comandos eletr\u00f3nicos que filtram vibra\u00e7\u00f5es e elevam a dire\u00e7\u00e3o direta.<\/p>\n<p>Adeus \u00e0 coluna, ol\u00e1 o Hypersquare. O volante \u00e9 retangular, com quatro m\u00f3dulos circulares nos cantos que alojam comandos sem retirar as m\u00e3os da posi\u00e7\u00e3o de condu\u00e7\u00e3o. A desmultiplica\u00e7\u00e3o adapta-se \u00e0 velocidade: at\u00e9 170 graus de movimento em manobras lentas, assegurando maior estabilidade a alta velocidade.<\/p>\n<p>A bordo, o i-Cockpit da pr\u00f3xima gera\u00e7\u00e3o \u00e9 apresentado sem pain\u00e9is tradicionais. A informa\u00e7\u00e3o projeta-se numa faixa do para-brisas, atrav\u00e9s de um painel Micro-LED atr\u00e1s do volante. Este ecr\u00e3 tem cerca de 24 cm de altura por 74 cm de largura, simulando um monitor de 31 polegadas.<\/p>\n<p>Com menos de quatro metros de comprimento, o Polygon assume-se como um ve\u00edculo compacto e modular. O conceito privilegia a redu\u00e7\u00e3o de pe\u00e7as para facilitar montagem e reciclagem, com bancos constitu\u00eddos por tr\u00eas elementos: ber\u00e7o em pl\u00e1stico reciclado, estrutura impressa em 3D e espuma moldada.<\/p>\n<p>A tecnologia estende-se aos pneus, desenvolvidos em parceria com a Goodyear. Sensores comunicam estado da borracha e da estrada, e as laterais s\u00e3o gravadas a laser para efeitos visuais. O modelo tem portas de abertura em borboleta, sem pilar central, e uma assinatura luminosa com tr\u00eas garras horizontais na grelha de Micro-LED.<\/p>\n<p>O Polygon est\u00e1 a cumprir uma digress\u00e3o europeia que o levar\u00e1 a viajar pela regi\u00e3o at\u00e9 junho. Este prot\u00f3tipo funcional visa demonstrar solu\u00e7\u00f5es a serem introduzidas pela Peugeot em 2027, consolidando a vis\u00e3o el\u00e9trica e digital da marca para o pr\u00f3ximo ciclo de produtos.<\/p>\n","protected":false},"excerpt":{"rendered":"<ul>\n<li>O Peugeot Polygon Concept esteve na Pra\u00e7a Central do Ubbo Shopping, na Grande Lisboa, a 6 e 7 de fevereiro, em digress\u00e3o europeia.<\/li>\n<li>A grande novidade t\u00e9cnica \u00e9 o steer-by-wire, com coluna de dire\u00e7\u00e3o eliminada; o volante Hypersquare \u00e9 rectangular com quatro m\u00f3dulos nos cantos e ajusta a desmultiplica\u00e7\u00e3o consoante a velocidade.<\/li>\n<li>O interior apresenta o futuro i-Cockpit, sem ecr\u00e3s no tablier, com informa\u00e7\u00e3o projetada numa faixa do p\u00e1ra-brisas atrav\u00e9s de um painel de Micro-LED atr\u00e1s do volante.<\/li>\n<li>O ve\u00edculo, com menos de quatro metros de comprimento, aposta na constru\u00e7\u00e3o simplificada: bancos com tr\u00eas elementos, pe\u00e7as substitu\u00edveis e pneus com sensores desenvolvidos em parceria com a Goodyear.<\/li>\n<li>A ilumina\u00e7\u00e3o exterior usa tr\u00eas garras da marca em Micro-LED, as portas abrem em borboleta e o Polygon seguir\u00e1 viagem pela Europa at\u00e9 junho, como vitrine do futuro el\u00e9ctrico e digital da Peugeot.<\/li>\n<\/ul>\n","protected":false},"author":2,"featured_media":206960,"comment_status":"closed","ping_status":"closed","sticky":false,"template":"","format":"standard","meta":{"footnotes":""},"categories":[1],"tags":[2371,1867,33,2110,153,3853],"class_list":["post-206956","post","type-post","status-publish","format-standard","has-post-thumbnail","hentry","category-noticias","tag-automoveis","tag-digitalizacao","tag-inovacao","tag-mobilidade","tag-tecnologia","tag-veiculos-autonomos"],"yoast_head":"<!-- This site is optimized with the Yoast SEO plugin v27.2 - https:\/\/yoast.com\/product\/yoast-seo-wordpress\/ -->\n<title>Peugeot Polygon: prot\u00f3tipo que antecipa 2027 esteve em Lisboa - Portal Tela Portugal<\/title>\n<meta name=\"robots\" content=\"index, follow, max-snippet:-1, max-image-preview:large, max-video-preview:-1\" \/>\n<meta property=\"og:locale\" content=\"pt_PT\" \/>\n<meta property=\"og:type\" content=\"article\" \/>\n<meta property=\"og:title\" content=\"Peugeot Polygon: prot\u00f3tipo que antecipa 2027 esteve em Lisboa - Portal Tela Portugal\" \/>\n<meta property=\"og:description\" content=\"O Peugeot Polygon Concept esteve na Pra\u00e7a Central do Ubbo Shopping, na Grande Lisboa, a 6 e 7 de fevereiro, em digress\u00e3o europeia. A grande novidade t\u00e9cnica \u00e9 o steer-by-wire, com coluna de dire\u00e7\u00e3o eliminada; o volante Hypersquare \u00e9 rectangular com quatro m\u00f3dulos nos cantos e ajusta a desmultiplica\u00e7\u00e3o consoante a velocidade. O interior apresenta o futuro i-Cockpit, sem ecr\u00e3s no tablier, com informa\u00e7\u00e3o projetada numa faixa do p\u00e1ra-brisas atrav\u00e9s de um painel de Micro-LED atr\u00e1s do volante. O ve\u00edculo, com menos de quatro metros de comprimento, aposta na constru\u00e7\u00e3o simplificada: bancos com tr\u00eas elementos, pe\u00e7as substitu\u00edveis e pneus com sensores desenvolvidos em parceria com a Goodyear. A ilumina\u00e7\u00e3o exterior usa tr\u00eas garras da marca em Micro-LED, as portas abrem em borboleta e o Polygon seguir\u00e1 viagem pela Europa at\u00e9 junho, como vitrine do futuro el\u00e9ctrico e digital da Peugeot.\" \/>\n<meta property=\"og:url\" content=\"https:\/\/portaltela.pt\/noticias\/2026\/02\/10\/peugeot-polygon-prototipo-que-antecipa-2027-esteve-em-lisboa\/\" \/>\n<meta property=\"og:site_name\" content=\"Portal Tela Portugal\" \/>\n<meta property=\"article:published_time\" content=\"2026-02-10T15:50:00+00:00\" \/>\n<meta name=\"author\" content=\"Telinha\" \/>\n<meta name=\"twitter:card\" content=\"summary_large_image\" \/>\n<meta name=\"twitter:label1\" content=\"Escrito por\" \/>\n\t<meta name=\"twitter:data1\" content=\"Telinha\" \/>\n\t<meta name=\"twitter:label2\" content=\"Tempo estimado de leitura\" \/>\n\t<meta name=\"twitter:data2\" content=\"2 minutos\" \/>\n<script type=\"application\/ld+json\" class=\"yoast-schema-graph\">{\"@context\":\"https:\/\/schema.org\",\"@graph\":[{\"@type\":\"Article\",\"@id\":\"https:\/\/portaltela.pt\/noticias\/2026\/02\/10\/peugeot-polygon-prototipo-que-antecipa-2027-esteve-em-lisboa\/#article\",\"isPartOf\":{\"@id\":\"https:\/\/portaltela.pt\/noticias\/2026\/02\/10\/peugeot-polygon-prototipo-que-antecipa-2027-esteve-em-lisboa\/\"},\"author\":{\"name\":\"Telinha\",\"@id\":\"https:\/\/portaltela.pt\/#\/schema\/person\/c4278d4a6028830caff9ee44b42d32ed\"},\"headline\":\"Peugeot Polygon: prot\u00f3tipo que antecipa 2027 esteve em Lisboa\",\"datePublished\":\"2026-02-10T15:50:00+00:00\",\"mainEntityOfPage\":{\"@id\":\"https:\/\/portaltela.pt\/noticias\/2026\/02\/10\/peugeot-polygon-prototipo-que-antecipa-2027-esteve-em-lisboa\/\"},\"wordCount\":401,\"image\":{\"@id\":\"https:\/\/portaltela.pt\/noticias\/2026\/02\/10\/peugeot-polygon-prototipo-que-antecipa-2027-esteve-em-lisboa\/#primaryimage\"},\"thumbnailUrl\":\"https:\/\/portaltela.pt\/s.01k8rhncp4jt1\/2026\/02\/NA25439497593.jpg\",\"keywords\":[\"Autom\u00f3veis\",\"digitaliza\u00e7\u00e3o\",\"inova\u00e7\u00e3o\",\"mobilidade\",\"tecnologia\",\"ve\u00edculos aut\u00f3nomos\"],\"articleSection\":[\"Not\u00edcias\"],\"inLanguage\":\"pt-PT\"},{\"@type\":\"WebPage\",\"@id\":\"https:\/\/portaltela.pt\/noticias\/2026\/02\/10\/peugeot-polygon-prototipo-que-antecipa-2027-esteve-em-lisboa\/\",\"url\":\"https:\/\/portaltela.pt\/noticias\/2026\/02\/10\/peugeot-polygon-prototipo-que-antecipa-2027-esteve-em-lisboa\/\",\"name\":\"Peugeot Polygon: prot\u00f3tipo que antecipa 2027 esteve em Lisboa - Portal Tela Portugal\",\"isPartOf\":{\"@id\":\"https:\/\/portaltela.pt\/#website\"},\"primaryImageOfPage\":{\"@id\":\"https:\/\/portaltela.pt\/noticias\/2026\/02\/10\/peugeot-polygon-prototipo-que-antecipa-2027-esteve-em-lisboa\/#primaryimage\"},\"image\":{\"@id\":\"https:\/\/portaltela.pt\/noticias\/2026\/02\/10\/peugeot-polygon-prototipo-que-antecipa-2027-esteve-em-lisboa\/#primaryimage\"},\"thumbnailUrl\":\"https:\/\/portaltela.pt\/s.01k8rhncp4jt1\/2026\/02\/NA25439497593.jpg\",\"datePublished\":\"2026-02-10T15:50:00+00:00\",\"author\":{\"@id\":\"https:\/\/portaltela.pt\/#\/schema\/person\/c4278d4a6028830caff9ee44b42d32ed\"},\"breadcrumb\":{\"@id\":\"https:\/\/portaltela.pt\/noticias\/2026\/02\/10\/peugeot-polygon-prototipo-que-antecipa-2027-esteve-em-lisboa\/#breadcrumb\"},\"inLanguage\":\"pt-PT\",\"potentialAction\":[{\"@type\":\"ReadAction\",\"target\":[\"https:\/\/portaltela.pt\/noticias\/2026\/02\/10\/peugeot-polygon-prototipo-que-antecipa-2027-esteve-em-lisboa\/\"]}]},{\"@type\":\"ImageObject\",\"inLanguage\":\"pt-PT\",\"@id\":\"https:\/\/portaltela.pt\/noticias\/2026\/02\/10\/peugeot-polygon-prototipo-que-antecipa-2027-esteve-em-lisboa\/#primaryimage\",\"url\":\"https:\/\/portaltela.pt\/s.01k8rhncp4jt1\/2026\/02\/NA25439497593.jpg\",\"contentUrl\":\"https:\/\/portaltela.pt\/s.01k8rhncp4jt1\/2026\/02\/NA25439497593.jpg\",\"width\":796,\"height\":448,\"caption\":\"Photo\"},{\"@type\":\"BreadcrumbList\",\"@id\":\"https:\/\/portaltela.pt\/noticias\/2026\/02\/10\/peugeot-polygon-prototipo-que-antecipa-2027-esteve-em-lisboa\/#breadcrumb\",\"itemListElement\":[{\"@type\":\"ListItem\",\"position\":1,\"name\":\"In\u00edcio\",\"item\":\"https:\/\/portaltela.pt\/\"},{\"@type\":\"ListItem\",\"position\":2,\"name\":\"Peugeot Polygon: prot\u00f3tipo que antecipa 2027 esteve em Lisboa\"}]},{\"@type\":\"WebSite\",\"@id\":\"https:\/\/portaltela.pt\/#website\",\"url\":\"https:\/\/portaltela.pt\/\",\"name\":\"Portal Tela Portugal\",\"description\":\"\",\"potentialAction\":[{\"@type\":\"SearchAction\",\"target\":{\"@type\":\"EntryPoint\",\"urlTemplate\":\"https:\/\/portaltela.pt\/?s={search_term_string}\"},\"query-input\":{\"@type\":\"PropertyValueSpecification\",\"valueRequired\":true,\"valueName\":\"search_term_string\"}}],\"inLanguage\":\"pt-PT\"},{\"@type\":\"Person\",\"@id\":\"https:\/\/portaltela.pt\/#\/schema\/person\/c4278d4a6028830caff9ee44b42d32ed\",\"name\":\"Telinha\",\"image\":{\"@type\":\"ImageObject\",\"inLanguage\":\"pt-PT\",\"@id\":\"https:\/\/portaltela.pt\/s.01k8rhncp4jt1\/2025\/11\/talking-bot-125x125.png\",\"url\":\"https:\/\/portaltela.pt\/s.01k8rhncp4jt1\/2025\/11\/talking-bot-125x125.png\",\"contentUrl\":\"https:\/\/portaltela.pt\/s.01k8rhncp4jt1\/2025\/11\/talking-bot-125x125.png\",\"caption\":\"Telinha\"},\"sameAs\":[\"https:\/\/portaltela.pt\/\"],\"url\":\"https:\/\/portaltela.pt\/por\/367410592786\/\"}]}<\/script>\n<!-- \/ Yoast SEO plugin. -->","yoast_head_json":{"title":"Peugeot Polygon: prot\u00f3tipo que antecipa 2027 esteve em Lisboa - Portal Tela Portugal","robots":{"index":"index","follow":"follow","max-snippet":"max-snippet:-1","max-image-preview":"max-image-preview:large","max-video-preview":"max-video-preview:-1"},"og_locale":"pt_PT","og_type":"article","og_title":"Peugeot Polygon: prot\u00f3tipo que antecipa 2027 esteve em Lisboa - Portal Tela Portugal","og_description":"O Peugeot Polygon Concept esteve na Pra\u00e7a Central do Ubbo Shopping, na Grande Lisboa, a 6 e 7 de fevereiro, em digress\u00e3o europeia. A grande novidade t\u00e9cnica \u00e9 o steer-by-wire, com coluna de dire\u00e7\u00e3o eliminada; o volante Hypersquare \u00e9 rectangular com quatro m\u00f3dulos nos cantos e ajusta a desmultiplica\u00e7\u00e3o consoante a velocidade. O interior apresenta o futuro i-Cockpit, sem ecr\u00e3s no tablier, com informa\u00e7\u00e3o projetada numa faixa do p\u00e1ra-brisas atrav\u00e9s de um painel de Micro-LED atr\u00e1s do volante. O ve\u00edculo, com menos de quatro metros de comprimento, aposta na constru\u00e7\u00e3o simplificada: bancos com tr\u00eas elementos, pe\u00e7as substitu\u00edveis e pneus com sensores desenvolvidos em parceria com a Goodyear. A ilumina\u00e7\u00e3o exterior usa tr\u00eas garras da marca em Micro-LED, as portas abrem em borboleta e o Polygon seguir\u00e1 viagem pela Europa at\u00e9 junho, como vitrine do futuro el\u00e9ctrico e digital da Peugeot.","og_url":"https:\/\/portaltela.pt\/noticias\/2026\/02\/10\/peugeot-polygon-prototipo-que-antecipa-2027-esteve-em-lisboa\/","og_site_name":"Portal Tela Portugal","article_published_time":"2026-02-10T15:50:00+00:00","author":"Telinha","twitter_card":"summary_large_image","twitter_misc":{"Escrito por":"Telinha","Tempo estimado de leitura":"2 minutos"},"schema":{"@context":"https:\/\/schema.org","@graph":[{"@type":"Article","@id":"https:\/\/portaltela.pt\/noticias\/2026\/02\/10\/peugeot-polygon-prototipo-que-antecipa-2027-esteve-em-lisboa\/#article","isPartOf":{"@id":"https:\/\/portaltela.pt\/noticias\/2026\/02\/10\/peugeot-polygon-prototipo-que-antecipa-2027-esteve-em-lisboa\/"},"author":{"name":"Telinha","@id":"https:\/\/portaltela.pt\/#\/schema\/person\/c4278d4a6028830caff9ee44b42d32ed"},"headline":"Peugeot Polygon: prot\u00f3tipo que antecipa 2027 esteve em Lisboa","datePublished":"2026-02-10T15:50:00+00:00","mainEntityOfPage":{"@id":"https:\/\/portaltela.pt\/noticias\/2026\/02\/10\/peugeot-polygon-prototipo-que-antecipa-2027-esteve-em-lisboa\/"},"wordCount":401,"image":{"@id":"https:\/\/portaltela.pt\/noticias\/2026\/02\/10\/peugeot-polygon-prototipo-que-antecipa-2027-esteve-em-lisboa\/#primaryimage"},"thumbnailUrl":"https:\/\/portaltela.pt\/s.01k8rhncp4jt1\/2026\/02\/NA25439497593.jpg","keywords":["Autom\u00f3veis","digitaliza\u00e7\u00e3o","inova\u00e7\u00e3o","mobilidade","tecnologia","ve\u00edculos aut\u00f3nomos"],"articleSection":["Not\u00edcias"],"inLanguage":"pt-PT"},{"@type":"WebPage","@id":"https:\/\/portaltela.pt\/noticias\/2026\/02\/10\/peugeot-polygon-prototipo-que-antecipa-2027-esteve-em-lisboa\/","url":"https:\/\/portaltela.pt\/noticias\/2026\/02\/10\/peugeot-polygon-prototipo-que-antecipa-2027-esteve-em-lisboa\/","name":"Peugeot Polygon: prot\u00f3tipo que antecipa 2027 esteve em Lisboa - Portal Tela Portugal","isPartOf":{"@id":"https:\/\/portaltela.pt\/#website"},"primaryImageOfPage":{"@id":"https:\/\/portaltela.pt\/noticias\/2026\/02\/10\/peugeot-polygon-prototipo-que-antecipa-2027-esteve-em-lisboa\/#primaryimage"},"image":{"@id":"https:\/\/portaltela.pt\/noticias\/2026\/02\/10\/peugeot-polygon-prototipo-que-antecipa-2027-esteve-em-lisboa\/#primaryimage"},"thumbnailUrl":"https:\/\/portaltela.pt\/s.01k8rhncp4jt1\/2026\/02\/NA25439497593.jpg","datePublished":"2026-02-10T15:50:00+00:00","author":{"@id":"https:\/\/portaltela.pt\/#\/schema\/person\/c4278d4a6028830caff9ee44b42d32ed"},"breadcrumb":{"@id":"https:\/\/portaltela.pt\/noticias\/2026\/02\/10\/peugeot-polygon-prototipo-que-antecipa-2027-esteve-em-lisboa\/#breadcrumb"},"inLanguage":"pt-PT","potentialAction":[{"@type":"ReadAction","target":["https:\/\/portaltela.pt\/noticias\/2026\/02\/10\/peugeot-polygon-prototipo-que-antecipa-2027-esteve-em-lisboa\/"]}]},{"@type":"ImageObject","inLanguage":"pt-PT","@id":"https:\/\/portaltela.pt\/noticias\/2026\/02\/10\/peugeot-polygon-prototipo-que-antecipa-2027-esteve-em-lisboa\/#primaryimage","url":"https:\/\/portaltela.pt\/s.01k8rhncp4jt1\/2026\/02\/NA25439497593.jpg","contentUrl":"https:\/\/portaltela.pt\/s.01k8rhncp4jt1\/2026\/02\/NA25439497593.jpg","width":796,"height":448,"caption":"Photo"},{"@type":"BreadcrumbList","@id":"https:\/\/portaltela.pt\/noticias\/2026\/02\/10\/peugeot-polygon-prototipo-que-antecipa-2027-esteve-em-lisboa\/#breadcrumb","itemListElement":[{"@type":"ListItem","position":1,"name":"In\u00edcio","item":"https:\/\/portaltela.pt\/"},{"@type":"ListItem","position":2,"name":"Peugeot Polygon: prot\u00f3tipo que antecipa 2027 esteve em Lisboa"}]},{"@type":"WebSite","@id":"https:\/\/portaltela.pt\/#website","url":"https:\/\/portaltela.pt\/","name":"Portal Tela Portugal","description":"","potentialAction":[{"@type":"SearchAction","target":{"@type":"EntryPoint","urlTemplate":"https:\/\/portaltela.pt\/?s={search_term_string}"},"query-input":{"@type":"PropertyValueSpecification","valueRequired":true,"valueName":"search_term_string"}}],"inLanguage":"pt-PT"},{"@type":"Person","@id":"https:\/\/portaltela.pt\/#\/schema\/person\/c4278d4a6028830caff9ee44b42d32ed","name":"Telinha","image":{"@type":"ImageObject","inLanguage":"pt-PT","@id":"https:\/\/portaltela.pt\/s.01k8rhncp4jt1\/2025\/11\/talking-bot-125x125.png","url":"https:\/\/portaltela.pt\/s.01k8rhncp4jt1\/2025\/11\/talking-bot-125x125.png","contentUrl":"https:\/\/portaltela.pt\/s.01k8rhncp4jt1\/2025\/11\/talking-bot-125x125.png","caption":"Telinha"},"sameAs":["https:\/\/portaltela.pt\/"],"url":"https:\/\/portaltela.pt\/por\/367410592786\/"}]}},"_links":{"self":[{"href":"https:\/\/portaltela.pt\/api\/wp\/v2\/posts\/206956","targetHints":{"allow":["GET"]}}],"collection":[{"href":"https:\/\/portaltela.pt\/api\/wp\/v2\/posts"}],"about":[{"href":"https:\/\/portaltela.pt\/api\/wp\/v2\/types\/post"}],"author":[{"embeddable":true,"href":"https:\/\/portaltela.pt\/api\/wp\/v2\/users\/2"}],"replies":[{"embeddable":true,"href":"https:\/\/portaltela.pt\/api\/wp\/v2\/comments?post=206956"}],"version-history":[{"count":0,"href":"https:\/\/portaltela.pt\/api\/wp\/v2\/posts\/206956\/revisions"}],"wp:featuredmedia":[{"embeddable":true,"href":"https:\/\/portaltela.pt\/api\/wp\/v2\/media\/206960"}],"wp:attachment":[{"href":"https:\/\/portaltela.pt\/api\/wp\/v2\/media?parent=206956"}],"wp:term":[{"taxonomy":"category","embeddable":true,"href":"https:\/\/portaltela.pt\/api\/wp\/v2\/categories?post=206956"},{"taxonomy":"post_tag","embeddable":true,"href":"https:\/\/portaltela.pt\/api\/wp\/v2\/tags?post=206956"}],"curies":[{"name":"wp","href":"https:\/\/api.w.org\/{rel}","templated":true}]}}