{"id":206907,"date":"2026-02-10T12:40:07","date_gmt":"2026-02-10T15:40:07","guid":{"rendered":"https:\/\/portaltela.pt\/noticias\/2026\/02\/10\/xavi-malian-renova-com-o-fc-porto-e-revela-motivos-para-jogar-no-clube\/"},"modified":"2026-02-10T12:40:07","modified_gmt":"2026-02-10T15:40:07","slug":"xavi-malian-renova-com-o-fc-porto-e-revela-motivos-para-jogar-no-clube","status":"publish","type":"post","link":"https:\/\/portaltela.pt\/desporto\/2026\/02\/10\/xavi-malian-renova-com-o-fc-porto-e-revela-motivos-para-jogar-no-clube\/","title":{"rendered":"Xavi Mali\u00e1n renova com o FC Porto e revela motivos para jogar no clube"},"content":{"rendered":"<p>O FC Porto anunciou a renova\u00e7\u00e3o de contrato de Xavi Mali\u00e1n, guarda-redes da equipa de h\u00f3quei em patins. O jogador catal\u00e3o, com 36 anos, est\u00e1 ligado ao clube h\u00e1 sete temporadas e viu o v\u00ednculo ser estendido. Mali\u00e1n chegou em 2019\/20 e j\u00e1 conquistou ta\u00e7as e t\u00edtulos nacionais e internacionais.<\/p>\n<p>O guardi\u00e3o soma uma carreira recheada de trof\u00e9us ao servi\u00e7o dos azuis e brancos: Ta\u00e7a Intercontinental, Ta\u00e7a Continental, Liga dos Campe\u00f5es, dois campeonatos nacionais, duas Ta\u00e7as de Portugal, a Superta\u00e7a Ant\u00f3nio Livramento e a Elite Cup. A renova\u00e7\u00e3o prolonga a presen\u00e7a do atleta em Gaixa.<\/p>\n<h3>Novo ciclo<\/h3>\n<p>Mali\u00e1n descreveu o impacto do FC Porto na vida dele, afirmando que o clube se tornou numa casa para ele e para a fam\u00edlia. O jogador enfatizou a identifica\u00e7\u00e3o com os valores portistas, a ra\u00e7a em campo e o orgulho de vestir o emblema azul e branco.<\/p>\n<p>O guarda-redes recordou momentos marcantes, incluindo o primeiro jogo com o apoio de adeptos, e a emo\u00e7\u00e3o de ver a massa adepta nas bancadas. Afirmou ainda sentir responsabilidade ao entrar em campo pela forte liga\u00e7\u00e3o com os adeptos.<\/p>\n<h3>Reconhecimento e futuro<\/h3>\n<p>Entre os motivos da continuidade, Mali\u00e1n destacou o reconhecimento recebido, incluindo o Drag\u00f5es de Ouro, e a ambi\u00e7\u00e3o de conquistar mais trof\u00e9us. O atleta manifestou desejo de manter o n\u00edvel competitivo e contribuir para futuros \u00eaxitos.<\/p>\n<p>O jogador mencionou o papel dos colegas, especialmente de Leo Pais, como pilares da equipa, assegurando disponibilidade e compromisso para o que o clube precisar. A fam\u00edlia tamb\u00e9m \u00e9 enfatizada como motor de desempenho.<\/p>\n<h3>Mensagem aos portistas<\/h3>\n<p>Mali\u00e1n transmitiu gratid\u00e3o aos adeptos e prometeu trabalho constante a 200% em cada jogo. Refor\u00e7ou o orgulho em fazer parte da hist\u00f3ria recente do FC Porto e mostrou-se confiante de que o ciclo atual trar\u00e1 novos \u00eaxitos para o clube.<\/p>\n","protected":false},"excerpt":{"rendered":"<ul>\n<li>O guarda-redes Xavi Mali\u00e1n renovou contrato com o FC Porto, mantendo-se no clube h\u00e1 sete \u00e9pocas desde a sua chegada em 2019\/20.<\/li>\n<li>O catal\u00e3o, 36 anos, integrou a equipa na Invicta em 2019\/20 e j\u00e1 conquistou Ta\u00e7a Intercontinental, Ta\u00e7a Continental e Liga dos Campe\u00f5es, al\u00e9m de tr\u00eas Campeonatos Nacionais, duas Ta\u00e7as de Portugal, uma Superta\u00e7a Ant\u00f3nio Livramento e Elite Cup.<\/li>\n<li>Mali\u00e1n afirmou estar emocionado e grato, dizendo que o FC Porto se tornou uma casa para ele e a fam\u00edlia e que pretende continuar a dar tudo pelo clube.<\/li>\n<li>O guarda-redes destacou valores portistas, a liga\u00e7\u00e3o com o Norte e a exig\u00eancia dos adeptos, garantindo que ir\u00e1 manter o compromisso e o esfor\u00e7o em campo.<\/li>\n<li>Sobre o futuro, o jogador mostrou ambi\u00e7\u00e3o de novas conquistas e de manter o contributo para o sucesso do FC Porto, mantendo-se humilde.<\/li>\n<\/ul>\n","protected":false},"author":2,"featured_media":206910,"comment_status":"closed","ping_status":"closed","sticky":false,"template":"","format":"standard","meta":{"footnotes":""},"categories":[21],"tags":[3733,2028,273,253,1266,2170],"class_list":["post-206907","post","type-post","status-publish","format-standard","has-post-thumbnail","hentry","category-desporto","tag-elite-cup","tag-fc-porto","tag-hoquei","tag-liga-dos-campeoes","tag-taca-de-portugal","tag-taca-intercontinental"],"yoast_head":"<!-- This site is optimized with the Yoast SEO plugin v27.2 - https:\/\/yoast.com\/product\/yoast-seo-wordpress\/ -->\n<title>Xavi Mali\u00e1n renova com o FC Porto e revela motivos para jogar no clube - Portal Tela Portugal<\/title>\n<meta name=\"robots\" content=\"index, follow, max-snippet:-1, max-image-preview:large, max-video-preview:-1\" \/>\n<meta property=\"og:locale\" content=\"pt_PT\" \/>\n<meta property=\"og:type\" content=\"article\" \/>\n<meta property=\"og:title\" content=\"Xavi Mali\u00e1n renova com o FC Porto e revela motivos para jogar no clube - Portal Tela Portugal\" \/>\n<meta property=\"og:description\" content=\"O guarda-redes Xavi Mali\u00e1n renovou contrato com o FC Porto, mantendo-se no clube h\u00e1 sete \u00e9pocas desde a sua chegada em 2019\/20. O catal\u00e3o, 36 anos, integrou a equipa na Invicta em 2019\/20 e j\u00e1 conquistou Ta\u00e7a Intercontinental, Ta\u00e7a Continental e Liga dos Campe\u00f5es, al\u00e9m de tr\u00eas Campeonatos Nacionais, duas Ta\u00e7as de Portugal, uma Superta\u00e7a Ant\u00f3nio Livramento e Elite Cup. Mali\u00e1n afirmou estar emocionado e grato, dizendo que o FC Porto se tornou uma casa para ele e a fam\u00edlia e que pretende continuar a dar tudo pelo clube. O guarda-redes destacou valores portistas, a liga\u00e7\u00e3o com o Norte e a exig\u00eancia dos adeptos, garantindo que ir\u00e1 manter o compromisso e o esfor\u00e7o em campo. Sobre o futuro, o jogador mostrou ambi\u00e7\u00e3o de novas conquistas e de manter o contributo para o sucesso do FC Porto, mantendo-se humilde.\" \/>\n<meta property=\"og:url\" content=\"https:\/\/portaltela.pt\/noticias\/2026\/02\/10\/xavi-malian-renova-com-o-fc-porto-e-revela-motivos-para-jogar-no-clube\/\" \/>\n<meta property=\"og:site_name\" content=\"Portal Tela Portugal\" \/>\n<meta property=\"article:published_time\" content=\"2026-02-10T15:40:07+00:00\" \/>\n<meta name=\"author\" content=\"Telinha\" \/>\n<meta name=\"twitter:card\" content=\"summary_large_image\" \/>\n<meta name=\"twitter:label1\" content=\"Escrito por\" \/>\n\t<meta name=\"twitter:data1\" content=\"Telinha\" \/>\n\t<meta name=\"twitter:label2\" content=\"Tempo estimado de leitura\" \/>\n\t<meta name=\"twitter:data2\" content=\"2 minutos\" \/>\n<script type=\"application\/ld+json\" class=\"yoast-schema-graph\">{\"@context\":\"https:\/\/schema.org\",\"@graph\":[{\"@type\":\"Article\",\"@id\":\"https:\/\/portaltela.pt\/noticias\/2026\/02\/10\/xavi-malian-renova-com-o-fc-porto-e-revela-motivos-para-jogar-no-clube\/#article\",\"isPartOf\":{\"@id\":\"https:\/\/portaltela.pt\/noticias\/2026\/02\/10\/xavi-malian-renova-com-o-fc-porto-e-revela-motivos-para-jogar-no-clube\/\"},\"author\":{\"name\":\"Telinha\",\"@id\":\"https:\/\/portaltela.pt\/#\/schema\/person\/c4278d4a6028830caff9ee44b42d32ed\"},\"headline\":\"Xavi Mali\u00e1n renova com o FC Porto e revela motivos para jogar no clube\",\"datePublished\":\"2026-02-10T15:40:07+00:00\",\"mainEntityOfPage\":{\"@id\":\"https:\/\/portaltela.pt\/noticias\/2026\/02\/10\/xavi-malian-renova-com-o-fc-porto-e-revela-motivos-para-jogar-no-clube\/\"},\"wordCount\":345,\"image\":{\"@id\":\"https:\/\/portaltela.pt\/noticias\/2026\/02\/10\/xavi-malian-renova-com-o-fc-porto-e-revela-motivos-para-jogar-no-clube\/#primaryimage\"},\"thumbnailUrl\":\"https:\/\/portaltela.pt\/s.01k8rhncp4jt1\/2026\/02\/img_920x518uu2026-02-10-15-38-45-2420765.jpg\",\"keywords\":[\"Elite Cup\",\"FC Porto\",\"h\u00f3quei\",\"Liga dos Campe\u00f5es\",\"Ta\u00e7a de Portugal\",\"Ta\u00e7a Intercontinental\"],\"articleSection\":[\"Desporto\"],\"inLanguage\":\"pt-PT\"},{\"@type\":\"WebPage\",\"@id\":\"https:\/\/portaltela.pt\/noticias\/2026\/02\/10\/xavi-malian-renova-com-o-fc-porto-e-revela-motivos-para-jogar-no-clube\/\",\"url\":\"https:\/\/portaltela.pt\/noticias\/2026\/02\/10\/xavi-malian-renova-com-o-fc-porto-e-revela-motivos-para-jogar-no-clube\/\",\"name\":\"Xavi Mali\u00e1n renova com o FC Porto e revela motivos para jogar no clube - Portal Tela Portugal\",\"isPartOf\":{\"@id\":\"https:\/\/portaltela.pt\/#website\"},\"primaryImageOfPage\":{\"@id\":\"https:\/\/portaltela.pt\/noticias\/2026\/02\/10\/xavi-malian-renova-com-o-fc-porto-e-revela-motivos-para-jogar-no-clube\/#primaryimage\"},\"image\":{\"@id\":\"https:\/\/portaltela.pt\/noticias\/2026\/02\/10\/xavi-malian-renova-com-o-fc-porto-e-revela-motivos-para-jogar-no-clube\/#primaryimage\"},\"thumbnailUrl\":\"https:\/\/portaltela.pt\/s.01k8rhncp4jt1\/2026\/02\/img_920x518uu2026-02-10-15-38-45-2420765.jpg\",\"datePublished\":\"2026-02-10T15:40:07+00:00\",\"author\":{\"@id\":\"https:\/\/portaltela.pt\/#\/schema\/person\/c4278d4a6028830caff9ee44b42d32ed\"},\"breadcrumb\":{\"@id\":\"https:\/\/portaltela.pt\/noticias\/2026\/02\/10\/xavi-malian-renova-com-o-fc-porto-e-revela-motivos-para-jogar-no-clube\/#breadcrumb\"},\"inLanguage\":\"pt-PT\",\"potentialAction\":[{\"@type\":\"ReadAction\",\"target\":[\"https:\/\/portaltela.pt\/noticias\/2026\/02\/10\/xavi-malian-renova-com-o-fc-porto-e-revela-motivos-para-jogar-no-clube\/\"]}]},{\"@type\":\"ImageObject\",\"inLanguage\":\"pt-PT\",\"@id\":\"https:\/\/portaltela.pt\/noticias\/2026\/02\/10\/xavi-malian-renova-com-o-fc-porto-e-revela-motivos-para-jogar-no-clube\/#primaryimage\",\"url\":\"https:\/\/portaltela.pt\/s.01k8rhncp4jt1\/2026\/02\/img_920x518uu2026-02-10-15-38-45-2420765.jpg\",\"contentUrl\":\"https:\/\/portaltela.pt\/s.01k8rhncp4jt1\/2026\/02\/img_920x518uu2026-02-10-15-38-45-2420765.jpg\",\"width\":796,\"height\":448,\"caption\":\"Xavi Mali\u00e1n\"},{\"@type\":\"BreadcrumbList\",\"@id\":\"https:\/\/portaltela.pt\/noticias\/2026\/02\/10\/xavi-malian-renova-com-o-fc-porto-e-revela-motivos-para-jogar-no-clube\/#breadcrumb\",\"itemListElement\":[{\"@type\":\"ListItem\",\"position\":1,\"name\":\"In\u00edcio\",\"item\":\"https:\/\/portaltela.pt\/\"},{\"@type\":\"ListItem\",\"position\":2,\"name\":\"Xavi Mali\u00e1n renova com o FC Porto e revela motivos para jogar no clube\"}]},{\"@type\":\"WebSite\",\"@id\":\"https:\/\/portaltela.pt\/#website\",\"url\":\"https:\/\/portaltela.pt\/\",\"name\":\"Portal Tela Portugal\",\"description\":\"\",\"potentialAction\":[{\"@type\":\"SearchAction\",\"target\":{\"@type\":\"EntryPoint\",\"urlTemplate\":\"https:\/\/portaltela.pt\/?s={search_term_string}\"},\"query-input\":{\"@type\":\"PropertyValueSpecification\",\"valueRequired\":true,\"valueName\":\"search_term_string\"}}],\"inLanguage\":\"pt-PT\"},{\"@type\":\"Person\",\"@id\":\"https:\/\/portaltela.pt\/#\/schema\/person\/c4278d4a6028830caff9ee44b42d32ed\",\"name\":\"Telinha\",\"image\":{\"@type\":\"ImageObject\",\"inLanguage\":\"pt-PT\",\"@id\":\"https:\/\/portaltela.pt\/s.01k8rhncp4jt1\/2025\/11\/talking-bot-125x125.png\",\"url\":\"https:\/\/portaltela.pt\/s.01k8rhncp4jt1\/2025\/11\/talking-bot-125x125.png\",\"contentUrl\":\"https:\/\/portaltela.pt\/s.01k8rhncp4jt1\/2025\/11\/talking-bot-125x125.png\",\"caption\":\"Telinha\"},\"sameAs\":[\"https:\/\/portaltela.pt\/\"],\"url\":\"https:\/\/portaltela.pt\/por\/367410592786\/\"}]}<\/script>\n<!-- \/ Yoast SEO plugin. -->","yoast_head_json":{"title":"Xavi Mali\u00e1n renova com o FC Porto e revela motivos para jogar no clube - Portal Tela Portugal","robots":{"index":"index","follow":"follow","max-snippet":"max-snippet:-1","max-image-preview":"max-image-preview:large","max-video-preview":"max-video-preview:-1"},"og_locale":"pt_PT","og_type":"article","og_title":"Xavi Mali\u00e1n renova com o FC Porto e revela motivos para jogar no clube - Portal Tela Portugal","og_description":"O guarda-redes Xavi Mali\u00e1n renovou contrato com o FC Porto, mantendo-se no clube h\u00e1 sete \u00e9pocas desde a sua chegada em 2019\/20. O catal\u00e3o, 36 anos, integrou a equipa na Invicta em 2019\/20 e j\u00e1 conquistou Ta\u00e7a Intercontinental, Ta\u00e7a Continental e Liga dos Campe\u00f5es, al\u00e9m de tr\u00eas Campeonatos Nacionais, duas Ta\u00e7as de Portugal, uma Superta\u00e7a Ant\u00f3nio Livramento e Elite Cup. Mali\u00e1n afirmou estar emocionado e grato, dizendo que o FC Porto se tornou uma casa para ele e a fam\u00edlia e que pretende continuar a dar tudo pelo clube. O guarda-redes destacou valores portistas, a liga\u00e7\u00e3o com o Norte e a exig\u00eancia dos adeptos, garantindo que ir\u00e1 manter o compromisso e o esfor\u00e7o em campo. Sobre o futuro, o jogador mostrou ambi\u00e7\u00e3o de novas conquistas e de manter o contributo para o sucesso do FC Porto, mantendo-se humilde.","og_url":"https:\/\/portaltela.pt\/noticias\/2026\/02\/10\/xavi-malian-renova-com-o-fc-porto-e-revela-motivos-para-jogar-no-clube\/","og_site_name":"Portal Tela Portugal","article_published_time":"2026-02-10T15:40:07+00:00","author":"Telinha","twitter_card":"summary_large_image","twitter_misc":{"Escrito por":"Telinha","Tempo estimado de leitura":"2 minutos"},"schema":{"@context":"https:\/\/schema.org","@graph":[{"@type":"Article","@id":"https:\/\/portaltela.pt\/noticias\/2026\/02\/10\/xavi-malian-renova-com-o-fc-porto-e-revela-motivos-para-jogar-no-clube\/#article","isPartOf":{"@id":"https:\/\/portaltela.pt\/noticias\/2026\/02\/10\/xavi-malian-renova-com-o-fc-porto-e-revela-motivos-para-jogar-no-clube\/"},"author":{"name":"Telinha","@id":"https:\/\/portaltela.pt\/#\/schema\/person\/c4278d4a6028830caff9ee44b42d32ed"},"headline":"Xavi Mali\u00e1n renova com o FC Porto e revela motivos para jogar no clube","datePublished":"2026-02-10T15:40:07+00:00","mainEntityOfPage":{"@id":"https:\/\/portaltela.pt\/noticias\/2026\/02\/10\/xavi-malian-renova-com-o-fc-porto-e-revela-motivos-para-jogar-no-clube\/"},"wordCount":345,"image":{"@id":"https:\/\/portaltela.pt\/noticias\/2026\/02\/10\/xavi-malian-renova-com-o-fc-porto-e-revela-motivos-para-jogar-no-clube\/#primaryimage"},"thumbnailUrl":"https:\/\/portaltela.pt\/s.01k8rhncp4jt1\/2026\/02\/img_920x518uu2026-02-10-15-38-45-2420765.jpg","keywords":["Elite Cup","FC Porto","h\u00f3quei","Liga dos Campe\u00f5es","Ta\u00e7a de Portugal","Ta\u00e7a Intercontinental"],"articleSection":["Desporto"],"inLanguage":"pt-PT"},{"@type":"WebPage","@id":"https:\/\/portaltela.pt\/noticias\/2026\/02\/10\/xavi-malian-renova-com-o-fc-porto-e-revela-motivos-para-jogar-no-clube\/","url":"https:\/\/portaltela.pt\/noticias\/2026\/02\/10\/xavi-malian-renova-com-o-fc-porto-e-revela-motivos-para-jogar-no-clube\/","name":"Xavi Mali\u00e1n renova com o FC Porto e revela motivos para jogar no clube - Portal Tela Portugal","isPartOf":{"@id":"https:\/\/portaltela.pt\/#website"},"primaryImageOfPage":{"@id":"https:\/\/portaltela.pt\/noticias\/2026\/02\/10\/xavi-malian-renova-com-o-fc-porto-e-revela-motivos-para-jogar-no-clube\/#primaryimage"},"image":{"@id":"https:\/\/portaltela.pt\/noticias\/2026\/02\/10\/xavi-malian-renova-com-o-fc-porto-e-revela-motivos-para-jogar-no-clube\/#primaryimage"},"thumbnailUrl":"https:\/\/portaltela.pt\/s.01k8rhncp4jt1\/2026\/02\/img_920x518uu2026-02-10-15-38-45-2420765.jpg","datePublished":"2026-02-10T15:40:07+00:00","author":{"@id":"https:\/\/portaltela.pt\/#\/schema\/person\/c4278d4a6028830caff9ee44b42d32ed"},"breadcrumb":{"@id":"https:\/\/portaltela.pt\/noticias\/2026\/02\/10\/xavi-malian-renova-com-o-fc-porto-e-revela-motivos-para-jogar-no-clube\/#breadcrumb"},"inLanguage":"pt-PT","potentialAction":[{"@type":"ReadAction","target":["https:\/\/portaltela.pt\/noticias\/2026\/02\/10\/xavi-malian-renova-com-o-fc-porto-e-revela-motivos-para-jogar-no-clube\/"]}]},{"@type":"ImageObject","inLanguage":"pt-PT","@id":"https:\/\/portaltela.pt\/noticias\/2026\/02\/10\/xavi-malian-renova-com-o-fc-porto-e-revela-motivos-para-jogar-no-clube\/#primaryimage","url":"https:\/\/portaltela.pt\/s.01k8rhncp4jt1\/2026\/02\/img_920x518uu2026-02-10-15-38-45-2420765.jpg","contentUrl":"https:\/\/portaltela.pt\/s.01k8rhncp4jt1\/2026\/02\/img_920x518uu2026-02-10-15-38-45-2420765.jpg","width":796,"height":448,"caption":"Xavi Mali\u00e1n"},{"@type":"BreadcrumbList","@id":"https:\/\/portaltela.pt\/noticias\/2026\/02\/10\/xavi-malian-renova-com-o-fc-porto-e-revela-motivos-para-jogar-no-clube\/#breadcrumb","itemListElement":[{"@type":"ListItem","position":1,"name":"In\u00edcio","item":"https:\/\/portaltela.pt\/"},{"@type":"ListItem","position":2,"name":"Xavi Mali\u00e1n renova com o FC Porto e revela motivos para jogar no clube"}]},{"@type":"WebSite","@id":"https:\/\/portaltela.pt\/#website","url":"https:\/\/portaltela.pt\/","name":"Portal Tela Portugal","description":"","potentialAction":[{"@type":"SearchAction","target":{"@type":"EntryPoint","urlTemplate":"https:\/\/portaltela.pt\/?s={search_term_string}"},"query-input":{"@type":"PropertyValueSpecification","valueRequired":true,"valueName":"search_term_string"}}],"inLanguage":"pt-PT"},{"@type":"Person","@id":"https:\/\/portaltela.pt\/#\/schema\/person\/c4278d4a6028830caff9ee44b42d32ed","name":"Telinha","image":{"@type":"ImageObject","inLanguage":"pt-PT","@id":"https:\/\/portaltela.pt\/s.01k8rhncp4jt1\/2025\/11\/talking-bot-125x125.png","url":"https:\/\/portaltela.pt\/s.01k8rhncp4jt1\/2025\/11\/talking-bot-125x125.png","contentUrl":"https:\/\/portaltela.pt\/s.01k8rhncp4jt1\/2025\/11\/talking-bot-125x125.png","caption":"Telinha"},"sameAs":["https:\/\/portaltela.pt\/"],"url":"https:\/\/portaltela.pt\/por\/367410592786\/"}]}},"_links":{"self":[{"href":"https:\/\/portaltela.pt\/api\/wp\/v2\/posts\/206907","targetHints":{"allow":["GET"]}}],"collection":[{"href":"https:\/\/portaltela.pt\/api\/wp\/v2\/posts"}],"about":[{"href":"https:\/\/portaltela.pt\/api\/wp\/v2\/types\/post"}],"author":[{"embeddable":true,"href":"https:\/\/portaltela.pt\/api\/wp\/v2\/users\/2"}],"replies":[{"embeddable":true,"href":"https:\/\/portaltela.pt\/api\/wp\/v2\/comments?post=206907"}],"version-history":[{"count":0,"href":"https:\/\/portaltela.pt\/api\/wp\/v2\/posts\/206907\/revisions"}],"wp:featuredmedia":[{"embeddable":true,"href":"https:\/\/portaltela.pt\/api\/wp\/v2\/media\/206910"}],"wp:attachment":[{"href":"https:\/\/portaltela.pt\/api\/wp\/v2\/media?parent=206907"}],"wp:term":[{"taxonomy":"category","embeddable":true,"href":"https:\/\/portaltela.pt\/api\/wp\/v2\/categories?post=206907"},{"taxonomy":"post_tag","embeddable":true,"href":"https:\/\/portaltela.pt\/api\/wp\/v2\/tags?post=206907"}],"curies":[{"name":"wp","href":"https:\/\/api.w.org\/{rel}","templated":true}]}}