{"id":206896,"date":"2026-02-10T12:21:52","date_gmt":"2026-02-10T15:21:52","guid":{"rendered":"https:\/\/portaltela.pt\/noticias\/2026\/02\/10\/goncalo-saldanha-diz-que-o-surf-feminino-vive-tempos-de-ouro\/"},"modified":"2026-02-10T12:21:52","modified_gmt":"2026-02-10T15:21:52","slug":"goncalo-saldanha-diz-que-o-surf-feminino-vive-tempos-de-ouro","status":"publish","type":"post","link":"https:\/\/portaltela.pt\/desporto\/2026\/02\/10\/goncalo-saldanha-diz-que-o-surf-feminino-vive-tempos-de-ouro\/","title":{"rendered":"Gon\u00e7alo Saldanha diz que o surf feminino vive tempos de ouro"},"content":{"rendered":"<p>Gon\u00e7alo Saldanha, presidente da Federa\u00e7\u00e3o Portuguesa de Surf (FPS), afirmou que o momento atual \u00e9 de ouro para o surf feminino, depois da qualifica\u00e7\u00e3o hist\u00f3rica de duas atletas lusas para o circuito mundial. A conquista surge com Francisca Veselko e Yolanda Hopkins a atingirem o Championship Tour (CT).<\/p>\n<p>Atingidas as metas no circuito WSL, Veselko regressou ao Porto de Lisboa vindo do Havai, onde ficou em s\u00e9timo no Pipe Challenger, pen\u00faltima prova da categoria secund\u00e1ria. Hopkins j\u00e1 estava apurada desde a etapa disputada no Brasil, em outubro de 2025. Saldanha elogiou o trabalho de base e o desempenho recente das atletas.<\/p>\n<p>O dirigente destacou ainda o papel de treino e de viagens longas que sustentam o progresso, apontando Veselko, de 22 anos, como uma das atletas mais novas a chegar ao CT. O presidente frisou que o novo Plano Nacional de Desenvolvimento Desportivo tende a aumentar apoios ao feminine, para potenciar o surf feminino.<\/p>\n<h3>Rea\u00e7\u00f5es e perspetivas para o futuro<\/h3>\n<p>Saldanha sublinhou que o panorama deixa um \u201cfuturo promissor\u201d para Veselko e para Hopkins, e que a federa\u00e7\u00e3o vai aproveitar o refor\u00e7o de apoios para estimular ainda mais o surgimento de novas talentos. O respons\u00e1vel enalteceu o trabalho de Francisca Veselko como inspira\u00e7\u00e3o para desportistas jovens.<\/p>\n<p>O l\u00edder da FPS dirigiu tamb\u00e9m elogios ao treinador Rodrigo Sousa, respons\u00e1vel por Veselko, descrevendo o trabalho como fant\u00e1stico para potenciar as qualidades da atleta. Francisco Rodrigues, presidente da Associa\u00e7\u00e3o Nacional de Surfistas (ANS), partilhou o sentimento de orgulho pelo feito.<\/p>\n<p>Rodrigues considerou que o desempenho sinaliza o crescimento cont\u00ednuo do surf em Portugal, com Veselko e Hopkins a representar o pa\u00eds no principal palco do desporto. A ANS destacou ainda a possibilidade de Teresa Bonvalot juntar-se ao grupo de qualificadas no restante da \u00e9poca.<\/p>\n","protected":false},"excerpt":{"rendered":"<ul>\n<li>A Federa\u00e7\u00e3o Portuguesa de Surf anunciou que Francisca Veselko e Yolanda Hopkins garantiram o acesso ao Championship Tour, o escal\u00e3o principal do surf mundial, marcando a qualifica\u00e7\u00e3o in\u00e9dita de duas atletas lusas.<\/li>\n<li>Veselko, de 22 anos, terminou em s\u00e9timo lugar no Pipe Challenger, nos EUA, resultado que lhe assegura matematicamente a subida, juntando-se a Hopkins, j\u00e1 apurada ap\u00f3s a etapa anterior no Brasil.<\/li>\n<li>O presidente da FPS, Gon\u00e7alo Saldanha, afirmou que o pa\u00eds vive \u201ctempos de ouro\u201d no surf feminino, sublinhando o trabalho de base, mas destacando ainda um problema na base.<\/li>\n<li>O respons\u00e1vel real\u00e7ou que o novo Plano Nacional de Desenvolvimento Desportivo dever\u00e1 trazer mais apoios \u00e0 pr\u00e1tica feminina e que a federa\u00e7\u00e3o pretende estimular ainda mais o surf feminino.<\/li>\n<li>A Associa\u00e7\u00e3o Nacional de Surfistas (ANS) elogiou o feito, enfatizando que Portugal volta a ter representantes no principal circuito mundial de surf, agora no feminino, com potencial para continuar a crescer.<\/li>\n<\/ul>\n","protected":false},"author":2,"featured_media":206897,"comment_status":"closed","ping_status":"closed","sticky":false,"template":"","format":"standard","meta":{"footnotes":""},"categories":[21],"tags":[152,634,981,982,1014,5729],"class_list":["post-206896","post","type-post","status-publish","format-standard","has-post-thumbnail","hentry","category-desporto","tag-desporto","tag-desporto-feminino","tag-lisboa","tag-porto","tag-portugal","tag-teresa-bonvalot"],"yoast_head":"<!-- This site is optimized with the Yoast SEO plugin v27.2 - https:\/\/yoast.com\/product\/yoast-seo-wordpress\/ -->\n<title>Gon\u00e7alo Saldanha diz que o surf feminino vive tempos de ouro - Portal Tela Portugal<\/title>\n<meta name=\"robots\" content=\"index, follow, max-snippet:-1, max-image-preview:large, max-video-preview:-1\" \/>\n<meta property=\"og:locale\" content=\"pt_PT\" \/>\n<meta property=\"og:type\" content=\"article\" \/>\n<meta property=\"og:title\" content=\"Gon\u00e7alo Saldanha diz que o surf feminino vive tempos de ouro - Portal Tela Portugal\" \/>\n<meta property=\"og:description\" content=\"A Federa\u00e7\u00e3o Portuguesa de Surf anunciou que Francisca Veselko e Yolanda Hopkins garantiram o acesso ao Championship Tour, o escal\u00e3o principal do surf mundial, marcando a qualifica\u00e7\u00e3o in\u00e9dita de duas atletas lusas. Veselko, de 22 anos, terminou em s\u00e9timo lugar no Pipe Challenger, nos EUA, resultado que lhe assegura matematicamente a subida, juntando-se a Hopkins, j\u00e1 apurada ap\u00f3s a etapa anterior no Brasil. O presidente da FPS, Gon\u00e7alo Saldanha, afirmou que o pa\u00eds vive \u201ctempos de ouro\u201d no surf feminino, sublinhando o trabalho de base, mas destacando ainda um problema na base. O respons\u00e1vel real\u00e7ou que o novo Plano Nacional de Desenvolvimento Desportivo dever\u00e1 trazer mais apoios \u00e0 pr\u00e1tica feminina e que a federa\u00e7\u00e3o pretende estimular ainda mais o surf feminino. A Associa\u00e7\u00e3o Nacional de Surfistas (ANS) elogiou o feito, enfatizando que Portugal volta a ter representantes no principal circuito mundial de surf, agora no feminino, com potencial para continuar a crescer.\" \/>\n<meta property=\"og:url\" content=\"https:\/\/portaltela.pt\/noticias\/2026\/02\/10\/goncalo-saldanha-diz-que-o-surf-feminino-vive-tempos-de-ouro\/\" \/>\n<meta property=\"og:site_name\" content=\"Portal Tela Portugal\" \/>\n<meta property=\"article:published_time\" content=\"2026-02-10T15:21:52+00:00\" \/>\n<meta name=\"author\" content=\"Telinha\" \/>\n<meta name=\"twitter:card\" content=\"summary_large_image\" \/>\n<meta name=\"twitter:label1\" content=\"Escrito por\" \/>\n\t<meta name=\"twitter:data1\" content=\"Telinha\" \/>\n\t<meta name=\"twitter:label2\" content=\"Tempo estimado de leitura\" \/>\n\t<meta name=\"twitter:data2\" content=\"2 minutos\" \/>\n<script type=\"application\/ld+json\" class=\"yoast-schema-graph\">{\"@context\":\"https:\/\/schema.org\",\"@graph\":[{\"@type\":\"Article\",\"@id\":\"https:\/\/portaltela.pt\/noticias\/2026\/02\/10\/goncalo-saldanha-diz-que-o-surf-feminino-vive-tempos-de-ouro\/#article\",\"isPartOf\":{\"@id\":\"https:\/\/portaltela.pt\/noticias\/2026\/02\/10\/goncalo-saldanha-diz-que-o-surf-feminino-vive-tempos-de-ouro\/\"},\"author\":{\"name\":\"Telinha\",\"@id\":\"https:\/\/portaltela.pt\/#\/schema\/person\/c4278d4a6028830caff9ee44b42d32ed\"},\"headline\":\"Gon\u00e7alo Saldanha diz que o surf feminino vive tempos de ouro\",\"datePublished\":\"2026-02-10T15:21:52+00:00\",\"mainEntityOfPage\":{\"@id\":\"https:\/\/portaltela.pt\/noticias\/2026\/02\/10\/goncalo-saldanha-diz-que-o-surf-feminino-vive-tempos-de-ouro\/\"},\"wordCount\":319,\"image\":{\"@id\":\"https:\/\/portaltela.pt\/noticias\/2026\/02\/10\/goncalo-saldanha-diz-que-o-surf-feminino-vive-tempos-de-ouro\/#primaryimage\"},\"thumbnailUrl\":\"https:\/\/portaltela.pt\/s.01k8rhncp4jt1\/2026\/02\/img_920x518uu2026-01-29-19-08-21-2418307.jpg\",\"keywords\":[\"desporto\",\"desporto feminino\",\"Lisboa\",\"Porto\",\"Portugal\",\"Teresa Bonvalot\"],\"articleSection\":[\"Desporto\"],\"inLanguage\":\"pt-PT\"},{\"@type\":\"WebPage\",\"@id\":\"https:\/\/portaltela.pt\/noticias\/2026\/02\/10\/goncalo-saldanha-diz-que-o-surf-feminino-vive-tempos-de-ouro\/\",\"url\":\"https:\/\/portaltela.pt\/noticias\/2026\/02\/10\/goncalo-saldanha-diz-que-o-surf-feminino-vive-tempos-de-ouro\/\",\"name\":\"Gon\u00e7alo Saldanha diz que o surf feminino vive tempos de ouro - Portal Tela Portugal\",\"isPartOf\":{\"@id\":\"https:\/\/portaltela.pt\/#website\"},\"primaryImageOfPage\":{\"@id\":\"https:\/\/portaltela.pt\/noticias\/2026\/02\/10\/goncalo-saldanha-diz-que-o-surf-feminino-vive-tempos-de-ouro\/#primaryimage\"},\"image\":{\"@id\":\"https:\/\/portaltela.pt\/noticias\/2026\/02\/10\/goncalo-saldanha-diz-que-o-surf-feminino-vive-tempos-de-ouro\/#primaryimage\"},\"thumbnailUrl\":\"https:\/\/portaltela.pt\/s.01k8rhncp4jt1\/2026\/02\/img_920x518uu2026-01-29-19-08-21-2418307.jpg\",\"datePublished\":\"2026-02-10T15:21:52+00:00\",\"author\":{\"@id\":\"https:\/\/portaltela.pt\/#\/schema\/person\/c4278d4a6028830caff9ee44b42d32ed\"},\"breadcrumb\":{\"@id\":\"https:\/\/portaltela.pt\/noticias\/2026\/02\/10\/goncalo-saldanha-diz-que-o-surf-feminino-vive-tempos-de-ouro\/#breadcrumb\"},\"inLanguage\":\"pt-PT\",\"potentialAction\":[{\"@type\":\"ReadAction\",\"target\":[\"https:\/\/portaltela.pt\/noticias\/2026\/02\/10\/goncalo-saldanha-diz-que-o-surf-feminino-vive-tempos-de-ouro\/\"]}]},{\"@type\":\"ImageObject\",\"inLanguage\":\"pt-PT\",\"@id\":\"https:\/\/portaltela.pt\/noticias\/2026\/02\/10\/goncalo-saldanha-diz-que-o-surf-feminino-vive-tempos-de-ouro\/#primaryimage\",\"url\":\"https:\/\/portaltela.pt\/s.01k8rhncp4jt1\/2026\/02\/img_920x518uu2026-01-29-19-08-21-2418307.jpg\",\"contentUrl\":\"https:\/\/portaltela.pt\/s.01k8rhncp4jt1\/2026\/02\/img_920x518uu2026-01-29-19-08-21-2418307.jpg\",\"width\":796,\"height\":448,\"caption\":\"Gon\u00e7alo Saldanha\"},{\"@type\":\"BreadcrumbList\",\"@id\":\"https:\/\/portaltela.pt\/noticias\/2026\/02\/10\/goncalo-saldanha-diz-que-o-surf-feminino-vive-tempos-de-ouro\/#breadcrumb\",\"itemListElement\":[{\"@type\":\"ListItem\",\"position\":1,\"name\":\"In\u00edcio\",\"item\":\"https:\/\/portaltela.pt\/\"},{\"@type\":\"ListItem\",\"position\":2,\"name\":\"Gon\u00e7alo Saldanha diz que o surf feminino vive tempos de ouro\"}]},{\"@type\":\"WebSite\",\"@id\":\"https:\/\/portaltela.pt\/#website\",\"url\":\"https:\/\/portaltela.pt\/\",\"name\":\"Portal Tela Portugal\",\"description\":\"\",\"potentialAction\":[{\"@type\":\"SearchAction\",\"target\":{\"@type\":\"EntryPoint\",\"urlTemplate\":\"https:\/\/portaltela.pt\/?s={search_term_string}\"},\"query-input\":{\"@type\":\"PropertyValueSpecification\",\"valueRequired\":true,\"valueName\":\"search_term_string\"}}],\"inLanguage\":\"pt-PT\"},{\"@type\":\"Person\",\"@id\":\"https:\/\/portaltela.pt\/#\/schema\/person\/c4278d4a6028830caff9ee44b42d32ed\",\"name\":\"Telinha\",\"image\":{\"@type\":\"ImageObject\",\"inLanguage\":\"pt-PT\",\"@id\":\"https:\/\/portaltela.pt\/s.01k8rhncp4jt1\/2025\/11\/talking-bot-125x125.png\",\"url\":\"https:\/\/portaltela.pt\/s.01k8rhncp4jt1\/2025\/11\/talking-bot-125x125.png\",\"contentUrl\":\"https:\/\/portaltela.pt\/s.01k8rhncp4jt1\/2025\/11\/talking-bot-125x125.png\",\"caption\":\"Telinha\"},\"sameAs\":[\"https:\/\/portaltela.pt\/\"],\"url\":\"https:\/\/portaltela.pt\/por\/367410592786\/\"}]}<\/script>\n<!-- \/ Yoast SEO plugin. -->","yoast_head_json":{"title":"Gon\u00e7alo Saldanha diz que o surf feminino vive tempos de ouro - Portal Tela Portugal","robots":{"index":"index","follow":"follow","max-snippet":"max-snippet:-1","max-image-preview":"max-image-preview:large","max-video-preview":"max-video-preview:-1"},"og_locale":"pt_PT","og_type":"article","og_title":"Gon\u00e7alo Saldanha diz que o surf feminino vive tempos de ouro - Portal Tela Portugal","og_description":"A Federa\u00e7\u00e3o Portuguesa de Surf anunciou que Francisca Veselko e Yolanda Hopkins garantiram o acesso ao Championship Tour, o escal\u00e3o principal do surf mundial, marcando a qualifica\u00e7\u00e3o in\u00e9dita de duas atletas lusas. Veselko, de 22 anos, terminou em s\u00e9timo lugar no Pipe Challenger, nos EUA, resultado que lhe assegura matematicamente a subida, juntando-se a Hopkins, j\u00e1 apurada ap\u00f3s a etapa anterior no Brasil. O presidente da FPS, Gon\u00e7alo Saldanha, afirmou que o pa\u00eds vive \u201ctempos de ouro\u201d no surf feminino, sublinhando o trabalho de base, mas destacando ainda um problema na base. O respons\u00e1vel real\u00e7ou que o novo Plano Nacional de Desenvolvimento Desportivo dever\u00e1 trazer mais apoios \u00e0 pr\u00e1tica feminina e que a federa\u00e7\u00e3o pretende estimular ainda mais o surf feminino. A Associa\u00e7\u00e3o Nacional de Surfistas (ANS) elogiou o feito, enfatizando que Portugal volta a ter representantes no principal circuito mundial de surf, agora no feminino, com potencial para continuar a crescer.","og_url":"https:\/\/portaltela.pt\/noticias\/2026\/02\/10\/goncalo-saldanha-diz-que-o-surf-feminino-vive-tempos-de-ouro\/","og_site_name":"Portal Tela Portugal","article_published_time":"2026-02-10T15:21:52+00:00","author":"Telinha","twitter_card":"summary_large_image","twitter_misc":{"Escrito por":"Telinha","Tempo estimado de leitura":"2 minutos"},"schema":{"@context":"https:\/\/schema.org","@graph":[{"@type":"Article","@id":"https:\/\/portaltela.pt\/noticias\/2026\/02\/10\/goncalo-saldanha-diz-que-o-surf-feminino-vive-tempos-de-ouro\/#article","isPartOf":{"@id":"https:\/\/portaltela.pt\/noticias\/2026\/02\/10\/goncalo-saldanha-diz-que-o-surf-feminino-vive-tempos-de-ouro\/"},"author":{"name":"Telinha","@id":"https:\/\/portaltela.pt\/#\/schema\/person\/c4278d4a6028830caff9ee44b42d32ed"},"headline":"Gon\u00e7alo Saldanha diz que o surf feminino vive tempos de ouro","datePublished":"2026-02-10T15:21:52+00:00","mainEntityOfPage":{"@id":"https:\/\/portaltela.pt\/noticias\/2026\/02\/10\/goncalo-saldanha-diz-que-o-surf-feminino-vive-tempos-de-ouro\/"},"wordCount":319,"image":{"@id":"https:\/\/portaltela.pt\/noticias\/2026\/02\/10\/goncalo-saldanha-diz-que-o-surf-feminino-vive-tempos-de-ouro\/#primaryimage"},"thumbnailUrl":"https:\/\/portaltela.pt\/s.01k8rhncp4jt1\/2026\/02\/img_920x518uu2026-01-29-19-08-21-2418307.jpg","keywords":["desporto","desporto feminino","Lisboa","Porto","Portugal","Teresa Bonvalot"],"articleSection":["Desporto"],"inLanguage":"pt-PT"},{"@type":"WebPage","@id":"https:\/\/portaltela.pt\/noticias\/2026\/02\/10\/goncalo-saldanha-diz-que-o-surf-feminino-vive-tempos-de-ouro\/","url":"https:\/\/portaltela.pt\/noticias\/2026\/02\/10\/goncalo-saldanha-diz-que-o-surf-feminino-vive-tempos-de-ouro\/","name":"Gon\u00e7alo Saldanha diz que o surf feminino vive tempos de ouro - Portal Tela Portugal","isPartOf":{"@id":"https:\/\/portaltela.pt\/#website"},"primaryImageOfPage":{"@id":"https:\/\/portaltela.pt\/noticias\/2026\/02\/10\/goncalo-saldanha-diz-que-o-surf-feminino-vive-tempos-de-ouro\/#primaryimage"},"image":{"@id":"https:\/\/portaltela.pt\/noticias\/2026\/02\/10\/goncalo-saldanha-diz-que-o-surf-feminino-vive-tempos-de-ouro\/#primaryimage"},"thumbnailUrl":"https:\/\/portaltela.pt\/s.01k8rhncp4jt1\/2026\/02\/img_920x518uu2026-01-29-19-08-21-2418307.jpg","datePublished":"2026-02-10T15:21:52+00:00","author":{"@id":"https:\/\/portaltela.pt\/#\/schema\/person\/c4278d4a6028830caff9ee44b42d32ed"},"breadcrumb":{"@id":"https:\/\/portaltela.pt\/noticias\/2026\/02\/10\/goncalo-saldanha-diz-que-o-surf-feminino-vive-tempos-de-ouro\/#breadcrumb"},"inLanguage":"pt-PT","potentialAction":[{"@type":"ReadAction","target":["https:\/\/portaltela.pt\/noticias\/2026\/02\/10\/goncalo-saldanha-diz-que-o-surf-feminino-vive-tempos-de-ouro\/"]}]},{"@type":"ImageObject","inLanguage":"pt-PT","@id":"https:\/\/portaltela.pt\/noticias\/2026\/02\/10\/goncalo-saldanha-diz-que-o-surf-feminino-vive-tempos-de-ouro\/#primaryimage","url":"https:\/\/portaltela.pt\/s.01k8rhncp4jt1\/2026\/02\/img_920x518uu2026-01-29-19-08-21-2418307.jpg","contentUrl":"https:\/\/portaltela.pt\/s.01k8rhncp4jt1\/2026\/02\/img_920x518uu2026-01-29-19-08-21-2418307.jpg","width":796,"height":448,"caption":"Gon\u00e7alo Saldanha"},{"@type":"BreadcrumbList","@id":"https:\/\/portaltela.pt\/noticias\/2026\/02\/10\/goncalo-saldanha-diz-que-o-surf-feminino-vive-tempos-de-ouro\/#breadcrumb","itemListElement":[{"@type":"ListItem","position":1,"name":"In\u00edcio","item":"https:\/\/portaltela.pt\/"},{"@type":"ListItem","position":2,"name":"Gon\u00e7alo Saldanha diz que o surf feminino vive tempos de ouro"}]},{"@type":"WebSite","@id":"https:\/\/portaltela.pt\/#website","url":"https:\/\/portaltela.pt\/","name":"Portal Tela Portugal","description":"","potentialAction":[{"@type":"SearchAction","target":{"@type":"EntryPoint","urlTemplate":"https:\/\/portaltela.pt\/?s={search_term_string}"},"query-input":{"@type":"PropertyValueSpecification","valueRequired":true,"valueName":"search_term_string"}}],"inLanguage":"pt-PT"},{"@type":"Person","@id":"https:\/\/portaltela.pt\/#\/schema\/person\/c4278d4a6028830caff9ee44b42d32ed","name":"Telinha","image":{"@type":"ImageObject","inLanguage":"pt-PT","@id":"https:\/\/portaltela.pt\/s.01k8rhncp4jt1\/2025\/11\/talking-bot-125x125.png","url":"https:\/\/portaltela.pt\/s.01k8rhncp4jt1\/2025\/11\/talking-bot-125x125.png","contentUrl":"https:\/\/portaltela.pt\/s.01k8rhncp4jt1\/2025\/11\/talking-bot-125x125.png","caption":"Telinha"},"sameAs":["https:\/\/portaltela.pt\/"],"url":"https:\/\/portaltela.pt\/por\/367410592786\/"}]}},"_links":{"self":[{"href":"https:\/\/portaltela.pt\/api\/wp\/v2\/posts\/206896","targetHints":{"allow":["GET"]}}],"collection":[{"href":"https:\/\/portaltela.pt\/api\/wp\/v2\/posts"}],"about":[{"href":"https:\/\/portaltela.pt\/api\/wp\/v2\/types\/post"}],"author":[{"embeddable":true,"href":"https:\/\/portaltela.pt\/api\/wp\/v2\/users\/2"}],"replies":[{"embeddable":true,"href":"https:\/\/portaltela.pt\/api\/wp\/v2\/comments?post=206896"}],"version-history":[{"count":0,"href":"https:\/\/portaltela.pt\/api\/wp\/v2\/posts\/206896\/revisions"}],"wp:featuredmedia":[{"embeddable":true,"href":"https:\/\/portaltela.pt\/api\/wp\/v2\/media\/206897"}],"wp:attachment":[{"href":"https:\/\/portaltela.pt\/api\/wp\/v2\/media?parent=206896"}],"wp:term":[{"taxonomy":"category","embeddable":true,"href":"https:\/\/portaltela.pt\/api\/wp\/v2\/categories?post=206896"},{"taxonomy":"post_tag","embeddable":true,"href":"https:\/\/portaltela.pt\/api\/wp\/v2\/tags?post=206896"}],"curies":[{"name":"wp","href":"https:\/\/api.w.org\/{rel}","templated":true}]}}