{"id":206884,"date":"2026-02-10T12:16:12","date_gmt":"2026-02-10T15:16:12","guid":{"rendered":"https:\/\/portaltela.pt\/noticias\/2026\/02\/10\/ultimo-adeus-ao-bombeiro-que-morreu-em-servico-junto-ao-rio-caia\/"},"modified":"2026-02-10T12:16:12","modified_gmt":"2026-02-10T15:16:12","slug":"ultimo-adeus-ao-bombeiro-que-morreu-em-servico-junto-ao-rio-caia","status":"publish","type":"post","link":"https:\/\/portaltela.pt\/noticias\/2026\/02\/10\/ultimo-adeus-ao-bombeiro-que-morreu-em-servico-junto-ao-rio-caia\/","title":{"rendered":"\u00daltimo adeus ao bombeiro que morreu em servi\u00e7o junto ao rio Caia"},"content":{"rendered":"<p>O funeral do bombeiro que morreu em servi\u00e7o junto ao rio Caia, devido ao mau tempo, realiza-se hoje na igreja de Campo Maior, no Alentejo. A cerim\u00f3nia decorre com a presen\u00e7a de familiares, amigos e colegas de profiss\u00e3o.<\/p>\n<p>O corpo foi transportado para a igreja onde a homenagem ocorre, em formato de cerim\u00f3nia f\u00fanebre. A morte ocorreu no \u00e2mbito de opera\u00e7\u00f5es de resgate devido \u00e0s fortes chuvas na regi\u00e3o.<\/p>\n<p>O nome do bombeiro ainda n\u00e3o foi divulgado pela institui\u00e7\u00e3o, mantendo-se de momento reservado. O incidente aconteceu por causa das condi\u00e7\u00f5es meteorol\u00f3gicas adversas que dificultaram as opera\u00e7\u00f5es de resgate.<\/p>\n<h3>Desdobramentos e homenagem<\/h3>\n<p>A cerim\u00f3nia inclui momentos de ora\u00e7\u00e3o, lembran\u00e7as e despedidas, com o reconhecimento p\u00fablico da dedica\u00e7\u00e3o ao servi\u00e7o de emerg\u00eancia. Familiares agradeceram o apoio recebido da comunidade e das autoridades.<\/p>\n<p>O sofrimento vivido pela comunidade refor\u00e7a a import\u00e2ncia da prote\u00e7\u00e3o civil. O funeral encerra-se com o sepultamento do bombeiro, que ficar\u00e1 na mem\u00f3ria de quem conheceu e trabalhou com ele.<\/p>\n","protected":false},"excerpt":{"rendered":"<ul>\n<li>O funeral do bombeiro que morreu em servi\u00e7o junto ao rio Caia devido ao mau tempo est\u00e1 a decorrer na igreja de Campo Maior, no Alentejo, nesta ter\u00e7a-feira.<\/li>\n<li>O nome do bombeiro n\u00e3o foi divulgado; a cerim\u00f3nia conta com a presen\u00e7a de familiares, amigos e colegas de profiss\u00e3o.<\/li>\n<li>O \u00f3bito ocorreu enquanto o agente prestava aux\u00edlio \u00e0s v\u00edtimas das fortes chuvas que afetaram a regi\u00e3o, em condi\u00e7\u00f5es meteorol\u00f3gicas adversas.<\/li>\n<li>O corpo foi transportado para a igreja de Campo Maior, onde decorre uma cerim\u00f3nia com homenagens, ora\u00e7\u00e3o e despedida.<\/li>\n<li>Ao final da cerim\u00f3nia est\u00e1 prevista a cerim\u00f3nia de sepultura; a fam\u00edlia agradece o apoio e as condol\u00eancias recebidas.<\/li>\n<\/ul>\n","protected":false},"author":2,"featured_media":206886,"comment_status":"closed","ping_status":"closed","sticky":false,"template":"","format":"standard","meta":{"footnotes":""},"categories":[1],"tags":[883,971,3346,5329,5119,320],"class_list":["post-206884","post","type-post","status-publish","format-standard","has-post-thumbnail","hentry","category-noticias","tag-alentejo","tag-bombeiros","tag-campo-maior","tag-chuva","tag-funerais","tag-protecao-civil"],"yoast_head":"<!-- This site is optimized with the Yoast SEO plugin v27.2 - https:\/\/yoast.com\/product\/yoast-seo-wordpress\/ -->\n<title>\u00daltimo adeus ao bombeiro que morreu em servi\u00e7o junto ao rio Caia - Portal Tela Portugal<\/title>\n<meta name=\"robots\" content=\"index, follow, max-snippet:-1, max-image-preview:large, max-video-preview:-1\" \/>\n<meta property=\"og:locale\" content=\"pt_PT\" \/>\n<meta property=\"og:type\" content=\"article\" \/>\n<meta property=\"og:title\" content=\"\u00daltimo adeus ao bombeiro que morreu em servi\u00e7o junto ao rio Caia - Portal Tela Portugal\" \/>\n<meta property=\"og:description\" content=\"O funeral do bombeiro que morreu em servi\u00e7o junto ao rio Caia devido ao mau tempo est\u00e1 a decorrer na igreja de Campo Maior, no Alentejo, nesta ter\u00e7a-feira. O nome do bombeiro n\u00e3o foi divulgado; a cerim\u00f3nia conta com a presen\u00e7a de familiares, amigos e colegas de profiss\u00e3o. O \u00f3bito ocorreu enquanto o agente prestava aux\u00edlio \u00e0s v\u00edtimas das fortes chuvas que afetaram a regi\u00e3o, em condi\u00e7\u00f5es meteorol\u00f3gicas adversas. O corpo foi transportado para a igreja de Campo Maior, onde decorre uma cerim\u00f3nia com homenagens, ora\u00e7\u00e3o e despedida. Ao final da cerim\u00f3nia est\u00e1 prevista a cerim\u00f3nia de sepultura; a fam\u00edlia agradece o apoio e as condol\u00eancias recebidas.\" \/>\n<meta property=\"og:url\" content=\"https:\/\/portaltela.pt\/noticias\/2026\/02\/10\/ultimo-adeus-ao-bombeiro-que-morreu-em-servico-junto-ao-rio-caia\/\" \/>\n<meta property=\"og:site_name\" content=\"Portal Tela Portugal\" \/>\n<meta property=\"article:published_time\" content=\"2026-02-10T15:16:12+00:00\" \/>\n<meta name=\"author\" content=\"Telinha\" \/>\n<meta name=\"twitter:card\" content=\"summary_large_image\" \/>\n<meta name=\"twitter:label1\" content=\"Escrito por\" \/>\n\t<meta name=\"twitter:data1\" content=\"Telinha\" \/>\n\t<meta name=\"twitter:label2\" content=\"Tempo estimado de leitura\" \/>\n\t<meta name=\"twitter:data2\" content=\"1 minuto\" \/>\n<script type=\"application\/ld+json\" class=\"yoast-schema-graph\">{\"@context\":\"https:\/\/schema.org\",\"@graph\":[{\"@type\":\"Article\",\"@id\":\"https:\/\/portaltela.pt\/noticias\/2026\/02\/10\/ultimo-adeus-ao-bombeiro-que-morreu-em-servico-junto-ao-rio-caia\/#article\",\"isPartOf\":{\"@id\":\"https:\/\/portaltela.pt\/noticias\/2026\/02\/10\/ultimo-adeus-ao-bombeiro-que-morreu-em-servico-junto-ao-rio-caia\/\"},\"author\":{\"name\":\"Telinha\",\"@id\":\"https:\/\/portaltela.pt\/#\/schema\/person\/c4278d4a6028830caff9ee44b42d32ed\"},\"headline\":\"\u00daltimo adeus ao bombeiro que morreu em servi\u00e7o junto ao rio Caia\",\"datePublished\":\"2026-02-10T15:16:12+00:00\",\"mainEntityOfPage\":{\"@id\":\"https:\/\/portaltela.pt\/noticias\/2026\/02\/10\/ultimo-adeus-ao-bombeiro-que-morreu-em-servico-junto-ao-rio-caia\/\"},\"wordCount\":197,\"image\":{\"@id\":\"https:\/\/portaltela.pt\/noticias\/2026\/02\/10\/ultimo-adeus-ao-bombeiro-que-morreu-em-servico-junto-ao-rio-caia\/#primaryimage\"},\"thumbnailUrl\":\"https:\/\/portaltela.pt\/s.01k8rhncp4jt1\/2026\/02\/img_1280x722uu2026-02-10-15-14-56-2266103.jpg\",\"keywords\":[\"Alentejo\",\"bombeiros\",\"Campo Maior\",\"chuva\",\"funerais\",\"prote\u00e7\u00e3o civil\"],\"articleSection\":[\"Not\u00edcias\"],\"inLanguage\":\"pt-PT\"},{\"@type\":\"WebPage\",\"@id\":\"https:\/\/portaltela.pt\/noticias\/2026\/02\/10\/ultimo-adeus-ao-bombeiro-que-morreu-em-servico-junto-ao-rio-caia\/\",\"url\":\"https:\/\/portaltela.pt\/noticias\/2026\/02\/10\/ultimo-adeus-ao-bombeiro-que-morreu-em-servico-junto-ao-rio-caia\/\",\"name\":\"\u00daltimo adeus ao bombeiro que morreu em servi\u00e7o junto ao rio Caia - Portal Tela Portugal\",\"isPartOf\":{\"@id\":\"https:\/\/portaltela.pt\/#website\"},\"primaryImageOfPage\":{\"@id\":\"https:\/\/portaltela.pt\/noticias\/2026\/02\/10\/ultimo-adeus-ao-bombeiro-que-morreu-em-servico-junto-ao-rio-caia\/#primaryimage\"},\"image\":{\"@id\":\"https:\/\/portaltela.pt\/noticias\/2026\/02\/10\/ultimo-adeus-ao-bombeiro-que-morreu-em-servico-junto-ao-rio-caia\/#primaryimage\"},\"thumbnailUrl\":\"https:\/\/portaltela.pt\/s.01k8rhncp4jt1\/2026\/02\/img_1280x722uu2026-02-10-15-14-56-2266103.jpg\",\"datePublished\":\"2026-02-10T15:16:12+00:00\",\"author\":{\"@id\":\"https:\/\/portaltela.pt\/#\/schema\/person\/c4278d4a6028830caff9ee44b42d32ed\"},\"breadcrumb\":{\"@id\":\"https:\/\/portaltela.pt\/noticias\/2026\/02\/10\/ultimo-adeus-ao-bombeiro-que-morreu-em-servico-junto-ao-rio-caia\/#breadcrumb\"},\"inLanguage\":\"pt-PT\",\"potentialAction\":[{\"@type\":\"ReadAction\",\"target\":[\"https:\/\/portaltela.pt\/noticias\/2026\/02\/10\/ultimo-adeus-ao-bombeiro-que-morreu-em-servico-junto-ao-rio-caia\/\"]}]},{\"@type\":\"ImageObject\",\"inLanguage\":\"pt-PT\",\"@id\":\"https:\/\/portaltela.pt\/noticias\/2026\/02\/10\/ultimo-adeus-ao-bombeiro-que-morreu-em-servico-junto-ao-rio-caia\/#primaryimage\",\"url\":\"https:\/\/portaltela.pt\/s.01k8rhncp4jt1\/2026\/02\/img_1280x722uu2026-02-10-15-14-56-2266103.jpg\",\"contentUrl\":\"https:\/\/portaltela.pt\/s.01k8rhncp4jt1\/2026\/02\/img_1280x722uu2026-02-10-15-14-56-2266103.jpg\",\"width\":796,\"height\":448,\"caption\":\"Funeral est\u00e1 a ser realizado, esta ter\u00e7a-feira, na igreja de Campo Maior, no Alentejo.\"},{\"@type\":\"BreadcrumbList\",\"@id\":\"https:\/\/portaltela.pt\/noticias\/2026\/02\/10\/ultimo-adeus-ao-bombeiro-que-morreu-em-servico-junto-ao-rio-caia\/#breadcrumb\",\"itemListElement\":[{\"@type\":\"ListItem\",\"position\":1,\"name\":\"In\u00edcio\",\"item\":\"https:\/\/portaltela.pt\/\"},{\"@type\":\"ListItem\",\"position\":2,\"name\":\"\u00daltimo adeus ao bombeiro que morreu em servi\u00e7o junto ao rio Caia\"}]},{\"@type\":\"WebSite\",\"@id\":\"https:\/\/portaltela.pt\/#website\",\"url\":\"https:\/\/portaltela.pt\/\",\"name\":\"Portal Tela Portugal\",\"description\":\"\",\"potentialAction\":[{\"@type\":\"SearchAction\",\"target\":{\"@type\":\"EntryPoint\",\"urlTemplate\":\"https:\/\/portaltela.pt\/?s={search_term_string}\"},\"query-input\":{\"@type\":\"PropertyValueSpecification\",\"valueRequired\":true,\"valueName\":\"search_term_string\"}}],\"inLanguage\":\"pt-PT\"},{\"@type\":\"Person\",\"@id\":\"https:\/\/portaltela.pt\/#\/schema\/person\/c4278d4a6028830caff9ee44b42d32ed\",\"name\":\"Telinha\",\"image\":{\"@type\":\"ImageObject\",\"inLanguage\":\"pt-PT\",\"@id\":\"https:\/\/portaltela.pt\/s.01k8rhncp4jt1\/2025\/11\/talking-bot-125x125.png\",\"url\":\"https:\/\/portaltela.pt\/s.01k8rhncp4jt1\/2025\/11\/talking-bot-125x125.png\",\"contentUrl\":\"https:\/\/portaltela.pt\/s.01k8rhncp4jt1\/2025\/11\/talking-bot-125x125.png\",\"caption\":\"Telinha\"},\"sameAs\":[\"https:\/\/portaltela.pt\/\"],\"url\":\"https:\/\/portaltela.pt\/por\/367410592786\/\"}]}<\/script>\n<!-- \/ Yoast SEO plugin. -->","yoast_head_json":{"title":"\u00daltimo adeus ao bombeiro que morreu em servi\u00e7o junto ao rio Caia - Portal Tela Portugal","robots":{"index":"index","follow":"follow","max-snippet":"max-snippet:-1","max-image-preview":"max-image-preview:large","max-video-preview":"max-video-preview:-1"},"og_locale":"pt_PT","og_type":"article","og_title":"\u00daltimo adeus ao bombeiro que morreu em servi\u00e7o junto ao rio Caia - Portal Tela Portugal","og_description":"O funeral do bombeiro que morreu em servi\u00e7o junto ao rio Caia devido ao mau tempo est\u00e1 a decorrer na igreja de Campo Maior, no Alentejo, nesta ter\u00e7a-feira. O nome do bombeiro n\u00e3o foi divulgado; a cerim\u00f3nia conta com a presen\u00e7a de familiares, amigos e colegas de profiss\u00e3o. O \u00f3bito ocorreu enquanto o agente prestava aux\u00edlio \u00e0s v\u00edtimas das fortes chuvas que afetaram a regi\u00e3o, em condi\u00e7\u00f5es meteorol\u00f3gicas adversas. O corpo foi transportado para a igreja de Campo Maior, onde decorre uma cerim\u00f3nia com homenagens, ora\u00e7\u00e3o e despedida. Ao final da cerim\u00f3nia est\u00e1 prevista a cerim\u00f3nia de sepultura; a fam\u00edlia agradece o apoio e as condol\u00eancias recebidas.","og_url":"https:\/\/portaltela.pt\/noticias\/2026\/02\/10\/ultimo-adeus-ao-bombeiro-que-morreu-em-servico-junto-ao-rio-caia\/","og_site_name":"Portal Tela Portugal","article_published_time":"2026-02-10T15:16:12+00:00","author":"Telinha","twitter_card":"summary_large_image","twitter_misc":{"Escrito por":"Telinha","Tempo estimado de leitura":"1 minuto"},"schema":{"@context":"https:\/\/schema.org","@graph":[{"@type":"Article","@id":"https:\/\/portaltela.pt\/noticias\/2026\/02\/10\/ultimo-adeus-ao-bombeiro-que-morreu-em-servico-junto-ao-rio-caia\/#article","isPartOf":{"@id":"https:\/\/portaltela.pt\/noticias\/2026\/02\/10\/ultimo-adeus-ao-bombeiro-que-morreu-em-servico-junto-ao-rio-caia\/"},"author":{"name":"Telinha","@id":"https:\/\/portaltela.pt\/#\/schema\/person\/c4278d4a6028830caff9ee44b42d32ed"},"headline":"\u00daltimo adeus ao bombeiro que morreu em servi\u00e7o junto ao rio Caia","datePublished":"2026-02-10T15:16:12+00:00","mainEntityOfPage":{"@id":"https:\/\/portaltela.pt\/noticias\/2026\/02\/10\/ultimo-adeus-ao-bombeiro-que-morreu-em-servico-junto-ao-rio-caia\/"},"wordCount":197,"image":{"@id":"https:\/\/portaltela.pt\/noticias\/2026\/02\/10\/ultimo-adeus-ao-bombeiro-que-morreu-em-servico-junto-ao-rio-caia\/#primaryimage"},"thumbnailUrl":"https:\/\/portaltela.pt\/s.01k8rhncp4jt1\/2026\/02\/img_1280x722uu2026-02-10-15-14-56-2266103.jpg","keywords":["Alentejo","bombeiros","Campo Maior","chuva","funerais","prote\u00e7\u00e3o civil"],"articleSection":["Not\u00edcias"],"inLanguage":"pt-PT"},{"@type":"WebPage","@id":"https:\/\/portaltela.pt\/noticias\/2026\/02\/10\/ultimo-adeus-ao-bombeiro-que-morreu-em-servico-junto-ao-rio-caia\/","url":"https:\/\/portaltela.pt\/noticias\/2026\/02\/10\/ultimo-adeus-ao-bombeiro-que-morreu-em-servico-junto-ao-rio-caia\/","name":"\u00daltimo adeus ao bombeiro que morreu em servi\u00e7o junto ao rio Caia - Portal Tela Portugal","isPartOf":{"@id":"https:\/\/portaltela.pt\/#website"},"primaryImageOfPage":{"@id":"https:\/\/portaltela.pt\/noticias\/2026\/02\/10\/ultimo-adeus-ao-bombeiro-que-morreu-em-servico-junto-ao-rio-caia\/#primaryimage"},"image":{"@id":"https:\/\/portaltela.pt\/noticias\/2026\/02\/10\/ultimo-adeus-ao-bombeiro-que-morreu-em-servico-junto-ao-rio-caia\/#primaryimage"},"thumbnailUrl":"https:\/\/portaltela.pt\/s.01k8rhncp4jt1\/2026\/02\/img_1280x722uu2026-02-10-15-14-56-2266103.jpg","datePublished":"2026-02-10T15:16:12+00:00","author":{"@id":"https:\/\/portaltela.pt\/#\/schema\/person\/c4278d4a6028830caff9ee44b42d32ed"},"breadcrumb":{"@id":"https:\/\/portaltela.pt\/noticias\/2026\/02\/10\/ultimo-adeus-ao-bombeiro-que-morreu-em-servico-junto-ao-rio-caia\/#breadcrumb"},"inLanguage":"pt-PT","potentialAction":[{"@type":"ReadAction","target":["https:\/\/portaltela.pt\/noticias\/2026\/02\/10\/ultimo-adeus-ao-bombeiro-que-morreu-em-servico-junto-ao-rio-caia\/"]}]},{"@type":"ImageObject","inLanguage":"pt-PT","@id":"https:\/\/portaltela.pt\/noticias\/2026\/02\/10\/ultimo-adeus-ao-bombeiro-que-morreu-em-servico-junto-ao-rio-caia\/#primaryimage","url":"https:\/\/portaltela.pt\/s.01k8rhncp4jt1\/2026\/02\/img_1280x722uu2026-02-10-15-14-56-2266103.jpg","contentUrl":"https:\/\/portaltela.pt\/s.01k8rhncp4jt1\/2026\/02\/img_1280x722uu2026-02-10-15-14-56-2266103.jpg","width":796,"height":448,"caption":"Funeral est\u00e1 a ser realizado, esta ter\u00e7a-feira, na igreja de Campo Maior, no Alentejo."},{"@type":"BreadcrumbList","@id":"https:\/\/portaltela.pt\/noticias\/2026\/02\/10\/ultimo-adeus-ao-bombeiro-que-morreu-em-servico-junto-ao-rio-caia\/#breadcrumb","itemListElement":[{"@type":"ListItem","position":1,"name":"In\u00edcio","item":"https:\/\/portaltela.pt\/"},{"@type":"ListItem","position":2,"name":"\u00daltimo adeus ao bombeiro que morreu em servi\u00e7o junto ao rio Caia"}]},{"@type":"WebSite","@id":"https:\/\/portaltela.pt\/#website","url":"https:\/\/portaltela.pt\/","name":"Portal Tela Portugal","description":"","potentialAction":[{"@type":"SearchAction","target":{"@type":"EntryPoint","urlTemplate":"https:\/\/portaltela.pt\/?s={search_term_string}"},"query-input":{"@type":"PropertyValueSpecification","valueRequired":true,"valueName":"search_term_string"}}],"inLanguage":"pt-PT"},{"@type":"Person","@id":"https:\/\/portaltela.pt\/#\/schema\/person\/c4278d4a6028830caff9ee44b42d32ed","name":"Telinha","image":{"@type":"ImageObject","inLanguage":"pt-PT","@id":"https:\/\/portaltela.pt\/s.01k8rhncp4jt1\/2025\/11\/talking-bot-125x125.png","url":"https:\/\/portaltela.pt\/s.01k8rhncp4jt1\/2025\/11\/talking-bot-125x125.png","contentUrl":"https:\/\/portaltela.pt\/s.01k8rhncp4jt1\/2025\/11\/talking-bot-125x125.png","caption":"Telinha"},"sameAs":["https:\/\/portaltela.pt\/"],"url":"https:\/\/portaltela.pt\/por\/367410592786\/"}]}},"_links":{"self":[{"href":"https:\/\/portaltela.pt\/api\/wp\/v2\/posts\/206884","targetHints":{"allow":["GET"]}}],"collection":[{"href":"https:\/\/portaltela.pt\/api\/wp\/v2\/posts"}],"about":[{"href":"https:\/\/portaltela.pt\/api\/wp\/v2\/types\/post"}],"author":[{"embeddable":true,"href":"https:\/\/portaltela.pt\/api\/wp\/v2\/users\/2"}],"replies":[{"embeddable":true,"href":"https:\/\/portaltela.pt\/api\/wp\/v2\/comments?post=206884"}],"version-history":[{"count":0,"href":"https:\/\/portaltela.pt\/api\/wp\/v2\/posts\/206884\/revisions"}],"wp:featuredmedia":[{"embeddable":true,"href":"https:\/\/portaltela.pt\/api\/wp\/v2\/media\/206886"}],"wp:attachment":[{"href":"https:\/\/portaltela.pt\/api\/wp\/v2\/media?parent=206884"}],"wp:term":[{"taxonomy":"category","embeddable":true,"href":"https:\/\/portaltela.pt\/api\/wp\/v2\/categories?post=206884"},{"taxonomy":"post_tag","embeddable":true,"href":"https:\/\/portaltela.pt\/api\/wp\/v2\/tags?post=206884"}],"curies":[{"name":"wp","href":"https:\/\/api.w.org\/{rel}","templated":true}]}}