{"id":206877,"date":"2026-02-10T12:03:00","date_gmt":"2026-02-10T15:03:00","guid":{"rendered":"https:\/\/portaltela.pt\/noticias\/2026\/02\/10\/ansiao-investe-150-mil-euros-em-geradores-e-internet-por-satelite-2\/"},"modified":"2026-02-10T12:03:00","modified_gmt":"2026-02-10T15:03:00","slug":"ansiao-investe-150-mil-euros-em-geradores-e-internet-por-satelite-2","status":"publish","type":"post","link":"https:\/\/portaltela.pt\/noticias\/2026\/02\/10\/ansiao-investe-150-mil-euros-em-geradores-e-internet-por-satelite-2\/","title":{"rendered":"Ansi\u00e3o investe 150 mil euros em geradores e internet por sat\u00e9lite"},"content":{"rendered":"<p>A C\u00e2mara de Ansi\u00e3o apresentou uma revis\u00e3o or\u00e7amental para investir 150 mil euros em geradores e internet por sat\u00e9lite em todas as freguesias. O objetivo \u00e9 assegurar uma resposta mais eficaz em situa\u00e7\u00f5es de cat\u00e1strofe. A medida foi apresentada como forma de evitar repeti\u00e7\u00e3o de falhas no atendimento \u00e0 popula\u00e7\u00e3o.<\/p>\n<p>O presidente da autarquia, Jorge Cancelinha, afirmou que n\u00e3o \u00e9 aceit\u00e1vel ficar incontact\u00e1vel durante tr\u00eas dias, nem manter fam\u00edlias vulner\u00e1veis sem servi\u00e7os b\u00e1sicos. A prioridade \u00e9 manter as comunica\u00e7\u00f5es ativas nas sedes de freguesia, com equipamento Starlink para acesso \u00e0 internet.<\/p>\n<p>Al\u00e9m das comunica\u00e7\u00f5es, o munic\u00edpio planeia investir em autonomia energ\u00e9tica, com geradores de grande pot\u00eancia colocados em locais estrat\u00e9gicos. Estes pontos devem alimentar extens\u00f5es de centros de sa\u00fade, pavil\u00f5es desportivos e escolas prim\u00e1rias, assegurando conforto e energia em caso de emerg\u00eancia.<\/p>\n<p>A revis\u00e3o or\u00e7amental tamb\u00e9m prev\u00ea um investimento adicional de meio milh\u00e3o de euros para interven\u00e7\u00f5es de primeira necessidade. O montante destina-se a equipamentos municipais, como estabelecimentos de ensino, pavilh\u00f5es desportivos, edif\u00edcios camar\u00e1rios e espa\u00e7os verdes e de lazer, de modo a devolver normalidade ao territ\u00f3rio.<\/p>\n<p>No total, o or\u00e7amento previsto para estas a\u00e7\u00f5es ascende a 650 mil euros, num conjunto de medidas que visa refor\u00e7ar a resili\u00eancia do concelho face a eventos meteorol\u00f3gicos extremos. Quinze pessoas morreram em Portugal desde 28 de janeiro devido \u00e0s depress\u00f5es Kristin, Leonardo e Marta, com centenas de feridos e desalojados.<\/p>\n","protected":false},"excerpt":{"rendered":"<ul>\n<li>A C\u00e2mara de Ansi\u00e3o vai revisar o or\u00e7amento para investir 150 mil euros em geradores e internet por sat\u00e9lite em todas as freguesias.<\/li>\n<li>O objetivo \u00e9 melhorar a resposta a cat\u00e1strofes, evitando que a entidade n\u00e3o esteja dispon\u00edvel durante emerg\u00eancias.<\/li>\n<li>J\u00e1 foram equipadas as juntas de freguesia com Starlink para manter comunica\u00e7\u00f5es nas sedes de freguesia e facilitar o acesso \u00e0 internet.<\/li>\n<li>A revis\u00e3o or\u00e7amental prev\u00ea ainda investir em autonomia energ\u00e9tica com geradores de grande pot\u00eancia e meio milh\u00e3o de euros para interven\u00e7\u00f5es de primeira necessidade em equipamentos municipais.<\/li>\n<li>Quinze pessoas morreram em Portugal desde 28 de janeiro, devido \u00e0s depress\u00f5es Kristin, Leonardo e Marta, com centenas de feridos e desalojados.<\/li>\n<\/ul>\n","protected":false},"author":2,"featured_media":206881,"comment_status":"closed","ping_status":"closed","sticky":false,"template":"","format":"standard","meta":{"footnotes":""},"categories":[1],"tags":[5215,2206,163,174,320,5010],"class_list":["post-206877","post","type-post","status-publish","format-standard","has-post-thumbnail","hentry","category-noticias","tag-catastrofes-naturais","tag-comunicacoes","tag-educacao","tag-energia","tag-protecao-civil","tag-starlink"],"yoast_head":"<!-- This site is optimized with the Yoast SEO plugin v27.2 - https:\/\/yoast.com\/product\/yoast-seo-wordpress\/ -->\n<title>Ansi\u00e3o investe 150 mil euros em geradores e internet por sat\u00e9lite - Portal Tela Portugal<\/title>\n<meta name=\"robots\" content=\"index, follow, max-snippet:-1, max-image-preview:large, max-video-preview:-1\" \/>\n<meta property=\"og:locale\" content=\"pt_PT\" \/>\n<meta property=\"og:type\" content=\"article\" \/>\n<meta property=\"og:title\" content=\"Ansi\u00e3o investe 150 mil euros em geradores e internet por sat\u00e9lite - Portal Tela Portugal\" \/>\n<meta property=\"og:description\" content=\"A C\u00e2mara de Ansi\u00e3o vai revisar o or\u00e7amento para investir 150 mil euros em geradores e internet por sat\u00e9lite em todas as freguesias. O objetivo \u00e9 melhorar a resposta a cat\u00e1strofes, evitando que a entidade n\u00e3o esteja dispon\u00edvel durante emerg\u00eancias. J\u00e1 foram equipadas as juntas de freguesia com Starlink para manter comunica\u00e7\u00f5es nas sedes de freguesia e facilitar o acesso \u00e0 internet. A revis\u00e3o or\u00e7amental prev\u00ea ainda investir em autonomia energ\u00e9tica com geradores de grande pot\u00eancia e meio milh\u00e3o de euros para interven\u00e7\u00f5es de primeira necessidade em equipamentos municipais. Quinze pessoas morreram em Portugal desde 28 de janeiro, devido \u00e0s depress\u00f5es Kristin, Leonardo e Marta, com centenas de feridos e desalojados.\" \/>\n<meta property=\"og:url\" content=\"https:\/\/portaltela.pt\/noticias\/2026\/02\/10\/ansiao-investe-150-mil-euros-em-geradores-e-internet-por-satelite-2\/\" \/>\n<meta property=\"og:site_name\" content=\"Portal Tela Portugal\" \/>\n<meta property=\"article:published_time\" content=\"2026-02-10T15:03:00+00:00\" \/>\n<meta name=\"author\" content=\"Telinha\" \/>\n<meta name=\"twitter:card\" content=\"summary_large_image\" \/>\n<meta name=\"twitter:label1\" content=\"Escrito por\" \/>\n\t<meta name=\"twitter:data1\" content=\"Telinha\" \/>\n\t<meta name=\"twitter:label2\" content=\"Tempo estimado de leitura\" \/>\n\t<meta name=\"twitter:data2\" content=\"1 minuto\" \/>\n<script type=\"application\/ld+json\" class=\"yoast-schema-graph\">{\"@context\":\"https:\/\/schema.org\",\"@graph\":[{\"@type\":\"Article\",\"@id\":\"https:\/\/portaltela.pt\/noticias\/2026\/02\/10\/ansiao-investe-150-mil-euros-em-geradores-e-internet-por-satelite-2\/#article\",\"isPartOf\":{\"@id\":\"https:\/\/portaltela.pt\/noticias\/2026\/02\/10\/ansiao-investe-150-mil-euros-em-geradores-e-internet-por-satelite-2\/\"},\"author\":{\"name\":\"Telinha\",\"@id\":\"https:\/\/portaltela.pt\/#\/schema\/person\/c4278d4a6028830caff9ee44b42d32ed\"},\"headline\":\"Ansi\u00e3o investe 150 mil euros em geradores e internet por sat\u00e9lite\",\"datePublished\":\"2026-02-10T15:03:00+00:00\",\"mainEntityOfPage\":{\"@id\":\"https:\/\/portaltela.pt\/noticias\/2026\/02\/10\/ansiao-investe-150-mil-euros-em-geradores-e-internet-por-satelite-2\/\"},\"wordCount\":277,\"image\":{\"@id\":\"https:\/\/portaltela.pt\/noticias\/2026\/02\/10\/ansiao-investe-150-mil-euros-em-geradores-e-internet-por-satelite-2\/#primaryimage\"},\"thumbnailUrl\":\"https:\/\/portaltela.pt\/s.01k8rhncp4jt1\/2026\/02\/image-791.jpg\",\"keywords\":[\"cat\u00e1strofes naturais\",\"comunica\u00e7\u00f5es\",\"educa\u00e7\u00e3o\",\"energia\",\"prote\u00e7\u00e3o civil\",\"Starlink\"],\"articleSection\":[\"Not\u00edcias\"],\"inLanguage\":\"pt-PT\"},{\"@type\":\"WebPage\",\"@id\":\"https:\/\/portaltela.pt\/noticias\/2026\/02\/10\/ansiao-investe-150-mil-euros-em-geradores-e-internet-por-satelite-2\/\",\"url\":\"https:\/\/portaltela.pt\/noticias\/2026\/02\/10\/ansiao-investe-150-mil-euros-em-geradores-e-internet-por-satelite-2\/\",\"name\":\"Ansi\u00e3o investe 150 mil euros em geradores e internet por sat\u00e9lite - Portal Tela Portugal\",\"isPartOf\":{\"@id\":\"https:\/\/portaltela.pt\/#website\"},\"primaryImageOfPage\":{\"@id\":\"https:\/\/portaltela.pt\/noticias\/2026\/02\/10\/ansiao-investe-150-mil-euros-em-geradores-e-internet-por-satelite-2\/#primaryimage\"},\"image\":{\"@id\":\"https:\/\/portaltela.pt\/noticias\/2026\/02\/10\/ansiao-investe-150-mil-euros-em-geradores-e-internet-por-satelite-2\/#primaryimage\"},\"thumbnailUrl\":\"https:\/\/portaltela.pt\/s.01k8rhncp4jt1\/2026\/02\/image-791.jpg\",\"datePublished\":\"2026-02-10T15:03:00+00:00\",\"author\":{\"@id\":\"https:\/\/portaltela.pt\/#\/schema\/person\/c4278d4a6028830caff9ee44b42d32ed\"},\"breadcrumb\":{\"@id\":\"https:\/\/portaltela.pt\/noticias\/2026\/02\/10\/ansiao-investe-150-mil-euros-em-geradores-e-internet-por-satelite-2\/#breadcrumb\"},\"inLanguage\":\"pt-PT\",\"potentialAction\":[{\"@type\":\"ReadAction\",\"target\":[\"https:\/\/portaltela.pt\/noticias\/2026\/02\/10\/ansiao-investe-150-mil-euros-em-geradores-e-internet-por-satelite-2\/\"]}]},{\"@type\":\"ImageObject\",\"inLanguage\":\"pt-PT\",\"@id\":\"https:\/\/portaltela.pt\/noticias\/2026\/02\/10\/ansiao-investe-150-mil-euros-em-geradores-e-internet-por-satelite-2\/#primaryimage\",\"url\":\"https:\/\/portaltela.pt\/s.01k8rhncp4jt1\/2026\/02\/image-791.jpg\",\"contentUrl\":\"https:\/\/portaltela.pt\/s.01k8rhncp4jt1\/2026\/02\/image-791.jpg\",\"width\":796,\"height\":448,\"caption\":\"Distrito de Leiria foi dos mais afetados pela tempestade Kristin a 28 de janeiro e ainda h\u00e1 clientes sem eletericidade\"},{\"@type\":\"BreadcrumbList\",\"@id\":\"https:\/\/portaltela.pt\/noticias\/2026\/02\/10\/ansiao-investe-150-mil-euros-em-geradores-e-internet-por-satelite-2\/#breadcrumb\",\"itemListElement\":[{\"@type\":\"ListItem\",\"position\":1,\"name\":\"In\u00edcio\",\"item\":\"https:\/\/portaltela.pt\/\"},{\"@type\":\"ListItem\",\"position\":2,\"name\":\"Ansi\u00e3o investe 150 mil euros em geradores e internet por sat\u00e9lite\"}]},{\"@type\":\"WebSite\",\"@id\":\"https:\/\/portaltela.pt\/#website\",\"url\":\"https:\/\/portaltela.pt\/\",\"name\":\"Portal Tela Portugal\",\"description\":\"\",\"potentialAction\":[{\"@type\":\"SearchAction\",\"target\":{\"@type\":\"EntryPoint\",\"urlTemplate\":\"https:\/\/portaltela.pt\/?s={search_term_string}\"},\"query-input\":{\"@type\":\"PropertyValueSpecification\",\"valueRequired\":true,\"valueName\":\"search_term_string\"}}],\"inLanguage\":\"pt-PT\"},{\"@type\":\"Person\",\"@id\":\"https:\/\/portaltela.pt\/#\/schema\/person\/c4278d4a6028830caff9ee44b42d32ed\",\"name\":\"Telinha\",\"image\":{\"@type\":\"ImageObject\",\"inLanguage\":\"pt-PT\",\"@id\":\"https:\/\/portaltela.pt\/s.01k8rhncp4jt1\/2025\/11\/talking-bot-125x125.png\",\"url\":\"https:\/\/portaltela.pt\/s.01k8rhncp4jt1\/2025\/11\/talking-bot-125x125.png\",\"contentUrl\":\"https:\/\/portaltela.pt\/s.01k8rhncp4jt1\/2025\/11\/talking-bot-125x125.png\",\"caption\":\"Telinha\"},\"sameAs\":[\"https:\/\/portaltela.pt\/\"],\"url\":\"https:\/\/portaltela.pt\/por\/367410592786\/\"}]}<\/script>\n<!-- \/ Yoast SEO plugin. -->","yoast_head_json":{"title":"Ansi\u00e3o investe 150 mil euros em geradores e internet por sat\u00e9lite - Portal Tela Portugal","robots":{"index":"index","follow":"follow","max-snippet":"max-snippet:-1","max-image-preview":"max-image-preview:large","max-video-preview":"max-video-preview:-1"},"og_locale":"pt_PT","og_type":"article","og_title":"Ansi\u00e3o investe 150 mil euros em geradores e internet por sat\u00e9lite - Portal Tela Portugal","og_description":"A C\u00e2mara de Ansi\u00e3o vai revisar o or\u00e7amento para investir 150 mil euros em geradores e internet por sat\u00e9lite em todas as freguesias. O objetivo \u00e9 melhorar a resposta a cat\u00e1strofes, evitando que a entidade n\u00e3o esteja dispon\u00edvel durante emerg\u00eancias. J\u00e1 foram equipadas as juntas de freguesia com Starlink para manter comunica\u00e7\u00f5es nas sedes de freguesia e facilitar o acesso \u00e0 internet. A revis\u00e3o or\u00e7amental prev\u00ea ainda investir em autonomia energ\u00e9tica com geradores de grande pot\u00eancia e meio milh\u00e3o de euros para interven\u00e7\u00f5es de primeira necessidade em equipamentos municipais. Quinze pessoas morreram em Portugal desde 28 de janeiro, devido \u00e0s depress\u00f5es Kristin, Leonardo e Marta, com centenas de feridos e desalojados.","og_url":"https:\/\/portaltela.pt\/noticias\/2026\/02\/10\/ansiao-investe-150-mil-euros-em-geradores-e-internet-por-satelite-2\/","og_site_name":"Portal Tela Portugal","article_published_time":"2026-02-10T15:03:00+00:00","author":"Telinha","twitter_card":"summary_large_image","twitter_misc":{"Escrito por":"Telinha","Tempo estimado de leitura":"1 minuto"},"schema":{"@context":"https:\/\/schema.org","@graph":[{"@type":"Article","@id":"https:\/\/portaltela.pt\/noticias\/2026\/02\/10\/ansiao-investe-150-mil-euros-em-geradores-e-internet-por-satelite-2\/#article","isPartOf":{"@id":"https:\/\/portaltela.pt\/noticias\/2026\/02\/10\/ansiao-investe-150-mil-euros-em-geradores-e-internet-por-satelite-2\/"},"author":{"name":"Telinha","@id":"https:\/\/portaltela.pt\/#\/schema\/person\/c4278d4a6028830caff9ee44b42d32ed"},"headline":"Ansi\u00e3o investe 150 mil euros em geradores e internet por sat\u00e9lite","datePublished":"2026-02-10T15:03:00+00:00","mainEntityOfPage":{"@id":"https:\/\/portaltela.pt\/noticias\/2026\/02\/10\/ansiao-investe-150-mil-euros-em-geradores-e-internet-por-satelite-2\/"},"wordCount":277,"image":{"@id":"https:\/\/portaltela.pt\/noticias\/2026\/02\/10\/ansiao-investe-150-mil-euros-em-geradores-e-internet-por-satelite-2\/#primaryimage"},"thumbnailUrl":"https:\/\/portaltela.pt\/s.01k8rhncp4jt1\/2026\/02\/image-791.jpg","keywords":["cat\u00e1strofes naturais","comunica\u00e7\u00f5es","educa\u00e7\u00e3o","energia","prote\u00e7\u00e3o civil","Starlink"],"articleSection":["Not\u00edcias"],"inLanguage":"pt-PT"},{"@type":"WebPage","@id":"https:\/\/portaltela.pt\/noticias\/2026\/02\/10\/ansiao-investe-150-mil-euros-em-geradores-e-internet-por-satelite-2\/","url":"https:\/\/portaltela.pt\/noticias\/2026\/02\/10\/ansiao-investe-150-mil-euros-em-geradores-e-internet-por-satelite-2\/","name":"Ansi\u00e3o investe 150 mil euros em geradores e internet por sat\u00e9lite - Portal Tela Portugal","isPartOf":{"@id":"https:\/\/portaltela.pt\/#website"},"primaryImageOfPage":{"@id":"https:\/\/portaltela.pt\/noticias\/2026\/02\/10\/ansiao-investe-150-mil-euros-em-geradores-e-internet-por-satelite-2\/#primaryimage"},"image":{"@id":"https:\/\/portaltela.pt\/noticias\/2026\/02\/10\/ansiao-investe-150-mil-euros-em-geradores-e-internet-por-satelite-2\/#primaryimage"},"thumbnailUrl":"https:\/\/portaltela.pt\/s.01k8rhncp4jt1\/2026\/02\/image-791.jpg","datePublished":"2026-02-10T15:03:00+00:00","author":{"@id":"https:\/\/portaltela.pt\/#\/schema\/person\/c4278d4a6028830caff9ee44b42d32ed"},"breadcrumb":{"@id":"https:\/\/portaltela.pt\/noticias\/2026\/02\/10\/ansiao-investe-150-mil-euros-em-geradores-e-internet-por-satelite-2\/#breadcrumb"},"inLanguage":"pt-PT","potentialAction":[{"@type":"ReadAction","target":["https:\/\/portaltela.pt\/noticias\/2026\/02\/10\/ansiao-investe-150-mil-euros-em-geradores-e-internet-por-satelite-2\/"]}]},{"@type":"ImageObject","inLanguage":"pt-PT","@id":"https:\/\/portaltela.pt\/noticias\/2026\/02\/10\/ansiao-investe-150-mil-euros-em-geradores-e-internet-por-satelite-2\/#primaryimage","url":"https:\/\/portaltela.pt\/s.01k8rhncp4jt1\/2026\/02\/image-791.jpg","contentUrl":"https:\/\/portaltela.pt\/s.01k8rhncp4jt1\/2026\/02\/image-791.jpg","width":796,"height":448,"caption":"Distrito de Leiria foi dos mais afetados pela tempestade Kristin a 28 de janeiro e ainda h\u00e1 clientes sem eletericidade"},{"@type":"BreadcrumbList","@id":"https:\/\/portaltela.pt\/noticias\/2026\/02\/10\/ansiao-investe-150-mil-euros-em-geradores-e-internet-por-satelite-2\/#breadcrumb","itemListElement":[{"@type":"ListItem","position":1,"name":"In\u00edcio","item":"https:\/\/portaltela.pt\/"},{"@type":"ListItem","position":2,"name":"Ansi\u00e3o investe 150 mil euros em geradores e internet por sat\u00e9lite"}]},{"@type":"WebSite","@id":"https:\/\/portaltela.pt\/#website","url":"https:\/\/portaltela.pt\/","name":"Portal Tela Portugal","description":"","potentialAction":[{"@type":"SearchAction","target":{"@type":"EntryPoint","urlTemplate":"https:\/\/portaltela.pt\/?s={search_term_string}"},"query-input":{"@type":"PropertyValueSpecification","valueRequired":true,"valueName":"search_term_string"}}],"inLanguage":"pt-PT"},{"@type":"Person","@id":"https:\/\/portaltela.pt\/#\/schema\/person\/c4278d4a6028830caff9ee44b42d32ed","name":"Telinha","image":{"@type":"ImageObject","inLanguage":"pt-PT","@id":"https:\/\/portaltela.pt\/s.01k8rhncp4jt1\/2025\/11\/talking-bot-125x125.png","url":"https:\/\/portaltela.pt\/s.01k8rhncp4jt1\/2025\/11\/talking-bot-125x125.png","contentUrl":"https:\/\/portaltela.pt\/s.01k8rhncp4jt1\/2025\/11\/talking-bot-125x125.png","caption":"Telinha"},"sameAs":["https:\/\/portaltela.pt\/"],"url":"https:\/\/portaltela.pt\/por\/367410592786\/"}]}},"_links":{"self":[{"href":"https:\/\/portaltela.pt\/api\/wp\/v2\/posts\/206877","targetHints":{"allow":["GET"]}}],"collection":[{"href":"https:\/\/portaltela.pt\/api\/wp\/v2\/posts"}],"about":[{"href":"https:\/\/portaltela.pt\/api\/wp\/v2\/types\/post"}],"author":[{"embeddable":true,"href":"https:\/\/portaltela.pt\/api\/wp\/v2\/users\/2"}],"replies":[{"embeddable":true,"href":"https:\/\/portaltela.pt\/api\/wp\/v2\/comments?post=206877"}],"version-history":[{"count":0,"href":"https:\/\/portaltela.pt\/api\/wp\/v2\/posts\/206877\/revisions"}],"wp:featuredmedia":[{"embeddable":true,"href":"https:\/\/portaltela.pt\/api\/wp\/v2\/media\/206881"}],"wp:attachment":[{"href":"https:\/\/portaltela.pt\/api\/wp\/v2\/media?parent=206877"}],"wp:term":[{"taxonomy":"category","embeddable":true,"href":"https:\/\/portaltela.pt\/api\/wp\/v2\/categories?post=206877"},{"taxonomy":"post_tag","embeddable":true,"href":"https:\/\/portaltela.pt\/api\/wp\/v2\/tags?post=206877"}],"curies":[{"name":"wp","href":"https:\/\/api.w.org\/{rel}","templated":true}]}}