{"id":206824,"date":"2026-02-10T11:40:00","date_gmt":"2026-02-10T14:40:00","guid":{"rendered":"https:\/\/portaltela.pt\/noticias\/2026\/02\/10\/psp-detem-membro-dos-super-dragoes-por-agressao-com-vidro-em-alvalade\/"},"modified":"2026-02-10T11:40:00","modified_gmt":"2026-02-10T14:40:00","slug":"psp-detem-membro-dos-super-dragoes-por-agressao-com-vidro-em-alvalade","status":"publish","type":"post","link":"https:\/\/portaltela.pt\/desporto\/futebol\/2026\/02\/10\/psp-detem-membro-dos-super-dragoes-por-agressao-com-vidro-em-alvalade\/","title":{"rendered":"PSP det\u00e9m membro dos Super Drag\u00f5es por agress\u00e3o com vidro em Alvalade"},"content":{"rendered":"<p>Um homem de 23 anos, ligado aos Super Drag\u00f5es, foi detido pela PSP de Lisboa, em Vila Nova de Gaia, por suspeitas de partir o vidro da bancada que feriu sete adeptos no Est\u00e1dio de Alvalade.<\/p>\n<p>A deten\u00e7\u00e3o ocorreu esta segunda-feira, \u00e0s 07h00, no \u00e2mbito de um mandado, no mesmo dia do encontro entre FC Porto e Sporting (1-1) no Drag\u00e3o. Crimes: Viol\u00eancia Associada ao Desporto e Dano Qualificado.<\/p>\n<p>A a\u00e7\u00e3o foi realizada na freguesia de Pedroso, onde o suspeito reside. Em casa foram apreendidos uma arma branca, material pirot\u00e9cnico e itens alusivos aos Super Drag\u00f5es.<\/p>\n<p>O caso est\u00e1 a cargo da Brigada de Investiga\u00e7\u00e3o contra a Viol\u00eancia Associada ao Desporto, da Divis\u00e3o de Investiga\u00e7\u00e3o Criminal da PSP de Lisboa.<\/p>\n<p>Conforme a PSP, os factos remontam a 30-08-2025, durante o Sporting-Porto, no Est\u00e1dio Jos\u00e9 de Alvalade. Um adepto visitante, na bancada B, quebrou o vidro de prote\u00e7\u00e3o, provocando quedas de fragmentos na bancada A e ferindo sete pessoas.<\/p>\n<p>O detido vai ser presente a juiz.<\/p>\n","protected":false},"excerpt":{"rendered":"<ul>\n<li>A Pol\u00edcia de Seguran\u00e7a P\u00fablica deteve, em Vila Nova de Gaia, um homem de 23 anos, alegadamente membro dos Super Drag\u00f5es, por suspeitas de ter partido o vidro da bancada na bancada do est\u00e1dio de Alvalade, ferindo sete pessoas no dia 30 de agosto de 2025.<\/li>\n<li>A deten\u00e7\u00e3o ocorreu nesta segunda-feira, pelas 07h00, no cumprimento de um mandado, coincidindo com o encontro entre FC Porto e Sporting no Drag\u00e3o (1-1).<\/li>\n<li>O homem \u00e9 suspeito dos crimes de viol\u00eancia associada ao desporto e dano qualificado no \u00e2mbito de espet\u00e1culo desportivo.<\/li>\n<li>Na resid\u00eancia do suspeito, na freguesia de Pedroso, foram apreendidos uma arma branca (soqueira), material pirot\u00e9cnico e elementos alusivos aos Super Drag\u00f5es.<\/li>\n<li>O caso est\u00e1 a cargo da Brigada de Investiga\u00e7\u00e3o contra a Viol\u00eancia Associada ao Desporto, da Divis\u00e3o de Investiga\u00e7\u00e3o Criminal da PSP de Lisboa, devendo o detido Comparecer perante um juiz.<\/li>\n<\/ul>\n","protected":false},"author":2,"featured_media":206828,"comment_status":"closed","ping_status":"closed","sticky":false,"template":"","format":"standard","meta":{"footnotes":""},"categories":[21,24],"tags":[2754,1588,177,1445,152,5724],"class_list":["post-206824","post","type-post","status-publish","format-standard","has-post-thumbnail","hentry","category-desporto","category-futebol","tag-agressao","tag-alvalade","tag-crimes","tag-dano-qualificado","tag-desporto","tag-violencia-associada-ao-desporto"],"yoast_head":"<!-- This site is optimized with the Yoast SEO plugin v27.2 - https:\/\/yoast.com\/product\/yoast-seo-wordpress\/ -->\n<title>PSP det\u00e9m membro dos Super Drag\u00f5es por agress\u00e3o com vidro em Alvalade - Portal Tela Portugal<\/title>\n<meta name=\"robots\" content=\"index, follow, max-snippet:-1, max-image-preview:large, max-video-preview:-1\" \/>\n<meta property=\"og:locale\" content=\"pt_PT\" \/>\n<meta property=\"og:type\" content=\"article\" \/>\n<meta property=\"og:title\" content=\"PSP det\u00e9m membro dos Super Drag\u00f5es por agress\u00e3o com vidro em Alvalade - Portal Tela Portugal\" \/>\n<meta property=\"og:description\" content=\"A Pol\u00edcia de Seguran\u00e7a P\u00fablica deteve, em Vila Nova de Gaia, um homem de 23 anos, alegadamente membro dos Super Drag\u00f5es, por suspeitas de ter partido o vidro da bancada na bancada do est\u00e1dio de Alvalade, ferindo sete pessoas no dia 30 de agosto de 2025. A deten\u00e7\u00e3o ocorreu nesta segunda-feira, pelas 07h00, no cumprimento de um mandado, coincidindo com o encontro entre FC Porto e Sporting no Drag\u00e3o (1-1). O homem \u00e9 suspeito dos crimes de viol\u00eancia associada ao desporto e dano qualificado no \u00e2mbito de espet\u00e1culo desportivo. Na resid\u00eancia do suspeito, na freguesia de Pedroso, foram apreendidos uma arma branca (soqueira), material pirot\u00e9cnico e elementos alusivos aos Super Drag\u00f5es. O caso est\u00e1 a cargo da Brigada de Investiga\u00e7\u00e3o contra a Viol\u00eancia Associada ao Desporto, da Divis\u00e3o de Investiga\u00e7\u00e3o Criminal da PSP de Lisboa, devendo o detido Comparecer perante um juiz.\" \/>\n<meta property=\"og:url\" content=\"https:\/\/portaltela.pt\/noticias\/2026\/02\/10\/psp-detem-membro-dos-super-dragoes-por-agressao-com-vidro-em-alvalade\/\" \/>\n<meta property=\"og:site_name\" content=\"Portal Tela Portugal\" \/>\n<meta property=\"article:published_time\" content=\"2026-02-10T14:40:00+00:00\" \/>\n<meta name=\"author\" content=\"Telinha\" \/>\n<meta name=\"twitter:card\" content=\"summary_large_image\" \/>\n<meta name=\"twitter:label1\" content=\"Escrito por\" \/>\n\t<meta name=\"twitter:data1\" content=\"Telinha\" \/>\n\t<meta name=\"twitter:label2\" content=\"Tempo estimado de leitura\" \/>\n\t<meta name=\"twitter:data2\" content=\"1 minuto\" \/>\n<script type=\"application\/ld+json\" class=\"yoast-schema-graph\">{\"@context\":\"https:\/\/schema.org\",\"@graph\":[{\"@type\":\"Article\",\"@id\":\"https:\/\/portaltela.pt\/noticias\/2026\/02\/10\/psp-detem-membro-dos-super-dragoes-por-agressao-com-vidro-em-alvalade\/#article\",\"isPartOf\":{\"@id\":\"https:\/\/portaltela.pt\/noticias\/2026\/02\/10\/psp-detem-membro-dos-super-dragoes-por-agressao-com-vidro-em-alvalade\/\"},\"author\":{\"name\":\"Telinha\",\"@id\":\"https:\/\/portaltela.pt\/#\/schema\/person\/c4278d4a6028830caff9ee44b42d32ed\"},\"headline\":\"PSP det\u00e9m membro dos Super Drag\u00f5es por agress\u00e3o com vidro em Alvalade\",\"datePublished\":\"2026-02-10T14:40:00+00:00\",\"mainEntityOfPage\":{\"@id\":\"https:\/\/portaltela.pt\/noticias\/2026\/02\/10\/psp-detem-membro-dos-super-dragoes-por-agressao-com-vidro-em-alvalade\/\"},\"wordCount\":194,\"image\":{\"@id\":\"https:\/\/portaltela.pt\/noticias\/2026\/02\/10\/psp-detem-membro-dos-super-dragoes-por-agressao-com-vidro-em-alvalade\/#primaryimage\"},\"thumbnailUrl\":\"https:\/\/portaltela.pt\/s.01k8rhncp4jt1\/2026\/02\/img_293x165uu2025-08-30-22-34-17-2386839.jpg\",\"keywords\":[\"agress\u00e3o\",\"Alvalade\",\"crimes\",\"dano qualificado\",\"desporto\",\"viol\u00eancia associada ao desporto\"],\"articleSection\":[\"Desporto\",\"Futebol\"],\"inLanguage\":\"pt-PT\"},{\"@type\":\"WebPage\",\"@id\":\"https:\/\/portaltela.pt\/noticias\/2026\/02\/10\/psp-detem-membro-dos-super-dragoes-por-agressao-com-vidro-em-alvalade\/\",\"url\":\"https:\/\/portaltela.pt\/noticias\/2026\/02\/10\/psp-detem-membro-dos-super-dragoes-por-agressao-com-vidro-em-alvalade\/\",\"name\":\"PSP det\u00e9m membro dos Super Drag\u00f5es por agress\u00e3o com vidro em Alvalade - Portal Tela Portugal\",\"isPartOf\":{\"@id\":\"https:\/\/portaltela.pt\/#website\"},\"primaryImageOfPage\":{\"@id\":\"https:\/\/portaltela.pt\/noticias\/2026\/02\/10\/psp-detem-membro-dos-super-dragoes-por-agressao-com-vidro-em-alvalade\/#primaryimage\"},\"image\":{\"@id\":\"https:\/\/portaltela.pt\/noticias\/2026\/02\/10\/psp-detem-membro-dos-super-dragoes-por-agressao-com-vidro-em-alvalade\/#primaryimage\"},\"thumbnailUrl\":\"https:\/\/portaltela.pt\/s.01k8rhncp4jt1\/2026\/02\/img_293x165uu2025-08-30-22-34-17-2386839.jpg\",\"datePublished\":\"2026-02-10T14:40:00+00:00\",\"author\":{\"@id\":\"https:\/\/portaltela.pt\/#\/schema\/person\/c4278d4a6028830caff9ee44b42d32ed\"},\"breadcrumb\":{\"@id\":\"https:\/\/portaltela.pt\/noticias\/2026\/02\/10\/psp-detem-membro-dos-super-dragoes-por-agressao-com-vidro-em-alvalade\/#breadcrumb\"},\"inLanguage\":\"pt-PT\",\"potentialAction\":[{\"@type\":\"ReadAction\",\"target\":[\"https:\/\/portaltela.pt\/noticias\/2026\/02\/10\/psp-detem-membro-dos-super-dragoes-por-agressao-com-vidro-em-alvalade\/\"]}]},{\"@type\":\"ImageObject\",\"inLanguage\":\"pt-PT\",\"@id\":\"https:\/\/portaltela.pt\/noticias\/2026\/02\/10\/psp-detem-membro-dos-super-dragoes-por-agressao-com-vidro-em-alvalade\/#primaryimage\",\"url\":\"https:\/\/portaltela.pt\/s.01k8rhncp4jt1\/2026\/02\/img_293x165uu2025-08-30-22-34-17-2386839.jpg\",\"contentUrl\":\"https:\/\/portaltela.pt\/s.01k8rhncp4jt1\/2026\/02\/img_293x165uu2025-08-30-22-34-17-2386839.jpg\",\"width\":796,\"height\":448,\"caption\":\"PSP det\u00e9m membro dos Super Drag\u00f5es que partiu vidro e feriu sete pessoas em Alvalade\"},{\"@type\":\"BreadcrumbList\",\"@id\":\"https:\/\/portaltela.pt\/noticias\/2026\/02\/10\/psp-detem-membro-dos-super-dragoes-por-agressao-com-vidro-em-alvalade\/#breadcrumb\",\"itemListElement\":[{\"@type\":\"ListItem\",\"position\":1,\"name\":\"In\u00edcio\",\"item\":\"https:\/\/portaltela.pt\/\"},{\"@type\":\"ListItem\",\"position\":2,\"name\":\"PSP det\u00e9m membro dos Super Drag\u00f5es por agress\u00e3o com vidro em Alvalade\"}]},{\"@type\":\"WebSite\",\"@id\":\"https:\/\/portaltela.pt\/#website\",\"url\":\"https:\/\/portaltela.pt\/\",\"name\":\"Portal Tela Portugal\",\"description\":\"\",\"potentialAction\":[{\"@type\":\"SearchAction\",\"target\":{\"@type\":\"EntryPoint\",\"urlTemplate\":\"https:\/\/portaltela.pt\/?s={search_term_string}\"},\"query-input\":{\"@type\":\"PropertyValueSpecification\",\"valueRequired\":true,\"valueName\":\"search_term_string\"}}],\"inLanguage\":\"pt-PT\"},{\"@type\":\"Person\",\"@id\":\"https:\/\/portaltela.pt\/#\/schema\/person\/c4278d4a6028830caff9ee44b42d32ed\",\"name\":\"Telinha\",\"image\":{\"@type\":\"ImageObject\",\"inLanguage\":\"pt-PT\",\"@id\":\"https:\/\/portaltela.pt\/s.01k8rhncp4jt1\/2025\/11\/talking-bot-125x125.png\",\"url\":\"https:\/\/portaltela.pt\/s.01k8rhncp4jt1\/2025\/11\/talking-bot-125x125.png\",\"contentUrl\":\"https:\/\/portaltela.pt\/s.01k8rhncp4jt1\/2025\/11\/talking-bot-125x125.png\",\"caption\":\"Telinha\"},\"sameAs\":[\"https:\/\/portaltela.pt\/\"],\"url\":\"https:\/\/portaltela.pt\/por\/367410592786\/\"}]}<\/script>\n<!-- \/ Yoast SEO plugin. -->","yoast_head_json":{"title":"PSP det\u00e9m membro dos Super Drag\u00f5es por agress\u00e3o com vidro em Alvalade - Portal Tela Portugal","robots":{"index":"index","follow":"follow","max-snippet":"max-snippet:-1","max-image-preview":"max-image-preview:large","max-video-preview":"max-video-preview:-1"},"og_locale":"pt_PT","og_type":"article","og_title":"PSP det\u00e9m membro dos Super Drag\u00f5es por agress\u00e3o com vidro em Alvalade - Portal Tela Portugal","og_description":"A Pol\u00edcia de Seguran\u00e7a P\u00fablica deteve, em Vila Nova de Gaia, um homem de 23 anos, alegadamente membro dos Super Drag\u00f5es, por suspeitas de ter partido o vidro da bancada na bancada do est\u00e1dio de Alvalade, ferindo sete pessoas no dia 30 de agosto de 2025. A deten\u00e7\u00e3o ocorreu nesta segunda-feira, pelas 07h00, no cumprimento de um mandado, coincidindo com o encontro entre FC Porto e Sporting no Drag\u00e3o (1-1). O homem \u00e9 suspeito dos crimes de viol\u00eancia associada ao desporto e dano qualificado no \u00e2mbito de espet\u00e1culo desportivo. Na resid\u00eancia do suspeito, na freguesia de Pedroso, foram apreendidos uma arma branca (soqueira), material pirot\u00e9cnico e elementos alusivos aos Super Drag\u00f5es. O caso est\u00e1 a cargo da Brigada de Investiga\u00e7\u00e3o contra a Viol\u00eancia Associada ao Desporto, da Divis\u00e3o de Investiga\u00e7\u00e3o Criminal da PSP de Lisboa, devendo o detido Comparecer perante um juiz.","og_url":"https:\/\/portaltela.pt\/noticias\/2026\/02\/10\/psp-detem-membro-dos-super-dragoes-por-agressao-com-vidro-em-alvalade\/","og_site_name":"Portal Tela Portugal","article_published_time":"2026-02-10T14:40:00+00:00","author":"Telinha","twitter_card":"summary_large_image","twitter_misc":{"Escrito por":"Telinha","Tempo estimado de leitura":"1 minuto"},"schema":{"@context":"https:\/\/schema.org","@graph":[{"@type":"Article","@id":"https:\/\/portaltela.pt\/noticias\/2026\/02\/10\/psp-detem-membro-dos-super-dragoes-por-agressao-com-vidro-em-alvalade\/#article","isPartOf":{"@id":"https:\/\/portaltela.pt\/noticias\/2026\/02\/10\/psp-detem-membro-dos-super-dragoes-por-agressao-com-vidro-em-alvalade\/"},"author":{"name":"Telinha","@id":"https:\/\/portaltela.pt\/#\/schema\/person\/c4278d4a6028830caff9ee44b42d32ed"},"headline":"PSP det\u00e9m membro dos Super Drag\u00f5es por agress\u00e3o com vidro em Alvalade","datePublished":"2026-02-10T14:40:00+00:00","mainEntityOfPage":{"@id":"https:\/\/portaltela.pt\/noticias\/2026\/02\/10\/psp-detem-membro-dos-super-dragoes-por-agressao-com-vidro-em-alvalade\/"},"wordCount":194,"image":{"@id":"https:\/\/portaltela.pt\/noticias\/2026\/02\/10\/psp-detem-membro-dos-super-dragoes-por-agressao-com-vidro-em-alvalade\/#primaryimage"},"thumbnailUrl":"https:\/\/portaltela.pt\/s.01k8rhncp4jt1\/2026\/02\/img_293x165uu2025-08-30-22-34-17-2386839.jpg","keywords":["agress\u00e3o","Alvalade","crimes","dano qualificado","desporto","viol\u00eancia associada ao desporto"],"articleSection":["Desporto","Futebol"],"inLanguage":"pt-PT"},{"@type":"WebPage","@id":"https:\/\/portaltela.pt\/noticias\/2026\/02\/10\/psp-detem-membro-dos-super-dragoes-por-agressao-com-vidro-em-alvalade\/","url":"https:\/\/portaltela.pt\/noticias\/2026\/02\/10\/psp-detem-membro-dos-super-dragoes-por-agressao-com-vidro-em-alvalade\/","name":"PSP det\u00e9m membro dos Super Drag\u00f5es por agress\u00e3o com vidro em Alvalade - Portal Tela Portugal","isPartOf":{"@id":"https:\/\/portaltela.pt\/#website"},"primaryImageOfPage":{"@id":"https:\/\/portaltela.pt\/noticias\/2026\/02\/10\/psp-detem-membro-dos-super-dragoes-por-agressao-com-vidro-em-alvalade\/#primaryimage"},"image":{"@id":"https:\/\/portaltela.pt\/noticias\/2026\/02\/10\/psp-detem-membro-dos-super-dragoes-por-agressao-com-vidro-em-alvalade\/#primaryimage"},"thumbnailUrl":"https:\/\/portaltela.pt\/s.01k8rhncp4jt1\/2026\/02\/img_293x165uu2025-08-30-22-34-17-2386839.jpg","datePublished":"2026-02-10T14:40:00+00:00","author":{"@id":"https:\/\/portaltela.pt\/#\/schema\/person\/c4278d4a6028830caff9ee44b42d32ed"},"breadcrumb":{"@id":"https:\/\/portaltela.pt\/noticias\/2026\/02\/10\/psp-detem-membro-dos-super-dragoes-por-agressao-com-vidro-em-alvalade\/#breadcrumb"},"inLanguage":"pt-PT","potentialAction":[{"@type":"ReadAction","target":["https:\/\/portaltela.pt\/noticias\/2026\/02\/10\/psp-detem-membro-dos-super-dragoes-por-agressao-com-vidro-em-alvalade\/"]}]},{"@type":"ImageObject","inLanguage":"pt-PT","@id":"https:\/\/portaltela.pt\/noticias\/2026\/02\/10\/psp-detem-membro-dos-super-dragoes-por-agressao-com-vidro-em-alvalade\/#primaryimage","url":"https:\/\/portaltela.pt\/s.01k8rhncp4jt1\/2026\/02\/img_293x165uu2025-08-30-22-34-17-2386839.jpg","contentUrl":"https:\/\/portaltela.pt\/s.01k8rhncp4jt1\/2026\/02\/img_293x165uu2025-08-30-22-34-17-2386839.jpg","width":796,"height":448,"caption":"PSP det\u00e9m membro dos Super Drag\u00f5es que partiu vidro e feriu sete pessoas em Alvalade"},{"@type":"BreadcrumbList","@id":"https:\/\/portaltela.pt\/noticias\/2026\/02\/10\/psp-detem-membro-dos-super-dragoes-por-agressao-com-vidro-em-alvalade\/#breadcrumb","itemListElement":[{"@type":"ListItem","position":1,"name":"In\u00edcio","item":"https:\/\/portaltela.pt\/"},{"@type":"ListItem","position":2,"name":"PSP det\u00e9m membro dos Super Drag\u00f5es por agress\u00e3o com vidro em Alvalade"}]},{"@type":"WebSite","@id":"https:\/\/portaltela.pt\/#website","url":"https:\/\/portaltela.pt\/","name":"Portal Tela Portugal","description":"","potentialAction":[{"@type":"SearchAction","target":{"@type":"EntryPoint","urlTemplate":"https:\/\/portaltela.pt\/?s={search_term_string}"},"query-input":{"@type":"PropertyValueSpecification","valueRequired":true,"valueName":"search_term_string"}}],"inLanguage":"pt-PT"},{"@type":"Person","@id":"https:\/\/portaltela.pt\/#\/schema\/person\/c4278d4a6028830caff9ee44b42d32ed","name":"Telinha","image":{"@type":"ImageObject","inLanguage":"pt-PT","@id":"https:\/\/portaltela.pt\/s.01k8rhncp4jt1\/2025\/11\/talking-bot-125x125.png","url":"https:\/\/portaltela.pt\/s.01k8rhncp4jt1\/2025\/11\/talking-bot-125x125.png","contentUrl":"https:\/\/portaltela.pt\/s.01k8rhncp4jt1\/2025\/11\/talking-bot-125x125.png","caption":"Telinha"},"sameAs":["https:\/\/portaltela.pt\/"],"url":"https:\/\/portaltela.pt\/por\/367410592786\/"}]}},"_links":{"self":[{"href":"https:\/\/portaltela.pt\/api\/wp\/v2\/posts\/206824","targetHints":{"allow":["GET"]}}],"collection":[{"href":"https:\/\/portaltela.pt\/api\/wp\/v2\/posts"}],"about":[{"href":"https:\/\/portaltela.pt\/api\/wp\/v2\/types\/post"}],"author":[{"embeddable":true,"href":"https:\/\/portaltela.pt\/api\/wp\/v2\/users\/2"}],"replies":[{"embeddable":true,"href":"https:\/\/portaltela.pt\/api\/wp\/v2\/comments?post=206824"}],"version-history":[{"count":0,"href":"https:\/\/portaltela.pt\/api\/wp\/v2\/posts\/206824\/revisions"}],"wp:featuredmedia":[{"embeddable":true,"href":"https:\/\/portaltela.pt\/api\/wp\/v2\/media\/206828"}],"wp:attachment":[{"href":"https:\/\/portaltela.pt\/api\/wp\/v2\/media?parent=206824"}],"wp:term":[{"taxonomy":"category","embeddable":true,"href":"https:\/\/portaltela.pt\/api\/wp\/v2\/categories?post=206824"},{"taxonomy":"post_tag","embeddable":true,"href":"https:\/\/portaltela.pt\/api\/wp\/v2\/tags?post=206824"}],"curies":[{"name":"wp","href":"https:\/\/api.w.org\/{rel}","templated":true}]}}