{"id":206821,"date":"2026-02-10T11:32:57","date_gmt":"2026-02-10T14:32:57","guid":{"rendered":"https:\/\/portaltela.pt\/noticias\/2026\/02\/10\/algarve-regista-17-derrocadas-em-24h-sem-feridos-graves\/"},"modified":"2026-02-10T11:32:57","modified_gmt":"2026-02-10T14:32:57","slug":"algarve-regista-17-derrocadas-em-24h-sem-feridos-graves","status":"publish","type":"post","link":"https:\/\/portaltela.pt\/noticias\/2026\/02\/10\/algarve-regista-17-derrocadas-em-24h-sem-feridos-graves\/","title":{"rendered":"Algarve regista 17 derrocadas em 24h, sem feridos graves"},"content":{"rendered":"<p>O Algarve registou 17 deslizamentos de terras e derrocadas em 24 horas, registados pelo Comando Regional de Emerg\u00eancia e Prote\u00e7\u00e3o Civil (CREPC). N\u00e3o houve situa\u00e7\u00f5es graves at\u00e9 ao momento.<\/p>\n<p>No distrito de Faro foram contabilizados 36 epis\u00f3dios relacionados com o mau tempo entre as 12h de segunda-feira e as 12h de ter\u00e7a-feira, sem impactos significativos na seguran\u00e7a de pessoas e bens. A maioria dos incidentes ocorreu por movimentos de massa.<\/p>\n<p>Entre os concelhos, Aljezur foi o mais afetado, com cinco ocorr\u00eancias, seguido por Portim\u00e3o (quatro), Monchique (tr\u00eas), Silves (dois) e Vila do Bispo, Faro e Lagoa com uma cada.<\/p>\n<p>O dispositivo contou com 104 operacionais e 54 meios terrestres, para limpeza de vias, desobstru\u00e7\u00e3o de estruturas e queda de \u00e1rvores. N\u00e3o houve necessidade de refor\u00e7os externos aos munic\u00edpios.<\/p>\n<p>As ocorr\u00eancias surgiram em v\u00e1rios munic\u00edpios e foram resolvidas a n\u00edvel municipal, mantendo-se inertes os planos de ajuda externos. O CREPC informa que a situa\u00e7\u00e3o de conting\u00eancia permanece em vigor at\u00e9 \u00e0s 23:59 de domingo.<\/p>\n<p>Silves, Monchique, Vila Real de Santo Ant\u00f3nio, Alcoutim e Castro Marim mant\u00eam planos municipais de Emerg\u00eancia em atividade; S\u00e3o Br\u00e1s de Alportel est\u00e1 em alerta. Silves, Vila Real de Santo Ant\u00f3nio, Alcoutim e Castro Marim permanecem em conting\u00eancia.<\/p>\n<p>Os planos municipais preveem pr\u00e9-posicionamento de equipas, condicionamento de vias, encerramento de alguns estabelecimentos escolares e suspens\u00e3o de transportes escolares. A monitoriza\u00e7\u00e3o \u00e9 assegurada pelas entidades envolvidas.<\/p>\n<p>Com previs\u00f5es de precipita\u00e7\u00e3o, vento forte e agita\u00e7\u00e3o mar\u00edtima, o dispositivo regional mant\u00e9m-se em estado de prontid\u00e3o m\u00e1xima, pronto a responder a novas ocorr\u00eancias com coopera\u00e7\u00e3o entre todas as entidades da Prote\u00e7\u00e3o Civil.<\/p>\n<p>Apesar do mau tempo, as 11 barras algarvias permanecem abertas \u00e0 navega\u00e7\u00e3o, com monitoriza\u00e7\u00e3o permanente. Abertas est\u00e3o as barras de Albufeira, Alvor, Baleeira, Vila Real de Santo Ant\u00f3nio, Faro, Lagos, Olh\u00e3o, Portim\u00e3o, Quarteira, Vilamoura e Tavira.<\/p>\n<p>Portugal regista 15 mortes desde 28 de janeiro devido \u00e0s depress\u00f5es Kristin, Leonardo e Marta, com centenas de feridos e desalojados. As principais consequ\u00eancias envolvem danos em casas, infraestruturas, estradas, escolas e servi\u00e7os, bem como cortes de energia e comunica\u00e7\u00f5es.<\/p>\n<p>O Governo prolongou a situa\u00e7\u00e3o de calamidade at\u00e9 dia 15 para 68 concelhos e confirmou medidas de apoio financeiro at\u00e9 2,5 mil milh\u00f5es de euros. O objetivo \u00e9 sustentar a resposta \u00e0s consequ\u00eancias do temporal em v\u00e1rias regi\u00f5es.<\/p>\n","protected":false},"excerpt":{"rendered":"<ul>\n<li>Chuva e vento provocaram 17 deslizamentos de terras e derrocadas no Algarve em 24 horas, sem situa\u00e7\u00f5es graves.<\/li>\n<li>No distrito de Faro registaram-se 36 epis\u00f3dios entre as 12h de segunda-feira e as 12h de ter\u00e7a-feira, sem impactos significativos.<\/li>\n<li>Aljezur foi o concelho mais afetado, com cinco ocorr\u00eancias; Portim\u00e3o (quatro), Monchique (tr\u00eas), Silves (duas) e Vila do Bispo, Faro e Lagoa com uma ocorr\u00eancia cada.<\/li>\n<li>Operacionais: 104, apoiados por 54 meios terrestres, em limpeza de vias, queda de estruturas e \u00e1rvores.<\/li>\n<li>O CREPC mant\u00e9m a situa\u00e7\u00e3o de conting\u00eancia at\u00e9 domingo \u00e0s 23h59, com monitoriza\u00e7\u00e3o cont\u00ednua; as barras algarvias permanecem abertas, sob monitoriza\u00e7\u00e3o.<\/li>\n<\/ul>\n","protected":false},"author":2,"featured_media":206825,"comment_status":"closed","ping_status":"closed","sticky":false,"template":"","format":"standard","meta":{"footnotes":""},"categories":[1],"tags":[928,1649,3735,5198,1764,4588],"class_list":["post-206821","post","type-post","status-publish","format-standard","has-post-thumbnail","hentry","category-noticias","tag-algarve","tag-aljezur","tag-deslizamentos","tag-monchique","tag-portimao","tag-silves"],"yoast_head":"<!-- This site is optimized with the Yoast SEO plugin v27.2 - https:\/\/yoast.com\/product\/yoast-seo-wordpress\/ -->\n<title>Algarve regista 17 derrocadas em 24h, sem feridos graves - Portal Tela Portugal<\/title>\n<meta name=\"robots\" content=\"index, follow, max-snippet:-1, max-image-preview:large, max-video-preview:-1\" \/>\n<meta property=\"og:locale\" content=\"pt_PT\" \/>\n<meta property=\"og:type\" content=\"article\" \/>\n<meta property=\"og:title\" content=\"Algarve regista 17 derrocadas em 24h, sem feridos graves - Portal Tela Portugal\" \/>\n<meta property=\"og:description\" content=\"Chuva e vento provocaram 17 deslizamentos de terras e derrocadas no Algarve em 24 horas, sem situa\u00e7\u00f5es graves. No distrito de Faro registaram-se 36 epis\u00f3dios entre as 12h de segunda-feira e as 12h de ter\u00e7a-feira, sem impactos significativos. Aljezur foi o concelho mais afetado, com cinco ocorr\u00eancias; Portim\u00e3o (quatro), Monchique (tr\u00eas), Silves (duas) e Vila do Bispo, Faro e Lagoa com uma ocorr\u00eancia cada. Operacionais: 104, apoiados por 54 meios terrestres, em limpeza de vias, queda de estruturas e \u00e1rvores. O CREPC mant\u00e9m a situa\u00e7\u00e3o de conting\u00eancia at\u00e9 domingo \u00e0s 23h59, com monitoriza\u00e7\u00e3o cont\u00ednua; as barras algarvias permanecem abertas, sob monitoriza\u00e7\u00e3o.\" \/>\n<meta property=\"og:url\" content=\"https:\/\/portaltela.pt\/noticias\/2026\/02\/10\/algarve-regista-17-derrocadas-em-24h-sem-feridos-graves\/\" \/>\n<meta property=\"og:site_name\" content=\"Portal Tela Portugal\" \/>\n<meta property=\"article:published_time\" content=\"2026-02-10T14:32:57+00:00\" \/>\n<meta name=\"author\" content=\"Telinha\" \/>\n<meta name=\"twitter:card\" content=\"summary_large_image\" \/>\n<meta name=\"twitter:label1\" content=\"Escrito por\" \/>\n\t<meta name=\"twitter:data1\" content=\"Telinha\" \/>\n\t<meta name=\"twitter:label2\" content=\"Tempo estimado de leitura\" \/>\n\t<meta name=\"twitter:data2\" content=\"2 minutos\" \/>\n<script type=\"application\/ld+json\" class=\"yoast-schema-graph\">{\"@context\":\"https:\/\/schema.org\",\"@graph\":[{\"@type\":\"Article\",\"@id\":\"https:\/\/portaltela.pt\/noticias\/2026\/02\/10\/algarve-regista-17-derrocadas-em-24h-sem-feridos-graves\/#article\",\"isPartOf\":{\"@id\":\"https:\/\/portaltela.pt\/noticias\/2026\/02\/10\/algarve-regista-17-derrocadas-em-24h-sem-feridos-graves\/\"},\"author\":{\"name\":\"Telinha\",\"@id\":\"https:\/\/portaltela.pt\/#\/schema\/person\/c4278d4a6028830caff9ee44b42d32ed\"},\"headline\":\"Algarve regista 17 derrocadas em 24h, sem feridos graves\",\"datePublished\":\"2026-02-10T14:32:57+00:00\",\"mainEntityOfPage\":{\"@id\":\"https:\/\/portaltela.pt\/noticias\/2026\/02\/10\/algarve-regista-17-derrocadas-em-24h-sem-feridos-graves\/\"},\"wordCount\":423,\"image\":{\"@id\":\"https:\/\/portaltela.pt\/noticias\/2026\/02\/10\/algarve-regista-17-derrocadas-em-24h-sem-feridos-graves\/#primaryimage\"},\"thumbnailUrl\":\"https:\/\/portaltela.pt\/s.01k8rhncp4jt1\/2026\/02\/img_1500x1000uu2026-02-09-11-38-50-2265837-im-639062339467599620.jpg\",\"keywords\":[\"Algarve\",\"Aljezur\",\"deslizamentos\",\"Monchique\",\"Portim\u00e3o\",\"Silves\"],\"articleSection\":[\"Not\u00edcias\"],\"inLanguage\":\"pt-PT\"},{\"@type\":\"WebPage\",\"@id\":\"https:\/\/portaltela.pt\/noticias\/2026\/02\/10\/algarve-regista-17-derrocadas-em-24h-sem-feridos-graves\/\",\"url\":\"https:\/\/portaltela.pt\/noticias\/2026\/02\/10\/algarve-regista-17-derrocadas-em-24h-sem-feridos-graves\/\",\"name\":\"Algarve regista 17 derrocadas em 24h, sem feridos graves - Portal Tela Portugal\",\"isPartOf\":{\"@id\":\"https:\/\/portaltela.pt\/#website\"},\"primaryImageOfPage\":{\"@id\":\"https:\/\/portaltela.pt\/noticias\/2026\/02\/10\/algarve-regista-17-derrocadas-em-24h-sem-feridos-graves\/#primaryimage\"},\"image\":{\"@id\":\"https:\/\/portaltela.pt\/noticias\/2026\/02\/10\/algarve-regista-17-derrocadas-em-24h-sem-feridos-graves\/#primaryimage\"},\"thumbnailUrl\":\"https:\/\/portaltela.pt\/s.01k8rhncp4jt1\/2026\/02\/img_1500x1000uu2026-02-09-11-38-50-2265837-im-639062339467599620.jpg\",\"datePublished\":\"2026-02-10T14:32:57+00:00\",\"author\":{\"@id\":\"https:\/\/portaltela.pt\/#\/schema\/person\/c4278d4a6028830caff9ee44b42d32ed\"},\"breadcrumb\":{\"@id\":\"https:\/\/portaltela.pt\/noticias\/2026\/02\/10\/algarve-regista-17-derrocadas-em-24h-sem-feridos-graves\/#breadcrumb\"},\"inLanguage\":\"pt-PT\",\"potentialAction\":[{\"@type\":\"ReadAction\",\"target\":[\"https:\/\/portaltela.pt\/noticias\/2026\/02\/10\/algarve-regista-17-derrocadas-em-24h-sem-feridos-graves\/\"]}]},{\"@type\":\"ImageObject\",\"inLanguage\":\"pt-PT\",\"@id\":\"https:\/\/portaltela.pt\/noticias\/2026\/02\/10\/algarve-regista-17-derrocadas-em-24h-sem-feridos-graves\/#primaryimage\",\"url\":\"https:\/\/portaltela.pt\/s.01k8rhncp4jt1\/2026\/02\/img_1500x1000uu2026-02-09-11-38-50-2265837-im-639062339467599620.jpg\",\"contentUrl\":\"https:\/\/portaltela.pt\/s.01k8rhncp4jt1\/2026\/02\/img_1500x1000uu2026-02-09-11-38-50-2265837-im-639062339467599620.jpg\",\"width\":796,\"height\":448,\"caption\":\"Pol\u00edcia Mar\u00edtima e bombeiros no local de cratera aberta no Algarve\"},{\"@type\":\"BreadcrumbList\",\"@id\":\"https:\/\/portaltela.pt\/noticias\/2026\/02\/10\/algarve-regista-17-derrocadas-em-24h-sem-feridos-graves\/#breadcrumb\",\"itemListElement\":[{\"@type\":\"ListItem\",\"position\":1,\"name\":\"In\u00edcio\",\"item\":\"https:\/\/portaltela.pt\/\"},{\"@type\":\"ListItem\",\"position\":2,\"name\":\"Algarve regista 17 derrocadas em 24h, sem feridos graves\"}]},{\"@type\":\"WebSite\",\"@id\":\"https:\/\/portaltela.pt\/#website\",\"url\":\"https:\/\/portaltela.pt\/\",\"name\":\"Portal Tela Portugal\",\"description\":\"\",\"potentialAction\":[{\"@type\":\"SearchAction\",\"target\":{\"@type\":\"EntryPoint\",\"urlTemplate\":\"https:\/\/portaltela.pt\/?s={search_term_string}\"},\"query-input\":{\"@type\":\"PropertyValueSpecification\",\"valueRequired\":true,\"valueName\":\"search_term_string\"}}],\"inLanguage\":\"pt-PT\"},{\"@type\":\"Person\",\"@id\":\"https:\/\/portaltela.pt\/#\/schema\/person\/c4278d4a6028830caff9ee44b42d32ed\",\"name\":\"Telinha\",\"image\":{\"@type\":\"ImageObject\",\"inLanguage\":\"pt-PT\",\"@id\":\"https:\/\/portaltela.pt\/s.01k8rhncp4jt1\/2025\/11\/talking-bot-125x125.png\",\"url\":\"https:\/\/portaltela.pt\/s.01k8rhncp4jt1\/2025\/11\/talking-bot-125x125.png\",\"contentUrl\":\"https:\/\/portaltela.pt\/s.01k8rhncp4jt1\/2025\/11\/talking-bot-125x125.png\",\"caption\":\"Telinha\"},\"sameAs\":[\"https:\/\/portaltela.pt\/\"],\"url\":\"https:\/\/portaltela.pt\/por\/367410592786\/\"}]}<\/script>\n<!-- \/ Yoast SEO plugin. -->","yoast_head_json":{"title":"Algarve regista 17 derrocadas em 24h, sem feridos graves - Portal Tela Portugal","robots":{"index":"index","follow":"follow","max-snippet":"max-snippet:-1","max-image-preview":"max-image-preview:large","max-video-preview":"max-video-preview:-1"},"og_locale":"pt_PT","og_type":"article","og_title":"Algarve regista 17 derrocadas em 24h, sem feridos graves - Portal Tela Portugal","og_description":"Chuva e vento provocaram 17 deslizamentos de terras e derrocadas no Algarve em 24 horas, sem situa\u00e7\u00f5es graves. No distrito de Faro registaram-se 36 epis\u00f3dios entre as 12h de segunda-feira e as 12h de ter\u00e7a-feira, sem impactos significativos. Aljezur foi o concelho mais afetado, com cinco ocorr\u00eancias; Portim\u00e3o (quatro), Monchique (tr\u00eas), Silves (duas) e Vila do Bispo, Faro e Lagoa com uma ocorr\u00eancia cada. Operacionais: 104, apoiados por 54 meios terrestres, em limpeza de vias, queda de estruturas e \u00e1rvores. O CREPC mant\u00e9m a situa\u00e7\u00e3o de conting\u00eancia at\u00e9 domingo \u00e0s 23h59, com monitoriza\u00e7\u00e3o cont\u00ednua; as barras algarvias permanecem abertas, sob monitoriza\u00e7\u00e3o.","og_url":"https:\/\/portaltela.pt\/noticias\/2026\/02\/10\/algarve-regista-17-derrocadas-em-24h-sem-feridos-graves\/","og_site_name":"Portal Tela Portugal","article_published_time":"2026-02-10T14:32:57+00:00","author":"Telinha","twitter_card":"summary_large_image","twitter_misc":{"Escrito por":"Telinha","Tempo estimado de leitura":"2 minutos"},"schema":{"@context":"https:\/\/schema.org","@graph":[{"@type":"Article","@id":"https:\/\/portaltela.pt\/noticias\/2026\/02\/10\/algarve-regista-17-derrocadas-em-24h-sem-feridos-graves\/#article","isPartOf":{"@id":"https:\/\/portaltela.pt\/noticias\/2026\/02\/10\/algarve-regista-17-derrocadas-em-24h-sem-feridos-graves\/"},"author":{"name":"Telinha","@id":"https:\/\/portaltela.pt\/#\/schema\/person\/c4278d4a6028830caff9ee44b42d32ed"},"headline":"Algarve regista 17 derrocadas em 24h, sem feridos graves","datePublished":"2026-02-10T14:32:57+00:00","mainEntityOfPage":{"@id":"https:\/\/portaltela.pt\/noticias\/2026\/02\/10\/algarve-regista-17-derrocadas-em-24h-sem-feridos-graves\/"},"wordCount":423,"image":{"@id":"https:\/\/portaltela.pt\/noticias\/2026\/02\/10\/algarve-regista-17-derrocadas-em-24h-sem-feridos-graves\/#primaryimage"},"thumbnailUrl":"https:\/\/portaltela.pt\/s.01k8rhncp4jt1\/2026\/02\/img_1500x1000uu2026-02-09-11-38-50-2265837-im-639062339467599620.jpg","keywords":["Algarve","Aljezur","deslizamentos","Monchique","Portim\u00e3o","Silves"],"articleSection":["Not\u00edcias"],"inLanguage":"pt-PT"},{"@type":"WebPage","@id":"https:\/\/portaltela.pt\/noticias\/2026\/02\/10\/algarve-regista-17-derrocadas-em-24h-sem-feridos-graves\/","url":"https:\/\/portaltela.pt\/noticias\/2026\/02\/10\/algarve-regista-17-derrocadas-em-24h-sem-feridos-graves\/","name":"Algarve regista 17 derrocadas em 24h, sem feridos graves - Portal Tela Portugal","isPartOf":{"@id":"https:\/\/portaltela.pt\/#website"},"primaryImageOfPage":{"@id":"https:\/\/portaltela.pt\/noticias\/2026\/02\/10\/algarve-regista-17-derrocadas-em-24h-sem-feridos-graves\/#primaryimage"},"image":{"@id":"https:\/\/portaltela.pt\/noticias\/2026\/02\/10\/algarve-regista-17-derrocadas-em-24h-sem-feridos-graves\/#primaryimage"},"thumbnailUrl":"https:\/\/portaltela.pt\/s.01k8rhncp4jt1\/2026\/02\/img_1500x1000uu2026-02-09-11-38-50-2265837-im-639062339467599620.jpg","datePublished":"2026-02-10T14:32:57+00:00","author":{"@id":"https:\/\/portaltela.pt\/#\/schema\/person\/c4278d4a6028830caff9ee44b42d32ed"},"breadcrumb":{"@id":"https:\/\/portaltela.pt\/noticias\/2026\/02\/10\/algarve-regista-17-derrocadas-em-24h-sem-feridos-graves\/#breadcrumb"},"inLanguage":"pt-PT","potentialAction":[{"@type":"ReadAction","target":["https:\/\/portaltela.pt\/noticias\/2026\/02\/10\/algarve-regista-17-derrocadas-em-24h-sem-feridos-graves\/"]}]},{"@type":"ImageObject","inLanguage":"pt-PT","@id":"https:\/\/portaltela.pt\/noticias\/2026\/02\/10\/algarve-regista-17-derrocadas-em-24h-sem-feridos-graves\/#primaryimage","url":"https:\/\/portaltela.pt\/s.01k8rhncp4jt1\/2026\/02\/img_1500x1000uu2026-02-09-11-38-50-2265837-im-639062339467599620.jpg","contentUrl":"https:\/\/portaltela.pt\/s.01k8rhncp4jt1\/2026\/02\/img_1500x1000uu2026-02-09-11-38-50-2265837-im-639062339467599620.jpg","width":796,"height":448,"caption":"Pol\u00edcia Mar\u00edtima e bombeiros no local de cratera aberta no Algarve"},{"@type":"BreadcrumbList","@id":"https:\/\/portaltela.pt\/noticias\/2026\/02\/10\/algarve-regista-17-derrocadas-em-24h-sem-feridos-graves\/#breadcrumb","itemListElement":[{"@type":"ListItem","position":1,"name":"In\u00edcio","item":"https:\/\/portaltela.pt\/"},{"@type":"ListItem","position":2,"name":"Algarve regista 17 derrocadas em 24h, sem feridos graves"}]},{"@type":"WebSite","@id":"https:\/\/portaltela.pt\/#website","url":"https:\/\/portaltela.pt\/","name":"Portal Tela Portugal","description":"","potentialAction":[{"@type":"SearchAction","target":{"@type":"EntryPoint","urlTemplate":"https:\/\/portaltela.pt\/?s={search_term_string}"},"query-input":{"@type":"PropertyValueSpecification","valueRequired":true,"valueName":"search_term_string"}}],"inLanguage":"pt-PT"},{"@type":"Person","@id":"https:\/\/portaltela.pt\/#\/schema\/person\/c4278d4a6028830caff9ee44b42d32ed","name":"Telinha","image":{"@type":"ImageObject","inLanguage":"pt-PT","@id":"https:\/\/portaltela.pt\/s.01k8rhncp4jt1\/2025\/11\/talking-bot-125x125.png","url":"https:\/\/portaltela.pt\/s.01k8rhncp4jt1\/2025\/11\/talking-bot-125x125.png","contentUrl":"https:\/\/portaltela.pt\/s.01k8rhncp4jt1\/2025\/11\/talking-bot-125x125.png","caption":"Telinha"},"sameAs":["https:\/\/portaltela.pt\/"],"url":"https:\/\/portaltela.pt\/por\/367410592786\/"}]}},"_links":{"self":[{"href":"https:\/\/portaltela.pt\/api\/wp\/v2\/posts\/206821","targetHints":{"allow":["GET"]}}],"collection":[{"href":"https:\/\/portaltela.pt\/api\/wp\/v2\/posts"}],"about":[{"href":"https:\/\/portaltela.pt\/api\/wp\/v2\/types\/post"}],"author":[{"embeddable":true,"href":"https:\/\/portaltela.pt\/api\/wp\/v2\/users\/2"}],"replies":[{"embeddable":true,"href":"https:\/\/portaltela.pt\/api\/wp\/v2\/comments?post=206821"}],"version-history":[{"count":0,"href":"https:\/\/portaltela.pt\/api\/wp\/v2\/posts\/206821\/revisions"}],"wp:featuredmedia":[{"embeddable":true,"href":"https:\/\/portaltela.pt\/api\/wp\/v2\/media\/206825"}],"wp:attachment":[{"href":"https:\/\/portaltela.pt\/api\/wp\/v2\/media?parent=206821"}],"wp:term":[{"taxonomy":"category","embeddable":true,"href":"https:\/\/portaltela.pt\/api\/wp\/v2\/categories?post=206821"},{"taxonomy":"post_tag","embeddable":true,"href":"https:\/\/portaltela.pt\/api\/wp\/v2\/tags?post=206821"}],"curies":[{"name":"wp","href":"https:\/\/api.w.org\/{rel}","templated":true}]}}