{"id":206816,"date":"2026-02-10T11:40:00","date_gmt":"2026-02-10T14:40:00","guid":{"rendered":"https:\/\/portaltela.pt\/noticias\/2026\/02\/10\/diretor-do-museu-de-auschwitz-preservar-a-verdade-sobre-campos-de-concentracao\/"},"modified":"2026-02-10T11:40:00","modified_gmt":"2026-02-10T14:40:00","slug":"diretor-do-museu-de-auschwitz-preservar-a-verdade-sobre-campos-de-concentracao","status":"publish","type":"post","link":"https:\/\/portaltela.pt\/noticias\/2026\/02\/10\/diretor-do-museu-de-auschwitz-preservar-a-verdade-sobre-campos-de-concentracao\/","title":{"rendered":"Diretor do Museu de Auschwitz: preservar a verdade sobre campos de concentra\u00e7\u00e3o"},"content":{"rendered":"<p>O diretor do Museu de Auschwitz afirmou que \u00e9 essencial preservar a verdade sobre os campos de concentra\u00e7\u00e3o. A declara\u00e7\u00e3o foi partilhada publicamente pela institui\u00e7\u00e3o.<\/p>\n<p>N\u00e3o h\u00e1 datas, locais ou contexto espec\u00edfico inclu\u00eddos no material fornecido. A posi\u00e7\u00e3o refor\u00e7a o compromisso com a mem\u00f3ria hist\u00f3rica e a transmiss\u00e3o de factos verific\u00e1veis.<\/p>\n<p>O texto n\u00e3o revela detalhes adicionais nem cita fontes diretas, mantendo o estilo de hard news e a neutralidade da informa\u00e7\u00e3o.<\/p>\n","protected":false},"excerpt":{"rendered":"<ul>\n<li>O diretor do Museu de Auschwitz afirma que \u00e9 essencial preservar a verdade sobre os campos de concentra\u00e7\u00e3o.<\/li>\n<li>A mensagem destaca a import\u00e2ncia da mem\u00f3ria hist\u00f3rica para a educa\u00e7\u00e3o das gera\u00e7\u00f5es futuras.<\/li>\n<li>A declara\u00e7\u00e3o surge no contexto de debates sobre o Holocausto e o legado dos campos de concentra\u00e7\u00e3o.<\/li>\n<li>A not\u00edcia \u00e9 apresentada pela ag\u00eancia Lusa.<\/li>\n<\/ul>\n","protected":false},"author":2,"featured_media":206818,"comment_status":"closed","ping_status":"closed","sticky":false,"template":"","format":"standard","meta":{"footnotes":""},"categories":[1],"tags":[145,299,2954,1192,1175,5285],"class_list":["post-206816","post","type-post","status-publish","format-standard","has-post-thumbnail","hentry","category-noticias","tag-cultura","tag-historia","tag-museus-e-monumentos-de-portugal","tag-museus-arquivos","tag-patrimonio-cultural","tag-patrimonio-cultural-instituto-publico"],"yoast_head":"<!-- This site is optimized with the Yoast SEO plugin v27.2 - https:\/\/yoast.com\/product\/yoast-seo-wordpress\/ -->\n<title>Diretor do Museu de Auschwitz: preservar a verdade sobre campos de concentra\u00e7\u00e3o - Portal Tela Portugal<\/title>\n<meta name=\"robots\" content=\"index, follow, max-snippet:-1, max-image-preview:large, max-video-preview:-1\" \/>\n<meta property=\"og:locale\" content=\"pt_PT\" \/>\n<meta property=\"og:type\" content=\"article\" \/>\n<meta property=\"og:title\" content=\"Diretor do Museu de Auschwitz: preservar a verdade sobre campos de concentra\u00e7\u00e3o - Portal Tela Portugal\" \/>\n<meta property=\"og:description\" content=\"O diretor do Museu de Auschwitz afirma que \u00e9 essencial preservar a verdade sobre os campos de concentra\u00e7\u00e3o. A mensagem destaca a import\u00e2ncia da mem\u00f3ria hist\u00f3rica para a educa\u00e7\u00e3o das gera\u00e7\u00f5es futuras. A declara\u00e7\u00e3o surge no contexto de debates sobre o Holocausto e o legado dos campos de concentra\u00e7\u00e3o. A not\u00edcia \u00e9 apresentada pela ag\u00eancia Lusa.\" \/>\n<meta property=\"og:url\" content=\"https:\/\/portaltela.pt\/noticias\/2026\/02\/10\/diretor-do-museu-de-auschwitz-preservar-a-verdade-sobre-campos-de-concentracao\/\" \/>\n<meta property=\"og:site_name\" content=\"Portal Tela Portugal\" \/>\n<meta property=\"article:published_time\" content=\"2026-02-10T14:40:00+00:00\" \/>\n<meta name=\"author\" content=\"Telinha\" \/>\n<meta name=\"twitter:card\" content=\"summary_large_image\" \/>\n<meta name=\"twitter:label1\" content=\"Escrito por\" \/>\n\t<meta name=\"twitter:data1\" content=\"Telinha\" \/>\n<script type=\"application\/ld+json\" class=\"yoast-schema-graph\">{\"@context\":\"https:\/\/schema.org\",\"@graph\":[{\"@type\":\"Article\",\"@id\":\"https:\/\/portaltela.pt\/noticias\/2026\/02\/10\/diretor-do-museu-de-auschwitz-preservar-a-verdade-sobre-campos-de-concentracao\/#article\",\"isPartOf\":{\"@id\":\"https:\/\/portaltela.pt\/noticias\/2026\/02\/10\/diretor-do-museu-de-auschwitz-preservar-a-verdade-sobre-campos-de-concentracao\/\"},\"author\":{\"name\":\"Telinha\",\"@id\":\"https:\/\/portaltela.pt\/#\/schema\/person\/c4278d4a6028830caff9ee44b42d32ed\"},\"headline\":\"Diretor do Museu de Auschwitz: preservar a verdade sobre campos de concentra\u00e7\u00e3o\",\"datePublished\":\"2026-02-10T14:40:00+00:00\",\"mainEntityOfPage\":{\"@id\":\"https:\/\/portaltela.pt\/noticias\/2026\/02\/10\/diretor-do-museu-de-auschwitz-preservar-a-verdade-sobre-campos-de-concentracao\/\"},\"wordCount\":98,\"image\":{\"@id\":\"https:\/\/portaltela.pt\/noticias\/2026\/02\/10\/diretor-do-museu-de-auschwitz-preservar-a-verdade-sobre-campos-de-concentracao\/#primaryimage\"},\"thumbnailUrl\":\"https:\/\/portaltela.pt\/s.01k8rhncp4jt1\/2026\/02\/CACHE_780X1200_ANALOG_WATERMARKED_46529228_6206154_10022026104227.jpg\",\"keywords\":[\"cultura\",\"hist\u00f3ria\",\"Museus e Monumentos de Portugal\",\"museus\/arquivos\",\"Patrim\u00f3nio Cultural\",\"Patrim\u00f3nio Cultural \u2013 Instituto P\u00fablico\"],\"articleSection\":[\"Not\u00edcias\"],\"inLanguage\":\"pt-PT\"},{\"@type\":\"WebPage\",\"@id\":\"https:\/\/portaltela.pt\/noticias\/2026\/02\/10\/diretor-do-museu-de-auschwitz-preservar-a-verdade-sobre-campos-de-concentracao\/\",\"url\":\"https:\/\/portaltela.pt\/noticias\/2026\/02\/10\/diretor-do-museu-de-auschwitz-preservar-a-verdade-sobre-campos-de-concentracao\/\",\"name\":\"Diretor do Museu de Auschwitz: preservar a verdade sobre campos de concentra\u00e7\u00e3o - Portal Tela Portugal\",\"isPartOf\":{\"@id\":\"https:\/\/portaltela.pt\/#website\"},\"primaryImageOfPage\":{\"@id\":\"https:\/\/portaltela.pt\/noticias\/2026\/02\/10\/diretor-do-museu-de-auschwitz-preservar-a-verdade-sobre-campos-de-concentracao\/#primaryimage\"},\"image\":{\"@id\":\"https:\/\/portaltela.pt\/noticias\/2026\/02\/10\/diretor-do-museu-de-auschwitz-preservar-a-verdade-sobre-campos-de-concentracao\/#primaryimage\"},\"thumbnailUrl\":\"https:\/\/portaltela.pt\/s.01k8rhncp4jt1\/2026\/02\/CACHE_780X1200_ANALOG_WATERMARKED_46529228_6206154_10022026104227.jpg\",\"datePublished\":\"2026-02-10T14:40:00+00:00\",\"author\":{\"@id\":\"https:\/\/portaltela.pt\/#\/schema\/person\/c4278d4a6028830caff9ee44b42d32ed\"},\"breadcrumb\":{\"@id\":\"https:\/\/portaltela.pt\/noticias\/2026\/02\/10\/diretor-do-museu-de-auschwitz-preservar-a-verdade-sobre-campos-de-concentracao\/#breadcrumb\"},\"inLanguage\":\"pt-PT\",\"potentialAction\":[{\"@type\":\"ReadAction\",\"target\":[\"https:\/\/portaltela.pt\/noticias\/2026\/02\/10\/diretor-do-museu-de-auschwitz-preservar-a-verdade-sobre-campos-de-concentracao\/\"]}]},{\"@type\":\"ImageObject\",\"inLanguage\":\"pt-PT\",\"@id\":\"https:\/\/portaltela.pt\/noticias\/2026\/02\/10\/diretor-do-museu-de-auschwitz-preservar-a-verdade-sobre-campos-de-concentracao\/#primaryimage\",\"url\":\"https:\/\/portaltela.pt\/s.01k8rhncp4jt1\/2026\/02\/CACHE_780X1200_ANALOG_WATERMARKED_46529228_6206154_10022026104227.jpg\",\"contentUrl\":\"https:\/\/portaltela.pt\/s.01k8rhncp4jt1\/2026\/02\/CACHE_780X1200_ANALOG_WATERMARKED_46529228_6206154_10022026104227.jpg\",\"width\":796,\"height\":448,\"caption\":\"\u00c9 essencial preservar a verdade sobre os campos de concentra\u00e7\u00e3o - Diretor do Museu de Auschwitz\"},{\"@type\":\"BreadcrumbList\",\"@id\":\"https:\/\/portaltela.pt\/noticias\/2026\/02\/10\/diretor-do-museu-de-auschwitz-preservar-a-verdade-sobre-campos-de-concentracao\/#breadcrumb\",\"itemListElement\":[{\"@type\":\"ListItem\",\"position\":1,\"name\":\"In\u00edcio\",\"item\":\"https:\/\/portaltela.pt\/\"},{\"@type\":\"ListItem\",\"position\":2,\"name\":\"Diretor do Museu de Auschwitz: preservar a verdade sobre campos de concentra\u00e7\u00e3o\"}]},{\"@type\":\"WebSite\",\"@id\":\"https:\/\/portaltela.pt\/#website\",\"url\":\"https:\/\/portaltela.pt\/\",\"name\":\"Portal Tela Portugal\",\"description\":\"\",\"potentialAction\":[{\"@type\":\"SearchAction\",\"target\":{\"@type\":\"EntryPoint\",\"urlTemplate\":\"https:\/\/portaltela.pt\/?s={search_term_string}\"},\"query-input\":{\"@type\":\"PropertyValueSpecification\",\"valueRequired\":true,\"valueName\":\"search_term_string\"}}],\"inLanguage\":\"pt-PT\"},{\"@type\":\"Person\",\"@id\":\"https:\/\/portaltela.pt\/#\/schema\/person\/c4278d4a6028830caff9ee44b42d32ed\",\"name\":\"Telinha\",\"image\":{\"@type\":\"ImageObject\",\"inLanguage\":\"pt-PT\",\"@id\":\"https:\/\/portaltela.pt\/s.01k8rhncp4jt1\/2025\/11\/talking-bot-125x125.png\",\"url\":\"https:\/\/portaltela.pt\/s.01k8rhncp4jt1\/2025\/11\/talking-bot-125x125.png\",\"contentUrl\":\"https:\/\/portaltela.pt\/s.01k8rhncp4jt1\/2025\/11\/talking-bot-125x125.png\",\"caption\":\"Telinha\"},\"sameAs\":[\"https:\/\/portaltela.pt\/\"],\"url\":\"https:\/\/portaltela.pt\/por\/367410592786\/\"}]}<\/script>\n<!-- \/ Yoast SEO plugin. -->","yoast_head_json":{"title":"Diretor do Museu de Auschwitz: preservar a verdade sobre campos de concentra\u00e7\u00e3o - Portal Tela Portugal","robots":{"index":"index","follow":"follow","max-snippet":"max-snippet:-1","max-image-preview":"max-image-preview:large","max-video-preview":"max-video-preview:-1"},"og_locale":"pt_PT","og_type":"article","og_title":"Diretor do Museu de Auschwitz: preservar a verdade sobre campos de concentra\u00e7\u00e3o - Portal Tela Portugal","og_description":"O diretor do Museu de Auschwitz afirma que \u00e9 essencial preservar a verdade sobre os campos de concentra\u00e7\u00e3o. A mensagem destaca a import\u00e2ncia da mem\u00f3ria hist\u00f3rica para a educa\u00e7\u00e3o das gera\u00e7\u00f5es futuras. A declara\u00e7\u00e3o surge no contexto de debates sobre o Holocausto e o legado dos campos de concentra\u00e7\u00e3o. A not\u00edcia \u00e9 apresentada pela ag\u00eancia Lusa.","og_url":"https:\/\/portaltela.pt\/noticias\/2026\/02\/10\/diretor-do-museu-de-auschwitz-preservar-a-verdade-sobre-campos-de-concentracao\/","og_site_name":"Portal Tela Portugal","article_published_time":"2026-02-10T14:40:00+00:00","author":"Telinha","twitter_card":"summary_large_image","twitter_misc":{"Escrito por":"Telinha"},"schema":{"@context":"https:\/\/schema.org","@graph":[{"@type":"Article","@id":"https:\/\/portaltela.pt\/noticias\/2026\/02\/10\/diretor-do-museu-de-auschwitz-preservar-a-verdade-sobre-campos-de-concentracao\/#article","isPartOf":{"@id":"https:\/\/portaltela.pt\/noticias\/2026\/02\/10\/diretor-do-museu-de-auschwitz-preservar-a-verdade-sobre-campos-de-concentracao\/"},"author":{"name":"Telinha","@id":"https:\/\/portaltela.pt\/#\/schema\/person\/c4278d4a6028830caff9ee44b42d32ed"},"headline":"Diretor do Museu de Auschwitz: preservar a verdade sobre campos de concentra\u00e7\u00e3o","datePublished":"2026-02-10T14:40:00+00:00","mainEntityOfPage":{"@id":"https:\/\/portaltela.pt\/noticias\/2026\/02\/10\/diretor-do-museu-de-auschwitz-preservar-a-verdade-sobre-campos-de-concentracao\/"},"wordCount":98,"image":{"@id":"https:\/\/portaltela.pt\/noticias\/2026\/02\/10\/diretor-do-museu-de-auschwitz-preservar-a-verdade-sobre-campos-de-concentracao\/#primaryimage"},"thumbnailUrl":"https:\/\/portaltela.pt\/s.01k8rhncp4jt1\/2026\/02\/CACHE_780X1200_ANALOG_WATERMARKED_46529228_6206154_10022026104227.jpg","keywords":["cultura","hist\u00f3ria","Museus e Monumentos de Portugal","museus\/arquivos","Patrim\u00f3nio Cultural","Patrim\u00f3nio Cultural \u2013 Instituto P\u00fablico"],"articleSection":["Not\u00edcias"],"inLanguage":"pt-PT"},{"@type":"WebPage","@id":"https:\/\/portaltela.pt\/noticias\/2026\/02\/10\/diretor-do-museu-de-auschwitz-preservar-a-verdade-sobre-campos-de-concentracao\/","url":"https:\/\/portaltela.pt\/noticias\/2026\/02\/10\/diretor-do-museu-de-auschwitz-preservar-a-verdade-sobre-campos-de-concentracao\/","name":"Diretor do Museu de Auschwitz: preservar a verdade sobre campos de concentra\u00e7\u00e3o - Portal Tela Portugal","isPartOf":{"@id":"https:\/\/portaltela.pt\/#website"},"primaryImageOfPage":{"@id":"https:\/\/portaltela.pt\/noticias\/2026\/02\/10\/diretor-do-museu-de-auschwitz-preservar-a-verdade-sobre-campos-de-concentracao\/#primaryimage"},"image":{"@id":"https:\/\/portaltela.pt\/noticias\/2026\/02\/10\/diretor-do-museu-de-auschwitz-preservar-a-verdade-sobre-campos-de-concentracao\/#primaryimage"},"thumbnailUrl":"https:\/\/portaltela.pt\/s.01k8rhncp4jt1\/2026\/02\/CACHE_780X1200_ANALOG_WATERMARKED_46529228_6206154_10022026104227.jpg","datePublished":"2026-02-10T14:40:00+00:00","author":{"@id":"https:\/\/portaltela.pt\/#\/schema\/person\/c4278d4a6028830caff9ee44b42d32ed"},"breadcrumb":{"@id":"https:\/\/portaltela.pt\/noticias\/2026\/02\/10\/diretor-do-museu-de-auschwitz-preservar-a-verdade-sobre-campos-de-concentracao\/#breadcrumb"},"inLanguage":"pt-PT","potentialAction":[{"@type":"ReadAction","target":["https:\/\/portaltela.pt\/noticias\/2026\/02\/10\/diretor-do-museu-de-auschwitz-preservar-a-verdade-sobre-campos-de-concentracao\/"]}]},{"@type":"ImageObject","inLanguage":"pt-PT","@id":"https:\/\/portaltela.pt\/noticias\/2026\/02\/10\/diretor-do-museu-de-auschwitz-preservar-a-verdade-sobre-campos-de-concentracao\/#primaryimage","url":"https:\/\/portaltela.pt\/s.01k8rhncp4jt1\/2026\/02\/CACHE_780X1200_ANALOG_WATERMARKED_46529228_6206154_10022026104227.jpg","contentUrl":"https:\/\/portaltela.pt\/s.01k8rhncp4jt1\/2026\/02\/CACHE_780X1200_ANALOG_WATERMARKED_46529228_6206154_10022026104227.jpg","width":796,"height":448,"caption":"\u00c9 essencial preservar a verdade sobre os campos de concentra\u00e7\u00e3o - Diretor do Museu de Auschwitz"},{"@type":"BreadcrumbList","@id":"https:\/\/portaltela.pt\/noticias\/2026\/02\/10\/diretor-do-museu-de-auschwitz-preservar-a-verdade-sobre-campos-de-concentracao\/#breadcrumb","itemListElement":[{"@type":"ListItem","position":1,"name":"In\u00edcio","item":"https:\/\/portaltela.pt\/"},{"@type":"ListItem","position":2,"name":"Diretor do Museu de Auschwitz: preservar a verdade sobre campos de concentra\u00e7\u00e3o"}]},{"@type":"WebSite","@id":"https:\/\/portaltela.pt\/#website","url":"https:\/\/portaltela.pt\/","name":"Portal Tela Portugal","description":"","potentialAction":[{"@type":"SearchAction","target":{"@type":"EntryPoint","urlTemplate":"https:\/\/portaltela.pt\/?s={search_term_string}"},"query-input":{"@type":"PropertyValueSpecification","valueRequired":true,"valueName":"search_term_string"}}],"inLanguage":"pt-PT"},{"@type":"Person","@id":"https:\/\/portaltela.pt\/#\/schema\/person\/c4278d4a6028830caff9ee44b42d32ed","name":"Telinha","image":{"@type":"ImageObject","inLanguage":"pt-PT","@id":"https:\/\/portaltela.pt\/s.01k8rhncp4jt1\/2025\/11\/talking-bot-125x125.png","url":"https:\/\/portaltela.pt\/s.01k8rhncp4jt1\/2025\/11\/talking-bot-125x125.png","contentUrl":"https:\/\/portaltela.pt\/s.01k8rhncp4jt1\/2025\/11\/talking-bot-125x125.png","caption":"Telinha"},"sameAs":["https:\/\/portaltela.pt\/"],"url":"https:\/\/portaltela.pt\/por\/367410592786\/"}]}},"_links":{"self":[{"href":"https:\/\/portaltela.pt\/api\/wp\/v2\/posts\/206816","targetHints":{"allow":["GET"]}}],"collection":[{"href":"https:\/\/portaltela.pt\/api\/wp\/v2\/posts"}],"about":[{"href":"https:\/\/portaltela.pt\/api\/wp\/v2\/types\/post"}],"author":[{"embeddable":true,"href":"https:\/\/portaltela.pt\/api\/wp\/v2\/users\/2"}],"replies":[{"embeddable":true,"href":"https:\/\/portaltela.pt\/api\/wp\/v2\/comments?post=206816"}],"version-history":[{"count":0,"href":"https:\/\/portaltela.pt\/api\/wp\/v2\/posts\/206816\/revisions"}],"wp:featuredmedia":[{"embeddable":true,"href":"https:\/\/portaltela.pt\/api\/wp\/v2\/media\/206818"}],"wp:attachment":[{"href":"https:\/\/portaltela.pt\/api\/wp\/v2\/media?parent=206816"}],"wp:term":[{"taxonomy":"category","embeddable":true,"href":"https:\/\/portaltela.pt\/api\/wp\/v2\/categories?post=206816"},{"taxonomy":"post_tag","embeddable":true,"href":"https:\/\/portaltela.pt\/api\/wp\/v2\/tags?post=206816"}],"curies":[{"name":"wp","href":"https:\/\/api.w.org\/{rel}","templated":true}]}}