{"id":206812,"date":"2026-02-10T11:30:00","date_gmt":"2026-02-10T14:30:00","guid":{"rendered":"https:\/\/portaltela.pt\/noticias\/2026\/02\/10\/membro-dos-super-dragoes-detido-em-gaia-pela-queda-de-vidro-em-alvalade\/"},"modified":"2026-02-10T11:30:00","modified_gmt":"2026-02-10T14:30:00","slug":"membro-dos-super-dragoes-detido-em-gaia-pela-queda-de-vidro-em-alvalade","status":"publish","type":"post","link":"https:\/\/portaltela.pt\/desporto\/futebol\/2026\/02\/10\/membro-dos-super-dragoes-detido-em-gaia-pela-queda-de-vidro-em-alvalade\/","title":{"rendered":"Membro dos Super Drag\u00f5es detido em Gaia pela queda de vidro em Alvalade"},"content":{"rendered":"<p>Um jovem de 23 anos foi detido na segunda-feira, na freguesia de Pedroso, em Vila Nova de Gaia, por suspeita de ter provocado a queda de um vidro de prote\u00e7\u00e3o no Est\u00e1dio Jos\u00e9 Alvalade. O incidente ocorreu durante o jogo entre Sporting e o F.C. Porto, em agosto do ano passado, e causou ferimentos em sete espectadores, segundo a PSP.<\/p>\n<p>A deten\u00e7\u00e3o resulta de uma investiga\u00e7\u00e3o conduzida pela Brigada de Investiga\u00e7\u00e3o contra a Viol\u00eancia Associada ao Desporto, integrada na Divis\u00e3o de Investiga\u00e7\u00e3o Criminal do Comando Metropolitano de Lisboa. A opera\u00e7\u00e3o foi executada pela PSP, com uma busca domicili\u00e1ria que levou \u00e0 apreens\u00e3o de uma <strong>soqueira<\/strong>, material pirot\u00e9cnico e diversos objetos alusivos ao grupo organizado de adeptos <strong>Super Drag\u00f5es<\/strong>.<\/p>\n<p>Segundo as autoridades, os factos remontam a 30 de agosto de 2025, no Est\u00e1dio Jos\u00e9 Alvalade, durante o encontro entre Sporting e F.C. Porto. Um adepto do clube visitante, colocado na bancada B dentro da caixa de seguran\u00e7a, quebrou um vidro de prote\u00e7\u00e3o no fim da bancada, aparentemente de forma intencional. Fragmentos atingiram sete pessoas na bancada A, todas identificadas pela PSP.<\/p>\n<p>O detido \u00e9 acusado de viol\u00eancia associada ao desporto e dano qualificado. Vai ser apresentado a primeiro interrogat\u00f3rio judicial para aplica\u00e7\u00e3o de medidas de coa\u00e7\u00e3o, segundo a autoridade policial. A investiga\u00e7\u00e3o permanece em curso para determinar eventuais outras responsabilidades ligadas ao incidente.<\/p>\n","protected":false},"excerpt":{"rendered":"<ul>\n<li>Um jovem de 23 anos foi detido em Pedroso, Gaia, suspeito de ter provocado a queda de vidro de prote\u00e7\u00e3o no Est\u00e1dio Jos\u00e9 Alvalade, durante o Sporting-F. C. Porto de 30 de agosto de 2025, que feriu sete espetadores.<\/li>\n<li>A deten\u00e7\u00e3o foi efetuada pelo Comando Metropolitano de Lisboa, Divis\u00e3o de Investiga\u00e7\u00e3o Criminal, no \u00e2mbito da Brigada de Investiga\u00e7\u00e3o contra a Viol\u00eancia Associada ao Desporto.<\/li>\n<li>Durante buscas domicili\u00e1rias, a PSP apreendeu uma soqueira, material pirot\u00e9cnico e v\u00e1rios objetos alusivos ao grupo organizado de adeptos Super Drag\u00f5es.<\/li>\n<li>O incidente ocorreu quando um adepto do F. C. Porto, colocado na bancada B, quebrou o vidro de prote\u00e7\u00e3o, causando fragmentos na bancada A e ferimentos a sete pessoas identificadas.<\/li>\n<li>O detido vai ser apresentado a primeiro interrogat\u00f3rio judicial para aplica\u00e7\u00e3o de medidas de coa\u00e7\u00e3o.<\/li>\n<\/ul>\n","protected":false},"author":2,"featured_media":206813,"comment_status":"closed","ping_status":"closed","sticky":false,"template":"","format":"standard","meta":{"footnotes":""},"categories":[21,24],"tags":[2533,1588,1445,1761,352,5724],"class_list":["post-206812","post","type-post","status-publish","format-standard","has-post-thumbnail","hentry","category-desporto","category-futebol","tag-adeptos","tag-alvalade","tag-dano-qualificado","tag-gaia","tag-organizacao-criminosa","tag-violencia-associada-ao-desporto"],"yoast_head":"<!-- This site is optimized with the Yoast SEO plugin v27.2 - https:\/\/yoast.com\/product\/yoast-seo-wordpress\/ -->\n<title>Membro dos Super Drag\u00f5es detido em Gaia pela queda de vidro em Alvalade - Portal Tela Portugal<\/title>\n<meta name=\"robots\" content=\"index, follow, max-snippet:-1, max-image-preview:large, max-video-preview:-1\" \/>\n<meta property=\"og:locale\" content=\"pt_PT\" \/>\n<meta property=\"og:type\" content=\"article\" \/>\n<meta property=\"og:title\" content=\"Membro dos Super Drag\u00f5es detido em Gaia pela queda de vidro em Alvalade - Portal Tela Portugal\" \/>\n<meta property=\"og:description\" content=\"Um jovem de 23 anos foi detido em Pedroso, Gaia, suspeito de ter provocado a queda de vidro de prote\u00e7\u00e3o no Est\u00e1dio Jos\u00e9 Alvalade, durante o Sporting-F. C. Porto de 30 de agosto de 2025, que feriu sete espetadores. A deten\u00e7\u00e3o foi efetuada pelo Comando Metropolitano de Lisboa, Divis\u00e3o de Investiga\u00e7\u00e3o Criminal, no \u00e2mbito da Brigada de Investiga\u00e7\u00e3o contra a Viol\u00eancia Associada ao Desporto. Durante buscas domicili\u00e1rias, a PSP apreendeu uma soqueira, material pirot\u00e9cnico e v\u00e1rios objetos alusivos ao grupo organizado de adeptos Super Drag\u00f5es. O incidente ocorreu quando um adepto do F. C. Porto, colocado na bancada B, quebrou o vidro de prote\u00e7\u00e3o, causando fragmentos na bancada A e ferimentos a sete pessoas identificadas. O detido vai ser apresentado a primeiro interrogat\u00f3rio judicial para aplica\u00e7\u00e3o de medidas de coa\u00e7\u00e3o.\" \/>\n<meta property=\"og:url\" content=\"https:\/\/portaltela.pt\/noticias\/2026\/02\/10\/membro-dos-super-dragoes-detido-em-gaia-pela-queda-de-vidro-em-alvalade\/\" \/>\n<meta property=\"og:site_name\" content=\"Portal Tela Portugal\" \/>\n<meta property=\"article:published_time\" content=\"2026-02-10T14:30:00+00:00\" \/>\n<meta name=\"author\" content=\"Telinha\" \/>\n<meta name=\"twitter:card\" content=\"summary_large_image\" \/>\n<meta name=\"twitter:label1\" content=\"Escrito por\" \/>\n\t<meta name=\"twitter:data1\" content=\"Telinha\" \/>\n\t<meta name=\"twitter:label2\" content=\"Tempo estimado de leitura\" \/>\n\t<meta name=\"twitter:data2\" content=\"1 minuto\" \/>\n<script type=\"application\/ld+json\" class=\"yoast-schema-graph\">{\"@context\":\"https:\/\/schema.org\",\"@graph\":[{\"@type\":\"Article\",\"@id\":\"https:\/\/portaltela.pt\/noticias\/2026\/02\/10\/membro-dos-super-dragoes-detido-em-gaia-pela-queda-de-vidro-em-alvalade\/#article\",\"isPartOf\":{\"@id\":\"https:\/\/portaltela.pt\/noticias\/2026\/02\/10\/membro-dos-super-dragoes-detido-em-gaia-pela-queda-de-vidro-em-alvalade\/\"},\"author\":{\"name\":\"Telinha\",\"@id\":\"https:\/\/portaltela.pt\/#\/schema\/person\/c4278d4a6028830caff9ee44b42d32ed\"},\"headline\":\"Membro dos Super Drag\u00f5es detido em Gaia pela queda de vidro em Alvalade\",\"datePublished\":\"2026-02-10T14:30:00+00:00\",\"mainEntityOfPage\":{\"@id\":\"https:\/\/portaltela.pt\/noticias\/2026\/02\/10\/membro-dos-super-dragoes-detido-em-gaia-pela-queda-de-vidro-em-alvalade\/\"},\"wordCount\":254,\"image\":{\"@id\":\"https:\/\/portaltela.pt\/noticias\/2026\/02\/10\/membro-dos-super-dragoes-detido-em-gaia-pela-queda-de-vidro-em-alvalade\/#primaryimage\"},\"thumbnailUrl\":\"https:\/\/portaltela.pt\/s.01k8rhncp4jt1\/2026\/02\/bf744674-ca64-4c35-b498-47b40fb62e71_1200x675.jpg\",\"keywords\":[\"adeptos\",\"Alvalade\",\"dano qualificado\",\"Gaia\",\"organiza\u00e7\u00e3o criminosa\",\"viol\u00eancia associada ao desporto\"],\"articleSection\":[\"Desporto\",\"Futebol\"],\"inLanguage\":\"pt-PT\"},{\"@type\":\"WebPage\",\"@id\":\"https:\/\/portaltela.pt\/noticias\/2026\/02\/10\/membro-dos-super-dragoes-detido-em-gaia-pela-queda-de-vidro-em-alvalade\/\",\"url\":\"https:\/\/portaltela.pt\/noticias\/2026\/02\/10\/membro-dos-super-dragoes-detido-em-gaia-pela-queda-de-vidro-em-alvalade\/\",\"name\":\"Membro dos Super Drag\u00f5es detido em Gaia pela queda de vidro em Alvalade - Portal Tela Portugal\",\"isPartOf\":{\"@id\":\"https:\/\/portaltela.pt\/#website\"},\"primaryImageOfPage\":{\"@id\":\"https:\/\/portaltela.pt\/noticias\/2026\/02\/10\/membro-dos-super-dragoes-detido-em-gaia-pela-queda-de-vidro-em-alvalade\/#primaryimage\"},\"image\":{\"@id\":\"https:\/\/portaltela.pt\/noticias\/2026\/02\/10\/membro-dos-super-dragoes-detido-em-gaia-pela-queda-de-vidro-em-alvalade\/#primaryimage\"},\"thumbnailUrl\":\"https:\/\/portaltela.pt\/s.01k8rhncp4jt1\/2026\/02\/bf744674-ca64-4c35-b498-47b40fb62e71_1200x675.jpg\",\"datePublished\":\"2026-02-10T14:30:00+00:00\",\"author\":{\"@id\":\"https:\/\/portaltela.pt\/#\/schema\/person\/c4278d4a6028830caff9ee44b42d32ed\"},\"breadcrumb\":{\"@id\":\"https:\/\/portaltela.pt\/noticias\/2026\/02\/10\/membro-dos-super-dragoes-detido-em-gaia-pela-queda-de-vidro-em-alvalade\/#breadcrumb\"},\"inLanguage\":\"pt-PT\",\"potentialAction\":[{\"@type\":\"ReadAction\",\"target\":[\"https:\/\/portaltela.pt\/noticias\/2026\/02\/10\/membro-dos-super-dragoes-detido-em-gaia-pela-queda-de-vidro-em-alvalade\/\"]}]},{\"@type\":\"ImageObject\",\"inLanguage\":\"pt-PT\",\"@id\":\"https:\/\/portaltela.pt\/noticias\/2026\/02\/10\/membro-dos-super-dragoes-detido-em-gaia-pela-queda-de-vidro-em-alvalade\/#primaryimage\",\"url\":\"https:\/\/portaltela.pt\/s.01k8rhncp4jt1\/2026\/02\/bf744674-ca64-4c35-b498-47b40fb62e71_1200x675.jpg\",\"contentUrl\":\"https:\/\/portaltela.pt\/s.01k8rhncp4jt1\/2026\/02\/bf744674-ca64-4c35-b498-47b40fb62e71_1200x675.jpg\",\"width\":796,\"height\":448,\"caption\":\"Quebra de vidros na bancada do Est\u00e1dio Jos\u00e9 Alvalade causou sete feridos, segundo a PSP\"},{\"@type\":\"BreadcrumbList\",\"@id\":\"https:\/\/portaltela.pt\/noticias\/2026\/02\/10\/membro-dos-super-dragoes-detido-em-gaia-pela-queda-de-vidro-em-alvalade\/#breadcrumb\",\"itemListElement\":[{\"@type\":\"ListItem\",\"position\":1,\"name\":\"In\u00edcio\",\"item\":\"https:\/\/portaltela.pt\/\"},{\"@type\":\"ListItem\",\"position\":2,\"name\":\"Membro dos Super Drag\u00f5es detido em Gaia pela queda de vidro em Alvalade\"}]},{\"@type\":\"WebSite\",\"@id\":\"https:\/\/portaltela.pt\/#website\",\"url\":\"https:\/\/portaltela.pt\/\",\"name\":\"Portal Tela Portugal\",\"description\":\"\",\"potentialAction\":[{\"@type\":\"SearchAction\",\"target\":{\"@type\":\"EntryPoint\",\"urlTemplate\":\"https:\/\/portaltela.pt\/?s={search_term_string}\"},\"query-input\":{\"@type\":\"PropertyValueSpecification\",\"valueRequired\":true,\"valueName\":\"search_term_string\"}}],\"inLanguage\":\"pt-PT\"},{\"@type\":\"Person\",\"@id\":\"https:\/\/portaltela.pt\/#\/schema\/person\/c4278d4a6028830caff9ee44b42d32ed\",\"name\":\"Telinha\",\"image\":{\"@type\":\"ImageObject\",\"inLanguage\":\"pt-PT\",\"@id\":\"https:\/\/portaltela.pt\/s.01k8rhncp4jt1\/2025\/11\/talking-bot-125x125.png\",\"url\":\"https:\/\/portaltela.pt\/s.01k8rhncp4jt1\/2025\/11\/talking-bot-125x125.png\",\"contentUrl\":\"https:\/\/portaltela.pt\/s.01k8rhncp4jt1\/2025\/11\/talking-bot-125x125.png\",\"caption\":\"Telinha\"},\"sameAs\":[\"https:\/\/portaltela.pt\/\"],\"url\":\"https:\/\/portaltela.pt\/por\/367410592786\/\"}]}<\/script>\n<!-- \/ Yoast SEO plugin. -->","yoast_head_json":{"title":"Membro dos Super Drag\u00f5es detido em Gaia pela queda de vidro em Alvalade - Portal Tela Portugal","robots":{"index":"index","follow":"follow","max-snippet":"max-snippet:-1","max-image-preview":"max-image-preview:large","max-video-preview":"max-video-preview:-1"},"og_locale":"pt_PT","og_type":"article","og_title":"Membro dos Super Drag\u00f5es detido em Gaia pela queda de vidro em Alvalade - Portal Tela Portugal","og_description":"Um jovem de 23 anos foi detido em Pedroso, Gaia, suspeito de ter provocado a queda de vidro de prote\u00e7\u00e3o no Est\u00e1dio Jos\u00e9 Alvalade, durante o Sporting-F. C. Porto de 30 de agosto de 2025, que feriu sete espetadores. A deten\u00e7\u00e3o foi efetuada pelo Comando Metropolitano de Lisboa, Divis\u00e3o de Investiga\u00e7\u00e3o Criminal, no \u00e2mbito da Brigada de Investiga\u00e7\u00e3o contra a Viol\u00eancia Associada ao Desporto. Durante buscas domicili\u00e1rias, a PSP apreendeu uma soqueira, material pirot\u00e9cnico e v\u00e1rios objetos alusivos ao grupo organizado de adeptos Super Drag\u00f5es. O incidente ocorreu quando um adepto do F. C. Porto, colocado na bancada B, quebrou o vidro de prote\u00e7\u00e3o, causando fragmentos na bancada A e ferimentos a sete pessoas identificadas. O detido vai ser apresentado a primeiro interrogat\u00f3rio judicial para aplica\u00e7\u00e3o de medidas de coa\u00e7\u00e3o.","og_url":"https:\/\/portaltela.pt\/noticias\/2026\/02\/10\/membro-dos-super-dragoes-detido-em-gaia-pela-queda-de-vidro-em-alvalade\/","og_site_name":"Portal Tela Portugal","article_published_time":"2026-02-10T14:30:00+00:00","author":"Telinha","twitter_card":"summary_large_image","twitter_misc":{"Escrito por":"Telinha","Tempo estimado de leitura":"1 minuto"},"schema":{"@context":"https:\/\/schema.org","@graph":[{"@type":"Article","@id":"https:\/\/portaltela.pt\/noticias\/2026\/02\/10\/membro-dos-super-dragoes-detido-em-gaia-pela-queda-de-vidro-em-alvalade\/#article","isPartOf":{"@id":"https:\/\/portaltela.pt\/noticias\/2026\/02\/10\/membro-dos-super-dragoes-detido-em-gaia-pela-queda-de-vidro-em-alvalade\/"},"author":{"name":"Telinha","@id":"https:\/\/portaltela.pt\/#\/schema\/person\/c4278d4a6028830caff9ee44b42d32ed"},"headline":"Membro dos Super Drag\u00f5es detido em Gaia pela queda de vidro em Alvalade","datePublished":"2026-02-10T14:30:00+00:00","mainEntityOfPage":{"@id":"https:\/\/portaltela.pt\/noticias\/2026\/02\/10\/membro-dos-super-dragoes-detido-em-gaia-pela-queda-de-vidro-em-alvalade\/"},"wordCount":254,"image":{"@id":"https:\/\/portaltela.pt\/noticias\/2026\/02\/10\/membro-dos-super-dragoes-detido-em-gaia-pela-queda-de-vidro-em-alvalade\/#primaryimage"},"thumbnailUrl":"https:\/\/portaltela.pt\/s.01k8rhncp4jt1\/2026\/02\/bf744674-ca64-4c35-b498-47b40fb62e71_1200x675.jpg","keywords":["adeptos","Alvalade","dano qualificado","Gaia","organiza\u00e7\u00e3o criminosa","viol\u00eancia associada ao desporto"],"articleSection":["Desporto","Futebol"],"inLanguage":"pt-PT"},{"@type":"WebPage","@id":"https:\/\/portaltela.pt\/noticias\/2026\/02\/10\/membro-dos-super-dragoes-detido-em-gaia-pela-queda-de-vidro-em-alvalade\/","url":"https:\/\/portaltela.pt\/noticias\/2026\/02\/10\/membro-dos-super-dragoes-detido-em-gaia-pela-queda-de-vidro-em-alvalade\/","name":"Membro dos Super Drag\u00f5es detido em Gaia pela queda de vidro em Alvalade - Portal Tela Portugal","isPartOf":{"@id":"https:\/\/portaltela.pt\/#website"},"primaryImageOfPage":{"@id":"https:\/\/portaltela.pt\/noticias\/2026\/02\/10\/membro-dos-super-dragoes-detido-em-gaia-pela-queda-de-vidro-em-alvalade\/#primaryimage"},"image":{"@id":"https:\/\/portaltela.pt\/noticias\/2026\/02\/10\/membro-dos-super-dragoes-detido-em-gaia-pela-queda-de-vidro-em-alvalade\/#primaryimage"},"thumbnailUrl":"https:\/\/portaltela.pt\/s.01k8rhncp4jt1\/2026\/02\/bf744674-ca64-4c35-b498-47b40fb62e71_1200x675.jpg","datePublished":"2026-02-10T14:30:00+00:00","author":{"@id":"https:\/\/portaltela.pt\/#\/schema\/person\/c4278d4a6028830caff9ee44b42d32ed"},"breadcrumb":{"@id":"https:\/\/portaltela.pt\/noticias\/2026\/02\/10\/membro-dos-super-dragoes-detido-em-gaia-pela-queda-de-vidro-em-alvalade\/#breadcrumb"},"inLanguage":"pt-PT","potentialAction":[{"@type":"ReadAction","target":["https:\/\/portaltela.pt\/noticias\/2026\/02\/10\/membro-dos-super-dragoes-detido-em-gaia-pela-queda-de-vidro-em-alvalade\/"]}]},{"@type":"ImageObject","inLanguage":"pt-PT","@id":"https:\/\/portaltela.pt\/noticias\/2026\/02\/10\/membro-dos-super-dragoes-detido-em-gaia-pela-queda-de-vidro-em-alvalade\/#primaryimage","url":"https:\/\/portaltela.pt\/s.01k8rhncp4jt1\/2026\/02\/bf744674-ca64-4c35-b498-47b40fb62e71_1200x675.jpg","contentUrl":"https:\/\/portaltela.pt\/s.01k8rhncp4jt1\/2026\/02\/bf744674-ca64-4c35-b498-47b40fb62e71_1200x675.jpg","width":796,"height":448,"caption":"Quebra de vidros na bancada do Est\u00e1dio Jos\u00e9 Alvalade causou sete feridos, segundo a PSP"},{"@type":"BreadcrumbList","@id":"https:\/\/portaltela.pt\/noticias\/2026\/02\/10\/membro-dos-super-dragoes-detido-em-gaia-pela-queda-de-vidro-em-alvalade\/#breadcrumb","itemListElement":[{"@type":"ListItem","position":1,"name":"In\u00edcio","item":"https:\/\/portaltela.pt\/"},{"@type":"ListItem","position":2,"name":"Membro dos Super Drag\u00f5es detido em Gaia pela queda de vidro em Alvalade"}]},{"@type":"WebSite","@id":"https:\/\/portaltela.pt\/#website","url":"https:\/\/portaltela.pt\/","name":"Portal Tela Portugal","description":"","potentialAction":[{"@type":"SearchAction","target":{"@type":"EntryPoint","urlTemplate":"https:\/\/portaltela.pt\/?s={search_term_string}"},"query-input":{"@type":"PropertyValueSpecification","valueRequired":true,"valueName":"search_term_string"}}],"inLanguage":"pt-PT"},{"@type":"Person","@id":"https:\/\/portaltela.pt\/#\/schema\/person\/c4278d4a6028830caff9ee44b42d32ed","name":"Telinha","image":{"@type":"ImageObject","inLanguage":"pt-PT","@id":"https:\/\/portaltela.pt\/s.01k8rhncp4jt1\/2025\/11\/talking-bot-125x125.png","url":"https:\/\/portaltela.pt\/s.01k8rhncp4jt1\/2025\/11\/talking-bot-125x125.png","contentUrl":"https:\/\/portaltela.pt\/s.01k8rhncp4jt1\/2025\/11\/talking-bot-125x125.png","caption":"Telinha"},"sameAs":["https:\/\/portaltela.pt\/"],"url":"https:\/\/portaltela.pt\/por\/367410592786\/"}]}},"_links":{"self":[{"href":"https:\/\/portaltela.pt\/api\/wp\/v2\/posts\/206812","targetHints":{"allow":["GET"]}}],"collection":[{"href":"https:\/\/portaltela.pt\/api\/wp\/v2\/posts"}],"about":[{"href":"https:\/\/portaltela.pt\/api\/wp\/v2\/types\/post"}],"author":[{"embeddable":true,"href":"https:\/\/portaltela.pt\/api\/wp\/v2\/users\/2"}],"replies":[{"embeddable":true,"href":"https:\/\/portaltela.pt\/api\/wp\/v2\/comments?post=206812"}],"version-history":[{"count":0,"href":"https:\/\/portaltela.pt\/api\/wp\/v2\/posts\/206812\/revisions"}],"wp:featuredmedia":[{"embeddable":true,"href":"https:\/\/portaltela.pt\/api\/wp\/v2\/media\/206813"}],"wp:attachment":[{"href":"https:\/\/portaltela.pt\/api\/wp\/v2\/media?parent=206812"}],"wp:term":[{"taxonomy":"category","embeddable":true,"href":"https:\/\/portaltela.pt\/api\/wp\/v2\/categories?post=206812"},{"taxonomy":"post_tag","embeddable":true,"href":"https:\/\/portaltela.pt\/api\/wp\/v2\/tags?post=206812"}],"curies":[{"name":"wp","href":"https:\/\/api.w.org\/{rel}","templated":true}]}}