{"id":206802,"date":"2026-02-10T11:26:00","date_gmt":"2026-02-10T14:26:00","guid":{"rendered":"https:\/\/portaltela.pt\/noticias\/2026\/02\/10\/orcamento-de-famalicao-nao-satisfaz-necessidades-da-populacao-afirma-cdu\/"},"modified":"2026-02-10T11:26:00","modified_gmt":"2026-02-10T14:26:00","slug":"orcamento-de-famalicao-nao-satisfaz-necessidades-da-populacao-afirma-cdu","status":"publish","type":"post","link":"https:\/\/portaltela.pt\/noticias\/politica\/2026\/02\/10\/orcamento-de-famalicao-nao-satisfaz-necessidades-da-populacao-afirma-cdu\/","title":{"rendered":"Or\u00e7amento de Famalic\u00e3o n\u00e3o satisfaz necessidades da popula\u00e7\u00e3o, afirma CDU"},"content":{"rendered":"<p>A CDU de Famalic\u00e3o acusa que o or\u00e7amento apresentado pela C\u00e2mara Municipal n\u00e3o satisfaz as necessidades da popula\u00e7\u00e3o. A cr\u00edtica surge ap\u00f3s a divulga\u00e7\u00e3o de um or\u00e7amento que, segundo o partido, confirma a continuidade de um ciclo pol\u00edtico na cidade de Vila Nova de Famalic\u00e3o.<\/p>\n<p>Alega-se que o valor total, de cerca de 256 milh\u00f5es de euros, \u00e9 o maior de sempre, mas resulta principalmente de financiamento extraordin\u00e1rio europeu. N\u00e3o representa, na pr\u00e1tica, um refor\u00e7o estrutural da capacidade financeira do munic\u00edpio.<\/p>\n<p>Para a CDU, aumentar n\u00fameros n\u00e3o equivale a desenvolvimento real nem a melhoria das condi\u00e7\u00f5es de vida. O partido aponta a continuidade de um modelo centrado na promo\u00e7\u00e3o externa do concelho, em detrimento das fun\u00e7\u00f5es sociais locais.<\/p>\n<h3>Cr\u00edticas \u00e0 habita\u00e7\u00e3o e servi\u00e7os p\u00fablicos<\/h3>\n<p>Entre as \u00e1reas apontadas, destacam-se habita\u00e7\u00e3o, mobilidade, prote\u00e7\u00e3o ambiental e combate \u00e0s desigualdades entre freguesias. A CDU sustenta ainda que o or\u00e7amento n\u00e3o promove a coes\u00e3o territorial e social, e anunciar\u00e1 o seu voto contra na Assembleia Municipal.<\/p>\n","protected":false},"excerpt":{"rendered":"<ul>\n<li>A CDU de Famalic\u00e3o afirmou que o or\u00e7amento da C\u00e2mara Municipal n\u00e3o responde \u00e0s necessidades da popula\u00e7\u00e3o e evidencia a aus\u00eancia de um novo ciclo pol\u00edtico no concelho.<\/li>\n<li>Mesmo sendo o maior de sempre, com cerca de 256 milh\u00f5es de euros, o crescimento resulta principalmente de financiamento europeu, n\u00e3o refletindo um refor\u00e7o estrutural da massa financeira.<\/li>\n<li>O partido sustenta que os n\u00fameros n\u00e3o correspondem a desenvolvimento real nem a melhoria das condi\u00e7\u00f5es de vida das pessoas.<\/li>\n<li>Critica um modelo centrado na promo\u00e7\u00e3o externa do concelho, em detrimento das fun\u00e7\u00f5es sociais, apontando d\u00e9fices em habita\u00e7\u00e3o, mobilidade, prote\u00e7\u00e3o ambiental e na redu\u00e7\u00e3o de desigualdades entre freguesias.<\/li>\n<li>Conclui que o or\u00e7amento n\u00e3o satisfaz as necessidades reais da popula\u00e7\u00e3o e n\u00e3o promove a coes\u00e3o territorial e social, pelo que vai votar contra na Assembleia Municipal.<\/li>\n<\/ul>\n","protected":false},"author":2,"featured_media":206805,"comment_status":"closed","ping_status":"closed","sticky":false,"template":"","format":"standard","meta":{"footnotes":""},"categories":[1,5],"tags":[2143,830,1396,150,2110,811],"class_list":["post-206802","post","type-post","status-publish","format-standard","has-post-thumbnail","hentry","category-noticias","category-politica","tag-cdu","tag-coesao-territorial","tag-famalicao","tag-habitacao","tag-mobilidade","tag-protecao-ambiental"],"yoast_head":"<!-- This site is optimized with the Yoast SEO plugin v27.2 - https:\/\/yoast.com\/product\/yoast-seo-wordpress\/ -->\n<title>Or\u00e7amento de Famalic\u00e3o n\u00e3o satisfaz necessidades da popula\u00e7\u00e3o, afirma CDU - Portal Tela Portugal<\/title>\n<meta name=\"robots\" content=\"index, follow, max-snippet:-1, max-image-preview:large, max-video-preview:-1\" \/>\n<meta property=\"og:locale\" content=\"pt_PT\" \/>\n<meta property=\"og:type\" content=\"article\" \/>\n<meta property=\"og:title\" content=\"Or\u00e7amento de Famalic\u00e3o n\u00e3o satisfaz necessidades da popula\u00e7\u00e3o, afirma CDU - Portal Tela Portugal\" \/>\n<meta property=\"og:description\" content=\"A CDU de Famalic\u00e3o afirmou que o or\u00e7amento da C\u00e2mara Municipal n\u00e3o responde \u00e0s necessidades da popula\u00e7\u00e3o e evidencia a aus\u00eancia de um novo ciclo pol\u00edtico no concelho. Mesmo sendo o maior de sempre, com cerca de 256 milh\u00f5es de euros, o crescimento resulta principalmente de financiamento europeu, n\u00e3o refletindo um refor\u00e7o estrutural da massa financeira. O partido sustenta que os n\u00fameros n\u00e3o correspondem a desenvolvimento real nem a melhoria das condi\u00e7\u00f5es de vida das pessoas. Critica um modelo centrado na promo\u00e7\u00e3o externa do concelho, em detrimento das fun\u00e7\u00f5es sociais, apontando d\u00e9fices em habita\u00e7\u00e3o, mobilidade, prote\u00e7\u00e3o ambiental e na redu\u00e7\u00e3o de desigualdades entre freguesias. Conclui que o or\u00e7amento n\u00e3o satisfaz as necessidades reais da popula\u00e7\u00e3o e n\u00e3o promove a coes\u00e3o territorial e social, pelo que vai votar contra na Assembleia Municipal.\" \/>\n<meta property=\"og:url\" content=\"https:\/\/portaltela.pt\/noticias\/2026\/02\/10\/orcamento-de-famalicao-nao-satisfaz-necessidades-da-populacao-afirma-cdu\/\" \/>\n<meta property=\"og:site_name\" content=\"Portal Tela Portugal\" \/>\n<meta property=\"article:published_time\" content=\"2026-02-10T14:26:00+00:00\" \/>\n<meta name=\"author\" content=\"Telinha\" \/>\n<meta name=\"twitter:card\" content=\"summary_large_image\" \/>\n<meta name=\"twitter:label1\" content=\"Escrito por\" \/>\n\t<meta name=\"twitter:data1\" content=\"Telinha\" \/>\n\t<meta name=\"twitter:label2\" content=\"Tempo estimado de leitura\" \/>\n\t<meta name=\"twitter:data2\" content=\"1 minuto\" \/>\n<script type=\"application\/ld+json\" class=\"yoast-schema-graph\">{\"@context\":\"https:\/\/schema.org\",\"@graph\":[{\"@type\":\"Article\",\"@id\":\"https:\/\/portaltela.pt\/noticias\/2026\/02\/10\/orcamento-de-famalicao-nao-satisfaz-necessidades-da-populacao-afirma-cdu\/#article\",\"isPartOf\":{\"@id\":\"https:\/\/portaltela.pt\/noticias\/2026\/02\/10\/orcamento-de-famalicao-nao-satisfaz-necessidades-da-populacao-afirma-cdu\/\"},\"author\":{\"name\":\"Telinha\",\"@id\":\"https:\/\/portaltela.pt\/#\/schema\/person\/c4278d4a6028830caff9ee44b42d32ed\"},\"headline\":\"Or\u00e7amento de Famalic\u00e3o n\u00e3o satisfaz necessidades da popula\u00e7\u00e3o, afirma CDU\",\"datePublished\":\"2026-02-10T14:26:00+00:00\",\"mainEntityOfPage\":{\"@id\":\"https:\/\/portaltela.pt\/noticias\/2026\/02\/10\/orcamento-de-famalicao-nao-satisfaz-necessidades-da-populacao-afirma-cdu\/\"},\"wordCount\":204,\"image\":{\"@id\":\"https:\/\/portaltela.pt\/noticias\/2026\/02\/10\/orcamento-de-famalicao-nao-satisfaz-necessidades-da-populacao-afirma-cdu\/#primaryimage\"},\"thumbnailUrl\":\"https:\/\/portaltela.pt\/s.01k8rhncp4jt1\/2026\/02\/image-786.jpg\",\"keywords\":[\"CDU\",\"Coes\u00e3o Territorial\",\"Famalic\u00e3o\",\"habita\u00e7\u00e3o\",\"mobilidade\",\"prote\u00e7\u00e3o ambiental\"],\"articleSection\":[\"Not\u00edcias\",\"Pol\u00edtica\"],\"inLanguage\":\"pt-PT\"},{\"@type\":\"WebPage\",\"@id\":\"https:\/\/portaltela.pt\/noticias\/2026\/02\/10\/orcamento-de-famalicao-nao-satisfaz-necessidades-da-populacao-afirma-cdu\/\",\"url\":\"https:\/\/portaltela.pt\/noticias\/2026\/02\/10\/orcamento-de-famalicao-nao-satisfaz-necessidades-da-populacao-afirma-cdu\/\",\"name\":\"Or\u00e7amento de Famalic\u00e3o n\u00e3o satisfaz necessidades da popula\u00e7\u00e3o, afirma CDU - Portal Tela Portugal\",\"isPartOf\":{\"@id\":\"https:\/\/portaltela.pt\/#website\"},\"primaryImageOfPage\":{\"@id\":\"https:\/\/portaltela.pt\/noticias\/2026\/02\/10\/orcamento-de-famalicao-nao-satisfaz-necessidades-da-populacao-afirma-cdu\/#primaryimage\"},\"image\":{\"@id\":\"https:\/\/portaltela.pt\/noticias\/2026\/02\/10\/orcamento-de-famalicao-nao-satisfaz-necessidades-da-populacao-afirma-cdu\/#primaryimage\"},\"thumbnailUrl\":\"https:\/\/portaltela.pt\/s.01k8rhncp4jt1\/2026\/02\/image-786.jpg\",\"datePublished\":\"2026-02-10T14:26:00+00:00\",\"author\":{\"@id\":\"https:\/\/portaltela.pt\/#\/schema\/person\/c4278d4a6028830caff9ee44b42d32ed\"},\"breadcrumb\":{\"@id\":\"https:\/\/portaltela.pt\/noticias\/2026\/02\/10\/orcamento-de-famalicao-nao-satisfaz-necessidades-da-populacao-afirma-cdu\/#breadcrumb\"},\"inLanguage\":\"pt-PT\",\"potentialAction\":[{\"@type\":\"ReadAction\",\"target\":[\"https:\/\/portaltela.pt\/noticias\/2026\/02\/10\/orcamento-de-famalicao-nao-satisfaz-necessidades-da-populacao-afirma-cdu\/\"]}]},{\"@type\":\"ImageObject\",\"inLanguage\":\"pt-PT\",\"@id\":\"https:\/\/portaltela.pt\/noticias\/2026\/02\/10\/orcamento-de-famalicao-nao-satisfaz-necessidades-da-populacao-afirma-cdu\/#primaryimage\",\"url\":\"https:\/\/portaltela.pt\/s.01k8rhncp4jt1\/2026\/02\/image-786.jpg\",\"contentUrl\":\"https:\/\/portaltela.pt\/s.01k8rhncp4jt1\/2026\/02\/image-786.jpg\",\"width\":796,\"height\":448,\"caption\":\"Foto: C\u00e2mara Municipal de Famalic\u00e3o\"},{\"@type\":\"BreadcrumbList\",\"@id\":\"https:\/\/portaltela.pt\/noticias\/2026\/02\/10\/orcamento-de-famalicao-nao-satisfaz-necessidades-da-populacao-afirma-cdu\/#breadcrumb\",\"itemListElement\":[{\"@type\":\"ListItem\",\"position\":1,\"name\":\"In\u00edcio\",\"item\":\"https:\/\/portaltela.pt\/\"},{\"@type\":\"ListItem\",\"position\":2,\"name\":\"Or\u00e7amento de Famalic\u00e3o n\u00e3o satisfaz necessidades da popula\u00e7\u00e3o, afirma CDU\"}]},{\"@type\":\"WebSite\",\"@id\":\"https:\/\/portaltela.pt\/#website\",\"url\":\"https:\/\/portaltela.pt\/\",\"name\":\"Portal Tela Portugal\",\"description\":\"\",\"potentialAction\":[{\"@type\":\"SearchAction\",\"target\":{\"@type\":\"EntryPoint\",\"urlTemplate\":\"https:\/\/portaltela.pt\/?s={search_term_string}\"},\"query-input\":{\"@type\":\"PropertyValueSpecification\",\"valueRequired\":true,\"valueName\":\"search_term_string\"}}],\"inLanguage\":\"pt-PT\"},{\"@type\":\"Person\",\"@id\":\"https:\/\/portaltela.pt\/#\/schema\/person\/c4278d4a6028830caff9ee44b42d32ed\",\"name\":\"Telinha\",\"image\":{\"@type\":\"ImageObject\",\"inLanguage\":\"pt-PT\",\"@id\":\"https:\/\/portaltela.pt\/s.01k8rhncp4jt1\/2025\/11\/talking-bot-125x125.png\",\"url\":\"https:\/\/portaltela.pt\/s.01k8rhncp4jt1\/2025\/11\/talking-bot-125x125.png\",\"contentUrl\":\"https:\/\/portaltela.pt\/s.01k8rhncp4jt1\/2025\/11\/talking-bot-125x125.png\",\"caption\":\"Telinha\"},\"sameAs\":[\"https:\/\/portaltela.pt\/\"],\"url\":\"https:\/\/portaltela.pt\/por\/367410592786\/\"}]}<\/script>\n<!-- \/ Yoast SEO plugin. -->","yoast_head_json":{"title":"Or\u00e7amento de Famalic\u00e3o n\u00e3o satisfaz necessidades da popula\u00e7\u00e3o, afirma CDU - Portal Tela Portugal","robots":{"index":"index","follow":"follow","max-snippet":"max-snippet:-1","max-image-preview":"max-image-preview:large","max-video-preview":"max-video-preview:-1"},"og_locale":"pt_PT","og_type":"article","og_title":"Or\u00e7amento de Famalic\u00e3o n\u00e3o satisfaz necessidades da popula\u00e7\u00e3o, afirma CDU - Portal Tela Portugal","og_description":"A CDU de Famalic\u00e3o afirmou que o or\u00e7amento da C\u00e2mara Municipal n\u00e3o responde \u00e0s necessidades da popula\u00e7\u00e3o e evidencia a aus\u00eancia de um novo ciclo pol\u00edtico no concelho. Mesmo sendo o maior de sempre, com cerca de 256 milh\u00f5es de euros, o crescimento resulta principalmente de financiamento europeu, n\u00e3o refletindo um refor\u00e7o estrutural da massa financeira. O partido sustenta que os n\u00fameros n\u00e3o correspondem a desenvolvimento real nem a melhoria das condi\u00e7\u00f5es de vida das pessoas. Critica um modelo centrado na promo\u00e7\u00e3o externa do concelho, em detrimento das fun\u00e7\u00f5es sociais, apontando d\u00e9fices em habita\u00e7\u00e3o, mobilidade, prote\u00e7\u00e3o ambiental e na redu\u00e7\u00e3o de desigualdades entre freguesias. Conclui que o or\u00e7amento n\u00e3o satisfaz as necessidades reais da popula\u00e7\u00e3o e n\u00e3o promove a coes\u00e3o territorial e social, pelo que vai votar contra na Assembleia Municipal.","og_url":"https:\/\/portaltela.pt\/noticias\/2026\/02\/10\/orcamento-de-famalicao-nao-satisfaz-necessidades-da-populacao-afirma-cdu\/","og_site_name":"Portal Tela Portugal","article_published_time":"2026-02-10T14:26:00+00:00","author":"Telinha","twitter_card":"summary_large_image","twitter_misc":{"Escrito por":"Telinha","Tempo estimado de leitura":"1 minuto"},"schema":{"@context":"https:\/\/schema.org","@graph":[{"@type":"Article","@id":"https:\/\/portaltela.pt\/noticias\/2026\/02\/10\/orcamento-de-famalicao-nao-satisfaz-necessidades-da-populacao-afirma-cdu\/#article","isPartOf":{"@id":"https:\/\/portaltela.pt\/noticias\/2026\/02\/10\/orcamento-de-famalicao-nao-satisfaz-necessidades-da-populacao-afirma-cdu\/"},"author":{"name":"Telinha","@id":"https:\/\/portaltela.pt\/#\/schema\/person\/c4278d4a6028830caff9ee44b42d32ed"},"headline":"Or\u00e7amento de Famalic\u00e3o n\u00e3o satisfaz necessidades da popula\u00e7\u00e3o, afirma CDU","datePublished":"2026-02-10T14:26:00+00:00","mainEntityOfPage":{"@id":"https:\/\/portaltela.pt\/noticias\/2026\/02\/10\/orcamento-de-famalicao-nao-satisfaz-necessidades-da-populacao-afirma-cdu\/"},"wordCount":204,"image":{"@id":"https:\/\/portaltela.pt\/noticias\/2026\/02\/10\/orcamento-de-famalicao-nao-satisfaz-necessidades-da-populacao-afirma-cdu\/#primaryimage"},"thumbnailUrl":"https:\/\/portaltela.pt\/s.01k8rhncp4jt1\/2026\/02\/image-786.jpg","keywords":["CDU","Coes\u00e3o Territorial","Famalic\u00e3o","habita\u00e7\u00e3o","mobilidade","prote\u00e7\u00e3o ambiental"],"articleSection":["Not\u00edcias","Pol\u00edtica"],"inLanguage":"pt-PT"},{"@type":"WebPage","@id":"https:\/\/portaltela.pt\/noticias\/2026\/02\/10\/orcamento-de-famalicao-nao-satisfaz-necessidades-da-populacao-afirma-cdu\/","url":"https:\/\/portaltela.pt\/noticias\/2026\/02\/10\/orcamento-de-famalicao-nao-satisfaz-necessidades-da-populacao-afirma-cdu\/","name":"Or\u00e7amento de Famalic\u00e3o n\u00e3o satisfaz necessidades da popula\u00e7\u00e3o, afirma CDU - Portal Tela Portugal","isPartOf":{"@id":"https:\/\/portaltela.pt\/#website"},"primaryImageOfPage":{"@id":"https:\/\/portaltela.pt\/noticias\/2026\/02\/10\/orcamento-de-famalicao-nao-satisfaz-necessidades-da-populacao-afirma-cdu\/#primaryimage"},"image":{"@id":"https:\/\/portaltela.pt\/noticias\/2026\/02\/10\/orcamento-de-famalicao-nao-satisfaz-necessidades-da-populacao-afirma-cdu\/#primaryimage"},"thumbnailUrl":"https:\/\/portaltela.pt\/s.01k8rhncp4jt1\/2026\/02\/image-786.jpg","datePublished":"2026-02-10T14:26:00+00:00","author":{"@id":"https:\/\/portaltela.pt\/#\/schema\/person\/c4278d4a6028830caff9ee44b42d32ed"},"breadcrumb":{"@id":"https:\/\/portaltela.pt\/noticias\/2026\/02\/10\/orcamento-de-famalicao-nao-satisfaz-necessidades-da-populacao-afirma-cdu\/#breadcrumb"},"inLanguage":"pt-PT","potentialAction":[{"@type":"ReadAction","target":["https:\/\/portaltela.pt\/noticias\/2026\/02\/10\/orcamento-de-famalicao-nao-satisfaz-necessidades-da-populacao-afirma-cdu\/"]}]},{"@type":"ImageObject","inLanguage":"pt-PT","@id":"https:\/\/portaltela.pt\/noticias\/2026\/02\/10\/orcamento-de-famalicao-nao-satisfaz-necessidades-da-populacao-afirma-cdu\/#primaryimage","url":"https:\/\/portaltela.pt\/s.01k8rhncp4jt1\/2026\/02\/image-786.jpg","contentUrl":"https:\/\/portaltela.pt\/s.01k8rhncp4jt1\/2026\/02\/image-786.jpg","width":796,"height":448,"caption":"Foto: C\u00e2mara Municipal de Famalic\u00e3o"},{"@type":"BreadcrumbList","@id":"https:\/\/portaltela.pt\/noticias\/2026\/02\/10\/orcamento-de-famalicao-nao-satisfaz-necessidades-da-populacao-afirma-cdu\/#breadcrumb","itemListElement":[{"@type":"ListItem","position":1,"name":"In\u00edcio","item":"https:\/\/portaltela.pt\/"},{"@type":"ListItem","position":2,"name":"Or\u00e7amento de Famalic\u00e3o n\u00e3o satisfaz necessidades da popula\u00e7\u00e3o, afirma CDU"}]},{"@type":"WebSite","@id":"https:\/\/portaltela.pt\/#website","url":"https:\/\/portaltela.pt\/","name":"Portal Tela Portugal","description":"","potentialAction":[{"@type":"SearchAction","target":{"@type":"EntryPoint","urlTemplate":"https:\/\/portaltela.pt\/?s={search_term_string}"},"query-input":{"@type":"PropertyValueSpecification","valueRequired":true,"valueName":"search_term_string"}}],"inLanguage":"pt-PT"},{"@type":"Person","@id":"https:\/\/portaltela.pt\/#\/schema\/person\/c4278d4a6028830caff9ee44b42d32ed","name":"Telinha","image":{"@type":"ImageObject","inLanguage":"pt-PT","@id":"https:\/\/portaltela.pt\/s.01k8rhncp4jt1\/2025\/11\/talking-bot-125x125.png","url":"https:\/\/portaltela.pt\/s.01k8rhncp4jt1\/2025\/11\/talking-bot-125x125.png","contentUrl":"https:\/\/portaltela.pt\/s.01k8rhncp4jt1\/2025\/11\/talking-bot-125x125.png","caption":"Telinha"},"sameAs":["https:\/\/portaltela.pt\/"],"url":"https:\/\/portaltela.pt\/por\/367410592786\/"}]}},"_links":{"self":[{"href":"https:\/\/portaltela.pt\/api\/wp\/v2\/posts\/206802","targetHints":{"allow":["GET"]}}],"collection":[{"href":"https:\/\/portaltela.pt\/api\/wp\/v2\/posts"}],"about":[{"href":"https:\/\/portaltela.pt\/api\/wp\/v2\/types\/post"}],"author":[{"embeddable":true,"href":"https:\/\/portaltela.pt\/api\/wp\/v2\/users\/2"}],"replies":[{"embeddable":true,"href":"https:\/\/portaltela.pt\/api\/wp\/v2\/comments?post=206802"}],"version-history":[{"count":0,"href":"https:\/\/portaltela.pt\/api\/wp\/v2\/posts\/206802\/revisions"}],"wp:featuredmedia":[{"embeddable":true,"href":"https:\/\/portaltela.pt\/api\/wp\/v2\/media\/206805"}],"wp:attachment":[{"href":"https:\/\/portaltela.pt\/api\/wp\/v2\/media?parent=206802"}],"wp:term":[{"taxonomy":"category","embeddable":true,"href":"https:\/\/portaltela.pt\/api\/wp\/v2\/categories?post=206802"},{"taxonomy":"post_tag","embeddable":true,"href":"https:\/\/portaltela.pt\/api\/wp\/v2\/tags?post=206802"}],"curies":[{"name":"wp","href":"https:\/\/api.w.org\/{rel}","templated":true}]}}