{"id":206798,"date":"2026-02-10T11:03:00","date_gmt":"2026-02-10T14:03:00","guid":{"rendered":"https:\/\/portaltela.pt\/noticias\/2026\/02\/10\/alunos-sem-professores-chegam-a-mais-de-158-mil-em-janeiro\/"},"modified":"2026-02-10T11:03:00","modified_gmt":"2026-02-10T14:03:00","slug":"alunos-sem-professores-chegam-a-mais-de-158-mil-em-janeiro","status":"publish","type":"post","link":"https:\/\/portaltela.pt\/noticias\/2026\/02\/10\/alunos-sem-professores-chegam-a-mais-de-158-mil-em-janeiro\/","title":{"rendered":"Alunos sem professores chegam a mais de 158 mil em janeiro"},"content":{"rendered":"<p>Nestes n\u00fameros divulgados pela Fenprof, o aumento de alunos sem aulas em janeiro resulta da indisponibilidade de docentes na reserva de recrutamento nacional. A associa\u00e7\u00e3o aponta que mais de 158 mil estudantes ficaram afetados pela indisponibilidade de professores.<\/p>\n<p>Entre janeiro de 2025 e janeiro deste ano, houve um incremento de 38,3% nos hor\u00e1rios a concurso, que passaram de 1.557 para 2.153. Paralelamente, as horas a concurso subiram quase 40%, de cerca de 28 mil para quase 40 mil.<\/p>\n<p>A Fenprof sustenta que a situa\u00e7\u00e3o se agrava pela falta de medidas do Governo, como a aprova\u00e7\u00e3o de um novo Estatuto de Carreira Docente mais atrativo. A associa\u00e7\u00e3o tamb\u00e9m assinala impacto no ensino privado e social, com sal\u00e1rios mais baixos e v\u00ednculos prec\u00e1rios.<\/p>\n<p>A organiza\u00e7\u00e3o anunciou uma caravana nacional com o lema Somos professores, damos rosto ao futuro, de 19 de fevereiro a 4 de mar\u00e7o. O percurso inicia no Porto e termina em Lisboa, com concentra\u00e7\u00f5es ao fim do trajeto no Largo Cam\u00f5es.<\/p>\n<h3>Caravana da Fenprof<\/h3>\n<p>Durante 10 dias, a caravana ir\u00e1 recolher problemas locais e exigir solu\u00e7\u00f5es junto de comunidades educativas, nos 18 distritos do continente, nas A\u00e7ores e na Madeira. O objetivo \u00e9 evidenciar a falta de professores e a degrada\u00e7\u00e3o das condi\u00e7\u00f5es de trabalho.<\/p>\n","protected":false},"excerpt":{"rendered":"<ul>\n<li>A Fenprof estimou que, em janeiro, mais de 158.130 mil alunos ficaram sem aulas devido \u00e0 falta de professores.<\/li>\n<li>A reserva de recrutamento nacional esgotou docentes, levando diretores a recorrer \u00e0 contrata\u00e7\u00e3o de escola, com 38,3% mais hor\u00e1rios a concurso (de 1.557 em janeiro de 2025 para 2.153 este ano).<\/li>\n<li>As horas a concurso tamb\u00e9m aumentaram quase 40% (de cerca de 28 mil para quase 40 mil).<\/li>\n<li>A federa\u00e7\u00e3o aponta que a degrada\u00e7\u00e3o das condi\u00e7\u00f5es de trabalho tamb\u00e9m afeta ensino privado e social, com sal\u00e1rios mais baixos e v\u00ednculos prec\u00e1rios a intensificar a fuga de docentes para o sector p\u00fablico.<\/li>\n<li>A Fenprof realiza uma caravana nacional entre 19 de fevereiro e 4 de mar\u00e7o, passando por 18 distritos do continente e pelas regi\u00f5es aut\u00f3nomas, para exigir solu\u00e7\u00f5es e discutir problemas locais.<\/li>\n<\/ul>\n","protected":false},"author":2,"featured_media":206799,"comment_status":"closed","ping_status":"closed","sticky":false,"template":"","format":"standard","meta":{"footnotes":""},"categories":[1],"tags":[163,2443,92,3389,229,97],"class_list":["post-206798","post","type-post","status-publish","format-standard","has-post-thumbnail","hentry","category-noticias","tag-educacao","tag-educacao-publica","tag-ensino","tag-falta-de-docentes","tag-politica-publica","tag-professores"],"yoast_head":"<!-- This site is optimized with the Yoast SEO plugin v27.2 - https:\/\/yoast.com\/product\/yoast-seo-wordpress\/ -->\n<title>Alunos sem professores chegam a mais de 158 mil em janeiro - Portal Tela Portugal<\/title>\n<meta name=\"robots\" content=\"index, follow, max-snippet:-1, max-image-preview:large, max-video-preview:-1\" \/>\n<meta property=\"og:locale\" content=\"pt_PT\" \/>\n<meta property=\"og:type\" content=\"article\" \/>\n<meta property=\"og:title\" content=\"Alunos sem professores chegam a mais de 158 mil em janeiro - Portal Tela Portugal\" \/>\n<meta property=\"og:description\" content=\"A Fenprof estimou que, em janeiro, mais de 158.130 mil alunos ficaram sem aulas devido \u00e0 falta de professores. A reserva de recrutamento nacional esgotou docentes, levando diretores a recorrer \u00e0 contrata\u00e7\u00e3o de escola, com 38,3% mais hor\u00e1rios a concurso (de 1.557 em janeiro de 2025 para 2.153 este ano). As horas a concurso tamb\u00e9m aumentaram quase 40% (de cerca de 28 mil para quase 40 mil). A federa\u00e7\u00e3o aponta que a degrada\u00e7\u00e3o das condi\u00e7\u00f5es de trabalho tamb\u00e9m afeta ensino privado e social, com sal\u00e1rios mais baixos e v\u00ednculos prec\u00e1rios a intensificar a fuga de docentes para o sector p\u00fablico. A Fenprof realiza uma caravana nacional entre 19 de fevereiro e 4 de mar\u00e7o, passando por 18 distritos do continente e pelas regi\u00f5es aut\u00f3nomas, para exigir solu\u00e7\u00f5es e discutir problemas locais.\" \/>\n<meta property=\"og:url\" content=\"https:\/\/portaltela.pt\/noticias\/2026\/02\/10\/alunos-sem-professores-chegam-a-mais-de-158-mil-em-janeiro\/\" \/>\n<meta property=\"og:site_name\" content=\"Portal Tela Portugal\" \/>\n<meta property=\"article:published_time\" content=\"2026-02-10T14:03:00+00:00\" \/>\n<meta name=\"author\" content=\"Telinha\" \/>\n<meta name=\"twitter:card\" content=\"summary_large_image\" \/>\n<meta name=\"twitter:label1\" content=\"Escrito por\" \/>\n\t<meta name=\"twitter:data1\" content=\"Telinha\" \/>\n\t<meta name=\"twitter:label2\" content=\"Tempo estimado de leitura\" \/>\n\t<meta name=\"twitter:data2\" content=\"1 minuto\" \/>\n<script type=\"application\/ld+json\" class=\"yoast-schema-graph\">{\"@context\":\"https:\/\/schema.org\",\"@graph\":[{\"@type\":\"Article\",\"@id\":\"https:\/\/portaltela.pt\/noticias\/2026\/02\/10\/alunos-sem-professores-chegam-a-mais-de-158-mil-em-janeiro\/#article\",\"isPartOf\":{\"@id\":\"https:\/\/portaltela.pt\/noticias\/2026\/02\/10\/alunos-sem-professores-chegam-a-mais-de-158-mil-em-janeiro\/\"},\"author\":{\"name\":\"Telinha\",\"@id\":\"https:\/\/portaltela.pt\/#\/schema\/person\/c4278d4a6028830caff9ee44b42d32ed\"},\"headline\":\"Alunos sem professores chegam a mais de 158 mil em janeiro\",\"datePublished\":\"2026-02-10T14:03:00+00:00\",\"mainEntityOfPage\":{\"@id\":\"https:\/\/portaltela.pt\/noticias\/2026\/02\/10\/alunos-sem-professores-chegam-a-mais-de-158-mil-em-janeiro\/\"},\"wordCount\":221,\"image\":{\"@id\":\"https:\/\/portaltela.pt\/noticias\/2026\/02\/10\/alunos-sem-professores-chegam-a-mais-de-158-mil-em-janeiro\/#primaryimage\"},\"thumbnailUrl\":\"https:\/\/portaltela.pt\/s.01k8rhncp4jt1\/2026\/02\/img_1500x1000uu2023-10-09-21-28-29-1462431.jpg\",\"keywords\":[\"educa\u00e7\u00e3o\",\"educa\u00e7\u00e3o p\u00fablica\",\"ensino\",\"falta de docentes\",\"pol\u00edtica p\u00fablica\",\"professores\"],\"articleSection\":[\"Not\u00edcias\"],\"inLanguage\":\"pt-PT\"},{\"@type\":\"WebPage\",\"@id\":\"https:\/\/portaltela.pt\/noticias\/2026\/02\/10\/alunos-sem-professores-chegam-a-mais-de-158-mil-em-janeiro\/\",\"url\":\"https:\/\/portaltela.pt\/noticias\/2026\/02\/10\/alunos-sem-professores-chegam-a-mais-de-158-mil-em-janeiro\/\",\"name\":\"Alunos sem professores chegam a mais de 158 mil em janeiro - Portal Tela Portugal\",\"isPartOf\":{\"@id\":\"https:\/\/portaltela.pt\/#website\"},\"primaryImageOfPage\":{\"@id\":\"https:\/\/portaltela.pt\/noticias\/2026\/02\/10\/alunos-sem-professores-chegam-a-mais-de-158-mil-em-janeiro\/#primaryimage\"},\"image\":{\"@id\":\"https:\/\/portaltela.pt\/noticias\/2026\/02\/10\/alunos-sem-professores-chegam-a-mais-de-158-mil-em-janeiro\/#primaryimage\"},\"thumbnailUrl\":\"https:\/\/portaltela.pt\/s.01k8rhncp4jt1\/2026\/02\/img_1500x1000uu2023-10-09-21-28-29-1462431.jpg\",\"datePublished\":\"2026-02-10T14:03:00+00:00\",\"author\":{\"@id\":\"https:\/\/portaltela.pt\/#\/schema\/person\/c4278d4a6028830caff9ee44b42d32ed\"},\"breadcrumb\":{\"@id\":\"https:\/\/portaltela.pt\/noticias\/2026\/02\/10\/alunos-sem-professores-chegam-a-mais-de-158-mil-em-janeiro\/#breadcrumb\"},\"inLanguage\":\"pt-PT\",\"potentialAction\":[{\"@type\":\"ReadAction\",\"target\":[\"https:\/\/portaltela.pt\/noticias\/2026\/02\/10\/alunos-sem-professores-chegam-a-mais-de-158-mil-em-janeiro\/\"]}]},{\"@type\":\"ImageObject\",\"inLanguage\":\"pt-PT\",\"@id\":\"https:\/\/portaltela.pt\/noticias\/2026\/02\/10\/alunos-sem-professores-chegam-a-mais-de-158-mil-em-janeiro\/#primaryimage\",\"url\":\"https:\/\/portaltela.pt\/s.01k8rhncp4jt1\/2026\/02\/img_1500x1000uu2023-10-09-21-28-29-1462431.jpg\",\"contentUrl\":\"https:\/\/portaltela.pt\/s.01k8rhncp4jt1\/2026\/02\/img_1500x1000uu2023-10-09-21-28-29-1462431.jpg\",\"width\":796,\"height\":448,\"caption\":\"Alunos sem professores aumentaram para mais de 158 mil em janeiro\"},{\"@type\":\"BreadcrumbList\",\"@id\":\"https:\/\/portaltela.pt\/noticias\/2026\/02\/10\/alunos-sem-professores-chegam-a-mais-de-158-mil-em-janeiro\/#breadcrumb\",\"itemListElement\":[{\"@type\":\"ListItem\",\"position\":1,\"name\":\"In\u00edcio\",\"item\":\"https:\/\/portaltela.pt\/\"},{\"@type\":\"ListItem\",\"position\":2,\"name\":\"Alunos sem professores chegam a mais de 158 mil em janeiro\"}]},{\"@type\":\"WebSite\",\"@id\":\"https:\/\/portaltela.pt\/#website\",\"url\":\"https:\/\/portaltela.pt\/\",\"name\":\"Portal Tela Portugal\",\"description\":\"\",\"potentialAction\":[{\"@type\":\"SearchAction\",\"target\":{\"@type\":\"EntryPoint\",\"urlTemplate\":\"https:\/\/portaltela.pt\/?s={search_term_string}\"},\"query-input\":{\"@type\":\"PropertyValueSpecification\",\"valueRequired\":true,\"valueName\":\"search_term_string\"}}],\"inLanguage\":\"pt-PT\"},{\"@type\":\"Person\",\"@id\":\"https:\/\/portaltela.pt\/#\/schema\/person\/c4278d4a6028830caff9ee44b42d32ed\",\"name\":\"Telinha\",\"image\":{\"@type\":\"ImageObject\",\"inLanguage\":\"pt-PT\",\"@id\":\"https:\/\/portaltela.pt\/s.01k8rhncp4jt1\/2025\/11\/talking-bot-125x125.png\",\"url\":\"https:\/\/portaltela.pt\/s.01k8rhncp4jt1\/2025\/11\/talking-bot-125x125.png\",\"contentUrl\":\"https:\/\/portaltela.pt\/s.01k8rhncp4jt1\/2025\/11\/talking-bot-125x125.png\",\"caption\":\"Telinha\"},\"sameAs\":[\"https:\/\/portaltela.pt\/\"],\"url\":\"https:\/\/portaltela.pt\/por\/367410592786\/\"}]}<\/script>\n<!-- \/ Yoast SEO plugin. -->","yoast_head_json":{"title":"Alunos sem professores chegam a mais de 158 mil em janeiro - Portal Tela Portugal","robots":{"index":"index","follow":"follow","max-snippet":"max-snippet:-1","max-image-preview":"max-image-preview:large","max-video-preview":"max-video-preview:-1"},"og_locale":"pt_PT","og_type":"article","og_title":"Alunos sem professores chegam a mais de 158 mil em janeiro - Portal Tela Portugal","og_description":"A Fenprof estimou que, em janeiro, mais de 158.130 mil alunos ficaram sem aulas devido \u00e0 falta de professores. A reserva de recrutamento nacional esgotou docentes, levando diretores a recorrer \u00e0 contrata\u00e7\u00e3o de escola, com 38,3% mais hor\u00e1rios a concurso (de 1.557 em janeiro de 2025 para 2.153 este ano). As horas a concurso tamb\u00e9m aumentaram quase 40% (de cerca de 28 mil para quase 40 mil). A federa\u00e7\u00e3o aponta que a degrada\u00e7\u00e3o das condi\u00e7\u00f5es de trabalho tamb\u00e9m afeta ensino privado e social, com sal\u00e1rios mais baixos e v\u00ednculos prec\u00e1rios a intensificar a fuga de docentes para o sector p\u00fablico. A Fenprof realiza uma caravana nacional entre 19 de fevereiro e 4 de mar\u00e7o, passando por 18 distritos do continente e pelas regi\u00f5es aut\u00f3nomas, para exigir solu\u00e7\u00f5es e discutir problemas locais.","og_url":"https:\/\/portaltela.pt\/noticias\/2026\/02\/10\/alunos-sem-professores-chegam-a-mais-de-158-mil-em-janeiro\/","og_site_name":"Portal Tela Portugal","article_published_time":"2026-02-10T14:03:00+00:00","author":"Telinha","twitter_card":"summary_large_image","twitter_misc":{"Escrito por":"Telinha","Tempo estimado de leitura":"1 minuto"},"schema":{"@context":"https:\/\/schema.org","@graph":[{"@type":"Article","@id":"https:\/\/portaltela.pt\/noticias\/2026\/02\/10\/alunos-sem-professores-chegam-a-mais-de-158-mil-em-janeiro\/#article","isPartOf":{"@id":"https:\/\/portaltela.pt\/noticias\/2026\/02\/10\/alunos-sem-professores-chegam-a-mais-de-158-mil-em-janeiro\/"},"author":{"name":"Telinha","@id":"https:\/\/portaltela.pt\/#\/schema\/person\/c4278d4a6028830caff9ee44b42d32ed"},"headline":"Alunos sem professores chegam a mais de 158 mil em janeiro","datePublished":"2026-02-10T14:03:00+00:00","mainEntityOfPage":{"@id":"https:\/\/portaltela.pt\/noticias\/2026\/02\/10\/alunos-sem-professores-chegam-a-mais-de-158-mil-em-janeiro\/"},"wordCount":221,"image":{"@id":"https:\/\/portaltela.pt\/noticias\/2026\/02\/10\/alunos-sem-professores-chegam-a-mais-de-158-mil-em-janeiro\/#primaryimage"},"thumbnailUrl":"https:\/\/portaltela.pt\/s.01k8rhncp4jt1\/2026\/02\/img_1500x1000uu2023-10-09-21-28-29-1462431.jpg","keywords":["educa\u00e7\u00e3o","educa\u00e7\u00e3o p\u00fablica","ensino","falta de docentes","pol\u00edtica p\u00fablica","professores"],"articleSection":["Not\u00edcias"],"inLanguage":"pt-PT"},{"@type":"WebPage","@id":"https:\/\/portaltela.pt\/noticias\/2026\/02\/10\/alunos-sem-professores-chegam-a-mais-de-158-mil-em-janeiro\/","url":"https:\/\/portaltela.pt\/noticias\/2026\/02\/10\/alunos-sem-professores-chegam-a-mais-de-158-mil-em-janeiro\/","name":"Alunos sem professores chegam a mais de 158 mil em janeiro - Portal Tela Portugal","isPartOf":{"@id":"https:\/\/portaltela.pt\/#website"},"primaryImageOfPage":{"@id":"https:\/\/portaltela.pt\/noticias\/2026\/02\/10\/alunos-sem-professores-chegam-a-mais-de-158-mil-em-janeiro\/#primaryimage"},"image":{"@id":"https:\/\/portaltela.pt\/noticias\/2026\/02\/10\/alunos-sem-professores-chegam-a-mais-de-158-mil-em-janeiro\/#primaryimage"},"thumbnailUrl":"https:\/\/portaltela.pt\/s.01k8rhncp4jt1\/2026\/02\/img_1500x1000uu2023-10-09-21-28-29-1462431.jpg","datePublished":"2026-02-10T14:03:00+00:00","author":{"@id":"https:\/\/portaltela.pt\/#\/schema\/person\/c4278d4a6028830caff9ee44b42d32ed"},"breadcrumb":{"@id":"https:\/\/portaltela.pt\/noticias\/2026\/02\/10\/alunos-sem-professores-chegam-a-mais-de-158-mil-em-janeiro\/#breadcrumb"},"inLanguage":"pt-PT","potentialAction":[{"@type":"ReadAction","target":["https:\/\/portaltela.pt\/noticias\/2026\/02\/10\/alunos-sem-professores-chegam-a-mais-de-158-mil-em-janeiro\/"]}]},{"@type":"ImageObject","inLanguage":"pt-PT","@id":"https:\/\/portaltela.pt\/noticias\/2026\/02\/10\/alunos-sem-professores-chegam-a-mais-de-158-mil-em-janeiro\/#primaryimage","url":"https:\/\/portaltela.pt\/s.01k8rhncp4jt1\/2026\/02\/img_1500x1000uu2023-10-09-21-28-29-1462431.jpg","contentUrl":"https:\/\/portaltela.pt\/s.01k8rhncp4jt1\/2026\/02\/img_1500x1000uu2023-10-09-21-28-29-1462431.jpg","width":796,"height":448,"caption":"Alunos sem professores aumentaram para mais de 158 mil em janeiro"},{"@type":"BreadcrumbList","@id":"https:\/\/portaltela.pt\/noticias\/2026\/02\/10\/alunos-sem-professores-chegam-a-mais-de-158-mil-em-janeiro\/#breadcrumb","itemListElement":[{"@type":"ListItem","position":1,"name":"In\u00edcio","item":"https:\/\/portaltela.pt\/"},{"@type":"ListItem","position":2,"name":"Alunos sem professores chegam a mais de 158 mil em janeiro"}]},{"@type":"WebSite","@id":"https:\/\/portaltela.pt\/#website","url":"https:\/\/portaltela.pt\/","name":"Portal Tela Portugal","description":"","potentialAction":[{"@type":"SearchAction","target":{"@type":"EntryPoint","urlTemplate":"https:\/\/portaltela.pt\/?s={search_term_string}"},"query-input":{"@type":"PropertyValueSpecification","valueRequired":true,"valueName":"search_term_string"}}],"inLanguage":"pt-PT"},{"@type":"Person","@id":"https:\/\/portaltela.pt\/#\/schema\/person\/c4278d4a6028830caff9ee44b42d32ed","name":"Telinha","image":{"@type":"ImageObject","inLanguage":"pt-PT","@id":"https:\/\/portaltela.pt\/s.01k8rhncp4jt1\/2025\/11\/talking-bot-125x125.png","url":"https:\/\/portaltela.pt\/s.01k8rhncp4jt1\/2025\/11\/talking-bot-125x125.png","contentUrl":"https:\/\/portaltela.pt\/s.01k8rhncp4jt1\/2025\/11\/talking-bot-125x125.png","caption":"Telinha"},"sameAs":["https:\/\/portaltela.pt\/"],"url":"https:\/\/portaltela.pt\/por\/367410592786\/"}]}},"_links":{"self":[{"href":"https:\/\/portaltela.pt\/api\/wp\/v2\/posts\/206798","targetHints":{"allow":["GET"]}}],"collection":[{"href":"https:\/\/portaltela.pt\/api\/wp\/v2\/posts"}],"about":[{"href":"https:\/\/portaltela.pt\/api\/wp\/v2\/types\/post"}],"author":[{"embeddable":true,"href":"https:\/\/portaltela.pt\/api\/wp\/v2\/users\/2"}],"replies":[{"embeddable":true,"href":"https:\/\/portaltela.pt\/api\/wp\/v2\/comments?post=206798"}],"version-history":[{"count":0,"href":"https:\/\/portaltela.pt\/api\/wp\/v2\/posts\/206798\/revisions"}],"wp:featuredmedia":[{"embeddable":true,"href":"https:\/\/portaltela.pt\/api\/wp\/v2\/media\/206799"}],"wp:attachment":[{"href":"https:\/\/portaltela.pt\/api\/wp\/v2\/media?parent=206798"}],"wp:term":[{"taxonomy":"category","embeddable":true,"href":"https:\/\/portaltela.pt\/api\/wp\/v2\/categories?post=206798"},{"taxonomy":"post_tag","embeddable":true,"href":"https:\/\/portaltela.pt\/api\/wp\/v2\/tags?post=206798"}],"curies":[{"name":"wp","href":"https:\/\/api.w.org\/{rel}","templated":true}]}}