{"id":206727,"date":"2026-02-10T10:30:12","date_gmt":"2026-02-10T13:30:12","guid":{"rendered":"https:\/\/portaltela.pt\/noticias\/2026\/02\/10\/parlamento-europeu-confirma-acordo-para-reduzir-emissoes-em-90-ate-2040-2\/"},"modified":"2026-02-10T10:30:12","modified_gmt":"2026-02-10T13:30:12","slug":"parlamento-europeu-confirma-acordo-para-reduzir-emissoes-em-90-ate-2040-2","status":"publish","type":"post","link":"https:\/\/portaltela.pt\/noticias\/2026\/02\/10\/parlamento-europeu-confirma-acordo-para-reduzir-emissoes-em-90-ate-2040-2\/","title":{"rendered":"Parlamento Europeu confirma acordo para reduzir emiss\u00f5es em 90% at\u00e9 2040"},"content":{"rendered":"<p>O Parlamento Europeu confirmou hoje o acordo com o Conselho da UE para reduzir as emiss\u00f5es de gases com efeito de estufa em 90% at\u00e9 2040, com vista \u00e0 neutralidade clim\u00e1tica em 2050. A Lei do Clima da UE ser\u00e1 alterada para refletir este objetivo interm\u00e9dio.<\/p>\n<p>O acordo, alcan\u00e7ado originalmente em 10 de dezembro de 2025, foi aprovado por 413 votos a favor, 226 contra e 12 absten\u00e7\u00f5es no plen\u00e1rio. A entrada em vigor depende ainda da aprova\u00e7\u00e3o final pelo Conselho da UE.<\/p>\n<p>A flexibiliza\u00e7\u00e3o permite medir a meta de 2040 atrav\u00e9s de redu\u00e7\u00f5es l\u00edquidas e, a partir de 2036, at\u00e9 cinco pontos percentuais podem provir de cr\u00e9ditos de carbono internacionais de alta qualidade, de pa\u00edses parceiros compat\u00edveis com o Acordo de Paris. Pa\u00edses PALOP podem ver projetos locais contados para a meta portuguesa.<\/p>\n<p>O Parlamento adicionou salvaguardas para evitar financiar iniciativas contr\u00e1rias aos interesses estrat\u00e9gicos da UE. A avalia\u00e7\u00e3o a dois em dois anos, pela Comiss\u00e3o Europeia, pode levar a altera\u00e7\u00f5es da meta de 2040 ou a medidas adicionais para manter estabilidade social, econ\u00f3mica e energ\u00e9tica da UE.<\/p>\n<p>A Lei Europeia do Clima, aprovada em 2021 durante a presid\u00eancia portuguesa, fixa neutralidade em 2050 e uma meta de redu\u00e7\u00e3o de 55% at\u00e9 2030. Em julho de 2025, a Comiss\u00e3o prop\u00f4s confirmar a meta de 2040, hoje aprovada pelo Parlamento.<\/p>\n","protected":false},"excerpt":{"rendered":"<ul>\n<li>O Parlamento Europeu confirmou, em plen\u00e1rio, o acordo com o Conselho da UE para reduzir 90% das emiss\u00f5es de gases com efeito de estufa at\u00e9 2040, visando a neutralidade clim\u00e1tica at\u00e9 2050.<\/li>\n<li>A medida altera a Lei do Clima da Uni\u00e3o Europeia, aprovada pela primeira vez em junho de 2021, com uma meta interm\u00e9dia de redu\u00e7\u00e3o para 2030 de 55%.<\/li>\n<li>A aprova\u00e7\u00e3o no parlamento ocorreu com 413 votos a favor, 226 contra e 12 absten\u00e7\u00f5es; falta ainda a aprova\u00e7\u00e3o final pelo Conselho da UE.<\/li>\n<li>O acordo permite, a partir de 2036, at\u00e9 cinco pontos percentuais de redu\u00e7\u00f5es l\u00edquidas atrav\u00e9s de cr\u00e9ditos de carbono internacionais de elevada qualidade de pa\u00edses parceiros.<\/li>\n<li>Existem salvaguardas para evitar financiamentos que contrariem interesses estrat\u00e9gicos da UE; a Comiss\u00e3o Europeia far\u00e1 avalia\u00e7\u00f5es bienais que podem ajustar a meta de 2040 conforme dados cient\u00edficos, tecnologia e pre\u00e7os da energia.<\/li>\n<\/ul>\n","protected":false},"author":2,"featured_media":206735,"comment_status":"closed","ping_status":"closed","sticky":false,"template":"","format":"standard","meta":{"footnotes":""},"categories":[1],"tags":[2053,1241,2487,1843,5698,229],"class_list":["post-206727","post","type-post","status-publish","format-standard","has-post-thumbnail","hentry","category-noticias","tag-acao-climatica","tag-emissoes-de-gases-de-estufa","tag-europa","tag-neutralidade-carbonica","tag-politica-internacional","tag-politica-publica"],"yoast_head":"<!-- This site is optimized with the Yoast SEO plugin v27.2 - https:\/\/yoast.com\/product\/yoast-seo-wordpress\/ -->\n<title>Parlamento Europeu confirma acordo para reduzir emiss\u00f5es em 90% at\u00e9 2040 - Portal Tela Portugal<\/title>\n<meta name=\"robots\" content=\"index, follow, max-snippet:-1, max-image-preview:large, max-video-preview:-1\" \/>\n<meta property=\"og:locale\" content=\"pt_PT\" \/>\n<meta property=\"og:type\" content=\"article\" \/>\n<meta property=\"og:title\" content=\"Parlamento Europeu confirma acordo para reduzir emiss\u00f5es em 90% at\u00e9 2040 - Portal Tela Portugal\" \/>\n<meta property=\"og:description\" content=\"O Parlamento Europeu confirmou, em plen\u00e1rio, o acordo com o Conselho da UE para reduzir 90% das emiss\u00f5es de gases com efeito de estufa at\u00e9 2040, visando a neutralidade clim\u00e1tica at\u00e9 2050. A medida altera a Lei do Clima da Uni\u00e3o Europeia, aprovada pela primeira vez em junho de 2021, com uma meta interm\u00e9dia de redu\u00e7\u00e3o para 2030 de 55%. A aprova\u00e7\u00e3o no parlamento ocorreu com 413 votos a favor, 226 contra e 12 absten\u00e7\u00f5es; falta ainda a aprova\u00e7\u00e3o final pelo Conselho da UE. O acordo permite, a partir de 2036, at\u00e9 cinco pontos percentuais de redu\u00e7\u00f5es l\u00edquidas atrav\u00e9s de cr\u00e9ditos de carbono internacionais de elevada qualidade de pa\u00edses parceiros. Existem salvaguardas para evitar financiamentos que contrariem interesses estrat\u00e9gicos da UE; a Comiss\u00e3o Europeia far\u00e1 avalia\u00e7\u00f5es bienais que podem ajustar a meta de 2040 conforme dados cient\u00edficos, tecnologia e pre\u00e7os da energia.\" \/>\n<meta property=\"og:url\" content=\"https:\/\/portaltela.pt\/noticias\/2026\/02\/10\/parlamento-europeu-confirma-acordo-para-reduzir-emissoes-em-90-ate-2040-2\/\" \/>\n<meta property=\"og:site_name\" content=\"Portal Tela Portugal\" \/>\n<meta property=\"article:published_time\" content=\"2026-02-10T13:30:12+00:00\" \/>\n<meta name=\"author\" content=\"Telinha\" \/>\n<meta name=\"twitter:card\" content=\"summary_large_image\" \/>\n<meta name=\"twitter:label1\" content=\"Escrito por\" \/>\n\t<meta name=\"twitter:data1\" content=\"Telinha\" \/>\n\t<meta name=\"twitter:label2\" content=\"Tempo estimado de leitura\" \/>\n\t<meta name=\"twitter:data2\" content=\"1 minuto\" \/>\n<script type=\"application\/ld+json\" class=\"yoast-schema-graph\">{\"@context\":\"https:\/\/schema.org\",\"@graph\":[{\"@type\":\"Article\",\"@id\":\"https:\/\/portaltela.pt\/noticias\/2026\/02\/10\/parlamento-europeu-confirma-acordo-para-reduzir-emissoes-em-90-ate-2040-2\/#article\",\"isPartOf\":{\"@id\":\"https:\/\/portaltela.pt\/noticias\/2026\/02\/10\/parlamento-europeu-confirma-acordo-para-reduzir-emissoes-em-90-ate-2040-2\/\"},\"author\":{\"name\":\"Telinha\",\"@id\":\"https:\/\/portaltela.pt\/#\/schema\/person\/c4278d4a6028830caff9ee44b42d32ed\"},\"headline\":\"Parlamento Europeu confirma acordo para reduzir emiss\u00f5es em 90% at\u00e9 2040\",\"datePublished\":\"2026-02-10T13:30:12+00:00\",\"mainEntityOfPage\":{\"@id\":\"https:\/\/portaltela.pt\/noticias\/2026\/02\/10\/parlamento-europeu-confirma-acordo-para-reduzir-emissoes-em-90-ate-2040-2\/\"},\"wordCount\":238,\"image\":{\"@id\":\"https:\/\/portaltela.pt\/noticias\/2026\/02\/10\/parlamento-europeu-confirma-acordo-para-reduzir-emissoes-em-90-ate-2040-2\/#primaryimage\"},\"thumbnailUrl\":\"https:\/\/portaltela.pt\/s.01k8rhncp4jt1\/2026\/02\/img_1500x1000uu2024-04-10-23-56-30-1624761.jpg\",\"keywords\":[\"A\u00e7\u00e3o Clim\u00e1tica\",\"Emiss\u00f5es de Gases de Estufa\",\"Europa\",\"neutralidade carb\u00f3nica\",\"pol\u00edtica internacional\",\"pol\u00edtica p\u00fablica\"],\"articleSection\":[\"Not\u00edcias\"],\"inLanguage\":\"pt-PT\"},{\"@type\":\"WebPage\",\"@id\":\"https:\/\/portaltela.pt\/noticias\/2026\/02\/10\/parlamento-europeu-confirma-acordo-para-reduzir-emissoes-em-90-ate-2040-2\/\",\"url\":\"https:\/\/portaltela.pt\/noticias\/2026\/02\/10\/parlamento-europeu-confirma-acordo-para-reduzir-emissoes-em-90-ate-2040-2\/\",\"name\":\"Parlamento Europeu confirma acordo para reduzir emiss\u00f5es em 90% at\u00e9 2040 - Portal Tela Portugal\",\"isPartOf\":{\"@id\":\"https:\/\/portaltela.pt\/#website\"},\"primaryImageOfPage\":{\"@id\":\"https:\/\/portaltela.pt\/noticias\/2026\/02\/10\/parlamento-europeu-confirma-acordo-para-reduzir-emissoes-em-90-ate-2040-2\/#primaryimage\"},\"image\":{\"@id\":\"https:\/\/portaltela.pt\/noticias\/2026\/02\/10\/parlamento-europeu-confirma-acordo-para-reduzir-emissoes-em-90-ate-2040-2\/#primaryimage\"},\"thumbnailUrl\":\"https:\/\/portaltela.pt\/s.01k8rhncp4jt1\/2026\/02\/img_1500x1000uu2024-04-10-23-56-30-1624761.jpg\",\"datePublished\":\"2026-02-10T13:30:12+00:00\",\"author\":{\"@id\":\"https:\/\/portaltela.pt\/#\/schema\/person\/c4278d4a6028830caff9ee44b42d32ed\"},\"breadcrumb\":{\"@id\":\"https:\/\/portaltela.pt\/noticias\/2026\/02\/10\/parlamento-europeu-confirma-acordo-para-reduzir-emissoes-em-90-ate-2040-2\/#breadcrumb\"},\"inLanguage\":\"pt-PT\",\"potentialAction\":[{\"@type\":\"ReadAction\",\"target\":[\"https:\/\/portaltela.pt\/noticias\/2026\/02\/10\/parlamento-europeu-confirma-acordo-para-reduzir-emissoes-em-90-ate-2040-2\/\"]}]},{\"@type\":\"ImageObject\",\"inLanguage\":\"pt-PT\",\"@id\":\"https:\/\/portaltela.pt\/noticias\/2026\/02\/10\/parlamento-europeu-confirma-acordo-para-reduzir-emissoes-em-90-ate-2040-2\/#primaryimage\",\"url\":\"https:\/\/portaltela.pt\/s.01k8rhncp4jt1\/2026\/02\/img_1500x1000uu2024-04-10-23-56-30-1624761.jpg\",\"contentUrl\":\"https:\/\/portaltela.pt\/s.01k8rhncp4jt1\/2026\/02\/img_1500x1000uu2024-04-10-23-56-30-1624761.jpg\",\"width\":796,\"height\":448,\"caption\":\"Parlamento Europeu\"},{\"@type\":\"BreadcrumbList\",\"@id\":\"https:\/\/portaltela.pt\/noticias\/2026\/02\/10\/parlamento-europeu-confirma-acordo-para-reduzir-emissoes-em-90-ate-2040-2\/#breadcrumb\",\"itemListElement\":[{\"@type\":\"ListItem\",\"position\":1,\"name\":\"In\u00edcio\",\"item\":\"https:\/\/portaltela.pt\/\"},{\"@type\":\"ListItem\",\"position\":2,\"name\":\"Parlamento Europeu confirma acordo para reduzir emiss\u00f5es em 90% at\u00e9 2040\"}]},{\"@type\":\"WebSite\",\"@id\":\"https:\/\/portaltela.pt\/#website\",\"url\":\"https:\/\/portaltela.pt\/\",\"name\":\"Portal Tela Portugal\",\"description\":\"\",\"potentialAction\":[{\"@type\":\"SearchAction\",\"target\":{\"@type\":\"EntryPoint\",\"urlTemplate\":\"https:\/\/portaltela.pt\/?s={search_term_string}\"},\"query-input\":{\"@type\":\"PropertyValueSpecification\",\"valueRequired\":true,\"valueName\":\"search_term_string\"}}],\"inLanguage\":\"pt-PT\"},{\"@type\":\"Person\",\"@id\":\"https:\/\/portaltela.pt\/#\/schema\/person\/c4278d4a6028830caff9ee44b42d32ed\",\"name\":\"Telinha\",\"image\":{\"@type\":\"ImageObject\",\"inLanguage\":\"pt-PT\",\"@id\":\"https:\/\/portaltela.pt\/s.01k8rhncp4jt1\/2025\/11\/talking-bot-125x125.png\",\"url\":\"https:\/\/portaltela.pt\/s.01k8rhncp4jt1\/2025\/11\/talking-bot-125x125.png\",\"contentUrl\":\"https:\/\/portaltela.pt\/s.01k8rhncp4jt1\/2025\/11\/talking-bot-125x125.png\",\"caption\":\"Telinha\"},\"sameAs\":[\"https:\/\/portaltela.pt\/\"],\"url\":\"https:\/\/portaltela.pt\/por\/367410592786\/\"}]}<\/script>\n<!-- \/ Yoast SEO plugin. -->","yoast_head_json":{"title":"Parlamento Europeu confirma acordo para reduzir emiss\u00f5es em 90% at\u00e9 2040 - Portal Tela Portugal","robots":{"index":"index","follow":"follow","max-snippet":"max-snippet:-1","max-image-preview":"max-image-preview:large","max-video-preview":"max-video-preview:-1"},"og_locale":"pt_PT","og_type":"article","og_title":"Parlamento Europeu confirma acordo para reduzir emiss\u00f5es em 90% at\u00e9 2040 - Portal Tela Portugal","og_description":"O Parlamento Europeu confirmou, em plen\u00e1rio, o acordo com o Conselho da UE para reduzir 90% das emiss\u00f5es de gases com efeito de estufa at\u00e9 2040, visando a neutralidade clim\u00e1tica at\u00e9 2050. A medida altera a Lei do Clima da Uni\u00e3o Europeia, aprovada pela primeira vez em junho de 2021, com uma meta interm\u00e9dia de redu\u00e7\u00e3o para 2030 de 55%. A aprova\u00e7\u00e3o no parlamento ocorreu com 413 votos a favor, 226 contra e 12 absten\u00e7\u00f5es; falta ainda a aprova\u00e7\u00e3o final pelo Conselho da UE. O acordo permite, a partir de 2036, at\u00e9 cinco pontos percentuais de redu\u00e7\u00f5es l\u00edquidas atrav\u00e9s de cr\u00e9ditos de carbono internacionais de elevada qualidade de pa\u00edses parceiros. Existem salvaguardas para evitar financiamentos que contrariem interesses estrat\u00e9gicos da UE; a Comiss\u00e3o Europeia far\u00e1 avalia\u00e7\u00f5es bienais que podem ajustar a meta de 2040 conforme dados cient\u00edficos, tecnologia e pre\u00e7os da energia.","og_url":"https:\/\/portaltela.pt\/noticias\/2026\/02\/10\/parlamento-europeu-confirma-acordo-para-reduzir-emissoes-em-90-ate-2040-2\/","og_site_name":"Portal Tela Portugal","article_published_time":"2026-02-10T13:30:12+00:00","author":"Telinha","twitter_card":"summary_large_image","twitter_misc":{"Escrito por":"Telinha","Tempo estimado de leitura":"1 minuto"},"schema":{"@context":"https:\/\/schema.org","@graph":[{"@type":"Article","@id":"https:\/\/portaltela.pt\/noticias\/2026\/02\/10\/parlamento-europeu-confirma-acordo-para-reduzir-emissoes-em-90-ate-2040-2\/#article","isPartOf":{"@id":"https:\/\/portaltela.pt\/noticias\/2026\/02\/10\/parlamento-europeu-confirma-acordo-para-reduzir-emissoes-em-90-ate-2040-2\/"},"author":{"name":"Telinha","@id":"https:\/\/portaltela.pt\/#\/schema\/person\/c4278d4a6028830caff9ee44b42d32ed"},"headline":"Parlamento Europeu confirma acordo para reduzir emiss\u00f5es em 90% at\u00e9 2040","datePublished":"2026-02-10T13:30:12+00:00","mainEntityOfPage":{"@id":"https:\/\/portaltela.pt\/noticias\/2026\/02\/10\/parlamento-europeu-confirma-acordo-para-reduzir-emissoes-em-90-ate-2040-2\/"},"wordCount":238,"image":{"@id":"https:\/\/portaltela.pt\/noticias\/2026\/02\/10\/parlamento-europeu-confirma-acordo-para-reduzir-emissoes-em-90-ate-2040-2\/#primaryimage"},"thumbnailUrl":"https:\/\/portaltela.pt\/s.01k8rhncp4jt1\/2026\/02\/img_1500x1000uu2024-04-10-23-56-30-1624761.jpg","keywords":["A\u00e7\u00e3o Clim\u00e1tica","Emiss\u00f5es de Gases de Estufa","Europa","neutralidade carb\u00f3nica","pol\u00edtica internacional","pol\u00edtica p\u00fablica"],"articleSection":["Not\u00edcias"],"inLanguage":"pt-PT"},{"@type":"WebPage","@id":"https:\/\/portaltela.pt\/noticias\/2026\/02\/10\/parlamento-europeu-confirma-acordo-para-reduzir-emissoes-em-90-ate-2040-2\/","url":"https:\/\/portaltela.pt\/noticias\/2026\/02\/10\/parlamento-europeu-confirma-acordo-para-reduzir-emissoes-em-90-ate-2040-2\/","name":"Parlamento Europeu confirma acordo para reduzir emiss\u00f5es em 90% at\u00e9 2040 - Portal Tela Portugal","isPartOf":{"@id":"https:\/\/portaltela.pt\/#website"},"primaryImageOfPage":{"@id":"https:\/\/portaltela.pt\/noticias\/2026\/02\/10\/parlamento-europeu-confirma-acordo-para-reduzir-emissoes-em-90-ate-2040-2\/#primaryimage"},"image":{"@id":"https:\/\/portaltela.pt\/noticias\/2026\/02\/10\/parlamento-europeu-confirma-acordo-para-reduzir-emissoes-em-90-ate-2040-2\/#primaryimage"},"thumbnailUrl":"https:\/\/portaltela.pt\/s.01k8rhncp4jt1\/2026\/02\/img_1500x1000uu2024-04-10-23-56-30-1624761.jpg","datePublished":"2026-02-10T13:30:12+00:00","author":{"@id":"https:\/\/portaltela.pt\/#\/schema\/person\/c4278d4a6028830caff9ee44b42d32ed"},"breadcrumb":{"@id":"https:\/\/portaltela.pt\/noticias\/2026\/02\/10\/parlamento-europeu-confirma-acordo-para-reduzir-emissoes-em-90-ate-2040-2\/#breadcrumb"},"inLanguage":"pt-PT","potentialAction":[{"@type":"ReadAction","target":["https:\/\/portaltela.pt\/noticias\/2026\/02\/10\/parlamento-europeu-confirma-acordo-para-reduzir-emissoes-em-90-ate-2040-2\/"]}]},{"@type":"ImageObject","inLanguage":"pt-PT","@id":"https:\/\/portaltela.pt\/noticias\/2026\/02\/10\/parlamento-europeu-confirma-acordo-para-reduzir-emissoes-em-90-ate-2040-2\/#primaryimage","url":"https:\/\/portaltela.pt\/s.01k8rhncp4jt1\/2026\/02\/img_1500x1000uu2024-04-10-23-56-30-1624761.jpg","contentUrl":"https:\/\/portaltela.pt\/s.01k8rhncp4jt1\/2026\/02\/img_1500x1000uu2024-04-10-23-56-30-1624761.jpg","width":796,"height":448,"caption":"Parlamento Europeu"},{"@type":"BreadcrumbList","@id":"https:\/\/portaltela.pt\/noticias\/2026\/02\/10\/parlamento-europeu-confirma-acordo-para-reduzir-emissoes-em-90-ate-2040-2\/#breadcrumb","itemListElement":[{"@type":"ListItem","position":1,"name":"In\u00edcio","item":"https:\/\/portaltela.pt\/"},{"@type":"ListItem","position":2,"name":"Parlamento Europeu confirma acordo para reduzir emiss\u00f5es em 90% at\u00e9 2040"}]},{"@type":"WebSite","@id":"https:\/\/portaltela.pt\/#website","url":"https:\/\/portaltela.pt\/","name":"Portal Tela Portugal","description":"","potentialAction":[{"@type":"SearchAction","target":{"@type":"EntryPoint","urlTemplate":"https:\/\/portaltela.pt\/?s={search_term_string}"},"query-input":{"@type":"PropertyValueSpecification","valueRequired":true,"valueName":"search_term_string"}}],"inLanguage":"pt-PT"},{"@type":"Person","@id":"https:\/\/portaltela.pt\/#\/schema\/person\/c4278d4a6028830caff9ee44b42d32ed","name":"Telinha","image":{"@type":"ImageObject","inLanguage":"pt-PT","@id":"https:\/\/portaltela.pt\/s.01k8rhncp4jt1\/2025\/11\/talking-bot-125x125.png","url":"https:\/\/portaltela.pt\/s.01k8rhncp4jt1\/2025\/11\/talking-bot-125x125.png","contentUrl":"https:\/\/portaltela.pt\/s.01k8rhncp4jt1\/2025\/11\/talking-bot-125x125.png","caption":"Telinha"},"sameAs":["https:\/\/portaltela.pt\/"],"url":"https:\/\/portaltela.pt\/por\/367410592786\/"}]}},"_links":{"self":[{"href":"https:\/\/portaltela.pt\/api\/wp\/v2\/posts\/206727","targetHints":{"allow":["GET"]}}],"collection":[{"href":"https:\/\/portaltela.pt\/api\/wp\/v2\/posts"}],"about":[{"href":"https:\/\/portaltela.pt\/api\/wp\/v2\/types\/post"}],"author":[{"embeddable":true,"href":"https:\/\/portaltela.pt\/api\/wp\/v2\/users\/2"}],"replies":[{"embeddable":true,"href":"https:\/\/portaltela.pt\/api\/wp\/v2\/comments?post=206727"}],"version-history":[{"count":0,"href":"https:\/\/portaltela.pt\/api\/wp\/v2\/posts\/206727\/revisions"}],"wp:featuredmedia":[{"embeddable":true,"href":"https:\/\/portaltela.pt\/api\/wp\/v2\/media\/206735"}],"wp:attachment":[{"href":"https:\/\/portaltela.pt\/api\/wp\/v2\/media?parent=206727"}],"wp:term":[{"taxonomy":"category","embeddable":true,"href":"https:\/\/portaltela.pt\/api\/wp\/v2\/categories?post=206727"},{"taxonomy":"post_tag","embeddable":true,"href":"https:\/\/portaltela.pt\/api\/wp\/v2\/tags?post=206727"}],"curies":[{"name":"wp","href":"https:\/\/api.w.org\/{rel}","templated":true}]}}