{"id":206689,"date":"2026-02-10T09:40:00","date_gmt":"2026-02-10T12:40:00","guid":{"rendered":"https:\/\/portaltela.pt\/noticias\/2026\/02\/10\/coi-bloqueia-ucraniano-de-usar-capacete-em-homenagem-a-atletas-mortos-na-guerra\/"},"modified":"2026-02-10T09:40:00","modified_gmt":"2026-02-10T12:40:00","slug":"coi-bloqueia-ucraniano-de-usar-capacete-em-homenagem-a-atletas-mortos-na-guerra","status":"publish","type":"post","link":"https:\/\/portaltela.pt\/desporto\/2026\/02\/10\/coi-bloqueia-ucraniano-de-usar-capacete-em-homenagem-a-atletas-mortos-na-guerra\/","title":{"rendered":"COI bloqueia ucraniano de usar capacete em homenagem a atletas mortos na guerra"},"content":{"rendered":"<p>O Comit\u00e9 Ol\u00edmpico Internacional (COI) n\u00e3o permitiu que o atleta ucraniano Vladyslav Heraskevych use o capacete que fez mem\u00f3ria a atletas mortos na guerra, durante a prova de skeleton dos Jogos Ol\u00edmpicos de Inverno. Em vez disso, o COI autorizou apenas uma bra\u00e7adeira negra para a homenagem.<\/p>\n<p>O atleta de 27 anos, que j\u00e1 exibiu um cartaz com a mensagem No War in Ukraine em Pequim 2022 e treinou com imagens de compatriotas falecidos, v\u00ea o capacete interditado durante as competi\u00e7\u00f5es a partir de agora. O objetivo \u00e9 manter a pol\u00edtica afastada dos campos de competi\u00e7\u00e3o.<\/p>\n<p>Segundo o COI, Heraskevych usou o capacete em treinos e divulgou express\u00f5es de opini\u00e3o nas redes sociais, o que levou \u00e0 decis\u00e3o de n\u00e3o permitir o uso durante a competi\u00e7\u00e3o que come\u00e7a na quinta-feira. O \u00f3rg\u00e3o aponta o cumprimento das regras para preservar a concentra\u00e7\u00e3o dos atletas.<\/p>\n<p>O porta-voz Mark Adams explicou que a regra 50.2 da Carta Ol\u00edmpica pro\u00edbe manifesta\u00e7\u00f5es pol\u00edticas, religiosas ou raciais nos campos de competi\u00e7\u00e3o e p\u00f3dios, ainda que os atletas possam expressar-se noutras situa\u00e7\u00f5es. O COI considerou o gesto em desacordo com as diretrizes.<\/p>\n<p>Heraskevych reagiu, afirmando que o tratamento \u00e9 injusto e que n\u00e3o houve viola\u00e7\u00e3o da regra 50. A diplomacia ol\u00edmpica sustenta que a bra\u00e7adeira negra ser\u00e1 uma forma de reconhecer a mem\u00f3ria dos colegas sem interferir na competi\u00e7\u00e3o. A decis\u00e3o n\u00e3o aponta conclus\u00e3o ou opini\u00e3o adicional.<\/p>\n","protected":false},"excerpt":{"rendered":"<ul>\n<li>O Comit\u00e9 Ol\u00edmpico Internacional (COI) proibiu o ucraniano Vladyslav Heraskevych de usar o seu capacete em mem\u00f3ria durante a competi\u00e7\u00e3o de skeleton nos Jogos Ol\u00edmpicos de Inverno, oferecendo-lhe, em alternativa, usar uma bra\u00e7adeira negra.<\/li>\n<li>Heraskevych, 27 anos, treinou em It\u00e1lia com um capacete que traz imagens de atletas ucranianos mortos na guerra e j\u00e1 tinha exibido uma mensagem nas redes sociais a apoiar a Ucr\u00e2nia.<\/li>\n<li>A decis\u00e3o baseia-se na Regra 50.2 da Carta Ol\u00edmpica, que impede qualquer forma de manifesta\u00e7\u00e3o pol\u00edtica, religiosa ou racial nos campos de competi\u00e7\u00e3o ou nos p\u00f3dios; o COI permite apenas a bra\u00e7adeira negra como exce\u00e7\u00e3o.<\/li>\n<li>O porta-voz Mark Adams afirmou que o COI procurou responder ao desejo de recordar os mortos com compaix\u00e3o, mantendo o espa\u00e7o de competi\u00e7\u00e3o livre de interfer\u00eancias.<\/li>\n<li>Heraskevych considera o tratamento injusto, dizendo que n\u00e3o houve viola\u00e7\u00e3o da regra 50 e que o capacete n\u00e3o era propaganda nem quest\u00e3o pol\u00edtica; o COI justificou a decis\u00e3o pela necessidade de um momento de pureza na competi\u00e7\u00e3o.<\/li>\n<\/ul>\n","protected":false},"author":2,"featured_media":206694,"comment_status":"closed","ping_status":"closed","sticky":false,"template":"","format":"standard","meta":{"footnotes":""},"categories":[21],"tags":[4688,152,2619,2920,5698,2857],"class_list":["post-206689","post","type-post","status-publish","format-standard","has-post-thumbnail","hentry","category-desporto","tag-comite-olimpico-internacional","tag-desporto","tag-desportos-internacionais","tag-liberdade-de-expressao","tag-politica-internacional","tag-protestos"],"yoast_head":"<!-- This site is optimized with the Yoast SEO plugin v27.2 - https:\/\/yoast.com\/product\/yoast-seo-wordpress\/ -->\n<title>COI bloqueia ucraniano de usar capacete em homenagem a atletas mortos na guerra - Portal Tela Portugal<\/title>\n<meta name=\"robots\" content=\"index, follow, max-snippet:-1, max-image-preview:large, max-video-preview:-1\" \/>\n<meta property=\"og:locale\" content=\"pt_PT\" \/>\n<meta property=\"og:type\" content=\"article\" \/>\n<meta property=\"og:title\" content=\"COI bloqueia ucraniano de usar capacete em homenagem a atletas mortos na guerra - Portal Tela Portugal\" \/>\n<meta property=\"og:description\" content=\"O Comit\u00e9 Ol\u00edmpico Internacional (COI) proibiu o ucraniano Vladyslav Heraskevych de usar o seu capacete em mem\u00f3ria durante a competi\u00e7\u00e3o de skeleton nos Jogos Ol\u00edmpicos de Inverno, oferecendo-lhe, em alternativa, usar uma bra\u00e7adeira negra. Heraskevych, 27 anos, treinou em It\u00e1lia com um capacete que traz imagens de atletas ucranianos mortos na guerra e j\u00e1 tinha exibido uma mensagem nas redes sociais a apoiar a Ucr\u00e2nia. A decis\u00e3o baseia-se na Regra 50.2 da Carta Ol\u00edmpica, que impede qualquer forma de manifesta\u00e7\u00e3o pol\u00edtica, religiosa ou racial nos campos de competi\u00e7\u00e3o ou nos p\u00f3dios; o COI permite apenas a bra\u00e7adeira negra como exce\u00e7\u00e3o. O porta-voz Mark Adams afirmou que o COI procurou responder ao desejo de recordar os mortos com compaix\u00e3o, mantendo o espa\u00e7o de competi\u00e7\u00e3o livre de interfer\u00eancias. Heraskevych considera o tratamento injusto, dizendo que n\u00e3o houve viola\u00e7\u00e3o da regra 50 e que o capacete n\u00e3o era propaganda nem quest\u00e3o pol\u00edtica; o COI justificou a decis\u00e3o pela necessidade de um momento de pureza na competi\u00e7\u00e3o.\" \/>\n<meta property=\"og:url\" content=\"https:\/\/portaltela.pt\/noticias\/2026\/02\/10\/coi-bloqueia-ucraniano-de-usar-capacete-em-homenagem-a-atletas-mortos-na-guerra\/\" \/>\n<meta property=\"og:site_name\" content=\"Portal Tela Portugal\" \/>\n<meta property=\"article:published_time\" content=\"2026-02-10T12:40:00+00:00\" \/>\n<meta name=\"author\" content=\"Telinha\" \/>\n<meta name=\"twitter:card\" content=\"summary_large_image\" \/>\n<meta name=\"twitter:label1\" content=\"Escrito por\" \/>\n\t<meta name=\"twitter:data1\" content=\"Telinha\" \/>\n\t<meta name=\"twitter:label2\" content=\"Tempo estimado de leitura\" \/>\n\t<meta name=\"twitter:data2\" content=\"1 minuto\" \/>\n<script type=\"application\/ld+json\" class=\"yoast-schema-graph\">{\"@context\":\"https:\/\/schema.org\",\"@graph\":[{\"@type\":\"Article\",\"@id\":\"https:\/\/portaltela.pt\/noticias\/2026\/02\/10\/coi-bloqueia-ucraniano-de-usar-capacete-em-homenagem-a-atletas-mortos-na-guerra\/#article\",\"isPartOf\":{\"@id\":\"https:\/\/portaltela.pt\/noticias\/2026\/02\/10\/coi-bloqueia-ucraniano-de-usar-capacete-em-homenagem-a-atletas-mortos-na-guerra\/\"},\"author\":{\"name\":\"Telinha\",\"@id\":\"https:\/\/portaltela.pt\/#\/schema\/person\/c4278d4a6028830caff9ee44b42d32ed\"},\"headline\":\"COI bloqueia ucraniano de usar capacete em homenagem a atletas mortos na guerra\",\"datePublished\":\"2026-02-10T12:40:00+00:00\",\"mainEntityOfPage\":{\"@id\":\"https:\/\/portaltela.pt\/noticias\/2026\/02\/10\/coi-bloqueia-ucraniano-de-usar-capacete-em-homenagem-a-atletas-mortos-na-guerra\/\"},\"wordCount\":269,\"image\":{\"@id\":\"https:\/\/portaltela.pt\/noticias\/2026\/02\/10\/coi-bloqueia-ucraniano-de-usar-capacete-em-homenagem-a-atletas-mortos-na-guerra\/#primaryimage\"},\"thumbnailUrl\":\"https:\/\/portaltela.pt\/s.01k8rhncp4jt1\/2026\/02\/2065997.jpg\",\"keywords\":[\"Comit\u00e9 Ol\u00edmpico Internacional\",\"desporto\",\"desportos internacionais\",\"liberdade de express\u00e3o\",\"pol\u00edtica internacional\",\"protestos\"],\"articleSection\":[\"Desporto\"],\"inLanguage\":\"pt-PT\"},{\"@type\":\"WebPage\",\"@id\":\"https:\/\/portaltela.pt\/noticias\/2026\/02\/10\/coi-bloqueia-ucraniano-de-usar-capacete-em-homenagem-a-atletas-mortos-na-guerra\/\",\"url\":\"https:\/\/portaltela.pt\/noticias\/2026\/02\/10\/coi-bloqueia-ucraniano-de-usar-capacete-em-homenagem-a-atletas-mortos-na-guerra\/\",\"name\":\"COI bloqueia ucraniano de usar capacete em homenagem a atletas mortos na guerra - Portal Tela Portugal\",\"isPartOf\":{\"@id\":\"https:\/\/portaltela.pt\/#website\"},\"primaryImageOfPage\":{\"@id\":\"https:\/\/portaltela.pt\/noticias\/2026\/02\/10\/coi-bloqueia-ucraniano-de-usar-capacete-em-homenagem-a-atletas-mortos-na-guerra\/#primaryimage\"},\"image\":{\"@id\":\"https:\/\/portaltela.pt\/noticias\/2026\/02\/10\/coi-bloqueia-ucraniano-de-usar-capacete-em-homenagem-a-atletas-mortos-na-guerra\/#primaryimage\"},\"thumbnailUrl\":\"https:\/\/portaltela.pt\/s.01k8rhncp4jt1\/2026\/02\/2065997.jpg\",\"datePublished\":\"2026-02-10T12:40:00+00:00\",\"author\":{\"@id\":\"https:\/\/portaltela.pt\/#\/schema\/person\/c4278d4a6028830caff9ee44b42d32ed\"},\"breadcrumb\":{\"@id\":\"https:\/\/portaltela.pt\/noticias\/2026\/02\/10\/coi-bloqueia-ucraniano-de-usar-capacete-em-homenagem-a-atletas-mortos-na-guerra\/#breadcrumb\"},\"inLanguage\":\"pt-PT\",\"potentialAction\":[{\"@type\":\"ReadAction\",\"target\":[\"https:\/\/portaltela.pt\/noticias\/2026\/02\/10\/coi-bloqueia-ucraniano-de-usar-capacete-em-homenagem-a-atletas-mortos-na-guerra\/\"]}]},{\"@type\":\"ImageObject\",\"inLanguage\":\"pt-PT\",\"@id\":\"https:\/\/portaltela.pt\/noticias\/2026\/02\/10\/coi-bloqueia-ucraniano-de-usar-capacete-em-homenagem-a-atletas-mortos-na-guerra\/#primaryimage\",\"url\":\"https:\/\/portaltela.pt\/s.01k8rhncp4jt1\/2026\/02\/2065997.jpg\",\"contentUrl\":\"https:\/\/portaltela.pt\/s.01k8rhncp4jt1\/2026\/02\/2065997.jpg\",\"width\":796,\"height\":448,\"caption\":\"Photo\"},{\"@type\":\"BreadcrumbList\",\"@id\":\"https:\/\/portaltela.pt\/noticias\/2026\/02\/10\/coi-bloqueia-ucraniano-de-usar-capacete-em-homenagem-a-atletas-mortos-na-guerra\/#breadcrumb\",\"itemListElement\":[{\"@type\":\"ListItem\",\"position\":1,\"name\":\"In\u00edcio\",\"item\":\"https:\/\/portaltela.pt\/\"},{\"@type\":\"ListItem\",\"position\":2,\"name\":\"COI bloqueia ucraniano de usar capacete em homenagem a atletas mortos na guerra\"}]},{\"@type\":\"WebSite\",\"@id\":\"https:\/\/portaltela.pt\/#website\",\"url\":\"https:\/\/portaltela.pt\/\",\"name\":\"Portal Tela Portugal\",\"description\":\"\",\"potentialAction\":[{\"@type\":\"SearchAction\",\"target\":{\"@type\":\"EntryPoint\",\"urlTemplate\":\"https:\/\/portaltela.pt\/?s={search_term_string}\"},\"query-input\":{\"@type\":\"PropertyValueSpecification\",\"valueRequired\":true,\"valueName\":\"search_term_string\"}}],\"inLanguage\":\"pt-PT\"},{\"@type\":\"Person\",\"@id\":\"https:\/\/portaltela.pt\/#\/schema\/person\/c4278d4a6028830caff9ee44b42d32ed\",\"name\":\"Telinha\",\"image\":{\"@type\":\"ImageObject\",\"inLanguage\":\"pt-PT\",\"@id\":\"https:\/\/portaltela.pt\/s.01k8rhncp4jt1\/2025\/11\/talking-bot-125x125.png\",\"url\":\"https:\/\/portaltela.pt\/s.01k8rhncp4jt1\/2025\/11\/talking-bot-125x125.png\",\"contentUrl\":\"https:\/\/portaltela.pt\/s.01k8rhncp4jt1\/2025\/11\/talking-bot-125x125.png\",\"caption\":\"Telinha\"},\"sameAs\":[\"https:\/\/portaltela.pt\/\"],\"url\":\"https:\/\/portaltela.pt\/por\/367410592786\/\"}]}<\/script>\n<!-- \/ Yoast SEO plugin. -->","yoast_head_json":{"title":"COI bloqueia ucraniano de usar capacete em homenagem a atletas mortos na guerra - Portal Tela Portugal","robots":{"index":"index","follow":"follow","max-snippet":"max-snippet:-1","max-image-preview":"max-image-preview:large","max-video-preview":"max-video-preview:-1"},"og_locale":"pt_PT","og_type":"article","og_title":"COI bloqueia ucraniano de usar capacete em homenagem a atletas mortos na guerra - Portal Tela Portugal","og_description":"O Comit\u00e9 Ol\u00edmpico Internacional (COI) proibiu o ucraniano Vladyslav Heraskevych de usar o seu capacete em mem\u00f3ria durante a competi\u00e7\u00e3o de skeleton nos Jogos Ol\u00edmpicos de Inverno, oferecendo-lhe, em alternativa, usar uma bra\u00e7adeira negra. Heraskevych, 27 anos, treinou em It\u00e1lia com um capacete que traz imagens de atletas ucranianos mortos na guerra e j\u00e1 tinha exibido uma mensagem nas redes sociais a apoiar a Ucr\u00e2nia. A decis\u00e3o baseia-se na Regra 50.2 da Carta Ol\u00edmpica, que impede qualquer forma de manifesta\u00e7\u00e3o pol\u00edtica, religiosa ou racial nos campos de competi\u00e7\u00e3o ou nos p\u00f3dios; o COI permite apenas a bra\u00e7adeira negra como exce\u00e7\u00e3o. O porta-voz Mark Adams afirmou que o COI procurou responder ao desejo de recordar os mortos com compaix\u00e3o, mantendo o espa\u00e7o de competi\u00e7\u00e3o livre de interfer\u00eancias. Heraskevych considera o tratamento injusto, dizendo que n\u00e3o houve viola\u00e7\u00e3o da regra 50 e que o capacete n\u00e3o era propaganda nem quest\u00e3o pol\u00edtica; o COI justificou a decis\u00e3o pela necessidade de um momento de pureza na competi\u00e7\u00e3o.","og_url":"https:\/\/portaltela.pt\/noticias\/2026\/02\/10\/coi-bloqueia-ucraniano-de-usar-capacete-em-homenagem-a-atletas-mortos-na-guerra\/","og_site_name":"Portal Tela Portugal","article_published_time":"2026-02-10T12:40:00+00:00","author":"Telinha","twitter_card":"summary_large_image","twitter_misc":{"Escrito por":"Telinha","Tempo estimado de leitura":"1 minuto"},"schema":{"@context":"https:\/\/schema.org","@graph":[{"@type":"Article","@id":"https:\/\/portaltela.pt\/noticias\/2026\/02\/10\/coi-bloqueia-ucraniano-de-usar-capacete-em-homenagem-a-atletas-mortos-na-guerra\/#article","isPartOf":{"@id":"https:\/\/portaltela.pt\/noticias\/2026\/02\/10\/coi-bloqueia-ucraniano-de-usar-capacete-em-homenagem-a-atletas-mortos-na-guerra\/"},"author":{"name":"Telinha","@id":"https:\/\/portaltela.pt\/#\/schema\/person\/c4278d4a6028830caff9ee44b42d32ed"},"headline":"COI bloqueia ucraniano de usar capacete em homenagem a atletas mortos na guerra","datePublished":"2026-02-10T12:40:00+00:00","mainEntityOfPage":{"@id":"https:\/\/portaltela.pt\/noticias\/2026\/02\/10\/coi-bloqueia-ucraniano-de-usar-capacete-em-homenagem-a-atletas-mortos-na-guerra\/"},"wordCount":269,"image":{"@id":"https:\/\/portaltela.pt\/noticias\/2026\/02\/10\/coi-bloqueia-ucraniano-de-usar-capacete-em-homenagem-a-atletas-mortos-na-guerra\/#primaryimage"},"thumbnailUrl":"https:\/\/portaltela.pt\/s.01k8rhncp4jt1\/2026\/02\/2065997.jpg","keywords":["Comit\u00e9 Ol\u00edmpico Internacional","desporto","desportos internacionais","liberdade de express\u00e3o","pol\u00edtica internacional","protestos"],"articleSection":["Desporto"],"inLanguage":"pt-PT"},{"@type":"WebPage","@id":"https:\/\/portaltela.pt\/noticias\/2026\/02\/10\/coi-bloqueia-ucraniano-de-usar-capacete-em-homenagem-a-atletas-mortos-na-guerra\/","url":"https:\/\/portaltela.pt\/noticias\/2026\/02\/10\/coi-bloqueia-ucraniano-de-usar-capacete-em-homenagem-a-atletas-mortos-na-guerra\/","name":"COI bloqueia ucraniano de usar capacete em homenagem a atletas mortos na guerra - Portal Tela Portugal","isPartOf":{"@id":"https:\/\/portaltela.pt\/#website"},"primaryImageOfPage":{"@id":"https:\/\/portaltela.pt\/noticias\/2026\/02\/10\/coi-bloqueia-ucraniano-de-usar-capacete-em-homenagem-a-atletas-mortos-na-guerra\/#primaryimage"},"image":{"@id":"https:\/\/portaltela.pt\/noticias\/2026\/02\/10\/coi-bloqueia-ucraniano-de-usar-capacete-em-homenagem-a-atletas-mortos-na-guerra\/#primaryimage"},"thumbnailUrl":"https:\/\/portaltela.pt\/s.01k8rhncp4jt1\/2026\/02\/2065997.jpg","datePublished":"2026-02-10T12:40:00+00:00","author":{"@id":"https:\/\/portaltela.pt\/#\/schema\/person\/c4278d4a6028830caff9ee44b42d32ed"},"breadcrumb":{"@id":"https:\/\/portaltela.pt\/noticias\/2026\/02\/10\/coi-bloqueia-ucraniano-de-usar-capacete-em-homenagem-a-atletas-mortos-na-guerra\/#breadcrumb"},"inLanguage":"pt-PT","potentialAction":[{"@type":"ReadAction","target":["https:\/\/portaltela.pt\/noticias\/2026\/02\/10\/coi-bloqueia-ucraniano-de-usar-capacete-em-homenagem-a-atletas-mortos-na-guerra\/"]}]},{"@type":"ImageObject","inLanguage":"pt-PT","@id":"https:\/\/portaltela.pt\/noticias\/2026\/02\/10\/coi-bloqueia-ucraniano-de-usar-capacete-em-homenagem-a-atletas-mortos-na-guerra\/#primaryimage","url":"https:\/\/portaltela.pt\/s.01k8rhncp4jt1\/2026\/02\/2065997.jpg","contentUrl":"https:\/\/portaltela.pt\/s.01k8rhncp4jt1\/2026\/02\/2065997.jpg","width":796,"height":448,"caption":"Photo"},{"@type":"BreadcrumbList","@id":"https:\/\/portaltela.pt\/noticias\/2026\/02\/10\/coi-bloqueia-ucraniano-de-usar-capacete-em-homenagem-a-atletas-mortos-na-guerra\/#breadcrumb","itemListElement":[{"@type":"ListItem","position":1,"name":"In\u00edcio","item":"https:\/\/portaltela.pt\/"},{"@type":"ListItem","position":2,"name":"COI bloqueia ucraniano de usar capacete em homenagem a atletas mortos na guerra"}]},{"@type":"WebSite","@id":"https:\/\/portaltela.pt\/#website","url":"https:\/\/portaltela.pt\/","name":"Portal Tela Portugal","description":"","potentialAction":[{"@type":"SearchAction","target":{"@type":"EntryPoint","urlTemplate":"https:\/\/portaltela.pt\/?s={search_term_string}"},"query-input":{"@type":"PropertyValueSpecification","valueRequired":true,"valueName":"search_term_string"}}],"inLanguage":"pt-PT"},{"@type":"Person","@id":"https:\/\/portaltela.pt\/#\/schema\/person\/c4278d4a6028830caff9ee44b42d32ed","name":"Telinha","image":{"@type":"ImageObject","inLanguage":"pt-PT","@id":"https:\/\/portaltela.pt\/s.01k8rhncp4jt1\/2025\/11\/talking-bot-125x125.png","url":"https:\/\/portaltela.pt\/s.01k8rhncp4jt1\/2025\/11\/talking-bot-125x125.png","contentUrl":"https:\/\/portaltela.pt\/s.01k8rhncp4jt1\/2025\/11\/talking-bot-125x125.png","caption":"Telinha"},"sameAs":["https:\/\/portaltela.pt\/"],"url":"https:\/\/portaltela.pt\/por\/367410592786\/"}]}},"_links":{"self":[{"href":"https:\/\/portaltela.pt\/api\/wp\/v2\/posts\/206689","targetHints":{"allow":["GET"]}}],"collection":[{"href":"https:\/\/portaltela.pt\/api\/wp\/v2\/posts"}],"about":[{"href":"https:\/\/portaltela.pt\/api\/wp\/v2\/types\/post"}],"author":[{"embeddable":true,"href":"https:\/\/portaltela.pt\/api\/wp\/v2\/users\/2"}],"replies":[{"embeddable":true,"href":"https:\/\/portaltela.pt\/api\/wp\/v2\/comments?post=206689"}],"version-history":[{"count":0,"href":"https:\/\/portaltela.pt\/api\/wp\/v2\/posts\/206689\/revisions"}],"wp:featuredmedia":[{"embeddable":true,"href":"https:\/\/portaltela.pt\/api\/wp\/v2\/media\/206694"}],"wp:attachment":[{"href":"https:\/\/portaltela.pt\/api\/wp\/v2\/media?parent=206689"}],"wp:term":[{"taxonomy":"category","embeddable":true,"href":"https:\/\/portaltela.pt\/api\/wp\/v2\/categories?post=206689"},{"taxonomy":"post_tag","embeddable":true,"href":"https:\/\/portaltela.pt\/api\/wp\/v2\/tags?post=206689"}],"curies":[{"name":"wp","href":"https:\/\/api.w.org\/{rel}","templated":true}]}}