{"id":206658,"date":"2026-02-10T09:37:05","date_gmt":"2026-02-10T12:37:05","guid":{"rendered":"https:\/\/portaltela.pt\/noticias\/2026\/02\/10\/ferdinand-sofre-de-dores-nas-costas-e-pode-estar-hospitalizado-por-alguns-dias\/"},"modified":"2026-02-10T09:37:05","modified_gmt":"2026-02-10T12:37:05","slug":"ferdinand-sofre-de-dores-nas-costas-e-pode-estar-hospitalizado-por-alguns-dias","status":"publish","type":"post","link":"https:\/\/portaltela.pt\/desporto\/futebol\/2026\/02\/10\/ferdinand-sofre-de-dores-nas-costas-e-pode-estar-hospitalizado-por-alguns-dias\/","title":{"rendered":"Ferdinand sofre de dores nas costas e pode estar hospitalizado por alguns dias"},"content":{"rendered":"<p>Rio Ferdinand revelou que as dores cr\u00f3nicas nas costas, herdadas da carreira de futebol, o obrigam a passar dias no hospital ou numa cadeira de rodas. O antigo defesa ingl\u00eas descreve epis\u00f3dios graves que surgem sem aviso e condicionam a seu dia a dia.<\/p>\n<p>Em entrevista \u00e0 Men\u2019s Health, Ferdinand explicou que, ao longo de seis anos, recorreu a comprimidos e a inje\u00e7\u00f5es apenas para conseguir jogar. O atleta, que terminou a carreira em 2015, mant\u00e9m acompanhamento constante de profissionais de sa\u00fade.<\/p>\n<p>O tamb\u00e9m ex-jogador do Manchester United, onde atuou durante 12 \u00e9pocas, disse ainda que passou a ser acompanhado por um fisioterapeuta desde a reforma. O tratamento envolve uma equipa que trabalha no mesmo edif\u00edcio, incluindo um personal trainer, com uma abordagem hol\u00edstica do treino.<\/p>\n<p>Segundo o atleta, a nova estrat\u00e9gia visa gerenciar a dor e melhorar a mobilidade. Ferdinand descreve a mudan\u00e7a como uma forma de estabilizar o estado de sa\u00fade, com foco na preven\u00e7\u00e3o de novas crises.<\/p>\n<p>A carreira de Ferdinand \u00e9 marcada pelo Manchester United, clube principal da sua trajet\u00f3ria. O atleta tem 47 anos e continua a partilhar experi\u00eancia sobre o impacto das les\u00f5es na vida ap\u00f3s o t\u00e9rmino da pr\u00e1tica profissional.<\/p>\n","protected":false},"excerpt":{"rendered":"<ul>\n<li>Rio Ferdinand revelou que sofre de dores nas costas h\u00e1 muito tempo, com epis\u00f3dios que o obrigam a ficar no hospital ou numa cadeira de rodas durante alguns dias.<\/li>\n<li>Durante seis anos tomou comprimidos e levou inje\u00e7\u00f5es para poder jogar.<\/li>\n<li>A carreira terminou em 2015; hoje, aos 47 anos, continua a ser acompanhado por um fisioterapeuta e trabalha com o seu personal trainer no mesmo edif\u00edcio.<\/li>\n<li>O ex-jogador explica que h\u00e1 uma abordagem hol\u00edstica no tratamento e treino que vem sendo implementada.<\/li>\n<li>Destaca-se pela passagem pelo Manchester United, clube onde atuou 12 temporadas.<\/li>\n<\/ul>\n","protected":false},"author":2,"featured_media":206659,"comment_status":"closed","ping_status":"closed","sticky":false,"template":"","format":"standard","meta":{"footnotes":""},"categories":[21,24],"tags":[152,2806,2264,32,2538,3187],"class_list":["post-206658","post","type-post","status-publish","format-standard","has-post-thumbnail","hentry","category-desporto","category-futebol","tag-desporto","tag-dor-cronica","tag-fisioterapia","tag-futebol","tag-lesoes","tag-manchester-united"],"yoast_head":"<!-- This site is optimized with the Yoast SEO plugin v27.2 - https:\/\/yoast.com\/product\/yoast-seo-wordpress\/ -->\n<title>Ferdinand sofre de dores nas costas e pode estar hospitalizado por alguns dias - Portal Tela Portugal<\/title>\n<meta name=\"robots\" content=\"index, follow, max-snippet:-1, max-image-preview:large, max-video-preview:-1\" \/>\n<meta property=\"og:locale\" content=\"pt_PT\" \/>\n<meta property=\"og:type\" content=\"article\" \/>\n<meta property=\"og:title\" content=\"Ferdinand sofre de dores nas costas e pode estar hospitalizado por alguns dias - Portal Tela Portugal\" \/>\n<meta property=\"og:description\" content=\"Rio Ferdinand revelou que sofre de dores nas costas h\u00e1 muito tempo, com epis\u00f3dios que o obrigam a ficar no hospital ou numa cadeira de rodas durante alguns dias. Durante seis anos tomou comprimidos e levou inje\u00e7\u00f5es para poder jogar. A carreira terminou em 2015; hoje, aos 47 anos, continua a ser acompanhado por um fisioterapeuta e trabalha com o seu personal trainer no mesmo edif\u00edcio. O ex-jogador explica que h\u00e1 uma abordagem hol\u00edstica no tratamento e treino que vem sendo implementada. Destaca-se pela passagem pelo Manchester United, clube onde atuou 12 temporadas.\" \/>\n<meta property=\"og:url\" content=\"https:\/\/portaltela.pt\/noticias\/2026\/02\/10\/ferdinand-sofre-de-dores-nas-costas-e-pode-estar-hospitalizado-por-alguns-dias\/\" \/>\n<meta property=\"og:site_name\" content=\"Portal Tela Portugal\" \/>\n<meta property=\"article:published_time\" content=\"2026-02-10T12:37:05+00:00\" \/>\n<meta name=\"author\" content=\"Telinha\" \/>\n<meta name=\"twitter:card\" content=\"summary_large_image\" \/>\n<meta name=\"twitter:label1\" content=\"Escrito por\" \/>\n\t<meta name=\"twitter:data1\" content=\"Telinha\" \/>\n\t<meta name=\"twitter:label2\" content=\"Tempo estimado de leitura\" \/>\n\t<meta name=\"twitter:data2\" content=\"1 minuto\" \/>\n<script type=\"application\/ld+json\" class=\"yoast-schema-graph\">{\"@context\":\"https:\/\/schema.org\",\"@graph\":[{\"@type\":\"Article\",\"@id\":\"https:\/\/portaltela.pt\/noticias\/2026\/02\/10\/ferdinand-sofre-de-dores-nas-costas-e-pode-estar-hospitalizado-por-alguns-dias\/#article\",\"isPartOf\":{\"@id\":\"https:\/\/portaltela.pt\/noticias\/2026\/02\/10\/ferdinand-sofre-de-dores-nas-costas-e-pode-estar-hospitalizado-por-alguns-dias\/\"},\"author\":{\"name\":\"Telinha\",\"@id\":\"https:\/\/portaltela.pt\/#\/schema\/person\/c4278d4a6028830caff9ee44b42d32ed\"},\"headline\":\"Ferdinand sofre de dores nas costas e pode estar hospitalizado por alguns dias\",\"datePublished\":\"2026-02-10T12:37:05+00:00\",\"mainEntityOfPage\":{\"@id\":\"https:\/\/portaltela.pt\/noticias\/2026\/02\/10\/ferdinand-sofre-de-dores-nas-costas-e-pode-estar-hospitalizado-por-alguns-dias\/\"},\"wordCount\":225,\"image\":{\"@id\":\"https:\/\/portaltela.pt\/noticias\/2026\/02\/10\/ferdinand-sofre-de-dores-nas-costas-e-pode-estar-hospitalizado-por-alguns-dias\/#primaryimage\"},\"thumbnailUrl\":\"https:\/\/portaltela.pt\/s.01k8rhncp4jt1\/2026\/02\/img_920x518uu2025-08-27-23-50-25-2386301-im-639042407098223202.jpg\",\"keywords\":[\"desporto\",\"dor cr\u00f3nica\",\"fisioterapia\",\"futebol\",\"les\u00f5es\",\"Manchester United\"],\"articleSection\":[\"Desporto\",\"Futebol\"],\"inLanguage\":\"pt-PT\"},{\"@type\":\"WebPage\",\"@id\":\"https:\/\/portaltela.pt\/noticias\/2026\/02\/10\/ferdinand-sofre-de-dores-nas-costas-e-pode-estar-hospitalizado-por-alguns-dias\/\",\"url\":\"https:\/\/portaltela.pt\/noticias\/2026\/02\/10\/ferdinand-sofre-de-dores-nas-costas-e-pode-estar-hospitalizado-por-alguns-dias\/\",\"name\":\"Ferdinand sofre de dores nas costas e pode estar hospitalizado por alguns dias - Portal Tela Portugal\",\"isPartOf\":{\"@id\":\"https:\/\/portaltela.pt\/#website\"},\"primaryImageOfPage\":{\"@id\":\"https:\/\/portaltela.pt\/noticias\/2026\/02\/10\/ferdinand-sofre-de-dores-nas-costas-e-pode-estar-hospitalizado-por-alguns-dias\/#primaryimage\"},\"image\":{\"@id\":\"https:\/\/portaltela.pt\/noticias\/2026\/02\/10\/ferdinand-sofre-de-dores-nas-costas-e-pode-estar-hospitalizado-por-alguns-dias\/#primaryimage\"},\"thumbnailUrl\":\"https:\/\/portaltela.pt\/s.01k8rhncp4jt1\/2026\/02\/img_920x518uu2025-08-27-23-50-25-2386301-im-639042407098223202.jpg\",\"datePublished\":\"2026-02-10T12:37:05+00:00\",\"author\":{\"@id\":\"https:\/\/portaltela.pt\/#\/schema\/person\/c4278d4a6028830caff9ee44b42d32ed\"},\"breadcrumb\":{\"@id\":\"https:\/\/portaltela.pt\/noticias\/2026\/02\/10\/ferdinand-sofre-de-dores-nas-costas-e-pode-estar-hospitalizado-por-alguns-dias\/#breadcrumb\"},\"inLanguage\":\"pt-PT\",\"potentialAction\":[{\"@type\":\"ReadAction\",\"target\":[\"https:\/\/portaltela.pt\/noticias\/2026\/02\/10\/ferdinand-sofre-de-dores-nas-costas-e-pode-estar-hospitalizado-por-alguns-dias\/\"]}]},{\"@type\":\"ImageObject\",\"inLanguage\":\"pt-PT\",\"@id\":\"https:\/\/portaltela.pt\/noticias\/2026\/02\/10\/ferdinand-sofre-de-dores-nas-costas-e-pode-estar-hospitalizado-por-alguns-dias\/#primaryimage\",\"url\":\"https:\/\/portaltela.pt\/s.01k8rhncp4jt1\/2026\/02\/img_920x518uu2025-08-27-23-50-25-2386301-im-639042407098223202.jpg\",\"contentUrl\":\"https:\/\/portaltela.pt\/s.01k8rhncp4jt1\/2026\/02\/img_920x518uu2025-08-27-23-50-25-2386301-im-639042407098223202.jpg\",\"width\":796,\"height\":448,\"caption\":\"Rio Ferdinand\"},{\"@type\":\"BreadcrumbList\",\"@id\":\"https:\/\/portaltela.pt\/noticias\/2026\/02\/10\/ferdinand-sofre-de-dores-nas-costas-e-pode-estar-hospitalizado-por-alguns-dias\/#breadcrumb\",\"itemListElement\":[{\"@type\":\"ListItem\",\"position\":1,\"name\":\"In\u00edcio\",\"item\":\"https:\/\/portaltela.pt\/\"},{\"@type\":\"ListItem\",\"position\":2,\"name\":\"Ferdinand sofre de dores nas costas e pode estar hospitalizado por alguns dias\"}]},{\"@type\":\"WebSite\",\"@id\":\"https:\/\/portaltela.pt\/#website\",\"url\":\"https:\/\/portaltela.pt\/\",\"name\":\"Portal Tela Portugal\",\"description\":\"\",\"potentialAction\":[{\"@type\":\"SearchAction\",\"target\":{\"@type\":\"EntryPoint\",\"urlTemplate\":\"https:\/\/portaltela.pt\/?s={search_term_string}\"},\"query-input\":{\"@type\":\"PropertyValueSpecification\",\"valueRequired\":true,\"valueName\":\"search_term_string\"}}],\"inLanguage\":\"pt-PT\"},{\"@type\":\"Person\",\"@id\":\"https:\/\/portaltela.pt\/#\/schema\/person\/c4278d4a6028830caff9ee44b42d32ed\",\"name\":\"Telinha\",\"image\":{\"@type\":\"ImageObject\",\"inLanguage\":\"pt-PT\",\"@id\":\"https:\/\/portaltela.pt\/s.01k8rhncp4jt1\/2025\/11\/talking-bot-125x125.png\",\"url\":\"https:\/\/portaltela.pt\/s.01k8rhncp4jt1\/2025\/11\/talking-bot-125x125.png\",\"contentUrl\":\"https:\/\/portaltela.pt\/s.01k8rhncp4jt1\/2025\/11\/talking-bot-125x125.png\",\"caption\":\"Telinha\"},\"sameAs\":[\"https:\/\/portaltela.pt\/\"],\"url\":\"https:\/\/portaltela.pt\/por\/367410592786\/\"}]}<\/script>\n<!-- \/ Yoast SEO plugin. -->","yoast_head_json":{"title":"Ferdinand sofre de dores nas costas e pode estar hospitalizado por alguns dias - Portal Tela Portugal","robots":{"index":"index","follow":"follow","max-snippet":"max-snippet:-1","max-image-preview":"max-image-preview:large","max-video-preview":"max-video-preview:-1"},"og_locale":"pt_PT","og_type":"article","og_title":"Ferdinand sofre de dores nas costas e pode estar hospitalizado por alguns dias - Portal Tela Portugal","og_description":"Rio Ferdinand revelou que sofre de dores nas costas h\u00e1 muito tempo, com epis\u00f3dios que o obrigam a ficar no hospital ou numa cadeira de rodas durante alguns dias. Durante seis anos tomou comprimidos e levou inje\u00e7\u00f5es para poder jogar. A carreira terminou em 2015; hoje, aos 47 anos, continua a ser acompanhado por um fisioterapeuta e trabalha com o seu personal trainer no mesmo edif\u00edcio. O ex-jogador explica que h\u00e1 uma abordagem hol\u00edstica no tratamento e treino que vem sendo implementada. Destaca-se pela passagem pelo Manchester United, clube onde atuou 12 temporadas.","og_url":"https:\/\/portaltela.pt\/noticias\/2026\/02\/10\/ferdinand-sofre-de-dores-nas-costas-e-pode-estar-hospitalizado-por-alguns-dias\/","og_site_name":"Portal Tela Portugal","article_published_time":"2026-02-10T12:37:05+00:00","author":"Telinha","twitter_card":"summary_large_image","twitter_misc":{"Escrito por":"Telinha","Tempo estimado de leitura":"1 minuto"},"schema":{"@context":"https:\/\/schema.org","@graph":[{"@type":"Article","@id":"https:\/\/portaltela.pt\/noticias\/2026\/02\/10\/ferdinand-sofre-de-dores-nas-costas-e-pode-estar-hospitalizado-por-alguns-dias\/#article","isPartOf":{"@id":"https:\/\/portaltela.pt\/noticias\/2026\/02\/10\/ferdinand-sofre-de-dores-nas-costas-e-pode-estar-hospitalizado-por-alguns-dias\/"},"author":{"name":"Telinha","@id":"https:\/\/portaltela.pt\/#\/schema\/person\/c4278d4a6028830caff9ee44b42d32ed"},"headline":"Ferdinand sofre de dores nas costas e pode estar hospitalizado por alguns dias","datePublished":"2026-02-10T12:37:05+00:00","mainEntityOfPage":{"@id":"https:\/\/portaltela.pt\/noticias\/2026\/02\/10\/ferdinand-sofre-de-dores-nas-costas-e-pode-estar-hospitalizado-por-alguns-dias\/"},"wordCount":225,"image":{"@id":"https:\/\/portaltela.pt\/noticias\/2026\/02\/10\/ferdinand-sofre-de-dores-nas-costas-e-pode-estar-hospitalizado-por-alguns-dias\/#primaryimage"},"thumbnailUrl":"https:\/\/portaltela.pt\/s.01k8rhncp4jt1\/2026\/02\/img_920x518uu2025-08-27-23-50-25-2386301-im-639042407098223202.jpg","keywords":["desporto","dor cr\u00f3nica","fisioterapia","futebol","les\u00f5es","Manchester United"],"articleSection":["Desporto","Futebol"],"inLanguage":"pt-PT"},{"@type":"WebPage","@id":"https:\/\/portaltela.pt\/noticias\/2026\/02\/10\/ferdinand-sofre-de-dores-nas-costas-e-pode-estar-hospitalizado-por-alguns-dias\/","url":"https:\/\/portaltela.pt\/noticias\/2026\/02\/10\/ferdinand-sofre-de-dores-nas-costas-e-pode-estar-hospitalizado-por-alguns-dias\/","name":"Ferdinand sofre de dores nas costas e pode estar hospitalizado por alguns dias - Portal Tela Portugal","isPartOf":{"@id":"https:\/\/portaltela.pt\/#website"},"primaryImageOfPage":{"@id":"https:\/\/portaltela.pt\/noticias\/2026\/02\/10\/ferdinand-sofre-de-dores-nas-costas-e-pode-estar-hospitalizado-por-alguns-dias\/#primaryimage"},"image":{"@id":"https:\/\/portaltela.pt\/noticias\/2026\/02\/10\/ferdinand-sofre-de-dores-nas-costas-e-pode-estar-hospitalizado-por-alguns-dias\/#primaryimage"},"thumbnailUrl":"https:\/\/portaltela.pt\/s.01k8rhncp4jt1\/2026\/02\/img_920x518uu2025-08-27-23-50-25-2386301-im-639042407098223202.jpg","datePublished":"2026-02-10T12:37:05+00:00","author":{"@id":"https:\/\/portaltela.pt\/#\/schema\/person\/c4278d4a6028830caff9ee44b42d32ed"},"breadcrumb":{"@id":"https:\/\/portaltela.pt\/noticias\/2026\/02\/10\/ferdinand-sofre-de-dores-nas-costas-e-pode-estar-hospitalizado-por-alguns-dias\/#breadcrumb"},"inLanguage":"pt-PT","potentialAction":[{"@type":"ReadAction","target":["https:\/\/portaltela.pt\/noticias\/2026\/02\/10\/ferdinand-sofre-de-dores-nas-costas-e-pode-estar-hospitalizado-por-alguns-dias\/"]}]},{"@type":"ImageObject","inLanguage":"pt-PT","@id":"https:\/\/portaltela.pt\/noticias\/2026\/02\/10\/ferdinand-sofre-de-dores-nas-costas-e-pode-estar-hospitalizado-por-alguns-dias\/#primaryimage","url":"https:\/\/portaltela.pt\/s.01k8rhncp4jt1\/2026\/02\/img_920x518uu2025-08-27-23-50-25-2386301-im-639042407098223202.jpg","contentUrl":"https:\/\/portaltela.pt\/s.01k8rhncp4jt1\/2026\/02\/img_920x518uu2025-08-27-23-50-25-2386301-im-639042407098223202.jpg","width":796,"height":448,"caption":"Rio Ferdinand"},{"@type":"BreadcrumbList","@id":"https:\/\/portaltela.pt\/noticias\/2026\/02\/10\/ferdinand-sofre-de-dores-nas-costas-e-pode-estar-hospitalizado-por-alguns-dias\/#breadcrumb","itemListElement":[{"@type":"ListItem","position":1,"name":"In\u00edcio","item":"https:\/\/portaltela.pt\/"},{"@type":"ListItem","position":2,"name":"Ferdinand sofre de dores nas costas e pode estar hospitalizado por alguns dias"}]},{"@type":"WebSite","@id":"https:\/\/portaltela.pt\/#website","url":"https:\/\/portaltela.pt\/","name":"Portal Tela Portugal","description":"","potentialAction":[{"@type":"SearchAction","target":{"@type":"EntryPoint","urlTemplate":"https:\/\/portaltela.pt\/?s={search_term_string}"},"query-input":{"@type":"PropertyValueSpecification","valueRequired":true,"valueName":"search_term_string"}}],"inLanguage":"pt-PT"},{"@type":"Person","@id":"https:\/\/portaltela.pt\/#\/schema\/person\/c4278d4a6028830caff9ee44b42d32ed","name":"Telinha","image":{"@type":"ImageObject","inLanguage":"pt-PT","@id":"https:\/\/portaltela.pt\/s.01k8rhncp4jt1\/2025\/11\/talking-bot-125x125.png","url":"https:\/\/portaltela.pt\/s.01k8rhncp4jt1\/2025\/11\/talking-bot-125x125.png","contentUrl":"https:\/\/portaltela.pt\/s.01k8rhncp4jt1\/2025\/11\/talking-bot-125x125.png","caption":"Telinha"},"sameAs":["https:\/\/portaltela.pt\/"],"url":"https:\/\/portaltela.pt\/por\/367410592786\/"}]}},"_links":{"self":[{"href":"https:\/\/portaltela.pt\/api\/wp\/v2\/posts\/206658","targetHints":{"allow":["GET"]}}],"collection":[{"href":"https:\/\/portaltela.pt\/api\/wp\/v2\/posts"}],"about":[{"href":"https:\/\/portaltela.pt\/api\/wp\/v2\/types\/post"}],"author":[{"embeddable":true,"href":"https:\/\/portaltela.pt\/api\/wp\/v2\/users\/2"}],"replies":[{"embeddable":true,"href":"https:\/\/portaltela.pt\/api\/wp\/v2\/comments?post=206658"}],"version-history":[{"count":0,"href":"https:\/\/portaltela.pt\/api\/wp\/v2\/posts\/206658\/revisions"}],"wp:featuredmedia":[{"embeddable":true,"href":"https:\/\/portaltela.pt\/api\/wp\/v2\/media\/206659"}],"wp:attachment":[{"href":"https:\/\/portaltela.pt\/api\/wp\/v2\/media?parent=206658"}],"wp:term":[{"taxonomy":"category","embeddable":true,"href":"https:\/\/portaltela.pt\/api\/wp\/v2\/categories?post=206658"},{"taxonomy":"post_tag","embeddable":true,"href":"https:\/\/portaltela.pt\/api\/wp\/v2\/tags?post=206658"}],"curies":[{"name":"wp","href":"https:\/\/api.w.org\/{rel}","templated":true}]}}