{"id":206645,"date":"2026-02-10T09:37:01","date_gmt":"2026-02-10T12:37:01","guid":{"rendered":"https:\/\/portaltela.pt\/noticias\/2026\/02\/10\/cuba-panorama-politico-e-economico-atual\/"},"modified":"2026-02-10T09:37:01","modified_gmt":"2026-02-10T12:37:01","slug":"cuba-panorama-politico-e-economico-atual","status":"publish","type":"post","link":"https:\/\/portaltela.pt\/noticias\/economia\/2026\/02\/10\/cuba-panorama-politico-e-economico-atual\/","title":{"rendered":"Cuba: panorama pol\u00edtico e econ\u00f3mico atual"},"content":{"rendered":"<p>Cuba enfrenta uma crise econ\u00f3mica aguda, com longas filas para combust\u00edvel devido ao boicote petrol\u00edfero dos EUA e \u00e0 redu\u00e7\u00e3o de produ\u00e7\u00e3o na Venezuela. O setor el\u00e9trico tamb\u00e9m est\u00e1 sob press\u00e3o, refletindo-se em falhas e cortes.<\/p>\n<p>A ilha tem visto impactos diretos na avia\u00e7\u00e3o, com restri\u00e7\u00f5es de aterragens e preparativos para racionamento de energia. O governo promete modernizar a rede el\u00e9ctrica e procurar alternativas, mas a popula\u00e7\u00e3o continua a sentir os efeitos.<\/p>\n<p>Centenas de patinadores reuniram-se no Malec\u00f3n de Havana para uma maratona de patinagem, numa ocasi\u00e3o rara de atividade p\u00fablica neste desporto. Jovens participaram em grande n\u00famero, mostrando entusiasmo na cidade.<\/p>\n<h3>Reclusos cubanos e trabalho for\u00e7ado<\/h3>\n<p>Relat\u00f3rios indicam que dezenas de milhares de prisioneiros est\u00e3o obrigados a trabalhar, na produ\u00e7\u00e3o de carv\u00e3o e charutos para exporta\u00e7\u00e3o. A pr\u00e1tica \u00e9 apontada por organiza\u00e7\u00f5es de direitos humanos como grave viola\u00e7\u00e3o.<\/p>\n<p>Um estrangeiro residente em Cuba foi detido ap\u00f3s atropelar v\u00e1rias pessoas nos bairros de Centro Habana e Habana Vieja, na madrugada de segunda-feira. O caso est\u00e1 a ser investigado pelo Minist\u00e9rio do Interior.<\/p>\n<h3>Inova\u00e7\u00e3o tecnol\u00f3gica em Havana<\/h3>\n<p>Mesmo com cortes de energia, a Do\u00f1a Alicia, em Havana, j\u00e1 recorre a um rob\u00f4 empregado para entregar refei\u00e7\u00f5es e cumprimentar clientes, atraindo curiosos e turistas.<\/p>\n<h3>Apag\u00f5es generalizados<\/h3>\n<p>Parte significativa do pa\u00eds ficou \u00e0s escuras numa vaga que afetou Havana e Santiago de Cuba. O governo comprometeu-se a modernizar a rede el\u00e9ctrica, com interven\u00e7\u00f5es a planeamento e manuten\u00e7\u00e3o.<\/p>\n<p>Furac\u00f5es tamb\u00e9m marcaram Cuba: a passagem de categoria tr\u00eas provocou danos \u00e0 infraestrutura el\u00e9trica. O pa\u00eds tem refor\u00e7ado planos de resili\u00eancia e apoio internacional.<\/p>\n<h3>Furac\u00e3o \u00d3scar e consequ\u00eancias<\/h3>\n<p>O furac\u00e3o \u00d3scar deixou mortos e milh\u00f5es sem eletricidade. Em Havana, os cortes de energia geraram preocupa\u00e7\u00e3o com vandalismo, que o Presidente afirmou poder ser punido.<\/p>\n<p>Inc\u00eandio nos dep\u00f3sitos de combust\u00edvel de Matanzas continua sem controlo, com equipas da Venezuela e do M\u00e9xico a ajudar. O incidente intensifica a press\u00e3o sobre a log\u00edstica de abastecimento.<\/p>\n<h3>Desdobramentos locais<\/h3>\n<p>Um armaz\u00e9m de petr\u00f3leo foi atingido por um rel\u00e2mpago durante tempestade, agravando a crise de combust\u00edvel. Habitantes de Havana temem desmoronamento de estruturas, alimentando preocupa\u00e7\u00f5es com seguran\u00e7a.<\/p>\n<p>Explos\u00e3o no hotel Saratoga, no centro de Havana, provocou mortos e feridos. Autoridades apontam para fuga de g\u00e1s como prov\u00e1vel causa, com o Presidente a deslocar-se ao local.<\/p>\n<h3>Perspectivas e a\u00e7\u00f5es do governo<\/h3>\n<p>O governo cubano tem discutido medidas para stabilizar a economia e a rede el\u00e9ctrica, com promessas de moderniza\u00e7\u00e3o. Tamb\u00e9m h\u00e1 foco em recupera\u00e7\u00e3o p\u00f3s-cat\u00e1strofe, incluindo apoio internacional e revitaliza\u00e7\u00e3o de servi\u00e7os b\u00e1sicos.<\/p>\n","protected":false},"excerpt":{"rendered":"<ul>\n<li>Cuba enfrenta uma vaga grave de abastecimento de combust\u00edvel, com longas filas por petr\u00f3leo da Venezuela, ap\u00f3s a redu\u00e7\u00e3o da produ\u00e7\u00e3o desse pa\u00eds.<\/li>\n<li>A crise tem impactado a avia\u00e7\u00e3o: os avi\u00f5es j\u00e1 n\u00e3o conseguem aterrar na ilha por falta de combust\u00edvel devido ao boicote petrol\u00edfero dos Estados Unidos.<\/li>\n<li>O governo cubano promete modernizar a rede el\u00e9trica e procurar alternativas para enfrentar a crise, apesar de a situa\u00e7\u00e3o se manter dif\u00edcil para a popula\u00e7\u00e3o.<\/li>\n<li>As falhas de energia e shortages afetam v\u00e1rios setores na ilha, agravando a crise econ\u00f3mica que j\u00e1 se verifica em Cuba.<\/li>\n<\/ul>\n","protected":false},"author":2,"featured_media":206646,"comment_status":"closed","ping_status":"closed","sticky":false,"template":"","format":"standard","meta":{"footnotes":""},"categories":[2,1],"tags":[2950,5215,28,174,1438,4427],"class_list":["post-206645","post","type-post","status-publish","format-standard","has-post-thumbnail","hentry","category-economia","category-noticias","tag-apagoes","tag-catastrofes-naturais","tag-economia","tag-energia","tag-incendio","tag-rede-electrica"],"yoast_head":"<!-- This site is optimized with the Yoast SEO plugin v27.2 - https:\/\/yoast.com\/product\/yoast-seo-wordpress\/ -->\n<title>Cuba: panorama pol\u00edtico e econ\u00f3mico atual - Portal Tela Portugal<\/title>\n<meta name=\"robots\" content=\"index, follow, max-snippet:-1, max-image-preview:large, max-video-preview:-1\" \/>\n<meta property=\"og:locale\" content=\"pt_PT\" \/>\n<meta property=\"og:type\" content=\"article\" \/>\n<meta property=\"og:title\" content=\"Cuba: panorama pol\u00edtico e econ\u00f3mico atual - Portal Tela Portugal\" \/>\n<meta property=\"og:description\" content=\"Cuba enfrenta uma vaga grave de abastecimento de combust\u00edvel, com longas filas por petr\u00f3leo da Venezuela, ap\u00f3s a redu\u00e7\u00e3o da produ\u00e7\u00e3o desse pa\u00eds. A crise tem impactado a avia\u00e7\u00e3o: os avi\u00f5es j\u00e1 n\u00e3o conseguem aterrar na ilha por falta de combust\u00edvel devido ao boicote petrol\u00edfero dos Estados Unidos. O governo cubano promete modernizar a rede el\u00e9trica e procurar alternativas para enfrentar a crise, apesar de a situa\u00e7\u00e3o se manter dif\u00edcil para a popula\u00e7\u00e3o. As falhas de energia e shortages afetam v\u00e1rios setores na ilha, agravando a crise econ\u00f3mica que j\u00e1 se verifica em Cuba.\" \/>\n<meta property=\"og:url\" content=\"https:\/\/portaltela.pt\/noticias\/2026\/02\/10\/cuba-panorama-politico-e-economico-atual\/\" \/>\n<meta property=\"og:site_name\" content=\"Portal Tela Portugal\" \/>\n<meta property=\"article:published_time\" content=\"2026-02-10T12:37:01+00:00\" \/>\n<meta name=\"author\" content=\"Telinha\" \/>\n<meta name=\"twitter:card\" content=\"summary_large_image\" \/>\n<meta name=\"twitter:label1\" content=\"Escrito por\" \/>\n\t<meta name=\"twitter:data1\" content=\"Telinha\" \/>\n\t<meta name=\"twitter:label2\" content=\"Tempo estimado de leitura\" \/>\n\t<meta name=\"twitter:data2\" content=\"2 minutos\" \/>\n<script type=\"application\/ld+json\" class=\"yoast-schema-graph\">{\"@context\":\"https:\/\/schema.org\",\"@graph\":[{\"@type\":\"Article\",\"@id\":\"https:\/\/portaltela.pt\/noticias\/2026\/02\/10\/cuba-panorama-politico-e-economico-atual\/#article\",\"isPartOf\":{\"@id\":\"https:\/\/portaltela.pt\/noticias\/2026\/02\/10\/cuba-panorama-politico-e-economico-atual\/\"},\"author\":{\"name\":\"Telinha\",\"@id\":\"https:\/\/portaltela.pt\/#\/schema\/person\/c4278d4a6028830caff9ee44b42d32ed\"},\"headline\":\"Cuba: panorama pol\u00edtico e econ\u00f3mico atual\",\"datePublished\":\"2026-02-10T12:37:01+00:00\",\"mainEntityOfPage\":{\"@id\":\"https:\/\/portaltela.pt\/noticias\/2026\/02\/10\/cuba-panorama-politico-e-economico-atual\/\"},\"wordCount\":490,\"image\":{\"@id\":\"https:\/\/portaltela.pt\/noticias\/2026\/02\/10\/cuba-panorama-politico-e-economico-atual\/#primaryimage\"},\"thumbnailUrl\":\"https:\/\/portaltela.pt\/s.01k8rhncp4jt1\/2026\/02\/320x180_cmsv2_24f93750-a787-5b16-b039-476d56c15272-9644824.jpg\",\"keywords\":[\"apag\u00f5es\",\"cat\u00e1strofes naturais\",\"economia\",\"energia\",\"inc\u00eandio\",\"rede el\u00e9ctrica\"],\"articleSection\":[\"Economia\",\"Not\u00edcias\"],\"inLanguage\":\"pt-PT\"},{\"@type\":\"WebPage\",\"@id\":\"https:\/\/portaltela.pt\/noticias\/2026\/02\/10\/cuba-panorama-politico-e-economico-atual\/\",\"url\":\"https:\/\/portaltela.pt\/noticias\/2026\/02\/10\/cuba-panorama-politico-e-economico-atual\/\",\"name\":\"Cuba: panorama pol\u00edtico e econ\u00f3mico atual - Portal Tela Portugal\",\"isPartOf\":{\"@id\":\"https:\/\/portaltela.pt\/#website\"},\"primaryImageOfPage\":{\"@id\":\"https:\/\/portaltela.pt\/noticias\/2026\/02\/10\/cuba-panorama-politico-e-economico-atual\/#primaryimage\"},\"image\":{\"@id\":\"https:\/\/portaltela.pt\/noticias\/2026\/02\/10\/cuba-panorama-politico-e-economico-atual\/#primaryimage\"},\"thumbnailUrl\":\"https:\/\/portaltela.pt\/s.01k8rhncp4jt1\/2026\/02\/320x180_cmsv2_24f93750-a787-5b16-b039-476d56c15272-9644824.jpg\",\"datePublished\":\"2026-02-10T12:37:01+00:00\",\"author\":{\"@id\":\"https:\/\/portaltela.pt\/#\/schema\/person\/c4278d4a6028830caff9ee44b42d32ed\"},\"breadcrumb\":{\"@id\":\"https:\/\/portaltela.pt\/noticias\/2026\/02\/10\/cuba-panorama-politico-e-economico-atual\/#breadcrumb\"},\"inLanguage\":\"pt-PT\",\"potentialAction\":[{\"@type\":\"ReadAction\",\"target\":[\"https:\/\/portaltela.pt\/noticias\/2026\/02\/10\/cuba-panorama-politico-e-economico-atual\/\"]}]},{\"@type\":\"ImageObject\",\"inLanguage\":\"pt-PT\",\"@id\":\"https:\/\/portaltela.pt\/noticias\/2026\/02\/10\/cuba-panorama-politico-e-economico-atual\/#primaryimage\",\"url\":\"https:\/\/portaltela.pt\/s.01k8rhncp4jt1\/2026\/02\/320x180_cmsv2_24f93750-a787-5b16-b039-476d56c15272-9644824.jpg\",\"contentUrl\":\"https:\/\/portaltela.pt\/s.01k8rhncp4jt1\/2026\/02\/320x180_cmsv2_24f93750-a787-5b16-b039-476d56c15272-9644824.jpg\",\"width\":796,\"height\":448,\"caption\":\"Os avi\u00f5es j\u00e1 n\u00e3o podem aterrar em Cuba\"},{\"@type\":\"BreadcrumbList\",\"@id\":\"https:\/\/portaltela.pt\/noticias\/2026\/02\/10\/cuba-panorama-politico-e-economico-atual\/#breadcrumb\",\"itemListElement\":[{\"@type\":\"ListItem\",\"position\":1,\"name\":\"In\u00edcio\",\"item\":\"https:\/\/portaltela.pt\/\"},{\"@type\":\"ListItem\",\"position\":2,\"name\":\"Cuba: panorama pol\u00edtico e econ\u00f3mico atual\"}]},{\"@type\":\"WebSite\",\"@id\":\"https:\/\/portaltela.pt\/#website\",\"url\":\"https:\/\/portaltela.pt\/\",\"name\":\"Portal Tela Portugal\",\"description\":\"\",\"potentialAction\":[{\"@type\":\"SearchAction\",\"target\":{\"@type\":\"EntryPoint\",\"urlTemplate\":\"https:\/\/portaltela.pt\/?s={search_term_string}\"},\"query-input\":{\"@type\":\"PropertyValueSpecification\",\"valueRequired\":true,\"valueName\":\"search_term_string\"}}],\"inLanguage\":\"pt-PT\"},{\"@type\":\"Person\",\"@id\":\"https:\/\/portaltela.pt\/#\/schema\/person\/c4278d4a6028830caff9ee44b42d32ed\",\"name\":\"Telinha\",\"image\":{\"@type\":\"ImageObject\",\"inLanguage\":\"pt-PT\",\"@id\":\"https:\/\/portaltela.pt\/s.01k8rhncp4jt1\/2025\/11\/talking-bot-125x125.png\",\"url\":\"https:\/\/portaltela.pt\/s.01k8rhncp4jt1\/2025\/11\/talking-bot-125x125.png\",\"contentUrl\":\"https:\/\/portaltela.pt\/s.01k8rhncp4jt1\/2025\/11\/talking-bot-125x125.png\",\"caption\":\"Telinha\"},\"sameAs\":[\"https:\/\/portaltela.pt\/\"],\"url\":\"https:\/\/portaltela.pt\/por\/367410592786\/\"}]}<\/script>\n<!-- \/ Yoast SEO plugin. -->","yoast_head_json":{"title":"Cuba: panorama pol\u00edtico e econ\u00f3mico atual - Portal Tela Portugal","robots":{"index":"index","follow":"follow","max-snippet":"max-snippet:-1","max-image-preview":"max-image-preview:large","max-video-preview":"max-video-preview:-1"},"og_locale":"pt_PT","og_type":"article","og_title":"Cuba: panorama pol\u00edtico e econ\u00f3mico atual - Portal Tela Portugal","og_description":"Cuba enfrenta uma vaga grave de abastecimento de combust\u00edvel, com longas filas por petr\u00f3leo da Venezuela, ap\u00f3s a redu\u00e7\u00e3o da produ\u00e7\u00e3o desse pa\u00eds. A crise tem impactado a avia\u00e7\u00e3o: os avi\u00f5es j\u00e1 n\u00e3o conseguem aterrar na ilha por falta de combust\u00edvel devido ao boicote petrol\u00edfero dos Estados Unidos. O governo cubano promete modernizar a rede el\u00e9trica e procurar alternativas para enfrentar a crise, apesar de a situa\u00e7\u00e3o se manter dif\u00edcil para a popula\u00e7\u00e3o. As falhas de energia e shortages afetam v\u00e1rios setores na ilha, agravando a crise econ\u00f3mica que j\u00e1 se verifica em Cuba.","og_url":"https:\/\/portaltela.pt\/noticias\/2026\/02\/10\/cuba-panorama-politico-e-economico-atual\/","og_site_name":"Portal Tela Portugal","article_published_time":"2026-02-10T12:37:01+00:00","author":"Telinha","twitter_card":"summary_large_image","twitter_misc":{"Escrito por":"Telinha","Tempo estimado de leitura":"2 minutos"},"schema":{"@context":"https:\/\/schema.org","@graph":[{"@type":"Article","@id":"https:\/\/portaltela.pt\/noticias\/2026\/02\/10\/cuba-panorama-politico-e-economico-atual\/#article","isPartOf":{"@id":"https:\/\/portaltela.pt\/noticias\/2026\/02\/10\/cuba-panorama-politico-e-economico-atual\/"},"author":{"name":"Telinha","@id":"https:\/\/portaltela.pt\/#\/schema\/person\/c4278d4a6028830caff9ee44b42d32ed"},"headline":"Cuba: panorama pol\u00edtico e econ\u00f3mico atual","datePublished":"2026-02-10T12:37:01+00:00","mainEntityOfPage":{"@id":"https:\/\/portaltela.pt\/noticias\/2026\/02\/10\/cuba-panorama-politico-e-economico-atual\/"},"wordCount":490,"image":{"@id":"https:\/\/portaltela.pt\/noticias\/2026\/02\/10\/cuba-panorama-politico-e-economico-atual\/#primaryimage"},"thumbnailUrl":"https:\/\/portaltela.pt\/s.01k8rhncp4jt1\/2026\/02\/320x180_cmsv2_24f93750-a787-5b16-b039-476d56c15272-9644824.jpg","keywords":["apag\u00f5es","cat\u00e1strofes naturais","economia","energia","inc\u00eandio","rede el\u00e9ctrica"],"articleSection":["Economia","Not\u00edcias"],"inLanguage":"pt-PT"},{"@type":"WebPage","@id":"https:\/\/portaltela.pt\/noticias\/2026\/02\/10\/cuba-panorama-politico-e-economico-atual\/","url":"https:\/\/portaltela.pt\/noticias\/2026\/02\/10\/cuba-panorama-politico-e-economico-atual\/","name":"Cuba: panorama pol\u00edtico e econ\u00f3mico atual - Portal Tela Portugal","isPartOf":{"@id":"https:\/\/portaltela.pt\/#website"},"primaryImageOfPage":{"@id":"https:\/\/portaltela.pt\/noticias\/2026\/02\/10\/cuba-panorama-politico-e-economico-atual\/#primaryimage"},"image":{"@id":"https:\/\/portaltela.pt\/noticias\/2026\/02\/10\/cuba-panorama-politico-e-economico-atual\/#primaryimage"},"thumbnailUrl":"https:\/\/portaltela.pt\/s.01k8rhncp4jt1\/2026\/02\/320x180_cmsv2_24f93750-a787-5b16-b039-476d56c15272-9644824.jpg","datePublished":"2026-02-10T12:37:01+00:00","author":{"@id":"https:\/\/portaltela.pt\/#\/schema\/person\/c4278d4a6028830caff9ee44b42d32ed"},"breadcrumb":{"@id":"https:\/\/portaltela.pt\/noticias\/2026\/02\/10\/cuba-panorama-politico-e-economico-atual\/#breadcrumb"},"inLanguage":"pt-PT","potentialAction":[{"@type":"ReadAction","target":["https:\/\/portaltela.pt\/noticias\/2026\/02\/10\/cuba-panorama-politico-e-economico-atual\/"]}]},{"@type":"ImageObject","inLanguage":"pt-PT","@id":"https:\/\/portaltela.pt\/noticias\/2026\/02\/10\/cuba-panorama-politico-e-economico-atual\/#primaryimage","url":"https:\/\/portaltela.pt\/s.01k8rhncp4jt1\/2026\/02\/320x180_cmsv2_24f93750-a787-5b16-b039-476d56c15272-9644824.jpg","contentUrl":"https:\/\/portaltela.pt\/s.01k8rhncp4jt1\/2026\/02\/320x180_cmsv2_24f93750-a787-5b16-b039-476d56c15272-9644824.jpg","width":796,"height":448,"caption":"Os avi\u00f5es j\u00e1 n\u00e3o podem aterrar em Cuba"},{"@type":"BreadcrumbList","@id":"https:\/\/portaltela.pt\/noticias\/2026\/02\/10\/cuba-panorama-politico-e-economico-atual\/#breadcrumb","itemListElement":[{"@type":"ListItem","position":1,"name":"In\u00edcio","item":"https:\/\/portaltela.pt\/"},{"@type":"ListItem","position":2,"name":"Cuba: panorama pol\u00edtico e econ\u00f3mico atual"}]},{"@type":"WebSite","@id":"https:\/\/portaltela.pt\/#website","url":"https:\/\/portaltela.pt\/","name":"Portal Tela Portugal","description":"","potentialAction":[{"@type":"SearchAction","target":{"@type":"EntryPoint","urlTemplate":"https:\/\/portaltela.pt\/?s={search_term_string}"},"query-input":{"@type":"PropertyValueSpecification","valueRequired":true,"valueName":"search_term_string"}}],"inLanguage":"pt-PT"},{"@type":"Person","@id":"https:\/\/portaltela.pt\/#\/schema\/person\/c4278d4a6028830caff9ee44b42d32ed","name":"Telinha","image":{"@type":"ImageObject","inLanguage":"pt-PT","@id":"https:\/\/portaltela.pt\/s.01k8rhncp4jt1\/2025\/11\/talking-bot-125x125.png","url":"https:\/\/portaltela.pt\/s.01k8rhncp4jt1\/2025\/11\/talking-bot-125x125.png","contentUrl":"https:\/\/portaltela.pt\/s.01k8rhncp4jt1\/2025\/11\/talking-bot-125x125.png","caption":"Telinha"},"sameAs":["https:\/\/portaltela.pt\/"],"url":"https:\/\/portaltela.pt\/por\/367410592786\/"}]}},"_links":{"self":[{"href":"https:\/\/portaltela.pt\/api\/wp\/v2\/posts\/206645","targetHints":{"allow":["GET"]}}],"collection":[{"href":"https:\/\/portaltela.pt\/api\/wp\/v2\/posts"}],"about":[{"href":"https:\/\/portaltela.pt\/api\/wp\/v2\/types\/post"}],"author":[{"embeddable":true,"href":"https:\/\/portaltela.pt\/api\/wp\/v2\/users\/2"}],"replies":[{"embeddable":true,"href":"https:\/\/portaltela.pt\/api\/wp\/v2\/comments?post=206645"}],"version-history":[{"count":0,"href":"https:\/\/portaltela.pt\/api\/wp\/v2\/posts\/206645\/revisions"}],"wp:featuredmedia":[{"embeddable":true,"href":"https:\/\/portaltela.pt\/api\/wp\/v2\/media\/206646"}],"wp:attachment":[{"href":"https:\/\/portaltela.pt\/api\/wp\/v2\/media?parent=206645"}],"wp:term":[{"taxonomy":"category","embeddable":true,"href":"https:\/\/portaltela.pt\/api\/wp\/v2\/categories?post=206645"},{"taxonomy":"post_tag","embeddable":true,"href":"https:\/\/portaltela.pt\/api\/wp\/v2\/tags?post=206645"}],"curies":[{"name":"wp","href":"https:\/\/api.w.org\/{rel}","templated":true}]}}