{"id":206635,"date":"2026-02-10T09:30:00","date_gmt":"2026-02-10T12:30:00","guid":{"rendered":"https:\/\/portaltela.pt\/noticias\/2026\/02\/10\/comite-olimpico-proibe-capacete-com-imagens-de-atletas-ucranianos-mortos\/"},"modified":"2026-02-10T09:30:00","modified_gmt":"2026-02-10T12:30:00","slug":"comite-olimpico-proibe-capacete-com-imagens-de-atletas-ucranianos-mortos","status":"publish","type":"post","link":"https:\/\/portaltela.pt\/desporto\/2026\/02\/10\/comite-olimpico-proibe-capacete-com-imagens-de-atletas-ucranianos-mortos\/","title":{"rendered":"Comit\u00e9 Ol\u00edmpico pro\u00edbe capacete com imagens de atletas ucranianos mortos"},"content":{"rendered":"<p>O atleta ucraniano Vladyslav Heraskevych foi proibido de usar um capacete que exibia imagens de atletas ol\u00edmpicos mortos durante a guerra na Ucr\u00e2nia, durante os Jogos Ol\u00edmpicos de Inverno em It\u00e1lia. O incidente ocorreu enquanto o atleta treinava em skeleton e foi confirmado pela organiza\u00e7\u00e3o respons\u00e1vel pela comunica\u00e7\u00e3o do COI.<\/p>\n<p>Heraskevych divulgou um v\u00eddeo em que denuncia que Toshio Tsurunaga, representante do Comit\u00e9 Ol\u00edmpico Internacional, se deslocou \u00e0 Vila Ol\u00edmpica para comunicar a decis\u00e3o. O atleta afirma sentir que o COI trai atletas que fizeram parte do movimento ol\u00edmpico ao impedir a homenagem na arena desportiva.<\/p>\n<p>O capacete exibia imagens de v\u00e1rios atletas ucranianos falecidos, incluindo a halterofilista Alina Perehudova, o pugilista Pavlo Ischenko, o jogador de h\u00f3quei Oleksiy Loginov, o ator e atleta Ivan Kononenko, a mergulhadora Mykyta Kozubenko, o atirador Oleksiy Habarov e a dan\u00e7arina Daria Kurdel.<\/p>\n<h3>COI mant\u00e9m proibi\u00e7\u00e3o sobre capacete<\/h3>\n<p>O COI autorizou, no entanto, que Heraskevych use uma bra\u00e7adeira negra, mantendo a proibi\u00e7\u00e3o do capacete. Toshio Tsurunaga explicou \u00e0 Reuters que a decis\u00e3o baseou-se na Carta Ol\u00edmpica, que pro\u00edbe qualquer manifesta\u00e7\u00e3o ou propaganda pol\u00edtica, religiosa ou racial em instala\u00e7\u00f5es e \u00e1reas ol\u00edmpicas.<\/p>\n<p>O Comit\u00e9 Ol\u00edmpico da Ucr\u00e2nia informou ter pedido ao COI para permitir a utiliza\u00e7\u00e3o do capacete em mem\u00f3ria dos atletas mortos na guerra. Segundo o organismo, o capacete foi criado para homenagear os atletas ucranianos que defenderam o pa\u00eds ou foram v\u00edtimas do conflito.<\/p>\n","protected":false},"excerpt":{"rendered":"<ul>\n<li>O Comit\u00e9 Ol\u00edmpico pro\u00edbe o capacete de Vladyslav Heraskevych, que mostra imagens de atletas ucranianos mortos na guerra durante os Jogos Ol\u00edmpicos de Inverno em It\u00e1lia.<\/li>\n<li>Heraskevych utilizou o capacete num treino de skeleton e, num v\u00eddeo, revelou que Toshio Tsurunaga, da delega\u00e7\u00e3o do COI, informou a decis\u00e3o na Vila Ol\u00edmpica.<\/li>\n<li>O COI autorizou, mais tarde, que Heraskevych usasse uma bra\u00e7adeira negra, mas manteve a proibi\u00e7\u00e3o do capacete.<\/li>\n<li>A decis\u00e3o baseou-se numa regra da Carta Ol\u00edmpica que pro\u00edbe qualquer manifesta\u00e7\u00e3o pol\u00edtica, religiosa ou racial em instala\u00e7\u00f5es ol\u00edmpicas.<\/li>\n<li>O Comit\u00e9 Ol\u00edmpico da Ucr\u00e2nia tinha pedido ao COI um capacete \u201cem mem\u00f3ria\u201d para homenagear atletas mortos na guerra, composto por imagens de v\u00edtimas ucranianas.<\/li>\n<\/ul>\n","protected":false},"author":2,"featured_media":206638,"comment_status":"closed","ping_status":"closed","sticky":false,"template":"","format":"standard","meta":{"footnotes":""},"categories":[21],"tags":[252,4688,5534,2198,152,2134],"class_list":["post-206635","post","type-post","status-publish","format-standard","has-post-thumbnail","hentry","category-desporto","tag-atletas","tag-comite-olimpico-internacional","tag-comunicacao-publica","tag-conflitos-internacionais","tag-desporto","tag-ucrania"],"yoast_head":"<!-- This site is optimized with the Yoast SEO plugin v27.2 - https:\/\/yoast.com\/product\/yoast-seo-wordpress\/ -->\n<title>Comit\u00e9 Ol\u00edmpico pro\u00edbe capacete com imagens de atletas ucranianos mortos - Portal Tela Portugal<\/title>\n<meta name=\"robots\" content=\"index, follow, max-snippet:-1, max-image-preview:large, max-video-preview:-1\" \/>\n<meta property=\"og:locale\" content=\"pt_PT\" \/>\n<meta property=\"og:type\" content=\"article\" \/>\n<meta property=\"og:title\" content=\"Comit\u00e9 Ol\u00edmpico pro\u00edbe capacete com imagens de atletas ucranianos mortos - Portal Tela Portugal\" \/>\n<meta property=\"og:description\" content=\"O Comit\u00e9 Ol\u00edmpico pro\u00edbe o capacete de Vladyslav Heraskevych, que mostra imagens de atletas ucranianos mortos na guerra durante os Jogos Ol\u00edmpicos de Inverno em It\u00e1lia. Heraskevych utilizou o capacete num treino de skeleton e, num v\u00eddeo, revelou que Toshio Tsurunaga, da delega\u00e7\u00e3o do COI, informou a decis\u00e3o na Vila Ol\u00edmpica. O COI autorizou, mais tarde, que Heraskevych usasse uma bra\u00e7adeira negra, mas manteve a proibi\u00e7\u00e3o do capacete. A decis\u00e3o baseou-se numa regra da Carta Ol\u00edmpica que pro\u00edbe qualquer manifesta\u00e7\u00e3o pol\u00edtica, religiosa ou racial em instala\u00e7\u00f5es ol\u00edmpicas. O Comit\u00e9 Ol\u00edmpico da Ucr\u00e2nia tinha pedido ao COI um capacete \u201cem mem\u00f3ria\u201d para homenagear atletas mortos na guerra, composto por imagens de v\u00edtimas ucranianas.\" \/>\n<meta property=\"og:url\" content=\"https:\/\/portaltela.pt\/noticias\/2026\/02\/10\/comite-olimpico-proibe-capacete-com-imagens-de-atletas-ucranianos-mortos\/\" \/>\n<meta property=\"og:site_name\" content=\"Portal Tela Portugal\" \/>\n<meta property=\"article:published_time\" content=\"2026-02-10T12:30:00+00:00\" \/>\n<meta name=\"author\" content=\"Telinha\" \/>\n<meta name=\"twitter:card\" content=\"summary_large_image\" \/>\n<meta name=\"twitter:label1\" content=\"Escrito por\" \/>\n\t<meta name=\"twitter:data1\" content=\"Telinha\" \/>\n\t<meta name=\"twitter:label2\" content=\"Tempo estimado de leitura\" \/>\n\t<meta name=\"twitter:data2\" content=\"1 minuto\" \/>\n<script type=\"application\/ld+json\" class=\"yoast-schema-graph\">{\"@context\":\"https:\/\/schema.org\",\"@graph\":[{\"@type\":\"Article\",\"@id\":\"https:\/\/portaltela.pt\/noticias\/2026\/02\/10\/comite-olimpico-proibe-capacete-com-imagens-de-atletas-ucranianos-mortos\/#article\",\"isPartOf\":{\"@id\":\"https:\/\/portaltela.pt\/noticias\/2026\/02\/10\/comite-olimpico-proibe-capacete-com-imagens-de-atletas-ucranianos-mortos\/\"},\"author\":{\"name\":\"Telinha\",\"@id\":\"https:\/\/portaltela.pt\/#\/schema\/person\/c4278d4a6028830caff9ee44b42d32ed\"},\"headline\":\"Comit\u00e9 Ol\u00edmpico pro\u00edbe capacete com imagens de atletas ucranianos mortos\",\"datePublished\":\"2026-02-10T12:30:00+00:00\",\"mainEntityOfPage\":{\"@id\":\"https:\/\/portaltela.pt\/noticias\/2026\/02\/10\/comite-olimpico-proibe-capacete-com-imagens-de-atletas-ucranianos-mortos\/\"},\"wordCount\":273,\"image\":{\"@id\":\"https:\/\/portaltela.pt\/noticias\/2026\/02\/10\/comite-olimpico-proibe-capacete-com-imagens-de-atletas-ucranianos-mortos\/#primaryimage\"},\"thumbnailUrl\":\"https:\/\/portaltela.pt\/s.01k8rhncp4jt1\/2026\/02\/img_1280x721uu2026-02-10-12-15-23-2266074.jpg\",\"keywords\":[\"atletas\",\"Comit\u00e9 Ol\u00edmpico Internacional\",\"comunica\u00e7\u00e3o p\u00fablica\",\"conflitos internacionais\",\"desporto\",\"Ucr\u00e2nia\"],\"articleSection\":[\"Desporto\"],\"inLanguage\":\"pt-PT\"},{\"@type\":\"WebPage\",\"@id\":\"https:\/\/portaltela.pt\/noticias\/2026\/02\/10\/comite-olimpico-proibe-capacete-com-imagens-de-atletas-ucranianos-mortos\/\",\"url\":\"https:\/\/portaltela.pt\/noticias\/2026\/02\/10\/comite-olimpico-proibe-capacete-com-imagens-de-atletas-ucranianos-mortos\/\",\"name\":\"Comit\u00e9 Ol\u00edmpico pro\u00edbe capacete com imagens de atletas ucranianos mortos - Portal Tela Portugal\",\"isPartOf\":{\"@id\":\"https:\/\/portaltela.pt\/#website\"},\"primaryImageOfPage\":{\"@id\":\"https:\/\/portaltela.pt\/noticias\/2026\/02\/10\/comite-olimpico-proibe-capacete-com-imagens-de-atletas-ucranianos-mortos\/#primaryimage\"},\"image\":{\"@id\":\"https:\/\/portaltela.pt\/noticias\/2026\/02\/10\/comite-olimpico-proibe-capacete-com-imagens-de-atletas-ucranianos-mortos\/#primaryimage\"},\"thumbnailUrl\":\"https:\/\/portaltela.pt\/s.01k8rhncp4jt1\/2026\/02\/img_1280x721uu2026-02-10-12-15-23-2266074.jpg\",\"datePublished\":\"2026-02-10T12:30:00+00:00\",\"author\":{\"@id\":\"https:\/\/portaltela.pt\/#\/schema\/person\/c4278d4a6028830caff9ee44b42d32ed\"},\"breadcrumb\":{\"@id\":\"https:\/\/portaltela.pt\/noticias\/2026\/02\/10\/comite-olimpico-proibe-capacete-com-imagens-de-atletas-ucranianos-mortos\/#breadcrumb\"},\"inLanguage\":\"pt-PT\",\"potentialAction\":[{\"@type\":\"ReadAction\",\"target\":[\"https:\/\/portaltela.pt\/noticias\/2026\/02\/10\/comite-olimpico-proibe-capacete-com-imagens-de-atletas-ucranianos-mortos\/\"]}]},{\"@type\":\"ImageObject\",\"inLanguage\":\"pt-PT\",\"@id\":\"https:\/\/portaltela.pt\/noticias\/2026\/02\/10\/comite-olimpico-proibe-capacete-com-imagens-de-atletas-ucranianos-mortos\/#primaryimage\",\"url\":\"https:\/\/portaltela.pt\/s.01k8rhncp4jt1\/2026\/02\/img_1280x721uu2026-02-10-12-15-23-2266074.jpg\",\"contentUrl\":\"https:\/\/portaltela.pt\/s.01k8rhncp4jt1\/2026\/02\/img_1280x721uu2026-02-10-12-15-23-2266074.jpg\",\"width\":796,\"height\":448,\"caption\":\"Vladyslav Heraskevych com o capacete onde exibe imagens de atletas mortos na guerra da Ucr\u00e2nia\"},{\"@type\":\"BreadcrumbList\",\"@id\":\"https:\/\/portaltela.pt\/noticias\/2026\/02\/10\/comite-olimpico-proibe-capacete-com-imagens-de-atletas-ucranianos-mortos\/#breadcrumb\",\"itemListElement\":[{\"@type\":\"ListItem\",\"position\":1,\"name\":\"In\u00edcio\",\"item\":\"https:\/\/portaltela.pt\/\"},{\"@type\":\"ListItem\",\"position\":2,\"name\":\"Comit\u00e9 Ol\u00edmpico pro\u00edbe capacete com imagens de atletas ucranianos mortos\"}]},{\"@type\":\"WebSite\",\"@id\":\"https:\/\/portaltela.pt\/#website\",\"url\":\"https:\/\/portaltela.pt\/\",\"name\":\"Portal Tela Portugal\",\"description\":\"\",\"potentialAction\":[{\"@type\":\"SearchAction\",\"target\":{\"@type\":\"EntryPoint\",\"urlTemplate\":\"https:\/\/portaltela.pt\/?s={search_term_string}\"},\"query-input\":{\"@type\":\"PropertyValueSpecification\",\"valueRequired\":true,\"valueName\":\"search_term_string\"}}],\"inLanguage\":\"pt-PT\"},{\"@type\":\"Person\",\"@id\":\"https:\/\/portaltela.pt\/#\/schema\/person\/c4278d4a6028830caff9ee44b42d32ed\",\"name\":\"Telinha\",\"image\":{\"@type\":\"ImageObject\",\"inLanguage\":\"pt-PT\",\"@id\":\"https:\/\/portaltela.pt\/s.01k8rhncp4jt1\/2025\/11\/talking-bot-125x125.png\",\"url\":\"https:\/\/portaltela.pt\/s.01k8rhncp4jt1\/2025\/11\/talking-bot-125x125.png\",\"contentUrl\":\"https:\/\/portaltela.pt\/s.01k8rhncp4jt1\/2025\/11\/talking-bot-125x125.png\",\"caption\":\"Telinha\"},\"sameAs\":[\"https:\/\/portaltela.pt\/\"],\"url\":\"https:\/\/portaltela.pt\/por\/367410592786\/\"}]}<\/script>\n<!-- \/ Yoast SEO plugin. -->","yoast_head_json":{"title":"Comit\u00e9 Ol\u00edmpico pro\u00edbe capacete com imagens de atletas ucranianos mortos - Portal Tela Portugal","robots":{"index":"index","follow":"follow","max-snippet":"max-snippet:-1","max-image-preview":"max-image-preview:large","max-video-preview":"max-video-preview:-1"},"og_locale":"pt_PT","og_type":"article","og_title":"Comit\u00e9 Ol\u00edmpico pro\u00edbe capacete com imagens de atletas ucranianos mortos - Portal Tela Portugal","og_description":"O Comit\u00e9 Ol\u00edmpico pro\u00edbe o capacete de Vladyslav Heraskevych, que mostra imagens de atletas ucranianos mortos na guerra durante os Jogos Ol\u00edmpicos de Inverno em It\u00e1lia. Heraskevych utilizou o capacete num treino de skeleton e, num v\u00eddeo, revelou que Toshio Tsurunaga, da delega\u00e7\u00e3o do COI, informou a decis\u00e3o na Vila Ol\u00edmpica. O COI autorizou, mais tarde, que Heraskevych usasse uma bra\u00e7adeira negra, mas manteve a proibi\u00e7\u00e3o do capacete. A decis\u00e3o baseou-se numa regra da Carta Ol\u00edmpica que pro\u00edbe qualquer manifesta\u00e7\u00e3o pol\u00edtica, religiosa ou racial em instala\u00e7\u00f5es ol\u00edmpicas. O Comit\u00e9 Ol\u00edmpico da Ucr\u00e2nia tinha pedido ao COI um capacete \u201cem mem\u00f3ria\u201d para homenagear atletas mortos na guerra, composto por imagens de v\u00edtimas ucranianas.","og_url":"https:\/\/portaltela.pt\/noticias\/2026\/02\/10\/comite-olimpico-proibe-capacete-com-imagens-de-atletas-ucranianos-mortos\/","og_site_name":"Portal Tela Portugal","article_published_time":"2026-02-10T12:30:00+00:00","author":"Telinha","twitter_card":"summary_large_image","twitter_misc":{"Escrito por":"Telinha","Tempo estimado de leitura":"1 minuto"},"schema":{"@context":"https:\/\/schema.org","@graph":[{"@type":"Article","@id":"https:\/\/portaltela.pt\/noticias\/2026\/02\/10\/comite-olimpico-proibe-capacete-com-imagens-de-atletas-ucranianos-mortos\/#article","isPartOf":{"@id":"https:\/\/portaltela.pt\/noticias\/2026\/02\/10\/comite-olimpico-proibe-capacete-com-imagens-de-atletas-ucranianos-mortos\/"},"author":{"name":"Telinha","@id":"https:\/\/portaltela.pt\/#\/schema\/person\/c4278d4a6028830caff9ee44b42d32ed"},"headline":"Comit\u00e9 Ol\u00edmpico pro\u00edbe capacete com imagens de atletas ucranianos mortos","datePublished":"2026-02-10T12:30:00+00:00","mainEntityOfPage":{"@id":"https:\/\/portaltela.pt\/noticias\/2026\/02\/10\/comite-olimpico-proibe-capacete-com-imagens-de-atletas-ucranianos-mortos\/"},"wordCount":273,"image":{"@id":"https:\/\/portaltela.pt\/noticias\/2026\/02\/10\/comite-olimpico-proibe-capacete-com-imagens-de-atletas-ucranianos-mortos\/#primaryimage"},"thumbnailUrl":"https:\/\/portaltela.pt\/s.01k8rhncp4jt1\/2026\/02\/img_1280x721uu2026-02-10-12-15-23-2266074.jpg","keywords":["atletas","Comit\u00e9 Ol\u00edmpico Internacional","comunica\u00e7\u00e3o p\u00fablica","conflitos internacionais","desporto","Ucr\u00e2nia"],"articleSection":["Desporto"],"inLanguage":"pt-PT"},{"@type":"WebPage","@id":"https:\/\/portaltela.pt\/noticias\/2026\/02\/10\/comite-olimpico-proibe-capacete-com-imagens-de-atletas-ucranianos-mortos\/","url":"https:\/\/portaltela.pt\/noticias\/2026\/02\/10\/comite-olimpico-proibe-capacete-com-imagens-de-atletas-ucranianos-mortos\/","name":"Comit\u00e9 Ol\u00edmpico pro\u00edbe capacete com imagens de atletas ucranianos mortos - Portal Tela Portugal","isPartOf":{"@id":"https:\/\/portaltela.pt\/#website"},"primaryImageOfPage":{"@id":"https:\/\/portaltela.pt\/noticias\/2026\/02\/10\/comite-olimpico-proibe-capacete-com-imagens-de-atletas-ucranianos-mortos\/#primaryimage"},"image":{"@id":"https:\/\/portaltela.pt\/noticias\/2026\/02\/10\/comite-olimpico-proibe-capacete-com-imagens-de-atletas-ucranianos-mortos\/#primaryimage"},"thumbnailUrl":"https:\/\/portaltela.pt\/s.01k8rhncp4jt1\/2026\/02\/img_1280x721uu2026-02-10-12-15-23-2266074.jpg","datePublished":"2026-02-10T12:30:00+00:00","author":{"@id":"https:\/\/portaltela.pt\/#\/schema\/person\/c4278d4a6028830caff9ee44b42d32ed"},"breadcrumb":{"@id":"https:\/\/portaltela.pt\/noticias\/2026\/02\/10\/comite-olimpico-proibe-capacete-com-imagens-de-atletas-ucranianos-mortos\/#breadcrumb"},"inLanguage":"pt-PT","potentialAction":[{"@type":"ReadAction","target":["https:\/\/portaltela.pt\/noticias\/2026\/02\/10\/comite-olimpico-proibe-capacete-com-imagens-de-atletas-ucranianos-mortos\/"]}]},{"@type":"ImageObject","inLanguage":"pt-PT","@id":"https:\/\/portaltela.pt\/noticias\/2026\/02\/10\/comite-olimpico-proibe-capacete-com-imagens-de-atletas-ucranianos-mortos\/#primaryimage","url":"https:\/\/portaltela.pt\/s.01k8rhncp4jt1\/2026\/02\/img_1280x721uu2026-02-10-12-15-23-2266074.jpg","contentUrl":"https:\/\/portaltela.pt\/s.01k8rhncp4jt1\/2026\/02\/img_1280x721uu2026-02-10-12-15-23-2266074.jpg","width":796,"height":448,"caption":"Vladyslav Heraskevych com o capacete onde exibe imagens de atletas mortos na guerra da Ucr\u00e2nia"},{"@type":"BreadcrumbList","@id":"https:\/\/portaltela.pt\/noticias\/2026\/02\/10\/comite-olimpico-proibe-capacete-com-imagens-de-atletas-ucranianos-mortos\/#breadcrumb","itemListElement":[{"@type":"ListItem","position":1,"name":"In\u00edcio","item":"https:\/\/portaltela.pt\/"},{"@type":"ListItem","position":2,"name":"Comit\u00e9 Ol\u00edmpico pro\u00edbe capacete com imagens de atletas ucranianos mortos"}]},{"@type":"WebSite","@id":"https:\/\/portaltela.pt\/#website","url":"https:\/\/portaltela.pt\/","name":"Portal Tela Portugal","description":"","potentialAction":[{"@type":"SearchAction","target":{"@type":"EntryPoint","urlTemplate":"https:\/\/portaltela.pt\/?s={search_term_string}"},"query-input":{"@type":"PropertyValueSpecification","valueRequired":true,"valueName":"search_term_string"}}],"inLanguage":"pt-PT"},{"@type":"Person","@id":"https:\/\/portaltela.pt\/#\/schema\/person\/c4278d4a6028830caff9ee44b42d32ed","name":"Telinha","image":{"@type":"ImageObject","inLanguage":"pt-PT","@id":"https:\/\/portaltela.pt\/s.01k8rhncp4jt1\/2025\/11\/talking-bot-125x125.png","url":"https:\/\/portaltela.pt\/s.01k8rhncp4jt1\/2025\/11\/talking-bot-125x125.png","contentUrl":"https:\/\/portaltela.pt\/s.01k8rhncp4jt1\/2025\/11\/talking-bot-125x125.png","caption":"Telinha"},"sameAs":["https:\/\/portaltela.pt\/"],"url":"https:\/\/portaltela.pt\/por\/367410592786\/"}]}},"_links":{"self":[{"href":"https:\/\/portaltela.pt\/api\/wp\/v2\/posts\/206635","targetHints":{"allow":["GET"]}}],"collection":[{"href":"https:\/\/portaltela.pt\/api\/wp\/v2\/posts"}],"about":[{"href":"https:\/\/portaltela.pt\/api\/wp\/v2\/types\/post"}],"author":[{"embeddable":true,"href":"https:\/\/portaltela.pt\/api\/wp\/v2\/users\/2"}],"replies":[{"embeddable":true,"href":"https:\/\/portaltela.pt\/api\/wp\/v2\/comments?post=206635"}],"version-history":[{"count":0,"href":"https:\/\/portaltela.pt\/api\/wp\/v2\/posts\/206635\/revisions"}],"wp:featuredmedia":[{"embeddable":true,"href":"https:\/\/portaltela.pt\/api\/wp\/v2\/media\/206638"}],"wp:attachment":[{"href":"https:\/\/portaltela.pt\/api\/wp\/v2\/media?parent=206635"}],"wp:term":[{"taxonomy":"category","embeddable":true,"href":"https:\/\/portaltela.pt\/api\/wp\/v2\/categories?post=206635"},{"taxonomy":"post_tag","embeddable":true,"href":"https:\/\/portaltela.pt\/api\/wp\/v2\/tags?post=206635"}],"curies":[{"name":"wp","href":"https:\/\/api.w.org\/{rel}","templated":true}]}}