{"id":206633,"date":"2026-02-10T09:20:57","date_gmt":"2026-02-10T12:20:57","guid":{"rendered":"https:\/\/portaltela.pt\/noticias\/2026\/02\/10\/eua-transferiram-4-580-prisioneiros-do-daesh-da-siria-para-o-iraque\/"},"modified":"2026-02-10T09:20:57","modified_gmt":"2026-02-10T12:20:57","slug":"eua-transferiram-4-580-prisioneiros-do-daesh-da-siria-para-o-iraque","status":"publish","type":"post","link":"https:\/\/portaltela.pt\/noticias\/2026\/02\/10\/eua-transferiram-4-580-prisioneiros-do-daesh-da-siria-para-o-iraque\/","title":{"rendered":"EUA transferiram 4.580 prisioneiros do Daesh da S\u00edria para o Iraque"},"content":{"rendered":"<p>As for\u00e7as armadas dos EUA transferiram mais de 4.580 detidos suspeitos de pertencer ao grupo Estado Isl\u00e2mico (Daesh) que estavam na S\u00edria para o Iraque. A informa\u00e7\u00e3o foi passada \u00e0 ag\u00eancia France-Presse por uma fonte governamental em Damasco.<\/p>\n<p>A opera\u00e7\u00e3o, que come\u00e7ou no m\u00eas de janeiro, visa evitar riscos de fuga entre os detidos. Saad Maan, chefe da unidade de informa\u00e7\u00f5es de seguran\u00e7a ligada ao gabinete do primeiro-ministro s\u00edrio, afirmou que 4.583 pessoas j\u00e1 foram transportadas para o Iraque, num total de 7 mil que ainda permanecem na S\u00edria.<\/p>\n<h3>Situa\u00e7\u00e3o dos detidos e resposta internacional<\/h3>\n<p>Segundo Maan, os suspeitos est\u00e3o em centros de deten\u00e7\u00e3o seguros no territ\u00f3rio iraquiano. A decis\u00e3o decorreu da retirada das for\u00e7as curdas do norte da S\u00edria, sob press\u00e3o de Damasco, que controlavam as pris\u00f5es com extremistas. Entre os detidos h\u00e1 s\u00edrios, iraquianos, europeus e outras nacionalidades.<\/p>\n<p>Autoridades iraquianas anunciaram a abertura de processos judiciais contra os detidos. Tribunais do Iraque j\u00e1 condenaram centenas de membros do Daesh, incluindo muitos combatentes estrangeiros, a pena de morte ou longa pris\u00e3o. Diversas organiza\u00e7\u00f5es de direitos humanos criticaram julgamentos sum\u00e1rios e confiss\u00f5es obtidas sob press\u00e3o.<\/p>\n","protected":false},"excerpt":{"rendered":"<ul>\n<li>As For\u00e7as Armadas dos EUA transferiram para o Iraque mais de 4.580 suspeitos de pertencer ao Daesh que estavam detidos na S\u00edria.<\/li>\n<li>A opera\u00e7\u00e3o come\u00e7ou no passado m\u00eas de janeiro para evitar riscos de fuga.<\/li>\n<li>Segundo Saad Maan, 4.583 pessoas j\u00e1 foram transportadas, de um total de sete mil que ainda se encontram em territ\u00f3rio s\u00edrio.<\/li>\n<li>Os detidos est\u00e3o em centros de deten\u00e7\u00e3o seguros em territ\u00f3rio iraquiano.<\/li>\n<li>O Iraque j\u00e1 condenou centenas de membros do Daesh \u00e0 morte ou \u00e0 pris\u00e3o perp\u00e9tua, gerando cr\u00edticas de direitos humanos sobre os julgamentos.<\/li>\n<\/ul>\n","protected":false},"author":2,"featured_media":206636,"comment_status":"closed","ping_status":"closed","sticky":false,"template":"","format":"standard","meta":{"footnotes":""},"categories":[1],"tags":[4787,3395,2633,215,4343,2066],"class_list":["post-206633","post","type-post","status-publish","format-standard","has-post-thumbnail","hentry","category-noticias","tag-colaboracao-internacional","tag-daesh","tag-direitos-humanos","tag-investigacao","tag-prisoes","tag-siria"],"yoast_head":"<!-- This site is optimized with the Yoast SEO plugin v27.2 - https:\/\/yoast.com\/product\/yoast-seo-wordpress\/ -->\n<title>EUA transferiram 4.580 prisioneiros do Daesh da S\u00edria para o Iraque - Portal Tela Portugal<\/title>\n<meta name=\"robots\" content=\"index, follow, max-snippet:-1, max-image-preview:large, max-video-preview:-1\" \/>\n<meta property=\"og:locale\" content=\"pt_PT\" \/>\n<meta property=\"og:type\" content=\"article\" \/>\n<meta property=\"og:title\" content=\"EUA transferiram 4.580 prisioneiros do Daesh da S\u00edria para o Iraque - Portal Tela Portugal\" \/>\n<meta property=\"og:description\" content=\"As For\u00e7as Armadas dos EUA transferiram para o Iraque mais de 4.580 suspeitos de pertencer ao Daesh que estavam detidos na S\u00edria. A opera\u00e7\u00e3o come\u00e7ou no passado m\u00eas de janeiro para evitar riscos de fuga. Segundo Saad Maan, 4.583 pessoas j\u00e1 foram transportadas, de um total de sete mil que ainda se encontram em territ\u00f3rio s\u00edrio. Os detidos est\u00e3o em centros de deten\u00e7\u00e3o seguros em territ\u00f3rio iraquiano. O Iraque j\u00e1 condenou centenas de membros do Daesh \u00e0 morte ou \u00e0 pris\u00e3o perp\u00e9tua, gerando cr\u00edticas de direitos humanos sobre os julgamentos.\" \/>\n<meta property=\"og:url\" content=\"https:\/\/portaltela.pt\/noticias\/2026\/02\/10\/eua-transferiram-4-580-prisioneiros-do-daesh-da-siria-para-o-iraque\/\" \/>\n<meta property=\"og:site_name\" content=\"Portal Tela Portugal\" \/>\n<meta property=\"article:published_time\" content=\"2026-02-10T12:20:57+00:00\" \/>\n<meta name=\"author\" content=\"Telinha\" \/>\n<meta name=\"twitter:card\" content=\"summary_large_image\" \/>\n<meta name=\"twitter:label1\" content=\"Escrito por\" \/>\n\t<meta name=\"twitter:data1\" content=\"Telinha\" \/>\n\t<meta name=\"twitter:label2\" content=\"Tempo estimado de leitura\" \/>\n\t<meta name=\"twitter:data2\" content=\"1 minuto\" \/>\n<script type=\"application\/ld+json\" class=\"yoast-schema-graph\">{\"@context\":\"https:\/\/schema.org\",\"@graph\":[{\"@type\":\"Article\",\"@id\":\"https:\/\/portaltela.pt\/noticias\/2026\/02\/10\/eua-transferiram-4-580-prisioneiros-do-daesh-da-siria-para-o-iraque\/#article\",\"isPartOf\":{\"@id\":\"https:\/\/portaltela.pt\/noticias\/2026\/02\/10\/eua-transferiram-4-580-prisioneiros-do-daesh-da-siria-para-o-iraque\/\"},\"author\":{\"name\":\"Telinha\",\"@id\":\"https:\/\/portaltela.pt\/#\/schema\/person\/c4278d4a6028830caff9ee44b42d32ed\"},\"headline\":\"EUA transferiram 4.580 prisioneiros do Daesh da S\u00edria para o Iraque\",\"datePublished\":\"2026-02-10T12:20:57+00:00\",\"mainEntityOfPage\":{\"@id\":\"https:\/\/portaltela.pt\/noticias\/2026\/02\/10\/eua-transferiram-4-580-prisioneiros-do-daesh-da-siria-para-o-iraque\/\"},\"wordCount\":219,\"image\":{\"@id\":\"https:\/\/portaltela.pt\/noticias\/2026\/02\/10\/eua-transferiram-4-580-prisioneiros-do-daesh-da-siria-para-o-iraque\/#primaryimage\"},\"thumbnailUrl\":\"https:\/\/portaltela.pt\/s.01k8rhncp4jt1\/2026\/02\/img_1500x1000uu2017-05-20-12-27-00-629978.jpg\",\"keywords\":[\"colabora\u00e7\u00e3o internacional\",\"Daesh\",\"direitos humanos\",\"investiga\u00e7\u00e3o\",\"pris\u00f5es\",\"S\u00edria\"],\"articleSection\":[\"Not\u00edcias\"],\"inLanguage\":\"pt-PT\"},{\"@type\":\"WebPage\",\"@id\":\"https:\/\/portaltela.pt\/noticias\/2026\/02\/10\/eua-transferiram-4-580-prisioneiros-do-daesh-da-siria-para-o-iraque\/\",\"url\":\"https:\/\/portaltela.pt\/noticias\/2026\/02\/10\/eua-transferiram-4-580-prisioneiros-do-daesh-da-siria-para-o-iraque\/\",\"name\":\"EUA transferiram 4.580 prisioneiros do Daesh da S\u00edria para o Iraque - Portal Tela Portugal\",\"isPartOf\":{\"@id\":\"https:\/\/portaltela.pt\/#website\"},\"primaryImageOfPage\":{\"@id\":\"https:\/\/portaltela.pt\/noticias\/2026\/02\/10\/eua-transferiram-4-580-prisioneiros-do-daesh-da-siria-para-o-iraque\/#primaryimage\"},\"image\":{\"@id\":\"https:\/\/portaltela.pt\/noticias\/2026\/02\/10\/eua-transferiram-4-580-prisioneiros-do-daesh-da-siria-para-o-iraque\/#primaryimage\"},\"thumbnailUrl\":\"https:\/\/portaltela.pt\/s.01k8rhncp4jt1\/2026\/02\/img_1500x1000uu2017-05-20-12-27-00-629978.jpg\",\"datePublished\":\"2026-02-10T12:20:57+00:00\",\"author\":{\"@id\":\"https:\/\/portaltela.pt\/#\/schema\/person\/c4278d4a6028830caff9ee44b42d32ed\"},\"breadcrumb\":{\"@id\":\"https:\/\/portaltela.pt\/noticias\/2026\/02\/10\/eua-transferiram-4-580-prisioneiros-do-daesh-da-siria-para-o-iraque\/#breadcrumb\"},\"inLanguage\":\"pt-PT\",\"potentialAction\":[{\"@type\":\"ReadAction\",\"target\":[\"https:\/\/portaltela.pt\/noticias\/2026\/02\/10\/eua-transferiram-4-580-prisioneiros-do-daesh-da-siria-para-o-iraque\/\"]}]},{\"@type\":\"ImageObject\",\"inLanguage\":\"pt-PT\",\"@id\":\"https:\/\/portaltela.pt\/noticias\/2026\/02\/10\/eua-transferiram-4-580-prisioneiros-do-daesh-da-siria-para-o-iraque\/#primaryimage\",\"url\":\"https:\/\/portaltela.pt\/s.01k8rhncp4jt1\/2026\/02\/img_1500x1000uu2017-05-20-12-27-00-629978.jpg\",\"contentUrl\":\"https:\/\/portaltela.pt\/s.01k8rhncp4jt1\/2026\/02\/img_1500x1000uu2017-05-20-12-27-00-629978.jpg\",\"width\":1500,\"height\":1000,\"caption\":\"Ex\u00e9rcito do Iraque\"},{\"@type\":\"BreadcrumbList\",\"@id\":\"https:\/\/portaltela.pt\/noticias\/2026\/02\/10\/eua-transferiram-4-580-prisioneiros-do-daesh-da-siria-para-o-iraque\/#breadcrumb\",\"itemListElement\":[{\"@type\":\"ListItem\",\"position\":1,\"name\":\"In\u00edcio\",\"item\":\"https:\/\/portaltela.pt\/\"},{\"@type\":\"ListItem\",\"position\":2,\"name\":\"EUA transferiram 4.580 prisioneiros do Daesh da S\u00edria para o Iraque\"}]},{\"@type\":\"WebSite\",\"@id\":\"https:\/\/portaltela.pt\/#website\",\"url\":\"https:\/\/portaltela.pt\/\",\"name\":\"Portal Tela Portugal\",\"description\":\"\",\"potentialAction\":[{\"@type\":\"SearchAction\",\"target\":{\"@type\":\"EntryPoint\",\"urlTemplate\":\"https:\/\/portaltela.pt\/?s={search_term_string}\"},\"query-input\":{\"@type\":\"PropertyValueSpecification\",\"valueRequired\":true,\"valueName\":\"search_term_string\"}}],\"inLanguage\":\"pt-PT\"},{\"@type\":\"Person\",\"@id\":\"https:\/\/portaltela.pt\/#\/schema\/person\/c4278d4a6028830caff9ee44b42d32ed\",\"name\":\"Telinha\",\"image\":{\"@type\":\"ImageObject\",\"inLanguage\":\"pt-PT\",\"@id\":\"https:\/\/portaltela.pt\/s.01k8rhncp4jt1\/2025\/11\/talking-bot-125x125.png\",\"url\":\"https:\/\/portaltela.pt\/s.01k8rhncp4jt1\/2025\/11\/talking-bot-125x125.png\",\"contentUrl\":\"https:\/\/portaltela.pt\/s.01k8rhncp4jt1\/2025\/11\/talking-bot-125x125.png\",\"caption\":\"Telinha\"},\"sameAs\":[\"https:\/\/portaltela.pt\/\"],\"url\":\"https:\/\/portaltela.pt\/por\/367410592786\/\"}]}<\/script>\n<!-- \/ Yoast SEO plugin. -->","yoast_head_json":{"title":"EUA transferiram 4.580 prisioneiros do Daesh da S\u00edria para o Iraque - Portal Tela Portugal","robots":{"index":"index","follow":"follow","max-snippet":"max-snippet:-1","max-image-preview":"max-image-preview:large","max-video-preview":"max-video-preview:-1"},"og_locale":"pt_PT","og_type":"article","og_title":"EUA transferiram 4.580 prisioneiros do Daesh da S\u00edria para o Iraque - Portal Tela Portugal","og_description":"As For\u00e7as Armadas dos EUA transferiram para o Iraque mais de 4.580 suspeitos de pertencer ao Daesh que estavam detidos na S\u00edria. A opera\u00e7\u00e3o come\u00e7ou no passado m\u00eas de janeiro para evitar riscos de fuga. Segundo Saad Maan, 4.583 pessoas j\u00e1 foram transportadas, de um total de sete mil que ainda se encontram em territ\u00f3rio s\u00edrio. Os detidos est\u00e3o em centros de deten\u00e7\u00e3o seguros em territ\u00f3rio iraquiano. O Iraque j\u00e1 condenou centenas de membros do Daesh \u00e0 morte ou \u00e0 pris\u00e3o perp\u00e9tua, gerando cr\u00edticas de direitos humanos sobre os julgamentos.","og_url":"https:\/\/portaltela.pt\/noticias\/2026\/02\/10\/eua-transferiram-4-580-prisioneiros-do-daesh-da-siria-para-o-iraque\/","og_site_name":"Portal Tela Portugal","article_published_time":"2026-02-10T12:20:57+00:00","author":"Telinha","twitter_card":"summary_large_image","twitter_misc":{"Escrito por":"Telinha","Tempo estimado de leitura":"1 minuto"},"schema":{"@context":"https:\/\/schema.org","@graph":[{"@type":"Article","@id":"https:\/\/portaltela.pt\/noticias\/2026\/02\/10\/eua-transferiram-4-580-prisioneiros-do-daesh-da-siria-para-o-iraque\/#article","isPartOf":{"@id":"https:\/\/portaltela.pt\/noticias\/2026\/02\/10\/eua-transferiram-4-580-prisioneiros-do-daesh-da-siria-para-o-iraque\/"},"author":{"name":"Telinha","@id":"https:\/\/portaltela.pt\/#\/schema\/person\/c4278d4a6028830caff9ee44b42d32ed"},"headline":"EUA transferiram 4.580 prisioneiros do Daesh da S\u00edria para o Iraque","datePublished":"2026-02-10T12:20:57+00:00","mainEntityOfPage":{"@id":"https:\/\/portaltela.pt\/noticias\/2026\/02\/10\/eua-transferiram-4-580-prisioneiros-do-daesh-da-siria-para-o-iraque\/"},"wordCount":219,"image":{"@id":"https:\/\/portaltela.pt\/noticias\/2026\/02\/10\/eua-transferiram-4-580-prisioneiros-do-daesh-da-siria-para-o-iraque\/#primaryimage"},"thumbnailUrl":"https:\/\/portaltela.pt\/s.01k8rhncp4jt1\/2026\/02\/img_1500x1000uu2017-05-20-12-27-00-629978.jpg","keywords":["colabora\u00e7\u00e3o internacional","Daesh","direitos humanos","investiga\u00e7\u00e3o","pris\u00f5es","S\u00edria"],"articleSection":["Not\u00edcias"],"inLanguage":"pt-PT"},{"@type":"WebPage","@id":"https:\/\/portaltela.pt\/noticias\/2026\/02\/10\/eua-transferiram-4-580-prisioneiros-do-daesh-da-siria-para-o-iraque\/","url":"https:\/\/portaltela.pt\/noticias\/2026\/02\/10\/eua-transferiram-4-580-prisioneiros-do-daesh-da-siria-para-o-iraque\/","name":"EUA transferiram 4.580 prisioneiros do Daesh da S\u00edria para o Iraque - Portal Tela Portugal","isPartOf":{"@id":"https:\/\/portaltela.pt\/#website"},"primaryImageOfPage":{"@id":"https:\/\/portaltela.pt\/noticias\/2026\/02\/10\/eua-transferiram-4-580-prisioneiros-do-daesh-da-siria-para-o-iraque\/#primaryimage"},"image":{"@id":"https:\/\/portaltela.pt\/noticias\/2026\/02\/10\/eua-transferiram-4-580-prisioneiros-do-daesh-da-siria-para-o-iraque\/#primaryimage"},"thumbnailUrl":"https:\/\/portaltela.pt\/s.01k8rhncp4jt1\/2026\/02\/img_1500x1000uu2017-05-20-12-27-00-629978.jpg","datePublished":"2026-02-10T12:20:57+00:00","author":{"@id":"https:\/\/portaltela.pt\/#\/schema\/person\/c4278d4a6028830caff9ee44b42d32ed"},"breadcrumb":{"@id":"https:\/\/portaltela.pt\/noticias\/2026\/02\/10\/eua-transferiram-4-580-prisioneiros-do-daesh-da-siria-para-o-iraque\/#breadcrumb"},"inLanguage":"pt-PT","potentialAction":[{"@type":"ReadAction","target":["https:\/\/portaltela.pt\/noticias\/2026\/02\/10\/eua-transferiram-4-580-prisioneiros-do-daesh-da-siria-para-o-iraque\/"]}]},{"@type":"ImageObject","inLanguage":"pt-PT","@id":"https:\/\/portaltela.pt\/noticias\/2026\/02\/10\/eua-transferiram-4-580-prisioneiros-do-daesh-da-siria-para-o-iraque\/#primaryimage","url":"https:\/\/portaltela.pt\/s.01k8rhncp4jt1\/2026\/02\/img_1500x1000uu2017-05-20-12-27-00-629978.jpg","contentUrl":"https:\/\/portaltela.pt\/s.01k8rhncp4jt1\/2026\/02\/img_1500x1000uu2017-05-20-12-27-00-629978.jpg","width":1500,"height":1000,"caption":"Ex\u00e9rcito do Iraque"},{"@type":"BreadcrumbList","@id":"https:\/\/portaltela.pt\/noticias\/2026\/02\/10\/eua-transferiram-4-580-prisioneiros-do-daesh-da-siria-para-o-iraque\/#breadcrumb","itemListElement":[{"@type":"ListItem","position":1,"name":"In\u00edcio","item":"https:\/\/portaltela.pt\/"},{"@type":"ListItem","position":2,"name":"EUA transferiram 4.580 prisioneiros do Daesh da S\u00edria para o Iraque"}]},{"@type":"WebSite","@id":"https:\/\/portaltela.pt\/#website","url":"https:\/\/portaltela.pt\/","name":"Portal Tela Portugal","description":"","potentialAction":[{"@type":"SearchAction","target":{"@type":"EntryPoint","urlTemplate":"https:\/\/portaltela.pt\/?s={search_term_string}"},"query-input":{"@type":"PropertyValueSpecification","valueRequired":true,"valueName":"search_term_string"}}],"inLanguage":"pt-PT"},{"@type":"Person","@id":"https:\/\/portaltela.pt\/#\/schema\/person\/c4278d4a6028830caff9ee44b42d32ed","name":"Telinha","image":{"@type":"ImageObject","inLanguage":"pt-PT","@id":"https:\/\/portaltela.pt\/s.01k8rhncp4jt1\/2025\/11\/talking-bot-125x125.png","url":"https:\/\/portaltela.pt\/s.01k8rhncp4jt1\/2025\/11\/talking-bot-125x125.png","contentUrl":"https:\/\/portaltela.pt\/s.01k8rhncp4jt1\/2025\/11\/talking-bot-125x125.png","caption":"Telinha"},"sameAs":["https:\/\/portaltela.pt\/"],"url":"https:\/\/portaltela.pt\/por\/367410592786\/"}]}},"_links":{"self":[{"href":"https:\/\/portaltela.pt\/api\/wp\/v2\/posts\/206633","targetHints":{"allow":["GET"]}}],"collection":[{"href":"https:\/\/portaltela.pt\/api\/wp\/v2\/posts"}],"about":[{"href":"https:\/\/portaltela.pt\/api\/wp\/v2\/types\/post"}],"author":[{"embeddable":true,"href":"https:\/\/portaltela.pt\/api\/wp\/v2\/users\/2"}],"replies":[{"embeddable":true,"href":"https:\/\/portaltela.pt\/api\/wp\/v2\/comments?post=206633"}],"version-history":[{"count":0,"href":"https:\/\/portaltela.pt\/api\/wp\/v2\/posts\/206633\/revisions"}],"wp:featuredmedia":[{"embeddable":true,"href":"https:\/\/portaltela.pt\/api\/wp\/v2\/media\/206636"}],"wp:attachment":[{"href":"https:\/\/portaltela.pt\/api\/wp\/v2\/media?parent=206633"}],"wp:term":[{"taxonomy":"category","embeddable":true,"href":"https:\/\/portaltela.pt\/api\/wp\/v2\/categories?post=206633"},{"taxonomy":"post_tag","embeddable":true,"href":"https:\/\/portaltela.pt\/api\/wp\/v2\/tags?post=206633"}],"curies":[{"name":"wp","href":"https:\/\/api.w.org\/{rel}","templated":true}]}}