{"id":206617,"date":"2026-02-10T09:09:00","date_gmt":"2026-02-10T12:09:00","guid":{"rendered":"https:\/\/portaltela.pt\/noticias\/2026\/02\/10\/morto-e-ferido-grave-em-colisao-na-a24-vila-real\/"},"modified":"2026-02-10T09:09:00","modified_gmt":"2026-02-10T12:09:00","slug":"morto-e-ferido-grave-em-colisao-na-a24-vila-real","status":"publish","type":"post","link":"https:\/\/portaltela.pt\/noticias\/2026\/02\/10\/morto-e-ferido-grave-em-colisao-na-a24-vila-real\/","title":{"rendered":"Morto e ferido grave em colis\u00e3o na A24, Vila Real"},"content":{"rendered":"<p>Um homem morreu e outro ficou gravemente ferido numa colis\u00e3o entre um autom\u00f3vel e um autocarro na Autoestrada 24 (A24), na zona de Vila Real. A ocorr\u00eancia ocorreu na manh\u00e3 de hoje, segundo a GNR.<\/p>\n<p>A v\u00edtima mortal tem 63 anos e o ferido tem 60; ambos ocupantes da viatura ligeira, referiu a fonte \u00e0 Lusa. N\u00e3o houve informa\u00e7\u00e3o sobre identidades.<\/p>\n<p>O alerta foi dado \u00e0s 9h42, no quil\u00f3metro 82, no sentido R\u00e9gua-Vila Real. O tr\u00e2nsito ficou apenas condicionado para socorro e limpeza, sem encerramento da via.<\/p>\n<p>Foi acionado o N\u00facleo de Investiga\u00e7\u00e3o de Acidentes de Via\u00e7\u00e3o (NICAV) da GNR para avaliar as causas do acidente. As informa\u00e7\u00f5es sobre as causas ainda n\u00e3o s\u00e3o p\u00fablicas.<\/p>\n<p>As autoridades permanecem no local para assegurar as opera\u00e7\u00f5es de socorro e recolha de evid\u00eancias, com a investiga\u00e7\u00e3o a decorrer.<\/p>\n","protected":false},"excerpt":{"rendered":"<ul>\n<li>Um homem de 63 anos morreu e outro de 60 anos ficou gravemente ferido numa colis\u00e3o entre autom\u00f3vel e autocarro na A24, na zona de Vila Real.<\/li>\n<li>O acidente ocorreu \u00e0s 9h42, no quil\u00f3metro 82, no sentido R\u00e9gua\u2013Vila Real.<\/li>\n<li>Os ocupantes da viatura ligeira foram as v\u00edtimas identificadas pela GNR.<\/li>\n<li>O tr\u00e2nsito na A24 n\u00e3o foi cortado, apenas condicionado para socorro e limpeza da via.<\/li>\n<li>O NICAV (N\u00facleo de Investiga\u00e7\u00e3o de Acidentes de Via\u00e7\u00e3o) da GNR foi acionado para a ocorr\u00eancia.<\/li>\n<\/ul>\n","protected":false},"author":2,"featured_media":206619,"comment_status":"closed","ping_status":"closed","sticky":false,"template":"","format":"standard","meta":{"footnotes":""},"categories":[1],"tags":[2088,2335,3769,2398,1665],"class_list":["post-206617","post","type-post","status-publish","format-standard","has-post-thumbnail","hentry","category-noticias","tag-acidente-de-viacao","tag-acidentes-rodoviarios","tag-autocarros","tag-nicav","tag-vila-real"],"yoast_head":"<!-- This site is optimized with the Yoast SEO plugin v27.2 - https:\/\/yoast.com\/product\/yoast-seo-wordpress\/ -->\n<title>Morto e ferido grave em colis\u00e3o na A24, Vila Real - Portal Tela Portugal<\/title>\n<meta name=\"robots\" content=\"index, follow, max-snippet:-1, max-image-preview:large, max-video-preview:-1\" \/>\n<meta property=\"og:locale\" content=\"pt_PT\" \/>\n<meta property=\"og:type\" content=\"article\" \/>\n<meta property=\"og:title\" content=\"Morto e ferido grave em colis\u00e3o na A24, Vila Real - Portal Tela Portugal\" \/>\n<meta property=\"og:description\" content=\"Um homem de 63 anos morreu e outro de 60 anos ficou gravemente ferido numa colis\u00e3o entre autom\u00f3vel e autocarro na A24, na zona de Vila Real. O acidente ocorreu \u00e0s 9h42, no quil\u00f3metro 82, no sentido R\u00e9gua\u2013Vila Real. Os ocupantes da viatura ligeira foram as v\u00edtimas identificadas pela GNR. O tr\u00e2nsito na A24 n\u00e3o foi cortado, apenas condicionado para socorro e limpeza da via. O NICAV (N\u00facleo de Investiga\u00e7\u00e3o de Acidentes de Via\u00e7\u00e3o) da GNR foi acionado para a ocorr\u00eancia.\" \/>\n<meta property=\"og:url\" content=\"https:\/\/portaltela.pt\/noticias\/2026\/02\/10\/morto-e-ferido-grave-em-colisao-na-a24-vila-real\/\" \/>\n<meta property=\"og:site_name\" content=\"Portal Tela Portugal\" \/>\n<meta property=\"article:published_time\" content=\"2026-02-10T12:09:00+00:00\" \/>\n<meta name=\"author\" content=\"Telinha\" \/>\n<meta name=\"twitter:card\" content=\"summary_large_image\" \/>\n<meta name=\"twitter:label1\" content=\"Escrito por\" \/>\n\t<meta name=\"twitter:data1\" content=\"Telinha\" \/>\n\t<meta name=\"twitter:label2\" content=\"Tempo estimado de leitura\" \/>\n\t<meta name=\"twitter:data2\" content=\"1 minuto\" \/>\n<script type=\"application\/ld+json\" class=\"yoast-schema-graph\">{\"@context\":\"https:\/\/schema.org\",\"@graph\":[{\"@type\":\"Article\",\"@id\":\"https:\/\/portaltela.pt\/noticias\/2026\/02\/10\/morto-e-ferido-grave-em-colisao-na-a24-vila-real\/#article\",\"isPartOf\":{\"@id\":\"https:\/\/portaltela.pt\/noticias\/2026\/02\/10\/morto-e-ferido-grave-em-colisao-na-a24-vila-real\/\"},\"author\":{\"name\":\"Telinha\",\"@id\":\"https:\/\/portaltela.pt\/#\/schema\/person\/c4278d4a6028830caff9ee44b42d32ed\"},\"headline\":\"Morto e ferido grave em colis\u00e3o na A24, Vila Real\",\"datePublished\":\"2026-02-10T12:09:00+00:00\",\"mainEntityOfPage\":{\"@id\":\"https:\/\/portaltela.pt\/noticias\/2026\/02\/10\/morto-e-ferido-grave-em-colisao-na-a24-vila-real\/\"},\"wordCount\":160,\"image\":{\"@id\":\"https:\/\/portaltela.pt\/noticias\/2026\/02\/10\/morto-e-ferido-grave-em-colisao-na-a24-vila-real\/#primaryimage\"},\"thumbnailUrl\":\"https:\/\/portaltela.pt\/s.01k8rhncp4jt1\/2026\/02\/40da7e37-5d25-4522-8e10-e948c283dcae_1200x675.jpg\",\"keywords\":[\"acidente de via\u00e7\u00e3o\",\"acidentes rodovi\u00e1rios\",\"autocarros\",\"NICAV\",\"Vila Real\"],\"articleSection\":[\"Not\u00edcias\"],\"inLanguage\":\"pt-PT\"},{\"@type\":\"WebPage\",\"@id\":\"https:\/\/portaltela.pt\/noticias\/2026\/02\/10\/morto-e-ferido-grave-em-colisao-na-a24-vila-real\/\",\"url\":\"https:\/\/portaltela.pt\/noticias\/2026\/02\/10\/morto-e-ferido-grave-em-colisao-na-a24-vila-real\/\",\"name\":\"Morto e ferido grave em colis\u00e3o na A24, Vila Real - Portal Tela Portugal\",\"isPartOf\":{\"@id\":\"https:\/\/portaltela.pt\/#website\"},\"primaryImageOfPage\":{\"@id\":\"https:\/\/portaltela.pt\/noticias\/2026\/02\/10\/morto-e-ferido-grave-em-colisao-na-a24-vila-real\/#primaryimage\"},\"image\":{\"@id\":\"https:\/\/portaltela.pt\/noticias\/2026\/02\/10\/morto-e-ferido-grave-em-colisao-na-a24-vila-real\/#primaryimage\"},\"thumbnailUrl\":\"https:\/\/portaltela.pt\/s.01k8rhncp4jt1\/2026\/02\/40da7e37-5d25-4522-8e10-e948c283dcae_1200x675.jpg\",\"datePublished\":\"2026-02-10T12:09:00+00:00\",\"author\":{\"@id\":\"https:\/\/portaltela.pt\/#\/schema\/person\/c4278d4a6028830caff9ee44b42d32ed\"},\"breadcrumb\":{\"@id\":\"https:\/\/portaltela.pt\/noticias\/2026\/02\/10\/morto-e-ferido-grave-em-colisao-na-a24-vila-real\/#breadcrumb\"},\"inLanguage\":\"pt-PT\",\"potentialAction\":[{\"@type\":\"ReadAction\",\"target\":[\"https:\/\/portaltela.pt\/noticias\/2026\/02\/10\/morto-e-ferido-grave-em-colisao-na-a24-vila-real\/\"]}]},{\"@type\":\"ImageObject\",\"inLanguage\":\"pt-PT\",\"@id\":\"https:\/\/portaltela.pt\/noticias\/2026\/02\/10\/morto-e-ferido-grave-em-colisao-na-a24-vila-real\/#primaryimage\",\"url\":\"https:\/\/portaltela.pt\/s.01k8rhncp4jt1\/2026\/02\/40da7e37-5d25-4522-8e10-e948c283dcae_1200x675.jpg\",\"contentUrl\":\"https:\/\/portaltela.pt\/s.01k8rhncp4jt1\/2026\/02\/40da7e37-5d25-4522-8e10-e948c283dcae_1200x675.jpg\",\"width\":796,\"height\":448,\"caption\":\"Despiste ocorreu na A24 no sentido Peso da R\u00e9gua-Vila Real\"},{\"@type\":\"BreadcrumbList\",\"@id\":\"https:\/\/portaltela.pt\/noticias\/2026\/02\/10\/morto-e-ferido-grave-em-colisao-na-a24-vila-real\/#breadcrumb\",\"itemListElement\":[{\"@type\":\"ListItem\",\"position\":1,\"name\":\"In\u00edcio\",\"item\":\"https:\/\/portaltela.pt\/\"},{\"@type\":\"ListItem\",\"position\":2,\"name\":\"Morto e ferido grave em colis\u00e3o na A24, Vila Real\"}]},{\"@type\":\"WebSite\",\"@id\":\"https:\/\/portaltela.pt\/#website\",\"url\":\"https:\/\/portaltela.pt\/\",\"name\":\"Portal Tela Portugal\",\"description\":\"\",\"potentialAction\":[{\"@type\":\"SearchAction\",\"target\":{\"@type\":\"EntryPoint\",\"urlTemplate\":\"https:\/\/portaltela.pt\/?s={search_term_string}\"},\"query-input\":{\"@type\":\"PropertyValueSpecification\",\"valueRequired\":true,\"valueName\":\"search_term_string\"}}],\"inLanguage\":\"pt-PT\"},{\"@type\":\"Person\",\"@id\":\"https:\/\/portaltela.pt\/#\/schema\/person\/c4278d4a6028830caff9ee44b42d32ed\",\"name\":\"Telinha\",\"image\":{\"@type\":\"ImageObject\",\"inLanguage\":\"pt-PT\",\"@id\":\"https:\/\/portaltela.pt\/s.01k8rhncp4jt1\/2025\/11\/talking-bot-125x125.png\",\"url\":\"https:\/\/portaltela.pt\/s.01k8rhncp4jt1\/2025\/11\/talking-bot-125x125.png\",\"contentUrl\":\"https:\/\/portaltela.pt\/s.01k8rhncp4jt1\/2025\/11\/talking-bot-125x125.png\",\"caption\":\"Telinha\"},\"sameAs\":[\"https:\/\/portaltela.pt\/\"],\"url\":\"https:\/\/portaltela.pt\/por\/367410592786\/\"}]}<\/script>\n<!-- \/ Yoast SEO plugin. -->","yoast_head_json":{"title":"Morto e ferido grave em colis\u00e3o na A24, Vila Real - Portal Tela Portugal","robots":{"index":"index","follow":"follow","max-snippet":"max-snippet:-1","max-image-preview":"max-image-preview:large","max-video-preview":"max-video-preview:-1"},"og_locale":"pt_PT","og_type":"article","og_title":"Morto e ferido grave em colis\u00e3o na A24, Vila Real - Portal Tela Portugal","og_description":"Um homem de 63 anos morreu e outro de 60 anos ficou gravemente ferido numa colis\u00e3o entre autom\u00f3vel e autocarro na A24, na zona de Vila Real. O acidente ocorreu \u00e0s 9h42, no quil\u00f3metro 82, no sentido R\u00e9gua\u2013Vila Real. Os ocupantes da viatura ligeira foram as v\u00edtimas identificadas pela GNR. O tr\u00e2nsito na A24 n\u00e3o foi cortado, apenas condicionado para socorro e limpeza da via. O NICAV (N\u00facleo de Investiga\u00e7\u00e3o de Acidentes de Via\u00e7\u00e3o) da GNR foi acionado para a ocorr\u00eancia.","og_url":"https:\/\/portaltela.pt\/noticias\/2026\/02\/10\/morto-e-ferido-grave-em-colisao-na-a24-vila-real\/","og_site_name":"Portal Tela Portugal","article_published_time":"2026-02-10T12:09:00+00:00","author":"Telinha","twitter_card":"summary_large_image","twitter_misc":{"Escrito por":"Telinha","Tempo estimado de leitura":"1 minuto"},"schema":{"@context":"https:\/\/schema.org","@graph":[{"@type":"Article","@id":"https:\/\/portaltela.pt\/noticias\/2026\/02\/10\/morto-e-ferido-grave-em-colisao-na-a24-vila-real\/#article","isPartOf":{"@id":"https:\/\/portaltela.pt\/noticias\/2026\/02\/10\/morto-e-ferido-grave-em-colisao-na-a24-vila-real\/"},"author":{"name":"Telinha","@id":"https:\/\/portaltela.pt\/#\/schema\/person\/c4278d4a6028830caff9ee44b42d32ed"},"headline":"Morto e ferido grave em colis\u00e3o na A24, Vila Real","datePublished":"2026-02-10T12:09:00+00:00","mainEntityOfPage":{"@id":"https:\/\/portaltela.pt\/noticias\/2026\/02\/10\/morto-e-ferido-grave-em-colisao-na-a24-vila-real\/"},"wordCount":160,"image":{"@id":"https:\/\/portaltela.pt\/noticias\/2026\/02\/10\/morto-e-ferido-grave-em-colisao-na-a24-vila-real\/#primaryimage"},"thumbnailUrl":"https:\/\/portaltela.pt\/s.01k8rhncp4jt1\/2026\/02\/40da7e37-5d25-4522-8e10-e948c283dcae_1200x675.jpg","keywords":["acidente de via\u00e7\u00e3o","acidentes rodovi\u00e1rios","autocarros","NICAV","Vila Real"],"articleSection":["Not\u00edcias"],"inLanguage":"pt-PT"},{"@type":"WebPage","@id":"https:\/\/portaltela.pt\/noticias\/2026\/02\/10\/morto-e-ferido-grave-em-colisao-na-a24-vila-real\/","url":"https:\/\/portaltela.pt\/noticias\/2026\/02\/10\/morto-e-ferido-grave-em-colisao-na-a24-vila-real\/","name":"Morto e ferido grave em colis\u00e3o na A24, Vila Real - Portal Tela Portugal","isPartOf":{"@id":"https:\/\/portaltela.pt\/#website"},"primaryImageOfPage":{"@id":"https:\/\/portaltela.pt\/noticias\/2026\/02\/10\/morto-e-ferido-grave-em-colisao-na-a24-vila-real\/#primaryimage"},"image":{"@id":"https:\/\/portaltela.pt\/noticias\/2026\/02\/10\/morto-e-ferido-grave-em-colisao-na-a24-vila-real\/#primaryimage"},"thumbnailUrl":"https:\/\/portaltela.pt\/s.01k8rhncp4jt1\/2026\/02\/40da7e37-5d25-4522-8e10-e948c283dcae_1200x675.jpg","datePublished":"2026-02-10T12:09:00+00:00","author":{"@id":"https:\/\/portaltela.pt\/#\/schema\/person\/c4278d4a6028830caff9ee44b42d32ed"},"breadcrumb":{"@id":"https:\/\/portaltela.pt\/noticias\/2026\/02\/10\/morto-e-ferido-grave-em-colisao-na-a24-vila-real\/#breadcrumb"},"inLanguage":"pt-PT","potentialAction":[{"@type":"ReadAction","target":["https:\/\/portaltela.pt\/noticias\/2026\/02\/10\/morto-e-ferido-grave-em-colisao-na-a24-vila-real\/"]}]},{"@type":"ImageObject","inLanguage":"pt-PT","@id":"https:\/\/portaltela.pt\/noticias\/2026\/02\/10\/morto-e-ferido-grave-em-colisao-na-a24-vila-real\/#primaryimage","url":"https:\/\/portaltela.pt\/s.01k8rhncp4jt1\/2026\/02\/40da7e37-5d25-4522-8e10-e948c283dcae_1200x675.jpg","contentUrl":"https:\/\/portaltela.pt\/s.01k8rhncp4jt1\/2026\/02\/40da7e37-5d25-4522-8e10-e948c283dcae_1200x675.jpg","width":796,"height":448,"caption":"Despiste ocorreu na A24 no sentido Peso da R\u00e9gua-Vila Real"},{"@type":"BreadcrumbList","@id":"https:\/\/portaltela.pt\/noticias\/2026\/02\/10\/morto-e-ferido-grave-em-colisao-na-a24-vila-real\/#breadcrumb","itemListElement":[{"@type":"ListItem","position":1,"name":"In\u00edcio","item":"https:\/\/portaltela.pt\/"},{"@type":"ListItem","position":2,"name":"Morto e ferido grave em colis\u00e3o na A24, Vila Real"}]},{"@type":"WebSite","@id":"https:\/\/portaltela.pt\/#website","url":"https:\/\/portaltela.pt\/","name":"Portal Tela Portugal","description":"","potentialAction":[{"@type":"SearchAction","target":{"@type":"EntryPoint","urlTemplate":"https:\/\/portaltela.pt\/?s={search_term_string}"},"query-input":{"@type":"PropertyValueSpecification","valueRequired":true,"valueName":"search_term_string"}}],"inLanguage":"pt-PT"},{"@type":"Person","@id":"https:\/\/portaltela.pt\/#\/schema\/person\/c4278d4a6028830caff9ee44b42d32ed","name":"Telinha","image":{"@type":"ImageObject","inLanguage":"pt-PT","@id":"https:\/\/portaltela.pt\/s.01k8rhncp4jt1\/2025\/11\/talking-bot-125x125.png","url":"https:\/\/portaltela.pt\/s.01k8rhncp4jt1\/2025\/11\/talking-bot-125x125.png","contentUrl":"https:\/\/portaltela.pt\/s.01k8rhncp4jt1\/2025\/11\/talking-bot-125x125.png","caption":"Telinha"},"sameAs":["https:\/\/portaltela.pt\/"],"url":"https:\/\/portaltela.pt\/por\/367410592786\/"}]}},"_links":{"self":[{"href":"https:\/\/portaltela.pt\/api\/wp\/v2\/posts\/206617","targetHints":{"allow":["GET"]}}],"collection":[{"href":"https:\/\/portaltela.pt\/api\/wp\/v2\/posts"}],"about":[{"href":"https:\/\/portaltela.pt\/api\/wp\/v2\/types\/post"}],"author":[{"embeddable":true,"href":"https:\/\/portaltela.pt\/api\/wp\/v2\/users\/2"}],"replies":[{"embeddable":true,"href":"https:\/\/portaltela.pt\/api\/wp\/v2\/comments?post=206617"}],"version-history":[{"count":0,"href":"https:\/\/portaltela.pt\/api\/wp\/v2\/posts\/206617\/revisions"}],"wp:featuredmedia":[{"embeddable":true,"href":"https:\/\/portaltela.pt\/api\/wp\/v2\/media\/206619"}],"wp:attachment":[{"href":"https:\/\/portaltela.pt\/api\/wp\/v2\/media?parent=206617"}],"wp:term":[{"taxonomy":"category","embeddable":true,"href":"https:\/\/portaltela.pt\/api\/wp\/v2\/categories?post=206617"},{"taxonomy":"post_tag","embeddable":true,"href":"https:\/\/portaltela.pt\/api\/wp\/v2\/tags?post=206617"}],"curies":[{"name":"wp","href":"https:\/\/api.w.org\/{rel}","templated":true}]}}