{"id":206572,"date":"2026-02-10T08:43:54","date_gmt":"2026-02-10T11:43:54","guid":{"rendered":"https:\/\/portaltela.pt\/noticias\/2026\/02\/10\/carregal-do-sal-requalifica-pavilhao-desportivo-com-400-mil-euros\/"},"modified":"2026-02-10T08:43:54","modified_gmt":"2026-02-10T11:43:54","slug":"carregal-do-sal-requalifica-pavilhao-desportivo-com-400-mil-euros","status":"publish","type":"post","link":"https:\/\/portaltela.pt\/desporto\/2026\/02\/10\/carregal-do-sal-requalifica-pavilhao-desportivo-com-400-mil-euros\/","title":{"rendered":"Carregal do Sal requalifica pavilh\u00e3o desportivo com 400 mil euros"},"content":{"rendered":"<p>O pavilh\u00e3o municipal desportivo de Carregal do Sal vai receber uma requalifica\u00e7\u00e3o, num investimento total de cerca de 400 mil euros, com foco na efici\u00eancia energ\u00e9tica, nos balne\u00e1rios e em outros espa\u00e7os anexos.<\/p>\n<p>A iniciativa foi anunciada pelo presidente da C\u00e2mara Municipal, Paulo Catalino Ferraz, na segunda-feira, com a inten\u00e7\u00e3o de lan\u00e7ar o concurso p\u00fablico ap\u00f3s a aprova\u00e7\u00e3o do projeto e da candidatura ao programa ITI.<\/p>\n<p>O objetivo \u00e9 melhorar as instala\u00e7\u00f5es com interven\u00e7\u00f5es de efici\u00eancia energ\u00e9tica e refor\u00e7ar servi\u00e7os nas salas associadas ao pavilh\u00e3o, bem como nos balne\u00e1rios. A candidatura j\u00e1 foi aprovada para financiamento.<\/p>\n<p>Segundo o autarca, o investimento total ficar\u00e1 em 371 mil euros, sendo 300 mil euros o teto eleg\u00edvel. O ITI dever\u00e1 comparticipar 251 mil euros, cabendo ao munic\u00edpio contribuir com cerca de 120 mil euros.<\/p>\n","protected":false},"excerpt":{"rendered":"<ul>\n<li>O pavilh\u00e3o municipal desportivo de Carregal do Sal vai ser requalificado, num investimento de cerca de 400 mil euros, com foco na efici\u00eancia energ\u00e9tica e nos balne\u00e1rios.<\/li>\n<li>O projeto j\u00e1 foi aprovado e o munic\u00edpio vai lan\u00e7ar o concurso para a obra o mais breve poss\u00edvel, ap\u00f3s a candidatura ao programa Investimentos Territoriais Integrados (ITI) ter sido aprovada.<\/li>\n<li>Dentre as interven\u00e7\u00f5es est\u00e1 a melhoria da efici\u00eancia energ\u00e9tica, financiada atrav\u00e9s da candidatura ao ITI.<\/li>\n<li>Al\u00e9m disso, v\u00e3o ser requalificadas salas adjacentes ao pavilh\u00e3o onde se praticam outras atividades desportivas.<\/li>\n<li>O investimento total \u00e9 de 371 mil euros, sendo 300 mil euros o m\u00e1ximo eleg\u00edvel na candidatura; o ITI comparticipa 251 mil euros e o munic\u00edpio contribuir\u00e1 com aproximadamente 120 mil euros.<\/li>\n<\/ul>\n","protected":false},"author":2,"featured_media":206578,"comment_status":"closed","ping_status":"closed","sticky":false,"template":"","format":"standard","meta":{"footnotes":""},"categories":[21],"tags":[5443,1798,152,1022,1615,4580],"class_list":["post-206572","post","type-post","status-publish","format-standard","has-post-thumbnail","hentry","category-desporto","tag-a-camara-municipal","tag-carregal-do-sal","tag-desporto","tag-eficiencia-energetica","tag-infraestrutura","tag-instalacao-desportiva"],"yoast_head":"<!-- This site is optimized with the Yoast SEO plugin v27.2 - https:\/\/yoast.com\/product\/yoast-seo-wordpress\/ -->\n<title>Carregal do Sal requalifica pavilh\u00e3o desportivo com 400 mil euros - Portal Tela Portugal<\/title>\n<meta name=\"robots\" content=\"index, follow, max-snippet:-1, max-image-preview:large, max-video-preview:-1\" \/>\n<meta property=\"og:locale\" content=\"pt_PT\" \/>\n<meta property=\"og:type\" content=\"article\" \/>\n<meta property=\"og:title\" content=\"Carregal do Sal requalifica pavilh\u00e3o desportivo com 400 mil euros - Portal Tela Portugal\" \/>\n<meta property=\"og:description\" content=\"O pavilh\u00e3o municipal desportivo de Carregal do Sal vai ser requalificado, num investimento de cerca de 400 mil euros, com foco na efici\u00eancia energ\u00e9tica e nos balne\u00e1rios. O projeto j\u00e1 foi aprovado e o munic\u00edpio vai lan\u00e7ar o concurso para a obra o mais breve poss\u00edvel, ap\u00f3s a candidatura ao programa Investimentos Territoriais Integrados (ITI) ter sido aprovada. Dentre as interven\u00e7\u00f5es est\u00e1 a melhoria da efici\u00eancia energ\u00e9tica, financiada atrav\u00e9s da candidatura ao ITI. Al\u00e9m disso, v\u00e3o ser requalificadas salas adjacentes ao pavilh\u00e3o onde se praticam outras atividades desportivas. O investimento total \u00e9 de 371 mil euros, sendo 300 mil euros o m\u00e1ximo eleg\u00edvel na candidatura; o ITI comparticipa 251 mil euros e o munic\u00edpio contribuir\u00e1 com aproximadamente 120 mil euros.\" \/>\n<meta property=\"og:url\" content=\"https:\/\/portaltela.pt\/noticias\/2026\/02\/10\/carregal-do-sal-requalifica-pavilhao-desportivo-com-400-mil-euros\/\" \/>\n<meta property=\"og:site_name\" content=\"Portal Tela Portugal\" \/>\n<meta property=\"article:published_time\" content=\"2026-02-10T11:43:54+00:00\" \/>\n<meta name=\"author\" content=\"Telinha\" \/>\n<meta name=\"twitter:card\" content=\"summary_large_image\" \/>\n<meta name=\"twitter:label1\" content=\"Escrito por\" \/>\n\t<meta name=\"twitter:data1\" content=\"Telinha\" \/>\n\t<meta name=\"twitter:label2\" content=\"Tempo estimado de leitura\" \/>\n\t<meta name=\"twitter:data2\" content=\"1 minuto\" \/>\n<script type=\"application\/ld+json\" class=\"yoast-schema-graph\">{\"@context\":\"https:\/\/schema.org\",\"@graph\":[{\"@type\":\"Article\",\"@id\":\"https:\/\/portaltela.pt\/noticias\/2026\/02\/10\/carregal-do-sal-requalifica-pavilhao-desportivo-com-400-mil-euros\/#article\",\"isPartOf\":{\"@id\":\"https:\/\/portaltela.pt\/noticias\/2026\/02\/10\/carregal-do-sal-requalifica-pavilhao-desportivo-com-400-mil-euros\/\"},\"author\":{\"name\":\"Telinha\",\"@id\":\"https:\/\/portaltela.pt\/#\/schema\/person\/c4278d4a6028830caff9ee44b42d32ed\"},\"headline\":\"Carregal do Sal requalifica pavilh\u00e3o desportivo com 400 mil euros\",\"datePublished\":\"2026-02-10T11:43:54+00:00\",\"mainEntityOfPage\":{\"@id\":\"https:\/\/portaltela.pt\/noticias\/2026\/02\/10\/carregal-do-sal-requalifica-pavilhao-desportivo-com-400-mil-euros\/\"},\"wordCount\":157,\"image\":{\"@id\":\"https:\/\/portaltela.pt\/noticias\/2026\/02\/10\/carregal-do-sal-requalifica-pavilhao-desportivo-com-400-mil-euros\/#primaryimage\"},\"thumbnailUrl\":\"https:\/\/portaltela.pt\/s.01k8rhncp4jt1\/2026\/02\/img_920x518uu2026-02-10-11-42-32-2420736.jpg\",\"keywords\":[\"A C\u00e2mara Municipal\",\"Carregal do Sal\",\"desporto\",\"Efici\u00eancia Energ\u00e9tica\",\"infraestrutura\",\"instala\u00e7\u00e3o desportiva\"],\"articleSection\":[\"Desporto\"],\"inLanguage\":\"pt-PT\"},{\"@type\":\"WebPage\",\"@id\":\"https:\/\/portaltela.pt\/noticias\/2026\/02\/10\/carregal-do-sal-requalifica-pavilhao-desportivo-com-400-mil-euros\/\",\"url\":\"https:\/\/portaltela.pt\/noticias\/2026\/02\/10\/carregal-do-sal-requalifica-pavilhao-desportivo-com-400-mil-euros\/\",\"name\":\"Carregal do Sal requalifica pavilh\u00e3o desportivo com 400 mil euros - Portal Tela Portugal\",\"isPartOf\":{\"@id\":\"https:\/\/portaltela.pt\/#website\"},\"primaryImageOfPage\":{\"@id\":\"https:\/\/portaltela.pt\/noticias\/2026\/02\/10\/carregal-do-sal-requalifica-pavilhao-desportivo-com-400-mil-euros\/#primaryimage\"},\"image\":{\"@id\":\"https:\/\/portaltela.pt\/noticias\/2026\/02\/10\/carregal-do-sal-requalifica-pavilhao-desportivo-com-400-mil-euros\/#primaryimage\"},\"thumbnailUrl\":\"https:\/\/portaltela.pt\/s.01k8rhncp4jt1\/2026\/02\/img_920x518uu2026-02-10-11-42-32-2420736.jpg\",\"datePublished\":\"2026-02-10T11:43:54+00:00\",\"author\":{\"@id\":\"https:\/\/portaltela.pt\/#\/schema\/person\/c4278d4a6028830caff9ee44b42d32ed\"},\"breadcrumb\":{\"@id\":\"https:\/\/portaltela.pt\/noticias\/2026\/02\/10\/carregal-do-sal-requalifica-pavilhao-desportivo-com-400-mil-euros\/#breadcrumb\"},\"inLanguage\":\"pt-PT\",\"potentialAction\":[{\"@type\":\"ReadAction\",\"target\":[\"https:\/\/portaltela.pt\/noticias\/2026\/02\/10\/carregal-do-sal-requalifica-pavilhao-desportivo-com-400-mil-euros\/\"]}]},{\"@type\":\"ImageObject\",\"inLanguage\":\"pt-PT\",\"@id\":\"https:\/\/portaltela.pt\/noticias\/2026\/02\/10\/carregal-do-sal-requalifica-pavilhao-desportivo-com-400-mil-euros\/#primaryimage\",\"url\":\"https:\/\/portaltela.pt\/s.01k8rhncp4jt1\/2026\/02\/img_920x518uu2026-02-10-11-42-32-2420736.jpg\",\"contentUrl\":\"https:\/\/portaltela.pt\/s.01k8rhncp4jt1\/2026\/02\/img_920x518uu2026-02-10-11-42-32-2420736.jpg\",\"width\":796,\"height\":448,\"caption\":\"Pavilh\u00e3o municipal desportivo de Carregal do Sal\"},{\"@type\":\"BreadcrumbList\",\"@id\":\"https:\/\/portaltela.pt\/noticias\/2026\/02\/10\/carregal-do-sal-requalifica-pavilhao-desportivo-com-400-mil-euros\/#breadcrumb\",\"itemListElement\":[{\"@type\":\"ListItem\",\"position\":1,\"name\":\"In\u00edcio\",\"item\":\"https:\/\/portaltela.pt\/\"},{\"@type\":\"ListItem\",\"position\":2,\"name\":\"Carregal do Sal requalifica pavilh\u00e3o desportivo com 400 mil euros\"}]},{\"@type\":\"WebSite\",\"@id\":\"https:\/\/portaltela.pt\/#website\",\"url\":\"https:\/\/portaltela.pt\/\",\"name\":\"Portal Tela Portugal\",\"description\":\"\",\"potentialAction\":[{\"@type\":\"SearchAction\",\"target\":{\"@type\":\"EntryPoint\",\"urlTemplate\":\"https:\/\/portaltela.pt\/?s={search_term_string}\"},\"query-input\":{\"@type\":\"PropertyValueSpecification\",\"valueRequired\":true,\"valueName\":\"search_term_string\"}}],\"inLanguage\":\"pt-PT\"},{\"@type\":\"Person\",\"@id\":\"https:\/\/portaltela.pt\/#\/schema\/person\/c4278d4a6028830caff9ee44b42d32ed\",\"name\":\"Telinha\",\"image\":{\"@type\":\"ImageObject\",\"inLanguage\":\"pt-PT\",\"@id\":\"https:\/\/portaltela.pt\/s.01k8rhncp4jt1\/2025\/11\/talking-bot-125x125.png\",\"url\":\"https:\/\/portaltela.pt\/s.01k8rhncp4jt1\/2025\/11\/talking-bot-125x125.png\",\"contentUrl\":\"https:\/\/portaltela.pt\/s.01k8rhncp4jt1\/2025\/11\/talking-bot-125x125.png\",\"caption\":\"Telinha\"},\"sameAs\":[\"https:\/\/portaltela.pt\/\"],\"url\":\"https:\/\/portaltela.pt\/por\/367410592786\/\"}]}<\/script>\n<!-- \/ Yoast SEO plugin. -->","yoast_head_json":{"title":"Carregal do Sal requalifica pavilh\u00e3o desportivo com 400 mil euros - Portal Tela Portugal","robots":{"index":"index","follow":"follow","max-snippet":"max-snippet:-1","max-image-preview":"max-image-preview:large","max-video-preview":"max-video-preview:-1"},"og_locale":"pt_PT","og_type":"article","og_title":"Carregal do Sal requalifica pavilh\u00e3o desportivo com 400 mil euros - Portal Tela Portugal","og_description":"O pavilh\u00e3o municipal desportivo de Carregal do Sal vai ser requalificado, num investimento de cerca de 400 mil euros, com foco na efici\u00eancia energ\u00e9tica e nos balne\u00e1rios. O projeto j\u00e1 foi aprovado e o munic\u00edpio vai lan\u00e7ar o concurso para a obra o mais breve poss\u00edvel, ap\u00f3s a candidatura ao programa Investimentos Territoriais Integrados (ITI) ter sido aprovada. Dentre as interven\u00e7\u00f5es est\u00e1 a melhoria da efici\u00eancia energ\u00e9tica, financiada atrav\u00e9s da candidatura ao ITI. Al\u00e9m disso, v\u00e3o ser requalificadas salas adjacentes ao pavilh\u00e3o onde se praticam outras atividades desportivas. O investimento total \u00e9 de 371 mil euros, sendo 300 mil euros o m\u00e1ximo eleg\u00edvel na candidatura; o ITI comparticipa 251 mil euros e o munic\u00edpio contribuir\u00e1 com aproximadamente 120 mil euros.","og_url":"https:\/\/portaltela.pt\/noticias\/2026\/02\/10\/carregal-do-sal-requalifica-pavilhao-desportivo-com-400-mil-euros\/","og_site_name":"Portal Tela Portugal","article_published_time":"2026-02-10T11:43:54+00:00","author":"Telinha","twitter_card":"summary_large_image","twitter_misc":{"Escrito por":"Telinha","Tempo estimado de leitura":"1 minuto"},"schema":{"@context":"https:\/\/schema.org","@graph":[{"@type":"Article","@id":"https:\/\/portaltela.pt\/noticias\/2026\/02\/10\/carregal-do-sal-requalifica-pavilhao-desportivo-com-400-mil-euros\/#article","isPartOf":{"@id":"https:\/\/portaltela.pt\/noticias\/2026\/02\/10\/carregal-do-sal-requalifica-pavilhao-desportivo-com-400-mil-euros\/"},"author":{"name":"Telinha","@id":"https:\/\/portaltela.pt\/#\/schema\/person\/c4278d4a6028830caff9ee44b42d32ed"},"headline":"Carregal do Sal requalifica pavilh\u00e3o desportivo com 400 mil euros","datePublished":"2026-02-10T11:43:54+00:00","mainEntityOfPage":{"@id":"https:\/\/portaltela.pt\/noticias\/2026\/02\/10\/carregal-do-sal-requalifica-pavilhao-desportivo-com-400-mil-euros\/"},"wordCount":157,"image":{"@id":"https:\/\/portaltela.pt\/noticias\/2026\/02\/10\/carregal-do-sal-requalifica-pavilhao-desportivo-com-400-mil-euros\/#primaryimage"},"thumbnailUrl":"https:\/\/portaltela.pt\/s.01k8rhncp4jt1\/2026\/02\/img_920x518uu2026-02-10-11-42-32-2420736.jpg","keywords":["A C\u00e2mara Municipal","Carregal do Sal","desporto","Efici\u00eancia Energ\u00e9tica","infraestrutura","instala\u00e7\u00e3o desportiva"],"articleSection":["Desporto"],"inLanguage":"pt-PT"},{"@type":"WebPage","@id":"https:\/\/portaltela.pt\/noticias\/2026\/02\/10\/carregal-do-sal-requalifica-pavilhao-desportivo-com-400-mil-euros\/","url":"https:\/\/portaltela.pt\/noticias\/2026\/02\/10\/carregal-do-sal-requalifica-pavilhao-desportivo-com-400-mil-euros\/","name":"Carregal do Sal requalifica pavilh\u00e3o desportivo com 400 mil euros - Portal Tela Portugal","isPartOf":{"@id":"https:\/\/portaltela.pt\/#website"},"primaryImageOfPage":{"@id":"https:\/\/portaltela.pt\/noticias\/2026\/02\/10\/carregal-do-sal-requalifica-pavilhao-desportivo-com-400-mil-euros\/#primaryimage"},"image":{"@id":"https:\/\/portaltela.pt\/noticias\/2026\/02\/10\/carregal-do-sal-requalifica-pavilhao-desportivo-com-400-mil-euros\/#primaryimage"},"thumbnailUrl":"https:\/\/portaltela.pt\/s.01k8rhncp4jt1\/2026\/02\/img_920x518uu2026-02-10-11-42-32-2420736.jpg","datePublished":"2026-02-10T11:43:54+00:00","author":{"@id":"https:\/\/portaltela.pt\/#\/schema\/person\/c4278d4a6028830caff9ee44b42d32ed"},"breadcrumb":{"@id":"https:\/\/portaltela.pt\/noticias\/2026\/02\/10\/carregal-do-sal-requalifica-pavilhao-desportivo-com-400-mil-euros\/#breadcrumb"},"inLanguage":"pt-PT","potentialAction":[{"@type":"ReadAction","target":["https:\/\/portaltela.pt\/noticias\/2026\/02\/10\/carregal-do-sal-requalifica-pavilhao-desportivo-com-400-mil-euros\/"]}]},{"@type":"ImageObject","inLanguage":"pt-PT","@id":"https:\/\/portaltela.pt\/noticias\/2026\/02\/10\/carregal-do-sal-requalifica-pavilhao-desportivo-com-400-mil-euros\/#primaryimage","url":"https:\/\/portaltela.pt\/s.01k8rhncp4jt1\/2026\/02\/img_920x518uu2026-02-10-11-42-32-2420736.jpg","contentUrl":"https:\/\/portaltela.pt\/s.01k8rhncp4jt1\/2026\/02\/img_920x518uu2026-02-10-11-42-32-2420736.jpg","width":796,"height":448,"caption":"Pavilh\u00e3o municipal desportivo de Carregal do Sal"},{"@type":"BreadcrumbList","@id":"https:\/\/portaltela.pt\/noticias\/2026\/02\/10\/carregal-do-sal-requalifica-pavilhao-desportivo-com-400-mil-euros\/#breadcrumb","itemListElement":[{"@type":"ListItem","position":1,"name":"In\u00edcio","item":"https:\/\/portaltela.pt\/"},{"@type":"ListItem","position":2,"name":"Carregal do Sal requalifica pavilh\u00e3o desportivo com 400 mil euros"}]},{"@type":"WebSite","@id":"https:\/\/portaltela.pt\/#website","url":"https:\/\/portaltela.pt\/","name":"Portal Tela Portugal","description":"","potentialAction":[{"@type":"SearchAction","target":{"@type":"EntryPoint","urlTemplate":"https:\/\/portaltela.pt\/?s={search_term_string}"},"query-input":{"@type":"PropertyValueSpecification","valueRequired":true,"valueName":"search_term_string"}}],"inLanguage":"pt-PT"},{"@type":"Person","@id":"https:\/\/portaltela.pt\/#\/schema\/person\/c4278d4a6028830caff9ee44b42d32ed","name":"Telinha","image":{"@type":"ImageObject","inLanguage":"pt-PT","@id":"https:\/\/portaltela.pt\/s.01k8rhncp4jt1\/2025\/11\/talking-bot-125x125.png","url":"https:\/\/portaltela.pt\/s.01k8rhncp4jt1\/2025\/11\/talking-bot-125x125.png","contentUrl":"https:\/\/portaltela.pt\/s.01k8rhncp4jt1\/2025\/11\/talking-bot-125x125.png","caption":"Telinha"},"sameAs":["https:\/\/portaltela.pt\/"],"url":"https:\/\/portaltela.pt\/por\/367410592786\/"}]}},"_links":{"self":[{"href":"https:\/\/portaltela.pt\/api\/wp\/v2\/posts\/206572","targetHints":{"allow":["GET"]}}],"collection":[{"href":"https:\/\/portaltela.pt\/api\/wp\/v2\/posts"}],"about":[{"href":"https:\/\/portaltela.pt\/api\/wp\/v2\/types\/post"}],"author":[{"embeddable":true,"href":"https:\/\/portaltela.pt\/api\/wp\/v2\/users\/2"}],"replies":[{"embeddable":true,"href":"https:\/\/portaltela.pt\/api\/wp\/v2\/comments?post=206572"}],"version-history":[{"count":0,"href":"https:\/\/portaltela.pt\/api\/wp\/v2\/posts\/206572\/revisions"}],"wp:featuredmedia":[{"embeddable":true,"href":"https:\/\/portaltela.pt\/api\/wp\/v2\/media\/206578"}],"wp:attachment":[{"href":"https:\/\/portaltela.pt\/api\/wp\/v2\/media?parent=206572"}],"wp:term":[{"taxonomy":"category","embeddable":true,"href":"https:\/\/portaltela.pt\/api\/wp\/v2\/categories?post=206572"},{"taxonomy":"post_tag","embeddable":true,"href":"https:\/\/portaltela.pt\/api\/wp\/v2\/tags?post=206572"}],"curies":[{"name":"wp","href":"https:\/\/api.w.org\/{rel}","templated":true}]}}