{"id":206489,"date":"2026-02-10T07:33:00","date_gmt":"2026-02-10T10:33:00","guid":{"rendered":"https:\/\/portaltela.pt\/noticias\/2026\/02\/10\/foragido-da-cadeia-de-vale-do-sousa-e-capturado-em-espinho\/"},"modified":"2026-02-10T07:33:00","modified_gmt":"2026-02-10T10:33:00","slug":"foragido-da-cadeia-de-vale-do-sousa-e-capturado-em-espinho","status":"publish","type":"post","link":"https:\/\/portaltela.pt\/noticias\/2026\/02\/10\/foragido-da-cadeia-de-vale-do-sousa-e-capturado-em-espinho\/","title":{"rendered":"Foragido da cadeia de Vale do Sousa \u00e9 capturado em Espinho"},"content":{"rendered":"<p>A Pol\u00edcia Judici\u00e1ria deteve na passada sexta-feira, em Espinho, um cidad\u00e3o portugu\u00eas que se encontrava foragido da justi\u00e7a ap\u00f3s n\u00e3o ter regressado ao Estabelecimento Prisional de Vale do Sousa, na sequ\u00eancia de uma Licen\u00e7a de Sa\u00edda Excecional concedida durante o per\u00edodo natal\u00edcio de 2025. O homem cumpria uma pena de cinco anos e nove meses por roubo e burla inform\u00e1tica.<\/p>\n<p>A deten\u00e7\u00e3o ocorreu na cidade de Espinho e foi efetuada pela Pol\u00edcia Judici\u00e1ria. O foragido foi entregue aos servi\u00e7os prisionais para dar continuidade ao cumprimento da pena.<\/p>\n<p>Segundo a PJ, o objeto da pena refere-se aos crimes de roubo e burla inform\u00e1tica. A opera\u00e7\u00e3o visa assegurar o retorno do condenado ao estabelecimento prisional e o prosseguimento do cumprimento da senten\u00e7a.<\/p>\n","protected":false},"excerpt":{"rendered":"<ul>\n<li>A Pol\u00edcia Judici\u00e1ria deteve, na passada sexta-feira, em Espinho, um cidad\u00e3o portugu\u00eas foragido da Justi\u00e7a.<\/li>\n<li>O homem n\u00e3o regressou ao Estabelecimento Prisional de Vale do Sousa ap\u00f3s uma Licen\u00e7a de Sa\u00edda Excecional concedida durante o per\u00edodo natal\u00edcio de 2025.<\/li>\n<li>O foragido cumpria uma pena de cinco anos e nove meses por crimes de roubo e burla inform\u00e1tica.<\/li>\n<li>Ap\u00f3s a deten\u00e7\u00e3o, foi entregue aos servi\u00e7os prisionais para dar continuidade ao cumprimento da pena.<\/li>\n<\/ul>\n","protected":false},"author":2,"featured_media":206491,"comment_status":"closed","ping_status":"closed","sticky":false,"template":"","format":"standard","meta":{"footnotes":""},"categories":[1],"tags":[3069,4139,1839,1802,4343,203],"class_list":["post-206489","post","type-post","status-publish","format-standard","has-post-thumbnail","hentry","category-noticias","tag-burla-informatica","tag-detencao","tag-espinho","tag-policia-judiciaria","tag-prisoes","tag-roubo"],"yoast_head":"<!-- This site is optimized with the Yoast SEO plugin v27.2 - https:\/\/yoast.com\/product\/yoast-seo-wordpress\/ -->\n<title>Foragido da cadeia de Vale do Sousa \u00e9 capturado em Espinho - Portal Tela Portugal<\/title>\n<meta name=\"robots\" content=\"index, follow, max-snippet:-1, max-image-preview:large, max-video-preview:-1\" \/>\n<meta property=\"og:locale\" content=\"pt_PT\" \/>\n<meta property=\"og:type\" content=\"article\" \/>\n<meta property=\"og:title\" content=\"Foragido da cadeia de Vale do Sousa \u00e9 capturado em Espinho - Portal Tela Portugal\" \/>\n<meta property=\"og:description\" content=\"A Pol\u00edcia Judici\u00e1ria deteve, na passada sexta-feira, em Espinho, um cidad\u00e3o portugu\u00eas foragido da Justi\u00e7a. O homem n\u00e3o regressou ao Estabelecimento Prisional de Vale do Sousa ap\u00f3s uma Licen\u00e7a de Sa\u00edda Excecional concedida durante o per\u00edodo natal\u00edcio de 2025. O foragido cumpria uma pena de cinco anos e nove meses por crimes de roubo e burla inform\u00e1tica. Ap\u00f3s a deten\u00e7\u00e3o, foi entregue aos servi\u00e7os prisionais para dar continuidade ao cumprimento da pena.\" \/>\n<meta property=\"og:url\" content=\"https:\/\/portaltela.pt\/noticias\/2026\/02\/10\/foragido-da-cadeia-de-vale-do-sousa-e-capturado-em-espinho\/\" \/>\n<meta property=\"og:site_name\" content=\"Portal Tela Portugal\" \/>\n<meta property=\"article:published_time\" content=\"2026-02-10T10:33:00+00:00\" \/>\n<meta name=\"author\" content=\"Telinha\" \/>\n<meta name=\"twitter:card\" content=\"summary_large_image\" \/>\n<meta name=\"twitter:label1\" content=\"Escrito por\" \/>\n\t<meta name=\"twitter:data1\" content=\"Telinha\" \/>\n\t<meta name=\"twitter:label2\" content=\"Tempo estimado de leitura\" \/>\n\t<meta name=\"twitter:data2\" content=\"1 minuto\" \/>\n<script type=\"application\/ld+json\" class=\"yoast-schema-graph\">{\"@context\":\"https:\/\/schema.org\",\"@graph\":[{\"@type\":\"Article\",\"@id\":\"https:\/\/portaltela.pt\/noticias\/2026\/02\/10\/foragido-da-cadeia-de-vale-do-sousa-e-capturado-em-espinho\/#article\",\"isPartOf\":{\"@id\":\"https:\/\/portaltela.pt\/noticias\/2026\/02\/10\/foragido-da-cadeia-de-vale-do-sousa-e-capturado-em-espinho\/\"},\"author\":{\"name\":\"Telinha\",\"@id\":\"https:\/\/portaltela.pt\/#\/schema\/person\/c4278d4a6028830caff9ee44b42d32ed\"},\"headline\":\"Foragido da cadeia de Vale do Sousa \u00e9 capturado em Espinho\",\"datePublished\":\"2026-02-10T10:33:00+00:00\",\"mainEntityOfPage\":{\"@id\":\"https:\/\/portaltela.pt\/noticias\/2026\/02\/10\/foragido-da-cadeia-de-vale-do-sousa-e-capturado-em-espinho\/\"},\"wordCount\":149,\"image\":{\"@id\":\"https:\/\/portaltela.pt\/noticias\/2026\/02\/10\/foragido-da-cadeia-de-vale-do-sousa-e-capturado-em-espinho\/#primaryimage\"},\"thumbnailUrl\":\"https:\/\/portaltela.pt\/s.01k8rhncp4jt1\/2026\/02\/img_1500x1000uu2020-04-16-15-38-03-937286-1.jpg\",\"keywords\":[\"burla inform\u00e1tica\",\"deten\u00e7\u00e3o\",\"Espinho\",\"Pol\u00edcia Judici\u00e1ria\",\"pris\u00f5es\",\"roubo\"],\"articleSection\":[\"Not\u00edcias\"],\"inLanguage\":\"pt-PT\"},{\"@type\":\"WebPage\",\"@id\":\"https:\/\/portaltela.pt\/noticias\/2026\/02\/10\/foragido-da-cadeia-de-vale-do-sousa-e-capturado-em-espinho\/\",\"url\":\"https:\/\/portaltela.pt\/noticias\/2026\/02\/10\/foragido-da-cadeia-de-vale-do-sousa-e-capturado-em-espinho\/\",\"name\":\"Foragido da cadeia de Vale do Sousa \u00e9 capturado em Espinho - Portal Tela Portugal\",\"isPartOf\":{\"@id\":\"https:\/\/portaltela.pt\/#website\"},\"primaryImageOfPage\":{\"@id\":\"https:\/\/portaltela.pt\/noticias\/2026\/02\/10\/foragido-da-cadeia-de-vale-do-sousa-e-capturado-em-espinho\/#primaryimage\"},\"image\":{\"@id\":\"https:\/\/portaltela.pt\/noticias\/2026\/02\/10\/foragido-da-cadeia-de-vale-do-sousa-e-capturado-em-espinho\/#primaryimage\"},\"thumbnailUrl\":\"https:\/\/portaltela.pt\/s.01k8rhncp4jt1\/2026\/02\/img_1500x1000uu2020-04-16-15-38-03-937286-1.jpg\",\"datePublished\":\"2026-02-10T10:33:00+00:00\",\"author\":{\"@id\":\"https:\/\/portaltela.pt\/#\/schema\/person\/c4278d4a6028830caff9ee44b42d32ed\"},\"breadcrumb\":{\"@id\":\"https:\/\/portaltela.pt\/noticias\/2026\/02\/10\/foragido-da-cadeia-de-vale-do-sousa-e-capturado-em-espinho\/#breadcrumb\"},\"inLanguage\":\"pt-PT\",\"potentialAction\":[{\"@type\":\"ReadAction\",\"target\":[\"https:\/\/portaltela.pt\/noticias\/2026\/02\/10\/foragido-da-cadeia-de-vale-do-sousa-e-capturado-em-espinho\/\"]}]},{\"@type\":\"ImageObject\",\"inLanguage\":\"pt-PT\",\"@id\":\"https:\/\/portaltela.pt\/noticias\/2026\/02\/10\/foragido-da-cadeia-de-vale-do-sousa-e-capturado-em-espinho\/#primaryimage\",\"url\":\"https:\/\/portaltela.pt\/s.01k8rhncp4jt1\/2026\/02\/img_1500x1000uu2020-04-16-15-38-03-937286-1.jpg\",\"contentUrl\":\"https:\/\/portaltela.pt\/s.01k8rhncp4jt1\/2026\/02\/img_1500x1000uu2020-04-16-15-38-03-937286-1.jpg\",\"width\":796,\"height\":448,\"caption\":\"Policia Judici\u00e1ria\"},{\"@type\":\"BreadcrumbList\",\"@id\":\"https:\/\/portaltela.pt\/noticias\/2026\/02\/10\/foragido-da-cadeia-de-vale-do-sousa-e-capturado-em-espinho\/#breadcrumb\",\"itemListElement\":[{\"@type\":\"ListItem\",\"position\":1,\"name\":\"In\u00edcio\",\"item\":\"https:\/\/portaltela.pt\/\"},{\"@type\":\"ListItem\",\"position\":2,\"name\":\"Foragido da cadeia de Vale do Sousa \u00e9 capturado em Espinho\"}]},{\"@type\":\"WebSite\",\"@id\":\"https:\/\/portaltela.pt\/#website\",\"url\":\"https:\/\/portaltela.pt\/\",\"name\":\"Portal Tela Portugal\",\"description\":\"\",\"potentialAction\":[{\"@type\":\"SearchAction\",\"target\":{\"@type\":\"EntryPoint\",\"urlTemplate\":\"https:\/\/portaltela.pt\/?s={search_term_string}\"},\"query-input\":{\"@type\":\"PropertyValueSpecification\",\"valueRequired\":true,\"valueName\":\"search_term_string\"}}],\"inLanguage\":\"pt-PT\"},{\"@type\":\"Person\",\"@id\":\"https:\/\/portaltela.pt\/#\/schema\/person\/c4278d4a6028830caff9ee44b42d32ed\",\"name\":\"Telinha\",\"image\":{\"@type\":\"ImageObject\",\"inLanguage\":\"pt-PT\",\"@id\":\"https:\/\/portaltela.pt\/s.01k8rhncp4jt1\/2025\/11\/talking-bot-125x125.png\",\"url\":\"https:\/\/portaltela.pt\/s.01k8rhncp4jt1\/2025\/11\/talking-bot-125x125.png\",\"contentUrl\":\"https:\/\/portaltela.pt\/s.01k8rhncp4jt1\/2025\/11\/talking-bot-125x125.png\",\"caption\":\"Telinha\"},\"sameAs\":[\"https:\/\/portaltela.pt\/\"],\"url\":\"https:\/\/portaltela.pt\/por\/367410592786\/\"}]}<\/script>\n<!-- \/ Yoast SEO plugin. -->","yoast_head_json":{"title":"Foragido da cadeia de Vale do Sousa \u00e9 capturado em Espinho - Portal Tela Portugal","robots":{"index":"index","follow":"follow","max-snippet":"max-snippet:-1","max-image-preview":"max-image-preview:large","max-video-preview":"max-video-preview:-1"},"og_locale":"pt_PT","og_type":"article","og_title":"Foragido da cadeia de Vale do Sousa \u00e9 capturado em Espinho - Portal Tela Portugal","og_description":"A Pol\u00edcia Judici\u00e1ria deteve, na passada sexta-feira, em Espinho, um cidad\u00e3o portugu\u00eas foragido da Justi\u00e7a. O homem n\u00e3o regressou ao Estabelecimento Prisional de Vale do Sousa ap\u00f3s uma Licen\u00e7a de Sa\u00edda Excecional concedida durante o per\u00edodo natal\u00edcio de 2025. O foragido cumpria uma pena de cinco anos e nove meses por crimes de roubo e burla inform\u00e1tica. Ap\u00f3s a deten\u00e7\u00e3o, foi entregue aos servi\u00e7os prisionais para dar continuidade ao cumprimento da pena.","og_url":"https:\/\/portaltela.pt\/noticias\/2026\/02\/10\/foragido-da-cadeia-de-vale-do-sousa-e-capturado-em-espinho\/","og_site_name":"Portal Tela Portugal","article_published_time":"2026-02-10T10:33:00+00:00","author":"Telinha","twitter_card":"summary_large_image","twitter_misc":{"Escrito por":"Telinha","Tempo estimado de leitura":"1 minuto"},"schema":{"@context":"https:\/\/schema.org","@graph":[{"@type":"Article","@id":"https:\/\/portaltela.pt\/noticias\/2026\/02\/10\/foragido-da-cadeia-de-vale-do-sousa-e-capturado-em-espinho\/#article","isPartOf":{"@id":"https:\/\/portaltela.pt\/noticias\/2026\/02\/10\/foragido-da-cadeia-de-vale-do-sousa-e-capturado-em-espinho\/"},"author":{"name":"Telinha","@id":"https:\/\/portaltela.pt\/#\/schema\/person\/c4278d4a6028830caff9ee44b42d32ed"},"headline":"Foragido da cadeia de Vale do Sousa \u00e9 capturado em Espinho","datePublished":"2026-02-10T10:33:00+00:00","mainEntityOfPage":{"@id":"https:\/\/portaltela.pt\/noticias\/2026\/02\/10\/foragido-da-cadeia-de-vale-do-sousa-e-capturado-em-espinho\/"},"wordCount":149,"image":{"@id":"https:\/\/portaltela.pt\/noticias\/2026\/02\/10\/foragido-da-cadeia-de-vale-do-sousa-e-capturado-em-espinho\/#primaryimage"},"thumbnailUrl":"https:\/\/portaltela.pt\/s.01k8rhncp4jt1\/2026\/02\/img_1500x1000uu2020-04-16-15-38-03-937286-1.jpg","keywords":["burla inform\u00e1tica","deten\u00e7\u00e3o","Espinho","Pol\u00edcia Judici\u00e1ria","pris\u00f5es","roubo"],"articleSection":["Not\u00edcias"],"inLanguage":"pt-PT"},{"@type":"WebPage","@id":"https:\/\/portaltela.pt\/noticias\/2026\/02\/10\/foragido-da-cadeia-de-vale-do-sousa-e-capturado-em-espinho\/","url":"https:\/\/portaltela.pt\/noticias\/2026\/02\/10\/foragido-da-cadeia-de-vale-do-sousa-e-capturado-em-espinho\/","name":"Foragido da cadeia de Vale do Sousa \u00e9 capturado em Espinho - Portal Tela Portugal","isPartOf":{"@id":"https:\/\/portaltela.pt\/#website"},"primaryImageOfPage":{"@id":"https:\/\/portaltela.pt\/noticias\/2026\/02\/10\/foragido-da-cadeia-de-vale-do-sousa-e-capturado-em-espinho\/#primaryimage"},"image":{"@id":"https:\/\/portaltela.pt\/noticias\/2026\/02\/10\/foragido-da-cadeia-de-vale-do-sousa-e-capturado-em-espinho\/#primaryimage"},"thumbnailUrl":"https:\/\/portaltela.pt\/s.01k8rhncp4jt1\/2026\/02\/img_1500x1000uu2020-04-16-15-38-03-937286-1.jpg","datePublished":"2026-02-10T10:33:00+00:00","author":{"@id":"https:\/\/portaltela.pt\/#\/schema\/person\/c4278d4a6028830caff9ee44b42d32ed"},"breadcrumb":{"@id":"https:\/\/portaltela.pt\/noticias\/2026\/02\/10\/foragido-da-cadeia-de-vale-do-sousa-e-capturado-em-espinho\/#breadcrumb"},"inLanguage":"pt-PT","potentialAction":[{"@type":"ReadAction","target":["https:\/\/portaltela.pt\/noticias\/2026\/02\/10\/foragido-da-cadeia-de-vale-do-sousa-e-capturado-em-espinho\/"]}]},{"@type":"ImageObject","inLanguage":"pt-PT","@id":"https:\/\/portaltela.pt\/noticias\/2026\/02\/10\/foragido-da-cadeia-de-vale-do-sousa-e-capturado-em-espinho\/#primaryimage","url":"https:\/\/portaltela.pt\/s.01k8rhncp4jt1\/2026\/02\/img_1500x1000uu2020-04-16-15-38-03-937286-1.jpg","contentUrl":"https:\/\/portaltela.pt\/s.01k8rhncp4jt1\/2026\/02\/img_1500x1000uu2020-04-16-15-38-03-937286-1.jpg","width":796,"height":448,"caption":"Policia Judici\u00e1ria"},{"@type":"BreadcrumbList","@id":"https:\/\/portaltela.pt\/noticias\/2026\/02\/10\/foragido-da-cadeia-de-vale-do-sousa-e-capturado-em-espinho\/#breadcrumb","itemListElement":[{"@type":"ListItem","position":1,"name":"In\u00edcio","item":"https:\/\/portaltela.pt\/"},{"@type":"ListItem","position":2,"name":"Foragido da cadeia de Vale do Sousa \u00e9 capturado em Espinho"}]},{"@type":"WebSite","@id":"https:\/\/portaltela.pt\/#website","url":"https:\/\/portaltela.pt\/","name":"Portal Tela Portugal","description":"","potentialAction":[{"@type":"SearchAction","target":{"@type":"EntryPoint","urlTemplate":"https:\/\/portaltela.pt\/?s={search_term_string}"},"query-input":{"@type":"PropertyValueSpecification","valueRequired":true,"valueName":"search_term_string"}}],"inLanguage":"pt-PT"},{"@type":"Person","@id":"https:\/\/portaltela.pt\/#\/schema\/person\/c4278d4a6028830caff9ee44b42d32ed","name":"Telinha","image":{"@type":"ImageObject","inLanguage":"pt-PT","@id":"https:\/\/portaltela.pt\/s.01k8rhncp4jt1\/2025\/11\/talking-bot-125x125.png","url":"https:\/\/portaltela.pt\/s.01k8rhncp4jt1\/2025\/11\/talking-bot-125x125.png","contentUrl":"https:\/\/portaltela.pt\/s.01k8rhncp4jt1\/2025\/11\/talking-bot-125x125.png","caption":"Telinha"},"sameAs":["https:\/\/portaltela.pt\/"],"url":"https:\/\/portaltela.pt\/por\/367410592786\/"}]}},"_links":{"self":[{"href":"https:\/\/portaltela.pt\/api\/wp\/v2\/posts\/206489","targetHints":{"allow":["GET"]}}],"collection":[{"href":"https:\/\/portaltela.pt\/api\/wp\/v2\/posts"}],"about":[{"href":"https:\/\/portaltela.pt\/api\/wp\/v2\/types\/post"}],"author":[{"embeddable":true,"href":"https:\/\/portaltela.pt\/api\/wp\/v2\/users\/2"}],"replies":[{"embeddable":true,"href":"https:\/\/portaltela.pt\/api\/wp\/v2\/comments?post=206489"}],"version-history":[{"count":0,"href":"https:\/\/portaltela.pt\/api\/wp\/v2\/posts\/206489\/revisions"}],"wp:featuredmedia":[{"embeddable":true,"href":"https:\/\/portaltela.pt\/api\/wp\/v2\/media\/206491"}],"wp:attachment":[{"href":"https:\/\/portaltela.pt\/api\/wp\/v2\/media?parent=206489"}],"wp:term":[{"taxonomy":"category","embeddable":true,"href":"https:\/\/portaltela.pt\/api\/wp\/v2\/categories?post=206489"},{"taxonomy":"post_tag","embeddable":true,"href":"https:\/\/portaltela.pt\/api\/wp\/v2\/tags?post=206489"}],"curies":[{"name":"wp","href":"https:\/\/api.w.org\/{rel}","templated":true}]}}