{"id":206483,"date":"2026-02-10T07:30:53","date_gmt":"2026-02-10T10:30:53","guid":{"rendered":"https:\/\/portaltela.pt\/noticias\/2026\/02\/10\/populares-mostram-estragos-das-inundacoes-em-leiria-a-camara-municipal\/"},"modified":"2026-02-10T07:30:53","modified_gmt":"2026-02-10T10:30:53","slug":"populares-mostram-estragos-das-inundacoes-em-leiria-a-camara-municipal","status":"publish","type":"post","link":"https:\/\/portaltela.pt\/noticias\/2026\/02\/10\/populares-mostram-estragos-das-inundacoes-em-leiria-a-camara-municipal\/","title":{"rendered":"Populares mostram estragos das inunda\u00e7\u00f5es em Leiria \u00e0 C\u00e2mara Municipal"},"content":{"rendered":"<p>Populares de Leiria abriram as portas de casa aos jornalistas do CM para mostrar os estragos causados pelas recentes inunda\u00e7\u00f5es na cidade. O foco est\u00e1 nas habita\u00e7\u00f5es afetadas e nos impactos imediatos nas resid\u00eancias.<\/p>\n<p>As imagens exibidas pelo p\u00fablico evidenciam pisos levantados e mobili\u00e1rio destru\u00eddo, al\u00e9m de \u00e1reas cobertas de lama que se estendem por todos os recintos. O material mostra ainda danos estruturais percept\u00edveis em algumas zonas.<\/p>\n<h3>Destrui\u00e7\u00e3o vis\u00edvel e impactos no dia a dia<\/h3>\n<p>Frentes de casas exibem o n\u00edvel de deteriora\u00e7\u00e3o causado pela \u00e1gua, com pertences pessoais danificados e pisos danificados. Moradores destacam a dificuldade de limpeza e a necessidade de interven\u00e7\u00f5es r\u00e1pidas para retomar a rotina.<\/p>\n","protected":false},"excerpt":{"rendered":"<ul>\n<li>Populares abriram as portas de casa ao Correio da Manh\u00e3 (CM) para mostrar os estragos provocados pelas inunda\u00e7\u00f5es em Leiria.<\/li>\n<li>Mostram pisos destru\u00eddos e mobili\u00e1rio danificado.<\/li>\n<li>A lama \u00e9 vis\u00edvel por todo o espa\u00e7o afetado.<\/li>\n<li>A reportagem concentra-se na cidade de Leiria, atingida pelas inunda\u00e7\u00f5es.<\/li>\n<li>Todo o material vem diretamente das casas afetadas pela cheia em Leiria, sem adicionar informa\u00e7\u00f5es n\u00e3o confirmadas.<\/li>\n<\/ul>\n","protected":false},"author":2,"featured_media":206484,"comment_status":"closed","ping_status":"closed","sticky":false,"template":"","format":"standard","meta":{"footnotes":""},"categories":[1],"tags":[5215,5277,4731,2817,2293,1385],"class_list":["post-206483","post","type-post","status-publish","format-standard","has-post-thumbnail","hentry","category-noticias","tag-catastrofes-naturais","tag-danos","tag-destruicoes","tag-habitacoes","tag-inundacoes","tag-leiria"],"yoast_head":"<!-- This site is optimized with the Yoast SEO plugin v27.2 - https:\/\/yoast.com\/product\/yoast-seo-wordpress\/ -->\n<title>Populares mostram estragos das inunda\u00e7\u00f5es em Leiria \u00e0 C\u00e2mara Municipal - Portal Tela Portugal<\/title>\n<meta name=\"robots\" content=\"index, follow, max-snippet:-1, max-image-preview:large, max-video-preview:-1\" \/>\n<meta property=\"og:locale\" content=\"pt_PT\" \/>\n<meta property=\"og:type\" content=\"article\" \/>\n<meta property=\"og:title\" content=\"Populares mostram estragos das inunda\u00e7\u00f5es em Leiria \u00e0 C\u00e2mara Municipal - Portal Tela Portugal\" \/>\n<meta property=\"og:description\" content=\"Populares abriram as portas de casa ao Correio da Manh\u00e3 (CM) para mostrar os estragos provocados pelas inunda\u00e7\u00f5es em Leiria. Mostram pisos destru\u00eddos e mobili\u00e1rio danificado. A lama \u00e9 vis\u00edvel por todo o espa\u00e7o afetado. A reportagem concentra-se na cidade de Leiria, atingida pelas inunda\u00e7\u00f5es. Todo o material vem diretamente das casas afetadas pela cheia em Leiria, sem adicionar informa\u00e7\u00f5es n\u00e3o confirmadas.\" \/>\n<meta property=\"og:url\" content=\"https:\/\/portaltela.pt\/noticias\/2026\/02\/10\/populares-mostram-estragos-das-inundacoes-em-leiria-a-camara-municipal\/\" \/>\n<meta property=\"og:site_name\" content=\"Portal Tela Portugal\" \/>\n<meta property=\"article:published_time\" content=\"2026-02-10T10:30:53+00:00\" \/>\n<meta name=\"author\" content=\"Telinha\" \/>\n<meta name=\"twitter:card\" content=\"summary_large_image\" \/>\n<meta name=\"twitter:label1\" content=\"Escrito por\" \/>\n\t<meta name=\"twitter:data1\" content=\"Telinha\" \/>\n\t<meta name=\"twitter:label2\" content=\"Tempo estimado de leitura\" \/>\n\t<meta name=\"twitter:data2\" content=\"1 minuto\" \/>\n<script type=\"application\/ld+json\" class=\"yoast-schema-graph\">{\"@context\":\"https:\/\/schema.org\",\"@graph\":[{\"@type\":\"Article\",\"@id\":\"https:\/\/portaltela.pt\/noticias\/2026\/02\/10\/populares-mostram-estragos-das-inundacoes-em-leiria-a-camara-municipal\/#article\",\"isPartOf\":{\"@id\":\"https:\/\/portaltela.pt\/noticias\/2026\/02\/10\/populares-mostram-estragos-das-inundacoes-em-leiria-a-camara-municipal\/\"},\"author\":{\"name\":\"Telinha\",\"@id\":\"https:\/\/portaltela.pt\/#\/schema\/person\/c4278d4a6028830caff9ee44b42d32ed\"},\"headline\":\"Populares mostram estragos das inunda\u00e7\u00f5es em Leiria \u00e0 C\u00e2mara Municipal\",\"datePublished\":\"2026-02-10T10:30:53+00:00\",\"mainEntityOfPage\":{\"@id\":\"https:\/\/portaltela.pt\/noticias\/2026\/02\/10\/populares-mostram-estragos-das-inundacoes-em-leiria-a-camara-municipal\/\"},\"wordCount\":135,\"image\":{\"@id\":\"https:\/\/portaltela.pt\/noticias\/2026\/02\/10\/populares-mostram-estragos-das-inundacoes-em-leiria-a-camara-municipal\/#primaryimage\"},\"thumbnailUrl\":\"https:\/\/portaltela.pt\/s.01k8rhncp4jt1\/2026\/02\/img_1200x721uu2026-02-10-10-27-02-2420724.jpg\",\"keywords\":[\"cat\u00e1strofes naturais\",\"danos\",\"destrui\u00e7\u00f5es\",\"habita\u00e7\u00f5es\",\"inunda\u00e7\u00f5es\",\"Leiria\"],\"articleSection\":[\"Not\u00edcias\"],\"inLanguage\":\"pt-PT\"},{\"@type\":\"WebPage\",\"@id\":\"https:\/\/portaltela.pt\/noticias\/2026\/02\/10\/populares-mostram-estragos-das-inundacoes-em-leiria-a-camara-municipal\/\",\"url\":\"https:\/\/portaltela.pt\/noticias\/2026\/02\/10\/populares-mostram-estragos-das-inundacoes-em-leiria-a-camara-municipal\/\",\"name\":\"Populares mostram estragos das inunda\u00e7\u00f5es em Leiria \u00e0 C\u00e2mara Municipal - Portal Tela Portugal\",\"isPartOf\":{\"@id\":\"https:\/\/portaltela.pt\/#website\"},\"primaryImageOfPage\":{\"@id\":\"https:\/\/portaltela.pt\/noticias\/2026\/02\/10\/populares-mostram-estragos-das-inundacoes-em-leiria-a-camara-municipal\/#primaryimage\"},\"image\":{\"@id\":\"https:\/\/portaltela.pt\/noticias\/2026\/02\/10\/populares-mostram-estragos-das-inundacoes-em-leiria-a-camara-municipal\/#primaryimage\"},\"thumbnailUrl\":\"https:\/\/portaltela.pt\/s.01k8rhncp4jt1\/2026\/02\/img_1200x721uu2026-02-10-10-27-02-2420724.jpg\",\"datePublished\":\"2026-02-10T10:30:53+00:00\",\"author\":{\"@id\":\"https:\/\/portaltela.pt\/#\/schema\/person\/c4278d4a6028830caff9ee44b42d32ed\"},\"breadcrumb\":{\"@id\":\"https:\/\/portaltela.pt\/noticias\/2026\/02\/10\/populares-mostram-estragos-das-inundacoes-em-leiria-a-camara-municipal\/#breadcrumb\"},\"inLanguage\":\"pt-PT\",\"potentialAction\":[{\"@type\":\"ReadAction\",\"target\":[\"https:\/\/portaltela.pt\/noticias\/2026\/02\/10\/populares-mostram-estragos-das-inundacoes-em-leiria-a-camara-municipal\/\"]}]},{\"@type\":\"ImageObject\",\"inLanguage\":\"pt-PT\",\"@id\":\"https:\/\/portaltela.pt\/noticias\/2026\/02\/10\/populares-mostram-estragos-das-inundacoes-em-leiria-a-camara-municipal\/#primaryimage\",\"url\":\"https:\/\/portaltela.pt\/s.01k8rhncp4jt1\/2026\/02\/img_1200x721uu2026-02-10-10-27-02-2420724.jpg\",\"contentUrl\":\"https:\/\/portaltela.pt\/s.01k8rhncp4jt1\/2026\/02\/img_1200x721uu2026-02-10-10-27-02-2420724.jpg\",\"width\":796,\"height\":448,\"caption\":\"Populares abrem portas de casa ao CM e mostram estragos causados pelas inunda\u00e7\u00f5es em Leiria\"},{\"@type\":\"BreadcrumbList\",\"@id\":\"https:\/\/portaltela.pt\/noticias\/2026\/02\/10\/populares-mostram-estragos-das-inundacoes-em-leiria-a-camara-municipal\/#breadcrumb\",\"itemListElement\":[{\"@type\":\"ListItem\",\"position\":1,\"name\":\"In\u00edcio\",\"item\":\"https:\/\/portaltela.pt\/\"},{\"@type\":\"ListItem\",\"position\":2,\"name\":\"Populares mostram estragos das inunda\u00e7\u00f5es em Leiria \u00e0 C\u00e2mara Municipal\"}]},{\"@type\":\"WebSite\",\"@id\":\"https:\/\/portaltela.pt\/#website\",\"url\":\"https:\/\/portaltela.pt\/\",\"name\":\"Portal Tela Portugal\",\"description\":\"\",\"potentialAction\":[{\"@type\":\"SearchAction\",\"target\":{\"@type\":\"EntryPoint\",\"urlTemplate\":\"https:\/\/portaltela.pt\/?s={search_term_string}\"},\"query-input\":{\"@type\":\"PropertyValueSpecification\",\"valueRequired\":true,\"valueName\":\"search_term_string\"}}],\"inLanguage\":\"pt-PT\"},{\"@type\":\"Person\",\"@id\":\"https:\/\/portaltela.pt\/#\/schema\/person\/c4278d4a6028830caff9ee44b42d32ed\",\"name\":\"Telinha\",\"image\":{\"@type\":\"ImageObject\",\"inLanguage\":\"pt-PT\",\"@id\":\"https:\/\/portaltela.pt\/s.01k8rhncp4jt1\/2025\/11\/talking-bot-125x125.png\",\"url\":\"https:\/\/portaltela.pt\/s.01k8rhncp4jt1\/2025\/11\/talking-bot-125x125.png\",\"contentUrl\":\"https:\/\/portaltela.pt\/s.01k8rhncp4jt1\/2025\/11\/talking-bot-125x125.png\",\"caption\":\"Telinha\"},\"sameAs\":[\"https:\/\/portaltela.pt\/\"],\"url\":\"https:\/\/portaltela.pt\/por\/367410592786\/\"}]}<\/script>\n<!-- \/ Yoast SEO plugin. -->","yoast_head_json":{"title":"Populares mostram estragos das inunda\u00e7\u00f5es em Leiria \u00e0 C\u00e2mara Municipal - Portal Tela Portugal","robots":{"index":"index","follow":"follow","max-snippet":"max-snippet:-1","max-image-preview":"max-image-preview:large","max-video-preview":"max-video-preview:-1"},"og_locale":"pt_PT","og_type":"article","og_title":"Populares mostram estragos das inunda\u00e7\u00f5es em Leiria \u00e0 C\u00e2mara Municipal - Portal Tela Portugal","og_description":"Populares abriram as portas de casa ao Correio da Manh\u00e3 (CM) para mostrar os estragos provocados pelas inunda\u00e7\u00f5es em Leiria. Mostram pisos destru\u00eddos e mobili\u00e1rio danificado. A lama \u00e9 vis\u00edvel por todo o espa\u00e7o afetado. A reportagem concentra-se na cidade de Leiria, atingida pelas inunda\u00e7\u00f5es. Todo o material vem diretamente das casas afetadas pela cheia em Leiria, sem adicionar informa\u00e7\u00f5es n\u00e3o confirmadas.","og_url":"https:\/\/portaltela.pt\/noticias\/2026\/02\/10\/populares-mostram-estragos-das-inundacoes-em-leiria-a-camara-municipal\/","og_site_name":"Portal Tela Portugal","article_published_time":"2026-02-10T10:30:53+00:00","author":"Telinha","twitter_card":"summary_large_image","twitter_misc":{"Escrito por":"Telinha","Tempo estimado de leitura":"1 minuto"},"schema":{"@context":"https:\/\/schema.org","@graph":[{"@type":"Article","@id":"https:\/\/portaltela.pt\/noticias\/2026\/02\/10\/populares-mostram-estragos-das-inundacoes-em-leiria-a-camara-municipal\/#article","isPartOf":{"@id":"https:\/\/portaltela.pt\/noticias\/2026\/02\/10\/populares-mostram-estragos-das-inundacoes-em-leiria-a-camara-municipal\/"},"author":{"name":"Telinha","@id":"https:\/\/portaltela.pt\/#\/schema\/person\/c4278d4a6028830caff9ee44b42d32ed"},"headline":"Populares mostram estragos das inunda\u00e7\u00f5es em Leiria \u00e0 C\u00e2mara Municipal","datePublished":"2026-02-10T10:30:53+00:00","mainEntityOfPage":{"@id":"https:\/\/portaltela.pt\/noticias\/2026\/02\/10\/populares-mostram-estragos-das-inundacoes-em-leiria-a-camara-municipal\/"},"wordCount":135,"image":{"@id":"https:\/\/portaltela.pt\/noticias\/2026\/02\/10\/populares-mostram-estragos-das-inundacoes-em-leiria-a-camara-municipal\/#primaryimage"},"thumbnailUrl":"https:\/\/portaltela.pt\/s.01k8rhncp4jt1\/2026\/02\/img_1200x721uu2026-02-10-10-27-02-2420724.jpg","keywords":["cat\u00e1strofes naturais","danos","destrui\u00e7\u00f5es","habita\u00e7\u00f5es","inunda\u00e7\u00f5es","Leiria"],"articleSection":["Not\u00edcias"],"inLanguage":"pt-PT"},{"@type":"WebPage","@id":"https:\/\/portaltela.pt\/noticias\/2026\/02\/10\/populares-mostram-estragos-das-inundacoes-em-leiria-a-camara-municipal\/","url":"https:\/\/portaltela.pt\/noticias\/2026\/02\/10\/populares-mostram-estragos-das-inundacoes-em-leiria-a-camara-municipal\/","name":"Populares mostram estragos das inunda\u00e7\u00f5es em Leiria \u00e0 C\u00e2mara Municipal - Portal Tela Portugal","isPartOf":{"@id":"https:\/\/portaltela.pt\/#website"},"primaryImageOfPage":{"@id":"https:\/\/portaltela.pt\/noticias\/2026\/02\/10\/populares-mostram-estragos-das-inundacoes-em-leiria-a-camara-municipal\/#primaryimage"},"image":{"@id":"https:\/\/portaltela.pt\/noticias\/2026\/02\/10\/populares-mostram-estragos-das-inundacoes-em-leiria-a-camara-municipal\/#primaryimage"},"thumbnailUrl":"https:\/\/portaltela.pt\/s.01k8rhncp4jt1\/2026\/02\/img_1200x721uu2026-02-10-10-27-02-2420724.jpg","datePublished":"2026-02-10T10:30:53+00:00","author":{"@id":"https:\/\/portaltela.pt\/#\/schema\/person\/c4278d4a6028830caff9ee44b42d32ed"},"breadcrumb":{"@id":"https:\/\/portaltela.pt\/noticias\/2026\/02\/10\/populares-mostram-estragos-das-inundacoes-em-leiria-a-camara-municipal\/#breadcrumb"},"inLanguage":"pt-PT","potentialAction":[{"@type":"ReadAction","target":["https:\/\/portaltela.pt\/noticias\/2026\/02\/10\/populares-mostram-estragos-das-inundacoes-em-leiria-a-camara-municipal\/"]}]},{"@type":"ImageObject","inLanguage":"pt-PT","@id":"https:\/\/portaltela.pt\/noticias\/2026\/02\/10\/populares-mostram-estragos-das-inundacoes-em-leiria-a-camara-municipal\/#primaryimage","url":"https:\/\/portaltela.pt\/s.01k8rhncp4jt1\/2026\/02\/img_1200x721uu2026-02-10-10-27-02-2420724.jpg","contentUrl":"https:\/\/portaltela.pt\/s.01k8rhncp4jt1\/2026\/02\/img_1200x721uu2026-02-10-10-27-02-2420724.jpg","width":796,"height":448,"caption":"Populares abrem portas de casa ao CM e mostram estragos causados pelas inunda\u00e7\u00f5es em Leiria"},{"@type":"BreadcrumbList","@id":"https:\/\/portaltela.pt\/noticias\/2026\/02\/10\/populares-mostram-estragos-das-inundacoes-em-leiria-a-camara-municipal\/#breadcrumb","itemListElement":[{"@type":"ListItem","position":1,"name":"In\u00edcio","item":"https:\/\/portaltela.pt\/"},{"@type":"ListItem","position":2,"name":"Populares mostram estragos das inunda\u00e7\u00f5es em Leiria \u00e0 C\u00e2mara Municipal"}]},{"@type":"WebSite","@id":"https:\/\/portaltela.pt\/#website","url":"https:\/\/portaltela.pt\/","name":"Portal Tela Portugal","description":"","potentialAction":[{"@type":"SearchAction","target":{"@type":"EntryPoint","urlTemplate":"https:\/\/portaltela.pt\/?s={search_term_string}"},"query-input":{"@type":"PropertyValueSpecification","valueRequired":true,"valueName":"search_term_string"}}],"inLanguage":"pt-PT"},{"@type":"Person","@id":"https:\/\/portaltela.pt\/#\/schema\/person\/c4278d4a6028830caff9ee44b42d32ed","name":"Telinha","image":{"@type":"ImageObject","inLanguage":"pt-PT","@id":"https:\/\/portaltela.pt\/s.01k8rhncp4jt1\/2025\/11\/talking-bot-125x125.png","url":"https:\/\/portaltela.pt\/s.01k8rhncp4jt1\/2025\/11\/talking-bot-125x125.png","contentUrl":"https:\/\/portaltela.pt\/s.01k8rhncp4jt1\/2025\/11\/talking-bot-125x125.png","caption":"Telinha"},"sameAs":["https:\/\/portaltela.pt\/"],"url":"https:\/\/portaltela.pt\/por\/367410592786\/"}]}},"_links":{"self":[{"href":"https:\/\/portaltela.pt\/api\/wp\/v2\/posts\/206483","targetHints":{"allow":["GET"]}}],"collection":[{"href":"https:\/\/portaltela.pt\/api\/wp\/v2\/posts"}],"about":[{"href":"https:\/\/portaltela.pt\/api\/wp\/v2\/types\/post"}],"author":[{"embeddable":true,"href":"https:\/\/portaltela.pt\/api\/wp\/v2\/users\/2"}],"replies":[{"embeddable":true,"href":"https:\/\/portaltela.pt\/api\/wp\/v2\/comments?post=206483"}],"version-history":[{"count":0,"href":"https:\/\/portaltela.pt\/api\/wp\/v2\/posts\/206483\/revisions"}],"wp:featuredmedia":[{"embeddable":true,"href":"https:\/\/portaltela.pt\/api\/wp\/v2\/media\/206484"}],"wp:attachment":[{"href":"https:\/\/portaltela.pt\/api\/wp\/v2\/media?parent=206483"}],"wp:term":[{"taxonomy":"category","embeddable":true,"href":"https:\/\/portaltela.pt\/api\/wp\/v2\/categories?post=206483"},{"taxonomy":"post_tag","embeddable":true,"href":"https:\/\/portaltela.pt\/api\/wp\/v2\/tags?post=206483"}],"curies":[{"name":"wp","href":"https:\/\/api.w.org\/{rel}","templated":true}]}}