{"id":206481,"date":"2026-02-10T07:23:00","date_gmt":"2026-02-10T10:23:00","guid":{"rendered":"https:\/\/portaltela.pt\/noticias\/2026\/02\/10\/geoeconomia-de-fluxos-e-espacos-rede-de-lugares-sob-analise\/"},"modified":"2026-02-10T07:23:00","modified_gmt":"2026-02-10T10:23:00","slug":"geoeconomia-de-fluxos-e-espacos-rede-de-lugares-sob-analise","status":"publish","type":"post","link":"https:\/\/portaltela.pt\/noticias\/economia\/2026\/02\/10\/geoeconomia-de-fluxos-e-espacos-rede-de-lugares-sob-analise\/","title":{"rendered":"Geoeconomia de fluxos e espa\u00e7os-rede de lugares sob an\u00e1lise"},"content":{"rendered":"<p>O artigo discute a geoeconomia dos fluxos e dos espa\u00e7os-rede de lugares, destacando a import\u00e2ncia de valorizar as \u00e1reas de baixa densidade (ABD). O foco \u00e9 entender como espa\u00e7os de fluxos se conectam com lugares, para fortalecer a coopera\u00e7\u00e3o territorial.<\/p>\n<p>Segundo o texto, a mobilidade e a velocidade ditam o tempo atual, com a digitaliza\u00e7\u00e3o a intensificar a diferencia\u00e7\u00e3o entre destinos com sinais distintivos e zonas mais remotas. Os lugares n\u00e3o s\u00e3o neutros, mas resultam de camadas de a\u00e7\u00f5es humanas e naturais.<\/p>\n<p>A autora identifica uma dial\u00e9tica entre espa\u00e7os de fluxos e espa\u00e7os-rede de lugares, acelerada pela informa\u00e7\u00e3o digital. A pergunta central \u00e9 como aproveitar essa rela\u00e7\u00e3o para promover uma coopera\u00e7\u00e3o multiterritorial mais criativa e eficaz.<\/p>\n<p>O diagn\u00f3stico aponta para ciclos com dura\u00e7\u00f5es diferentes entre clima, tecnologia, ecologia e economia. Clima, tecnologia e ecologia apresentam varia\u00e7\u00f5es que impactam o desenvolvimento, exigindo respostas coordenadas e estruturadas.<\/p>\n<p>Entre as propostas, destacam-se servi\u00e7os ambulat\u00f3rios de proximidade, zonas de interven\u00e7\u00e3o florestal e \u00e1reas protegidas que funcionam como infraestruturas verdes. Esses instrumentos visam ligar territ\u00f3rios e reduzir vulnerabilidades.<\/p>\n<p>Parques naturais, geoparques, zonas termais e parques agroecol\u00f3gicos aparecem como suportes para sistemas agroalimentares locais, bem como instrumentos de turismo sustent\u00e1vel e de ordenamento territorial. A ideia \u00e9 criar redes de valor multiterritoriais.<\/p>\n<p>Outros elementos incluem zonas industriais e parques empresariais orientados por uma economia circular, bem como complexos hidroagr\u00edcolas que articulam clusters agroalimentares. O objetivo \u00e9 formar cadeias de valor regionais mais resilientes.<\/p>\n<p>A rela\u00e7\u00e3o entre coopera\u00e7\u00e3o territorial e governan\u00e7a \u00e9 refor\u00e7ada por exemplos de ecossistemas tecno-digitais, educativos e socioculturais. Centros de investiga\u00e7\u00e3o, living labs e redes art\u00edsticas estruturam a colabora\u00e7\u00e3o entre regi\u00f5es.<\/p>\n<p>A autora recorda a exist\u00eancia da estrat\u00e9gia nacional para territ\u00f3rios inteligentes (ENTI), aprovada em dezembro de 2023. A ENTI define centros de intelig\u00eancia territorial, plataformas anal\u00edticas e espa\u00e7os de coworking como pilares de a\u00e7\u00e3o.<\/p>\n<p>Conclui-se que as ABD enfrentam um desafio de sustentabilidade a m\u00e9dio prazo. O texto sustenta que a constru\u00e7\u00e3o de um espa\u00e7o-rede de lugares exige lideran\u00e7a, governan\u00e7a multiescalar e coopera\u00e7\u00e3o entre CCDR, CIM, universidades e associa\u00e7\u00f5es empresariais.<\/p>\n<p>A ideia central \u00e9 que, na era tecno-digital, diferentes lugares convivem como espa\u00e7os de resid\u00eancia, trabalho, lazer e estudo. A antropologia dos espa\u00e7os de coopera\u00e7\u00e3o territorial pode avan\u00e7ar com estruturas de miss\u00e3o executivas e um associativismo fortalecidos.<\/p>\n<p>Por fim, a autora aponta que a solu\u00e7\u00e3o est\u00e1 presente, esperando apenas lideran\u00e7a e discernimento para criar uma economia criativa intermunicipal e multiterritorial, apoiada por dispositivos digitais e redes de coopera\u00e7\u00e3o.<\/p>\n","protected":false},"excerpt":{"rendered":"<ul>\n<li>O texto analisa a coopera\u00e7\u00e3o descentralizada e a valoriza\u00e7\u00e3o das \u00e1reas de baixa densidade (ABD), destacando a rela\u00e7\u00e3o entre espa\u00e7os de fluxos e espa\u00e7os-rede de lugares, agravada pela digitaliza\u00e7\u00e3o.<\/li>\n<li>Prop\u00f5e fortalecer as hiperliga\u00e7\u00f5es entre lugares por meio de exemplos pr\u00e1ticos, como SAP intermunicipais, zonas de interven\u00e7\u00e3o florestal, parques naturais, zonas industriais, complexos hidroagr\u00edcolas e ecossistemas tecno-digitais e educativos.<\/li>\n<li>Aponta uma debilidade estrutural nas ABD pela falta de massa cr\u00edtica e defende uma coordena\u00e7\u00e3o efetiva entre as entidades regionais, universidades e associa\u00e7\u00f5es para uma a\u00e7\u00e3o coletiva e gest\u00e3o integrada.<\/li>\n<li>Recorda a estrat\u00e9gia nacional para territ\u00f3rios inteligentes (ENTI) de dezembro de 2023 e defende a cria\u00e7\u00e3o de ecossistemas inteligentes com centros de intelig\u00eancia territorial, plataformas anal\u00edticas, espa\u00e7os de coworking e redes de inova\u00e7\u00e3o.<\/li>\n<li>Conclui que vivemos numa era tecno-digital com m\u00faltiplos lugares e modalidades de presen\u00e7a, defendendo lideran\u00e7a e Governan\u00e7a multiescalar para realizar uma economia criativa intermunicipal e multiterritorial.<\/li>\n<\/ul>\n","protected":false},"author":2,"featured_media":206482,"comment_status":"closed","ping_status":"closed","sticky":false,"template":"","format":"standard","meta":{"footnotes":""},"categories":[2,1],"tags":[4787,1540,5714,5542,4754,3445],"class_list":["post-206481","post","type-post","status-publish","format-standard","has-post-thumbnail","hentry","category-economia","category-noticias","tag-colaboracao-internacional","tag-economia-circular","tag-geoparques","tag-territorios","tag-territorios-inteligentes","tag-turismo-sustentavel"],"yoast_head":"<!-- This site is optimized with the Yoast SEO plugin v27.2 - https:\/\/yoast.com\/product\/yoast-seo-wordpress\/ -->\n<title>Geoeconomia de fluxos e espa\u00e7os-rede de lugares sob an\u00e1lise - Portal Tela Portugal<\/title>\n<meta name=\"robots\" content=\"index, follow, max-snippet:-1, max-image-preview:large, max-video-preview:-1\" \/>\n<meta property=\"og:locale\" content=\"pt_PT\" \/>\n<meta property=\"og:type\" content=\"article\" \/>\n<meta property=\"og:title\" content=\"Geoeconomia de fluxos e espa\u00e7os-rede de lugares sob an\u00e1lise - Portal Tela Portugal\" \/>\n<meta property=\"og:description\" content=\"O texto analisa a coopera\u00e7\u00e3o descentralizada e a valoriza\u00e7\u00e3o das \u00e1reas de baixa densidade (ABD), destacando a rela\u00e7\u00e3o entre espa\u00e7os de fluxos e espa\u00e7os-rede de lugares, agravada pela digitaliza\u00e7\u00e3o. Prop\u00f5e fortalecer as hiperliga\u00e7\u00f5es entre lugares por meio de exemplos pr\u00e1ticos, como SAP intermunicipais, zonas de interven\u00e7\u00e3o florestal, parques naturais, zonas industriais, complexos hidroagr\u00edcolas e ecossistemas tecno-digitais e educativos. Aponta uma debilidade estrutural nas ABD pela falta de massa cr\u00edtica e defende uma coordena\u00e7\u00e3o efetiva entre as entidades regionais, universidades e associa\u00e7\u00f5es para uma a\u00e7\u00e3o coletiva e gest\u00e3o integrada. Recorda a estrat\u00e9gia nacional para territ\u00f3rios inteligentes (ENTI) de dezembro de 2023 e defende a cria\u00e7\u00e3o de ecossistemas inteligentes com centros de intelig\u00eancia territorial, plataformas anal\u00edticas, espa\u00e7os de coworking e redes de inova\u00e7\u00e3o. Conclui que vivemos numa era tecno-digital com m\u00faltiplos lugares e modalidades de presen\u00e7a, defendendo lideran\u00e7a e Governan\u00e7a multiescalar para realizar uma economia criativa intermunicipal e multiterritorial.\" \/>\n<meta property=\"og:url\" content=\"https:\/\/portaltela.pt\/noticias\/2026\/02\/10\/geoeconomia-de-fluxos-e-espacos-rede-de-lugares-sob-analise\/\" \/>\n<meta property=\"og:site_name\" content=\"Portal Tela Portugal\" \/>\n<meta property=\"article:published_time\" content=\"2026-02-10T10:23:00+00:00\" \/>\n<meta name=\"author\" content=\"Telinha\" \/>\n<meta name=\"twitter:card\" content=\"summary_large_image\" \/>\n<meta name=\"twitter:label1\" content=\"Escrito por\" \/>\n\t<meta name=\"twitter:data1\" content=\"Telinha\" \/>\n\t<meta name=\"twitter:label2\" content=\"Tempo estimado de leitura\" \/>\n\t<meta name=\"twitter:data2\" content=\"2 minutos\" \/>\n<script type=\"application\/ld+json\" class=\"yoast-schema-graph\">{\"@context\":\"https:\/\/schema.org\",\"@graph\":[{\"@type\":\"Article\",\"@id\":\"https:\/\/portaltela.pt\/noticias\/2026\/02\/10\/geoeconomia-de-fluxos-e-espacos-rede-de-lugares-sob-analise\/#article\",\"isPartOf\":{\"@id\":\"https:\/\/portaltela.pt\/noticias\/2026\/02\/10\/geoeconomia-de-fluxos-e-espacos-rede-de-lugares-sob-analise\/\"},\"author\":{\"name\":\"Telinha\",\"@id\":\"https:\/\/portaltela.pt\/#\/schema\/person\/c4278d4a6028830caff9ee44b42d32ed\"},\"headline\":\"Geoeconomia de fluxos e espa\u00e7os-rede de lugares sob an\u00e1lise\",\"datePublished\":\"2026-02-10T10:23:00+00:00\",\"mainEntityOfPage\":{\"@id\":\"https:\/\/portaltela.pt\/noticias\/2026\/02\/10\/geoeconomia-de-fluxos-e-espacos-rede-de-lugares-sob-analise\/\"},\"wordCount\":465,\"image\":{\"@id\":\"https:\/\/portaltela.pt\/noticias\/2026\/02\/10\/geoeconomia-de-fluxos-e-espacos-rede-de-lugares-sob-analise\/#primaryimage\"},\"thumbnailUrl\":\"https:\/\/portaltela.pt\/s.01k8rhncp4jt1\/2026\/02\/9f51ef4b-5aa1-4262-af09-11dfdcbf072d_1200x675.jpg\",\"keywords\":[\"colabora\u00e7\u00e3o internacional\",\"economia circular\",\"geoparques\",\"Territ\u00f3rios\",\"Territ\u00f3rios Inteligentes\",\"Turismo Sustent\u00e1vel\"],\"articleSection\":[\"Economia\",\"Not\u00edcias\"],\"inLanguage\":\"pt-PT\"},{\"@type\":\"WebPage\",\"@id\":\"https:\/\/portaltela.pt\/noticias\/2026\/02\/10\/geoeconomia-de-fluxos-e-espacos-rede-de-lugares-sob-analise\/\",\"url\":\"https:\/\/portaltela.pt\/noticias\/2026\/02\/10\/geoeconomia-de-fluxos-e-espacos-rede-de-lugares-sob-analise\/\",\"name\":\"Geoeconomia de fluxos e espa\u00e7os-rede de lugares sob an\u00e1lise - Portal Tela Portugal\",\"isPartOf\":{\"@id\":\"https:\/\/portaltela.pt\/#website\"},\"primaryImageOfPage\":{\"@id\":\"https:\/\/portaltela.pt\/noticias\/2026\/02\/10\/geoeconomia-de-fluxos-e-espacos-rede-de-lugares-sob-analise\/#primaryimage\"},\"image\":{\"@id\":\"https:\/\/portaltela.pt\/noticias\/2026\/02\/10\/geoeconomia-de-fluxos-e-espacos-rede-de-lugares-sob-analise\/#primaryimage\"},\"thumbnailUrl\":\"https:\/\/portaltela.pt\/s.01k8rhncp4jt1\/2026\/02\/9f51ef4b-5aa1-4262-af09-11dfdcbf072d_1200x675.jpg\",\"datePublished\":\"2026-02-10T10:23:00+00:00\",\"author\":{\"@id\":\"https:\/\/portaltela.pt\/#\/schema\/person\/c4278d4a6028830caff9ee44b42d32ed\"},\"breadcrumb\":{\"@id\":\"https:\/\/portaltela.pt\/noticias\/2026\/02\/10\/geoeconomia-de-fluxos-e-espacos-rede-de-lugares-sob-analise\/#breadcrumb\"},\"inLanguage\":\"pt-PT\",\"potentialAction\":[{\"@type\":\"ReadAction\",\"target\":[\"https:\/\/portaltela.pt\/noticias\/2026\/02\/10\/geoeconomia-de-fluxos-e-espacos-rede-de-lugares-sob-analise\/\"]}]},{\"@type\":\"ImageObject\",\"inLanguage\":\"pt-PT\",\"@id\":\"https:\/\/portaltela.pt\/noticias\/2026\/02\/10\/geoeconomia-de-fluxos-e-espacos-rede-de-lugares-sob-analise\/#primaryimage\",\"url\":\"https:\/\/portaltela.pt\/s.01k8rhncp4jt1\/2026\/02\/9f51ef4b-5aa1-4262-af09-11dfdcbf072d_1200x675.jpg\",\"contentUrl\":\"https:\/\/portaltela.pt\/s.01k8rhncp4jt1\/2026\/02\/9f51ef4b-5aa1-4262-af09-11dfdcbf072d_1200x675.jpg\",\"width\":796,\"height\":448,\"caption\":\"Photo\"},{\"@type\":\"BreadcrumbList\",\"@id\":\"https:\/\/portaltela.pt\/noticias\/2026\/02\/10\/geoeconomia-de-fluxos-e-espacos-rede-de-lugares-sob-analise\/#breadcrumb\",\"itemListElement\":[{\"@type\":\"ListItem\",\"position\":1,\"name\":\"In\u00edcio\",\"item\":\"https:\/\/portaltela.pt\/\"},{\"@type\":\"ListItem\",\"position\":2,\"name\":\"Geoeconomia de fluxos e espa\u00e7os-rede de lugares sob an\u00e1lise\"}]},{\"@type\":\"WebSite\",\"@id\":\"https:\/\/portaltela.pt\/#website\",\"url\":\"https:\/\/portaltela.pt\/\",\"name\":\"Portal Tela Portugal\",\"description\":\"\",\"potentialAction\":[{\"@type\":\"SearchAction\",\"target\":{\"@type\":\"EntryPoint\",\"urlTemplate\":\"https:\/\/portaltela.pt\/?s={search_term_string}\"},\"query-input\":{\"@type\":\"PropertyValueSpecification\",\"valueRequired\":true,\"valueName\":\"search_term_string\"}}],\"inLanguage\":\"pt-PT\"},{\"@type\":\"Person\",\"@id\":\"https:\/\/portaltela.pt\/#\/schema\/person\/c4278d4a6028830caff9ee44b42d32ed\",\"name\":\"Telinha\",\"image\":{\"@type\":\"ImageObject\",\"inLanguage\":\"pt-PT\",\"@id\":\"https:\/\/portaltela.pt\/s.01k8rhncp4jt1\/2025\/11\/talking-bot-125x125.png\",\"url\":\"https:\/\/portaltela.pt\/s.01k8rhncp4jt1\/2025\/11\/talking-bot-125x125.png\",\"contentUrl\":\"https:\/\/portaltela.pt\/s.01k8rhncp4jt1\/2025\/11\/talking-bot-125x125.png\",\"caption\":\"Telinha\"},\"sameAs\":[\"https:\/\/portaltela.pt\/\"],\"url\":\"https:\/\/portaltela.pt\/por\/367410592786\/\"}]}<\/script>\n<!-- \/ Yoast SEO plugin. -->","yoast_head_json":{"title":"Geoeconomia de fluxos e espa\u00e7os-rede de lugares sob an\u00e1lise - Portal Tela Portugal","robots":{"index":"index","follow":"follow","max-snippet":"max-snippet:-1","max-image-preview":"max-image-preview:large","max-video-preview":"max-video-preview:-1"},"og_locale":"pt_PT","og_type":"article","og_title":"Geoeconomia de fluxos e espa\u00e7os-rede de lugares sob an\u00e1lise - Portal Tela Portugal","og_description":"O texto analisa a coopera\u00e7\u00e3o descentralizada e a valoriza\u00e7\u00e3o das \u00e1reas de baixa densidade (ABD), destacando a rela\u00e7\u00e3o entre espa\u00e7os de fluxos e espa\u00e7os-rede de lugares, agravada pela digitaliza\u00e7\u00e3o. Prop\u00f5e fortalecer as hiperliga\u00e7\u00f5es entre lugares por meio de exemplos pr\u00e1ticos, como SAP intermunicipais, zonas de interven\u00e7\u00e3o florestal, parques naturais, zonas industriais, complexos hidroagr\u00edcolas e ecossistemas tecno-digitais e educativos. Aponta uma debilidade estrutural nas ABD pela falta de massa cr\u00edtica e defende uma coordena\u00e7\u00e3o efetiva entre as entidades regionais, universidades e associa\u00e7\u00f5es para uma a\u00e7\u00e3o coletiva e gest\u00e3o integrada. Recorda a estrat\u00e9gia nacional para territ\u00f3rios inteligentes (ENTI) de dezembro de 2023 e defende a cria\u00e7\u00e3o de ecossistemas inteligentes com centros de intelig\u00eancia territorial, plataformas anal\u00edticas, espa\u00e7os de coworking e redes de inova\u00e7\u00e3o. Conclui que vivemos numa era tecno-digital com m\u00faltiplos lugares e modalidades de presen\u00e7a, defendendo lideran\u00e7a e Governan\u00e7a multiescalar para realizar uma economia criativa intermunicipal e multiterritorial.","og_url":"https:\/\/portaltela.pt\/noticias\/2026\/02\/10\/geoeconomia-de-fluxos-e-espacos-rede-de-lugares-sob-analise\/","og_site_name":"Portal Tela Portugal","article_published_time":"2026-02-10T10:23:00+00:00","author":"Telinha","twitter_card":"summary_large_image","twitter_misc":{"Escrito por":"Telinha","Tempo estimado de leitura":"2 minutos"},"schema":{"@context":"https:\/\/schema.org","@graph":[{"@type":"Article","@id":"https:\/\/portaltela.pt\/noticias\/2026\/02\/10\/geoeconomia-de-fluxos-e-espacos-rede-de-lugares-sob-analise\/#article","isPartOf":{"@id":"https:\/\/portaltela.pt\/noticias\/2026\/02\/10\/geoeconomia-de-fluxos-e-espacos-rede-de-lugares-sob-analise\/"},"author":{"name":"Telinha","@id":"https:\/\/portaltela.pt\/#\/schema\/person\/c4278d4a6028830caff9ee44b42d32ed"},"headline":"Geoeconomia de fluxos e espa\u00e7os-rede de lugares sob an\u00e1lise","datePublished":"2026-02-10T10:23:00+00:00","mainEntityOfPage":{"@id":"https:\/\/portaltela.pt\/noticias\/2026\/02\/10\/geoeconomia-de-fluxos-e-espacos-rede-de-lugares-sob-analise\/"},"wordCount":465,"image":{"@id":"https:\/\/portaltela.pt\/noticias\/2026\/02\/10\/geoeconomia-de-fluxos-e-espacos-rede-de-lugares-sob-analise\/#primaryimage"},"thumbnailUrl":"https:\/\/portaltela.pt\/s.01k8rhncp4jt1\/2026\/02\/9f51ef4b-5aa1-4262-af09-11dfdcbf072d_1200x675.jpg","keywords":["colabora\u00e7\u00e3o internacional","economia circular","geoparques","Territ\u00f3rios","Territ\u00f3rios Inteligentes","Turismo Sustent\u00e1vel"],"articleSection":["Economia","Not\u00edcias"],"inLanguage":"pt-PT"},{"@type":"WebPage","@id":"https:\/\/portaltela.pt\/noticias\/2026\/02\/10\/geoeconomia-de-fluxos-e-espacos-rede-de-lugares-sob-analise\/","url":"https:\/\/portaltela.pt\/noticias\/2026\/02\/10\/geoeconomia-de-fluxos-e-espacos-rede-de-lugares-sob-analise\/","name":"Geoeconomia de fluxos e espa\u00e7os-rede de lugares sob an\u00e1lise - Portal Tela Portugal","isPartOf":{"@id":"https:\/\/portaltela.pt\/#website"},"primaryImageOfPage":{"@id":"https:\/\/portaltela.pt\/noticias\/2026\/02\/10\/geoeconomia-de-fluxos-e-espacos-rede-de-lugares-sob-analise\/#primaryimage"},"image":{"@id":"https:\/\/portaltela.pt\/noticias\/2026\/02\/10\/geoeconomia-de-fluxos-e-espacos-rede-de-lugares-sob-analise\/#primaryimage"},"thumbnailUrl":"https:\/\/portaltela.pt\/s.01k8rhncp4jt1\/2026\/02\/9f51ef4b-5aa1-4262-af09-11dfdcbf072d_1200x675.jpg","datePublished":"2026-02-10T10:23:00+00:00","author":{"@id":"https:\/\/portaltela.pt\/#\/schema\/person\/c4278d4a6028830caff9ee44b42d32ed"},"breadcrumb":{"@id":"https:\/\/portaltela.pt\/noticias\/2026\/02\/10\/geoeconomia-de-fluxos-e-espacos-rede-de-lugares-sob-analise\/#breadcrumb"},"inLanguage":"pt-PT","potentialAction":[{"@type":"ReadAction","target":["https:\/\/portaltela.pt\/noticias\/2026\/02\/10\/geoeconomia-de-fluxos-e-espacos-rede-de-lugares-sob-analise\/"]}]},{"@type":"ImageObject","inLanguage":"pt-PT","@id":"https:\/\/portaltela.pt\/noticias\/2026\/02\/10\/geoeconomia-de-fluxos-e-espacos-rede-de-lugares-sob-analise\/#primaryimage","url":"https:\/\/portaltela.pt\/s.01k8rhncp4jt1\/2026\/02\/9f51ef4b-5aa1-4262-af09-11dfdcbf072d_1200x675.jpg","contentUrl":"https:\/\/portaltela.pt\/s.01k8rhncp4jt1\/2026\/02\/9f51ef4b-5aa1-4262-af09-11dfdcbf072d_1200x675.jpg","width":796,"height":448,"caption":"Photo"},{"@type":"BreadcrumbList","@id":"https:\/\/portaltela.pt\/noticias\/2026\/02\/10\/geoeconomia-de-fluxos-e-espacos-rede-de-lugares-sob-analise\/#breadcrumb","itemListElement":[{"@type":"ListItem","position":1,"name":"In\u00edcio","item":"https:\/\/portaltela.pt\/"},{"@type":"ListItem","position":2,"name":"Geoeconomia de fluxos e espa\u00e7os-rede de lugares sob an\u00e1lise"}]},{"@type":"WebSite","@id":"https:\/\/portaltela.pt\/#website","url":"https:\/\/portaltela.pt\/","name":"Portal Tela Portugal","description":"","potentialAction":[{"@type":"SearchAction","target":{"@type":"EntryPoint","urlTemplate":"https:\/\/portaltela.pt\/?s={search_term_string}"},"query-input":{"@type":"PropertyValueSpecification","valueRequired":true,"valueName":"search_term_string"}}],"inLanguage":"pt-PT"},{"@type":"Person","@id":"https:\/\/portaltela.pt\/#\/schema\/person\/c4278d4a6028830caff9ee44b42d32ed","name":"Telinha","image":{"@type":"ImageObject","inLanguage":"pt-PT","@id":"https:\/\/portaltela.pt\/s.01k8rhncp4jt1\/2025\/11\/talking-bot-125x125.png","url":"https:\/\/portaltela.pt\/s.01k8rhncp4jt1\/2025\/11\/talking-bot-125x125.png","contentUrl":"https:\/\/portaltela.pt\/s.01k8rhncp4jt1\/2025\/11\/talking-bot-125x125.png","caption":"Telinha"},"sameAs":["https:\/\/portaltela.pt\/"],"url":"https:\/\/portaltela.pt\/por\/367410592786\/"}]}},"_links":{"self":[{"href":"https:\/\/portaltela.pt\/api\/wp\/v2\/posts\/206481","targetHints":{"allow":["GET"]}}],"collection":[{"href":"https:\/\/portaltela.pt\/api\/wp\/v2\/posts"}],"about":[{"href":"https:\/\/portaltela.pt\/api\/wp\/v2\/types\/post"}],"author":[{"embeddable":true,"href":"https:\/\/portaltela.pt\/api\/wp\/v2\/users\/2"}],"replies":[{"embeddable":true,"href":"https:\/\/portaltela.pt\/api\/wp\/v2\/comments?post=206481"}],"version-history":[{"count":0,"href":"https:\/\/portaltela.pt\/api\/wp\/v2\/posts\/206481\/revisions"}],"wp:featuredmedia":[{"embeddable":true,"href":"https:\/\/portaltela.pt\/api\/wp\/v2\/media\/206482"}],"wp:attachment":[{"href":"https:\/\/portaltela.pt\/api\/wp\/v2\/media?parent=206481"}],"wp:term":[{"taxonomy":"category","embeddable":true,"href":"https:\/\/portaltela.pt\/api\/wp\/v2\/categories?post=206481"},{"taxonomy":"post_tag","embeddable":true,"href":"https:\/\/portaltela.pt\/api\/wp\/v2\/tags?post=206481"}],"curies":[{"name":"wp","href":"https:\/\/api.w.org\/{rel}","templated":true}]}}