{"id":206474,"date":"2026-02-10T07:25:00","date_gmt":"2026-02-10T10:25:00","guid":{"rendered":"https:\/\/portaltela.pt\/noticias\/2026\/02\/10\/fofana-reage-a-estreia-podia-ter-sido-perfeita-mas-foi-especial\/"},"modified":"2026-02-10T07:25:00","modified_gmt":"2026-02-10T10:25:00","slug":"fofana-reage-a-estreia-podia-ter-sido-perfeita-mas-foi-especial","status":"publish","type":"post","link":"https:\/\/portaltela.pt\/desporto\/futebol\/2026\/02\/10\/fofana-reage-a-estreia-podia-ter-sido-perfeita-mas-foi-especial\/","title":{"rendered":"Fofana reage \u00e0 estreia: podia ter sido perfeita, mas foi especial"},"content":{"rendered":"<p>O F. C. Porto empatou 1-1 com o Sporting no Est\u00e1dio Do Drag\u00e3o, em jogo da 21\u00aa jornada da liga. O encontro ficou marcado pela estreia de Seko Fofana, refor\u00e7o de inverno do clube, que entrou a ben\u00f6tigen e marcou, numa envolvente de lan\u00e7amento oficial da sua temporada. A equipa orientada por S\u00e9rgio Concei\u00e7\u00e3o continua l\u00edder na classifica\u00e7\u00e3o.<\/p>\n<p>O golo de Fofana aconteceu durante o desenrolar do encontro, dando vantagem inicial ao Porto at\u00e9 ao golo tardio de Luis Su\u00e1rez, que empatou na recarga de uma grande penalidade perto do final da partida. O resultado manteve a influ\u00eancia do Porto no topo da liga, apesar do empate.<\/p>\n<h3>Rea\u00e7\u00e3o de Fofana nas redes<\/h3>\n<p>O internacional costa-marfinense, de 30 anos, utilizou as redes sociais para agradecer o apoio e mostrar determina\u00e7\u00e3o para as jornadas que faltam. Na mensagem, o jogador reconheceu que o desfecho podia ter sido ainda melhor, mas destacou a import\u00e2ncia do momento e a continuidade da luta da equipa para os objetivos da temporada.<\/p>\n","protected":false},"excerpt":{"rendered":"<ul>\n<li>O F. C. Porto empatou 1-1 com o Sporting no Drag\u00e3o, na 21.\u00aa jornada, mantendo a lideran\u00e7a intoc\u00e1vel.<\/li>\n<li>A estreia de Seko Fofana, refor\u00e7o de inverno emprestado pelo Rennes, ficou marcada por um golo.<\/li>\n<li>O internacional costa-marfinense tem 30 anos.<\/li>\n<li>Perto do final, Luis Su\u00e1rez marcou na recarga de uma grande penalidade para igualar a partida.<\/li>\n<li>Fofana reagiu nas redes sociais com uma mensagem de luta para o resto da temporada: \u201cPodia ter sido perfeito&#8230; mas foi especial na mesma. O nosso destino continua nas nossas m\u00e3os e vamos lutar at\u00e9 ao fim.\u201d<\/li>\n<\/ul>\n","protected":false},"author":2,"featured_media":206480,"comment_status":"closed","ping_status":"closed","sticky":false,"template":"","format":"standard","meta":{"footnotes":""},"categories":[21,24],"tags":[4143,2028,4297,32,1652],"class_list":["post-206474","post","type-post","status-publish","format-standard","has-post-thumbnail","hentry","category-desporto","category-futebol","tag-1-liga","tag-fc-porto","tag-fofana","tag-futebol","tag-sporting"],"yoast_head":"<!-- This site is optimized with the Yoast SEO plugin v27.2 - https:\/\/yoast.com\/product\/yoast-seo-wordpress\/ -->\n<title>Fofana reage \u00e0 estreia: podia ter sido perfeita, mas foi especial - Portal Tela Portugal<\/title>\n<meta name=\"robots\" content=\"index, follow, max-snippet:-1, max-image-preview:large, max-video-preview:-1\" \/>\n<meta property=\"og:locale\" content=\"pt_PT\" \/>\n<meta property=\"og:type\" content=\"article\" \/>\n<meta property=\"og:title\" content=\"Fofana reage \u00e0 estreia: podia ter sido perfeita, mas foi especial - Portal Tela Portugal\" \/>\n<meta property=\"og:description\" content=\"O F. C. Porto empatou 1-1 com o Sporting no Drag\u00e3o, na 21.\u00aa jornada, mantendo a lideran\u00e7a intoc\u00e1vel. A estreia de Seko Fofana, refor\u00e7o de inverno emprestado pelo Rennes, ficou marcada por um golo. O internacional costa-marfinense tem 30 anos. Perto do final, Luis Su\u00e1rez marcou na recarga de uma grande penalidade para igualar a partida. Fofana reagiu nas redes sociais com uma mensagem de luta para o resto da temporada: \u201cPodia ter sido perfeito... mas foi especial na mesma. O nosso destino continua nas nossas m\u00e3os e vamos lutar at\u00e9 ao fim.\u201d\" \/>\n<meta property=\"og:url\" content=\"https:\/\/portaltela.pt\/noticias\/2026\/02\/10\/fofana-reage-a-estreia-podia-ter-sido-perfeita-mas-foi-especial\/\" \/>\n<meta property=\"og:site_name\" content=\"Portal Tela Portugal\" \/>\n<meta property=\"article:published_time\" content=\"2026-02-10T10:25:00+00:00\" \/>\n<meta name=\"author\" content=\"Telinha\" \/>\n<meta name=\"twitter:card\" content=\"summary_large_image\" \/>\n<meta name=\"twitter:label1\" content=\"Escrito por\" \/>\n\t<meta name=\"twitter:data1\" content=\"Telinha\" \/>\n\t<meta name=\"twitter:label2\" content=\"Tempo estimado de leitura\" \/>\n\t<meta name=\"twitter:data2\" content=\"1 minuto\" \/>\n<script type=\"application\/ld+json\" class=\"yoast-schema-graph\">{\"@context\":\"https:\/\/schema.org\",\"@graph\":[{\"@type\":\"Article\",\"@id\":\"https:\/\/portaltela.pt\/noticias\/2026\/02\/10\/fofana-reage-a-estreia-podia-ter-sido-perfeita-mas-foi-especial\/#article\",\"isPartOf\":{\"@id\":\"https:\/\/portaltela.pt\/noticias\/2026\/02\/10\/fofana-reage-a-estreia-podia-ter-sido-perfeita-mas-foi-especial\/\"},\"author\":{\"name\":\"Telinha\",\"@id\":\"https:\/\/portaltela.pt\/#\/schema\/person\/c4278d4a6028830caff9ee44b42d32ed\"},\"headline\":\"Fofana reage \u00e0 estreia: podia ter sido perfeita, mas foi especial\",\"datePublished\":\"2026-02-10T10:25:00+00:00\",\"mainEntityOfPage\":{\"@id\":\"https:\/\/portaltela.pt\/noticias\/2026\/02\/10\/fofana-reage-a-estreia-podia-ter-sido-perfeita-mas-foi-especial\/\"},\"wordCount\":187,\"image\":{\"@id\":\"https:\/\/portaltela.pt\/noticias\/2026\/02\/10\/fofana-reage-a-estreia-podia-ter-sido-perfeita-mas-foi-especial\/#primaryimage\"},\"thumbnailUrl\":\"https:\/\/portaltela.pt\/s.01k8rhncp4jt1\/2026\/02\/image-769.jpg\",\"keywords\":[\"1. Liga\",\"FC Porto\",\"Fofana\",\"futebol\",\"Sporting\"],\"articleSection\":[\"Desporto\",\"Futebol\"],\"inLanguage\":\"pt-PT\"},{\"@type\":\"WebPage\",\"@id\":\"https:\/\/portaltela.pt\/noticias\/2026\/02\/10\/fofana-reage-a-estreia-podia-ter-sido-perfeita-mas-foi-especial\/\",\"url\":\"https:\/\/portaltela.pt\/noticias\/2026\/02\/10\/fofana-reage-a-estreia-podia-ter-sido-perfeita-mas-foi-especial\/\",\"name\":\"Fofana reage \u00e0 estreia: podia ter sido perfeita, mas foi especial - Portal Tela Portugal\",\"isPartOf\":{\"@id\":\"https:\/\/portaltela.pt\/#website\"},\"primaryImageOfPage\":{\"@id\":\"https:\/\/portaltela.pt\/noticias\/2026\/02\/10\/fofana-reage-a-estreia-podia-ter-sido-perfeita-mas-foi-especial\/#primaryimage\"},\"image\":{\"@id\":\"https:\/\/portaltela.pt\/noticias\/2026\/02\/10\/fofana-reage-a-estreia-podia-ter-sido-perfeita-mas-foi-especial\/#primaryimage\"},\"thumbnailUrl\":\"https:\/\/portaltela.pt\/s.01k8rhncp4jt1\/2026\/02\/image-769.jpg\",\"datePublished\":\"2026-02-10T10:25:00+00:00\",\"author\":{\"@id\":\"https:\/\/portaltela.pt\/#\/schema\/person\/c4278d4a6028830caff9ee44b42d32ed\"},\"breadcrumb\":{\"@id\":\"https:\/\/portaltela.pt\/noticias\/2026\/02\/10\/fofana-reage-a-estreia-podia-ter-sido-perfeita-mas-foi-especial\/#breadcrumb\"},\"inLanguage\":\"pt-PT\",\"potentialAction\":[{\"@type\":\"ReadAction\",\"target\":[\"https:\/\/portaltela.pt\/noticias\/2026\/02\/10\/fofana-reage-a-estreia-podia-ter-sido-perfeita-mas-foi-especial\/\"]}]},{\"@type\":\"ImageObject\",\"inLanguage\":\"pt-PT\",\"@id\":\"https:\/\/portaltela.pt\/noticias\/2026\/02\/10\/fofana-reage-a-estreia-podia-ter-sido-perfeita-mas-foi-especial\/#primaryimage\",\"url\":\"https:\/\/portaltela.pt\/s.01k8rhncp4jt1\/2026\/02\/image-769.jpg\",\"contentUrl\":\"https:\/\/portaltela.pt\/s.01k8rhncp4jt1\/2026\/02\/image-769.jpg\",\"width\":796,\"height\":448,\"caption\":\"Celebra\u00e7\u00e3o do internacional costa-marfinense ap\u00f3s ter marcado na estreia\"},{\"@type\":\"BreadcrumbList\",\"@id\":\"https:\/\/portaltela.pt\/noticias\/2026\/02\/10\/fofana-reage-a-estreia-podia-ter-sido-perfeita-mas-foi-especial\/#breadcrumb\",\"itemListElement\":[{\"@type\":\"ListItem\",\"position\":1,\"name\":\"In\u00edcio\",\"item\":\"https:\/\/portaltela.pt\/\"},{\"@type\":\"ListItem\",\"position\":2,\"name\":\"Fofana reage \u00e0 estreia: podia ter sido perfeita, mas foi especial\"}]},{\"@type\":\"WebSite\",\"@id\":\"https:\/\/portaltela.pt\/#website\",\"url\":\"https:\/\/portaltela.pt\/\",\"name\":\"Portal Tela Portugal\",\"description\":\"\",\"potentialAction\":[{\"@type\":\"SearchAction\",\"target\":{\"@type\":\"EntryPoint\",\"urlTemplate\":\"https:\/\/portaltela.pt\/?s={search_term_string}\"},\"query-input\":{\"@type\":\"PropertyValueSpecification\",\"valueRequired\":true,\"valueName\":\"search_term_string\"}}],\"inLanguage\":\"pt-PT\"},{\"@type\":\"Person\",\"@id\":\"https:\/\/portaltela.pt\/#\/schema\/person\/c4278d4a6028830caff9ee44b42d32ed\",\"name\":\"Telinha\",\"image\":{\"@type\":\"ImageObject\",\"inLanguage\":\"pt-PT\",\"@id\":\"https:\/\/portaltela.pt\/s.01k8rhncp4jt1\/2025\/11\/talking-bot-125x125.png\",\"url\":\"https:\/\/portaltela.pt\/s.01k8rhncp4jt1\/2025\/11\/talking-bot-125x125.png\",\"contentUrl\":\"https:\/\/portaltela.pt\/s.01k8rhncp4jt1\/2025\/11\/talking-bot-125x125.png\",\"caption\":\"Telinha\"},\"sameAs\":[\"https:\/\/portaltela.pt\/\"],\"url\":\"https:\/\/portaltela.pt\/por\/367410592786\/\"}]}<\/script>\n<!-- \/ Yoast SEO plugin. -->","yoast_head_json":{"title":"Fofana reage \u00e0 estreia: podia ter sido perfeita, mas foi especial - Portal Tela Portugal","robots":{"index":"index","follow":"follow","max-snippet":"max-snippet:-1","max-image-preview":"max-image-preview:large","max-video-preview":"max-video-preview:-1"},"og_locale":"pt_PT","og_type":"article","og_title":"Fofana reage \u00e0 estreia: podia ter sido perfeita, mas foi especial - Portal Tela Portugal","og_description":"O F. C. Porto empatou 1-1 com o Sporting no Drag\u00e3o, na 21.\u00aa jornada, mantendo a lideran\u00e7a intoc\u00e1vel. A estreia de Seko Fofana, refor\u00e7o de inverno emprestado pelo Rennes, ficou marcada por um golo. O internacional costa-marfinense tem 30 anos. Perto do final, Luis Su\u00e1rez marcou na recarga de uma grande penalidade para igualar a partida. Fofana reagiu nas redes sociais com uma mensagem de luta para o resto da temporada: \u201cPodia ter sido perfeito... mas foi especial na mesma. O nosso destino continua nas nossas m\u00e3os e vamos lutar at\u00e9 ao fim.\u201d","og_url":"https:\/\/portaltela.pt\/noticias\/2026\/02\/10\/fofana-reage-a-estreia-podia-ter-sido-perfeita-mas-foi-especial\/","og_site_name":"Portal Tela Portugal","article_published_time":"2026-02-10T10:25:00+00:00","author":"Telinha","twitter_card":"summary_large_image","twitter_misc":{"Escrito por":"Telinha","Tempo estimado de leitura":"1 minuto"},"schema":{"@context":"https:\/\/schema.org","@graph":[{"@type":"Article","@id":"https:\/\/portaltela.pt\/noticias\/2026\/02\/10\/fofana-reage-a-estreia-podia-ter-sido-perfeita-mas-foi-especial\/#article","isPartOf":{"@id":"https:\/\/portaltela.pt\/noticias\/2026\/02\/10\/fofana-reage-a-estreia-podia-ter-sido-perfeita-mas-foi-especial\/"},"author":{"name":"Telinha","@id":"https:\/\/portaltela.pt\/#\/schema\/person\/c4278d4a6028830caff9ee44b42d32ed"},"headline":"Fofana reage \u00e0 estreia: podia ter sido perfeita, mas foi especial","datePublished":"2026-02-10T10:25:00+00:00","mainEntityOfPage":{"@id":"https:\/\/portaltela.pt\/noticias\/2026\/02\/10\/fofana-reage-a-estreia-podia-ter-sido-perfeita-mas-foi-especial\/"},"wordCount":187,"image":{"@id":"https:\/\/portaltela.pt\/noticias\/2026\/02\/10\/fofana-reage-a-estreia-podia-ter-sido-perfeita-mas-foi-especial\/#primaryimage"},"thumbnailUrl":"https:\/\/portaltela.pt\/s.01k8rhncp4jt1\/2026\/02\/image-769.jpg","keywords":["1. Liga","FC Porto","Fofana","futebol","Sporting"],"articleSection":["Desporto","Futebol"],"inLanguage":"pt-PT"},{"@type":"WebPage","@id":"https:\/\/portaltela.pt\/noticias\/2026\/02\/10\/fofana-reage-a-estreia-podia-ter-sido-perfeita-mas-foi-especial\/","url":"https:\/\/portaltela.pt\/noticias\/2026\/02\/10\/fofana-reage-a-estreia-podia-ter-sido-perfeita-mas-foi-especial\/","name":"Fofana reage \u00e0 estreia: podia ter sido perfeita, mas foi especial - Portal Tela Portugal","isPartOf":{"@id":"https:\/\/portaltela.pt\/#website"},"primaryImageOfPage":{"@id":"https:\/\/portaltela.pt\/noticias\/2026\/02\/10\/fofana-reage-a-estreia-podia-ter-sido-perfeita-mas-foi-especial\/#primaryimage"},"image":{"@id":"https:\/\/portaltela.pt\/noticias\/2026\/02\/10\/fofana-reage-a-estreia-podia-ter-sido-perfeita-mas-foi-especial\/#primaryimage"},"thumbnailUrl":"https:\/\/portaltela.pt\/s.01k8rhncp4jt1\/2026\/02\/image-769.jpg","datePublished":"2026-02-10T10:25:00+00:00","author":{"@id":"https:\/\/portaltela.pt\/#\/schema\/person\/c4278d4a6028830caff9ee44b42d32ed"},"breadcrumb":{"@id":"https:\/\/portaltela.pt\/noticias\/2026\/02\/10\/fofana-reage-a-estreia-podia-ter-sido-perfeita-mas-foi-especial\/#breadcrumb"},"inLanguage":"pt-PT","potentialAction":[{"@type":"ReadAction","target":["https:\/\/portaltela.pt\/noticias\/2026\/02\/10\/fofana-reage-a-estreia-podia-ter-sido-perfeita-mas-foi-especial\/"]}]},{"@type":"ImageObject","inLanguage":"pt-PT","@id":"https:\/\/portaltela.pt\/noticias\/2026\/02\/10\/fofana-reage-a-estreia-podia-ter-sido-perfeita-mas-foi-especial\/#primaryimage","url":"https:\/\/portaltela.pt\/s.01k8rhncp4jt1\/2026\/02\/image-769.jpg","contentUrl":"https:\/\/portaltela.pt\/s.01k8rhncp4jt1\/2026\/02\/image-769.jpg","width":796,"height":448,"caption":"Celebra\u00e7\u00e3o do internacional costa-marfinense ap\u00f3s ter marcado na estreia"},{"@type":"BreadcrumbList","@id":"https:\/\/portaltela.pt\/noticias\/2026\/02\/10\/fofana-reage-a-estreia-podia-ter-sido-perfeita-mas-foi-especial\/#breadcrumb","itemListElement":[{"@type":"ListItem","position":1,"name":"In\u00edcio","item":"https:\/\/portaltela.pt\/"},{"@type":"ListItem","position":2,"name":"Fofana reage \u00e0 estreia: podia ter sido perfeita, mas foi especial"}]},{"@type":"WebSite","@id":"https:\/\/portaltela.pt\/#website","url":"https:\/\/portaltela.pt\/","name":"Portal Tela Portugal","description":"","potentialAction":[{"@type":"SearchAction","target":{"@type":"EntryPoint","urlTemplate":"https:\/\/portaltela.pt\/?s={search_term_string}"},"query-input":{"@type":"PropertyValueSpecification","valueRequired":true,"valueName":"search_term_string"}}],"inLanguage":"pt-PT"},{"@type":"Person","@id":"https:\/\/portaltela.pt\/#\/schema\/person\/c4278d4a6028830caff9ee44b42d32ed","name":"Telinha","image":{"@type":"ImageObject","inLanguage":"pt-PT","@id":"https:\/\/portaltela.pt\/s.01k8rhncp4jt1\/2025\/11\/talking-bot-125x125.png","url":"https:\/\/portaltela.pt\/s.01k8rhncp4jt1\/2025\/11\/talking-bot-125x125.png","contentUrl":"https:\/\/portaltela.pt\/s.01k8rhncp4jt1\/2025\/11\/talking-bot-125x125.png","caption":"Telinha"},"sameAs":["https:\/\/portaltela.pt\/"],"url":"https:\/\/portaltela.pt\/por\/367410592786\/"}]}},"_links":{"self":[{"href":"https:\/\/portaltela.pt\/api\/wp\/v2\/posts\/206474","targetHints":{"allow":["GET"]}}],"collection":[{"href":"https:\/\/portaltela.pt\/api\/wp\/v2\/posts"}],"about":[{"href":"https:\/\/portaltela.pt\/api\/wp\/v2\/types\/post"}],"author":[{"embeddable":true,"href":"https:\/\/portaltela.pt\/api\/wp\/v2\/users\/2"}],"replies":[{"embeddable":true,"href":"https:\/\/portaltela.pt\/api\/wp\/v2\/comments?post=206474"}],"version-history":[{"count":0,"href":"https:\/\/portaltela.pt\/api\/wp\/v2\/posts\/206474\/revisions"}],"wp:featuredmedia":[{"embeddable":true,"href":"https:\/\/portaltela.pt\/api\/wp\/v2\/media\/206480"}],"wp:attachment":[{"href":"https:\/\/portaltela.pt\/api\/wp\/v2\/media?parent=206474"}],"wp:term":[{"taxonomy":"category","embeddable":true,"href":"https:\/\/portaltela.pt\/api\/wp\/v2\/categories?post=206474"},{"taxonomy":"post_tag","embeddable":true,"href":"https:\/\/portaltela.pt\/api\/wp\/v2\/tags?post=206474"}],"curies":[{"name":"wp","href":"https:\/\/api.w.org\/{rel}","templated":true}]}}