{"id":206441,"date":"2026-02-10T07:00:00","date_gmt":"2026-02-10T10:00:00","guid":{"rendered":"https:\/\/portaltela.pt\/noticias\/2026\/02\/10\/obesidade-associa-se-a-10-das-mortes-por-doencas-infecciosas\/"},"modified":"2026-02-10T07:00:00","modified_gmt":"2026-02-10T10:00:00","slug":"obesidade-associa-se-a-10-das-mortes-por-doencas-infecciosas","status":"publish","type":"post","link":"https:\/\/portaltela.pt\/noticias\/2026\/02\/10\/obesidade-associa-se-a-10-das-mortes-por-doencas-infecciosas\/","title":{"rendered":"Obesidade associa-se a 10% das mortes por doen\u00e7as infecciosas"},"content":{"rendered":"<p>Uma nova an\u00e1lise com dados de mais de 540 mil pessoas conclui que a obesidade est\u00e1 associada a pior progn\u00f3stico em infec\u00e7\u00f5es, respondendo por cerca de 10% das mortes por doen\u00e7as infecciosas. O estudo destaca que o peso pode influenciar a gravidade de v\u00e1rias infec\u00e7\u00f5es.<\/p>\n<p>Quem tem obesidade apresenta um risco 70% maior de hospitaliza\u00e7\u00e3o ou morte do que pessoas com peso normal, segundo os dados. A diferen\u00e7a \u00e9 observada ao longo de v\u00e1rias condi\u00e7\u00f5es infecciosas, n\u00e3o se limitando a um tipo espec\u00edfico de doen\u00e7a.<\/p>\n<p>O risco associado \u00e0 obesidade \u00e9 transversal, atingindo desde infe\u00e7\u00f5es graves at\u00e9 gripes comuns. Al\u00e9m de fatores como diabetes e doen\u00e7as cardiovasculares, o estudo reorienta os riscos ligados ao peso no contexto de infec\u00e7\u00f5es.<\/p>\n<h3>Riscos da obesidade em doen\u00e7as infecciosas<\/h3>\n<p>Pesquisadores indicam que a obesidade pode agravar sintomas e o ritmo de progress\u00e3o de infec\u00e7\u00f5es, contribuindo para desfechos mais severos. A an\u00e1lise refor\u00e7a a rela\u00e7\u00e3o entre peso corporal e resposta do organismo a agentes patog\u00e9nicos.<\/p>\n<p>O trabalho, ainda sem recomenda\u00e7\u00e3o de pol\u00edticas, sublinha a necessidade de considerar a obesidade no planeamento de estrat\u00e9gias de sa\u00fade p\u00fablica. Os autores destacam a import\u00e2ncia de futuras pesquisas para confirmar mecanismos biol\u00f3gicos.<\/p>\n","protected":false},"excerpt":{"rendered":"<ul>\n<li>Pessoas com obesidade apresentam risco 70% mais elevado de hospitaliza\u00e7\u00e3o ou morte do que quem tem peso menor.<\/li>\n<li>O risco \u00e9 transversal, abrangendo desde infec\u00e7\u00f5es graves at\u00e9 gripes comuns.<\/li>\n<li>Um estudo com dados de mais de 540 mil pessoas mostra que uma em cada dez mortes por doen\u00e7as infecciosas \u00e9 atribu\u00edvel \u00e0 obesidade.<\/li>\n<li>A obesidade j\u00e1 \u00e9 fator de risco para diabetes e doen\u00e7as cardiovasculares, e agora \u00e9 associada a piores progn\u00f3sticos de infec\u00e7\u00f5es.<\/li>\n<li>A obesidade parece agravar sintomas e a evolu\u00e7\u00e3o de infec\u00e7\u00f5es provocadas por bact\u00e9rias, v\u00edrus, fungos ou parasitas.<\/li>\n<\/ul>\n","protected":false},"author":2,"featured_media":206445,"comment_status":"closed","ping_status":"closed","sticky":false,"template":"","format":"standard","meta":{"footnotes":""},"categories":[1],"tags":[5257,3239,3305,56,172,271],"class_list":["post-206441","post","type-post","status-publish","format-standard","has-post-thumbnail","hentry","category-noticias","tag-a-obesidade","tag-infeccao","tag-infeccao-respiratoria","tag-pesquisa","tag-saude","tag-saude-publica"],"yoast_head":"<!-- This site is optimized with the Yoast SEO plugin v27.2 - https:\/\/yoast.com\/product\/yoast-seo-wordpress\/ -->\n<title>Obesidade associa-se a 10% das mortes por doen\u00e7as infecciosas - Portal Tela Portugal<\/title>\n<meta name=\"robots\" content=\"index, follow, max-snippet:-1, max-image-preview:large, max-video-preview:-1\" \/>\n<meta property=\"og:locale\" content=\"pt_PT\" \/>\n<meta property=\"og:type\" content=\"article\" \/>\n<meta property=\"og:title\" content=\"Obesidade associa-se a 10% das mortes por doen\u00e7as infecciosas - Portal Tela Portugal\" \/>\n<meta property=\"og:description\" content=\"Pessoas com obesidade apresentam risco 70% mais elevado de hospitaliza\u00e7\u00e3o ou morte do que quem tem peso menor. O risco \u00e9 transversal, abrangendo desde infec\u00e7\u00f5es graves at\u00e9 gripes comuns. Um estudo com dados de mais de 540 mil pessoas mostra que uma em cada dez mortes por doen\u00e7as infecciosas \u00e9 atribu\u00edvel \u00e0 obesidade. A obesidade j\u00e1 \u00e9 fator de risco para diabetes e doen\u00e7as cardiovasculares, e agora \u00e9 associada a piores progn\u00f3sticos de infec\u00e7\u00f5es. A obesidade parece agravar sintomas e a evolu\u00e7\u00e3o de infec\u00e7\u00f5es provocadas por bact\u00e9rias, v\u00edrus, fungos ou parasitas.\" \/>\n<meta property=\"og:url\" content=\"https:\/\/portaltela.pt\/noticias\/2026\/02\/10\/obesidade-associa-se-a-10-das-mortes-por-doencas-infecciosas\/\" \/>\n<meta property=\"og:site_name\" content=\"Portal Tela Portugal\" \/>\n<meta property=\"article:published_time\" content=\"2026-02-10T10:00:00+00:00\" \/>\n<meta name=\"author\" content=\"Telinha\" \/>\n<meta name=\"twitter:card\" content=\"summary_large_image\" \/>\n<meta name=\"twitter:label1\" content=\"Escrito por\" \/>\n\t<meta name=\"twitter:data1\" content=\"Telinha\" \/>\n\t<meta name=\"twitter:label2\" content=\"Tempo estimado de leitura\" \/>\n\t<meta name=\"twitter:data2\" content=\"1 minuto\" \/>\n<script type=\"application\/ld+json\" class=\"yoast-schema-graph\">{\"@context\":\"https:\/\/schema.org\",\"@graph\":[{\"@type\":\"Article\",\"@id\":\"https:\/\/portaltela.pt\/noticias\/2026\/02\/10\/obesidade-associa-se-a-10-das-mortes-por-doencas-infecciosas\/#article\",\"isPartOf\":{\"@id\":\"https:\/\/portaltela.pt\/noticias\/2026\/02\/10\/obesidade-associa-se-a-10-das-mortes-por-doencas-infecciosas\/\"},\"author\":{\"name\":\"Telinha\",\"@id\":\"https:\/\/portaltela.pt\/#\/schema\/person\/c4278d4a6028830caff9ee44b42d32ed\"},\"headline\":\"Obesidade associa-se a 10% das mortes por doen\u00e7as infecciosas\",\"datePublished\":\"2026-02-10T10:00:00+00:00\",\"mainEntityOfPage\":{\"@id\":\"https:\/\/portaltela.pt\/noticias\/2026\/02\/10\/obesidade-associa-se-a-10-das-mortes-por-doencas-infecciosas\/\"},\"wordCount\":227,\"image\":{\"@id\":\"https:\/\/portaltela.pt\/noticias\/2026\/02\/10\/obesidade-associa-se-a-10-das-mortes-por-doencas-infecciosas\/#primaryimage\"},\"thumbnailUrl\":\"https:\/\/portaltela.pt\/s.01k8rhncp4jt1\/2026\/02\/2065919.jpg\",\"keywords\":[\"a obesidade\",\"infec\u00e7\u00e3o\",\"infec\u00e7\u00e3o respirat\u00f3ria\",\"pesquisa\",\"sa\u00fade\",\"sa\u00fade p\u00fablica\"],\"articleSection\":[\"Not\u00edcias\"],\"inLanguage\":\"pt-PT\"},{\"@type\":\"WebPage\",\"@id\":\"https:\/\/portaltela.pt\/noticias\/2026\/02\/10\/obesidade-associa-se-a-10-das-mortes-por-doencas-infecciosas\/\",\"url\":\"https:\/\/portaltela.pt\/noticias\/2026\/02\/10\/obesidade-associa-se-a-10-das-mortes-por-doencas-infecciosas\/\",\"name\":\"Obesidade associa-se a 10% das mortes por doen\u00e7as infecciosas - Portal Tela Portugal\",\"isPartOf\":{\"@id\":\"https:\/\/portaltela.pt\/#website\"},\"primaryImageOfPage\":{\"@id\":\"https:\/\/portaltela.pt\/noticias\/2026\/02\/10\/obesidade-associa-se-a-10-das-mortes-por-doencas-infecciosas\/#primaryimage\"},\"image\":{\"@id\":\"https:\/\/portaltela.pt\/noticias\/2026\/02\/10\/obesidade-associa-se-a-10-das-mortes-por-doencas-infecciosas\/#primaryimage\"},\"thumbnailUrl\":\"https:\/\/portaltela.pt\/s.01k8rhncp4jt1\/2026\/02\/2065919.jpg\",\"datePublished\":\"2026-02-10T10:00:00+00:00\",\"author\":{\"@id\":\"https:\/\/portaltela.pt\/#\/schema\/person\/c4278d4a6028830caff9ee44b42d32ed\"},\"breadcrumb\":{\"@id\":\"https:\/\/portaltela.pt\/noticias\/2026\/02\/10\/obesidade-associa-se-a-10-das-mortes-por-doencas-infecciosas\/#breadcrumb\"},\"inLanguage\":\"pt-PT\",\"potentialAction\":[{\"@type\":\"ReadAction\",\"target\":[\"https:\/\/portaltela.pt\/noticias\/2026\/02\/10\/obesidade-associa-se-a-10-das-mortes-por-doencas-infecciosas\/\"]}]},{\"@type\":\"ImageObject\",\"inLanguage\":\"pt-PT\",\"@id\":\"https:\/\/portaltela.pt\/noticias\/2026\/02\/10\/obesidade-associa-se-a-10-das-mortes-por-doencas-infecciosas\/#primaryimage\",\"url\":\"https:\/\/portaltela.pt\/s.01k8rhncp4jt1\/2026\/02\/2065919.jpg\",\"contentUrl\":\"https:\/\/portaltela.pt\/s.01k8rhncp4jt1\/2026\/02\/2065919.jpg\",\"width\":796,\"height\":448,\"caption\":\"O acesso a exerc\u00edcio f\u00edsico \u00e9 um dos mecanismos de preven\u00e7\u00e3o para a obesidade\"},{\"@type\":\"BreadcrumbList\",\"@id\":\"https:\/\/portaltela.pt\/noticias\/2026\/02\/10\/obesidade-associa-se-a-10-das-mortes-por-doencas-infecciosas\/#breadcrumb\",\"itemListElement\":[{\"@type\":\"ListItem\",\"position\":1,\"name\":\"In\u00edcio\",\"item\":\"https:\/\/portaltela.pt\/\"},{\"@type\":\"ListItem\",\"position\":2,\"name\":\"Obesidade associa-se a 10% das mortes por doen\u00e7as infecciosas\"}]},{\"@type\":\"WebSite\",\"@id\":\"https:\/\/portaltela.pt\/#website\",\"url\":\"https:\/\/portaltela.pt\/\",\"name\":\"Portal Tela Portugal\",\"description\":\"\",\"potentialAction\":[{\"@type\":\"SearchAction\",\"target\":{\"@type\":\"EntryPoint\",\"urlTemplate\":\"https:\/\/portaltela.pt\/?s={search_term_string}\"},\"query-input\":{\"@type\":\"PropertyValueSpecification\",\"valueRequired\":true,\"valueName\":\"search_term_string\"}}],\"inLanguage\":\"pt-PT\"},{\"@type\":\"Person\",\"@id\":\"https:\/\/portaltela.pt\/#\/schema\/person\/c4278d4a6028830caff9ee44b42d32ed\",\"name\":\"Telinha\",\"image\":{\"@type\":\"ImageObject\",\"inLanguage\":\"pt-PT\",\"@id\":\"https:\/\/portaltela.pt\/s.01k8rhncp4jt1\/2025\/11\/talking-bot-125x125.png\",\"url\":\"https:\/\/portaltela.pt\/s.01k8rhncp4jt1\/2025\/11\/talking-bot-125x125.png\",\"contentUrl\":\"https:\/\/portaltela.pt\/s.01k8rhncp4jt1\/2025\/11\/talking-bot-125x125.png\",\"caption\":\"Telinha\"},\"sameAs\":[\"https:\/\/portaltela.pt\/\"],\"url\":\"https:\/\/portaltela.pt\/por\/367410592786\/\"}]}<\/script>\n<!-- \/ Yoast SEO plugin. -->","yoast_head_json":{"title":"Obesidade associa-se a 10% das mortes por doen\u00e7as infecciosas - Portal Tela Portugal","robots":{"index":"index","follow":"follow","max-snippet":"max-snippet:-1","max-image-preview":"max-image-preview:large","max-video-preview":"max-video-preview:-1"},"og_locale":"pt_PT","og_type":"article","og_title":"Obesidade associa-se a 10% das mortes por doen\u00e7as infecciosas - Portal Tela Portugal","og_description":"Pessoas com obesidade apresentam risco 70% mais elevado de hospitaliza\u00e7\u00e3o ou morte do que quem tem peso menor. O risco \u00e9 transversal, abrangendo desde infec\u00e7\u00f5es graves at\u00e9 gripes comuns. Um estudo com dados de mais de 540 mil pessoas mostra que uma em cada dez mortes por doen\u00e7as infecciosas \u00e9 atribu\u00edvel \u00e0 obesidade. A obesidade j\u00e1 \u00e9 fator de risco para diabetes e doen\u00e7as cardiovasculares, e agora \u00e9 associada a piores progn\u00f3sticos de infec\u00e7\u00f5es. A obesidade parece agravar sintomas e a evolu\u00e7\u00e3o de infec\u00e7\u00f5es provocadas por bact\u00e9rias, v\u00edrus, fungos ou parasitas.","og_url":"https:\/\/portaltela.pt\/noticias\/2026\/02\/10\/obesidade-associa-se-a-10-das-mortes-por-doencas-infecciosas\/","og_site_name":"Portal Tela Portugal","article_published_time":"2026-02-10T10:00:00+00:00","author":"Telinha","twitter_card":"summary_large_image","twitter_misc":{"Escrito por":"Telinha","Tempo estimado de leitura":"1 minuto"},"schema":{"@context":"https:\/\/schema.org","@graph":[{"@type":"Article","@id":"https:\/\/portaltela.pt\/noticias\/2026\/02\/10\/obesidade-associa-se-a-10-das-mortes-por-doencas-infecciosas\/#article","isPartOf":{"@id":"https:\/\/portaltela.pt\/noticias\/2026\/02\/10\/obesidade-associa-se-a-10-das-mortes-por-doencas-infecciosas\/"},"author":{"name":"Telinha","@id":"https:\/\/portaltela.pt\/#\/schema\/person\/c4278d4a6028830caff9ee44b42d32ed"},"headline":"Obesidade associa-se a 10% das mortes por doen\u00e7as infecciosas","datePublished":"2026-02-10T10:00:00+00:00","mainEntityOfPage":{"@id":"https:\/\/portaltela.pt\/noticias\/2026\/02\/10\/obesidade-associa-se-a-10-das-mortes-por-doencas-infecciosas\/"},"wordCount":227,"image":{"@id":"https:\/\/portaltela.pt\/noticias\/2026\/02\/10\/obesidade-associa-se-a-10-das-mortes-por-doencas-infecciosas\/#primaryimage"},"thumbnailUrl":"https:\/\/portaltela.pt\/s.01k8rhncp4jt1\/2026\/02\/2065919.jpg","keywords":["a obesidade","infec\u00e7\u00e3o","infec\u00e7\u00e3o respirat\u00f3ria","pesquisa","sa\u00fade","sa\u00fade p\u00fablica"],"articleSection":["Not\u00edcias"],"inLanguage":"pt-PT"},{"@type":"WebPage","@id":"https:\/\/portaltela.pt\/noticias\/2026\/02\/10\/obesidade-associa-se-a-10-das-mortes-por-doencas-infecciosas\/","url":"https:\/\/portaltela.pt\/noticias\/2026\/02\/10\/obesidade-associa-se-a-10-das-mortes-por-doencas-infecciosas\/","name":"Obesidade associa-se a 10% das mortes por doen\u00e7as infecciosas - Portal Tela Portugal","isPartOf":{"@id":"https:\/\/portaltela.pt\/#website"},"primaryImageOfPage":{"@id":"https:\/\/portaltela.pt\/noticias\/2026\/02\/10\/obesidade-associa-se-a-10-das-mortes-por-doencas-infecciosas\/#primaryimage"},"image":{"@id":"https:\/\/portaltela.pt\/noticias\/2026\/02\/10\/obesidade-associa-se-a-10-das-mortes-por-doencas-infecciosas\/#primaryimage"},"thumbnailUrl":"https:\/\/portaltela.pt\/s.01k8rhncp4jt1\/2026\/02\/2065919.jpg","datePublished":"2026-02-10T10:00:00+00:00","author":{"@id":"https:\/\/portaltela.pt\/#\/schema\/person\/c4278d4a6028830caff9ee44b42d32ed"},"breadcrumb":{"@id":"https:\/\/portaltela.pt\/noticias\/2026\/02\/10\/obesidade-associa-se-a-10-das-mortes-por-doencas-infecciosas\/#breadcrumb"},"inLanguage":"pt-PT","potentialAction":[{"@type":"ReadAction","target":["https:\/\/portaltela.pt\/noticias\/2026\/02\/10\/obesidade-associa-se-a-10-das-mortes-por-doencas-infecciosas\/"]}]},{"@type":"ImageObject","inLanguage":"pt-PT","@id":"https:\/\/portaltela.pt\/noticias\/2026\/02\/10\/obesidade-associa-se-a-10-das-mortes-por-doencas-infecciosas\/#primaryimage","url":"https:\/\/portaltela.pt\/s.01k8rhncp4jt1\/2026\/02\/2065919.jpg","contentUrl":"https:\/\/portaltela.pt\/s.01k8rhncp4jt1\/2026\/02\/2065919.jpg","width":796,"height":448,"caption":"O acesso a exerc\u00edcio f\u00edsico \u00e9 um dos mecanismos de preven\u00e7\u00e3o para a obesidade"},{"@type":"BreadcrumbList","@id":"https:\/\/portaltela.pt\/noticias\/2026\/02\/10\/obesidade-associa-se-a-10-das-mortes-por-doencas-infecciosas\/#breadcrumb","itemListElement":[{"@type":"ListItem","position":1,"name":"In\u00edcio","item":"https:\/\/portaltela.pt\/"},{"@type":"ListItem","position":2,"name":"Obesidade associa-se a 10% das mortes por doen\u00e7as infecciosas"}]},{"@type":"WebSite","@id":"https:\/\/portaltela.pt\/#website","url":"https:\/\/portaltela.pt\/","name":"Portal Tela Portugal","description":"","potentialAction":[{"@type":"SearchAction","target":{"@type":"EntryPoint","urlTemplate":"https:\/\/portaltela.pt\/?s={search_term_string}"},"query-input":{"@type":"PropertyValueSpecification","valueRequired":true,"valueName":"search_term_string"}}],"inLanguage":"pt-PT"},{"@type":"Person","@id":"https:\/\/portaltela.pt\/#\/schema\/person\/c4278d4a6028830caff9ee44b42d32ed","name":"Telinha","image":{"@type":"ImageObject","inLanguage":"pt-PT","@id":"https:\/\/portaltela.pt\/s.01k8rhncp4jt1\/2025\/11\/talking-bot-125x125.png","url":"https:\/\/portaltela.pt\/s.01k8rhncp4jt1\/2025\/11\/talking-bot-125x125.png","contentUrl":"https:\/\/portaltela.pt\/s.01k8rhncp4jt1\/2025\/11\/talking-bot-125x125.png","caption":"Telinha"},"sameAs":["https:\/\/portaltela.pt\/"],"url":"https:\/\/portaltela.pt\/por\/367410592786\/"}]}},"_links":{"self":[{"href":"https:\/\/portaltela.pt\/api\/wp\/v2\/posts\/206441","targetHints":{"allow":["GET"]}}],"collection":[{"href":"https:\/\/portaltela.pt\/api\/wp\/v2\/posts"}],"about":[{"href":"https:\/\/portaltela.pt\/api\/wp\/v2\/types\/post"}],"author":[{"embeddable":true,"href":"https:\/\/portaltela.pt\/api\/wp\/v2\/users\/2"}],"replies":[{"embeddable":true,"href":"https:\/\/portaltela.pt\/api\/wp\/v2\/comments?post=206441"}],"version-history":[{"count":0,"href":"https:\/\/portaltela.pt\/api\/wp\/v2\/posts\/206441\/revisions"}],"wp:featuredmedia":[{"embeddable":true,"href":"https:\/\/portaltela.pt\/api\/wp\/v2\/media\/206445"}],"wp:attachment":[{"href":"https:\/\/portaltela.pt\/api\/wp\/v2\/media?parent=206441"}],"wp:term":[{"taxonomy":"category","embeddable":true,"href":"https:\/\/portaltela.pt\/api\/wp\/v2\/categories?post=206441"},{"taxonomy":"post_tag","embeddable":true,"href":"https:\/\/portaltela.pt\/api\/wp\/v2\/tags?post=206441"}],"curies":[{"name":"wp","href":"https:\/\/api.w.org\/{rel}","templated":true}]}}