{"id":206391,"date":"2026-02-10T06:19:00","date_gmt":"2026-02-10T09:19:00","guid":{"rendered":"https:\/\/portaltela.pt\/noticias\/2026\/02\/10\/vitima-de-epstein-afirma-que-ribery-solicitou-meninas-de-14-anos-numa-festa-privada\/"},"modified":"2026-02-10T06:19:00","modified_gmt":"2026-02-10T09:19:00","slug":"vitima-de-epstein-afirma-que-ribery-solicitou-meninas-de-14-anos-numa-festa-privada","status":"publish","type":"post","link":"https:\/\/portaltela.pt\/noticias\/internacional\/2026\/02\/10\/vitima-de-epstein-afirma-que-ribery-solicitou-meninas-de-14-anos-numa-festa-privada\/","title":{"rendered":"V\u00edtima de Epstein afirma que Rib\u00e9ry solicitou meninas de 14 anos numa festa privada"},"content":{"rendered":"<p>O Departamento de Justi\u00e7a dos EUA tornou p\u00fablicos novos documentos ligados ao caso Jeffrey Epstein. Entre eles, surge a men\u00e7\u00e3o ao ex-futebolista Franck Rib\u00e9ry, com uma alega\u00e7\u00e3o de que ter\u00e1 solicitado meninas de 14 anos numa festa privada. A divulga\u00e7\u00e3o faz parte de uma leva de arquivos da investiga\u00e7\u00e3o.<\/p>\n<p>Rib\u00e9ry, antigo internacional franc\u00eas, \u00e9 citado v\u00e1rias vezes nos depoimentos. No entanto, n\u00e3o h\u00e1 acusa\u00e7\u00f5es formais apresentadas at\u00e9 ao momento. Os documentos permanecem em bruto e ainda n\u00e3o foram verificados pela totalidade.<\/p>\n<p>Alega\u00e7\u00f5es relatadas envolvem ainda um advogado associado a nomes a familiares do futebol, com refer\u00eancia a um poss\u00edvel envolvimento de Rib\u00e9ry. O material divulgado ressalva que as refer\u00eancias n\u00e3o equivalem a acusa\u00e7\u00f5es confirmadas neste est\u00e1gio.<\/p>\n<h3>Contexto hist\u00f3rico<\/h3>\n<p>No passado, Rib\u00e9ry j\u00e1 tinha liga\u00e7\u00f5es p\u00fablicas a casos referidos de prostitui\u00e7\u00e3o envolvendo menores. Em 2010, foi apontado juntamente com Karim Benzema, mas as acusa\u00e7\u00f5es foram retiradas em 2014 pelos tribunais franceses. A situa\u00e7\u00e3o atual n\u00e3o constitui uma condena\u00e7\u00e3o.<\/p>\n<p>As informa\u00e7\u00f5es permanecem sujeitas a verifica\u00e7\u00e3o, com o DOJ a tender para a divulga\u00e7\u00e3o cont\u00ednua de documentos relacionados com o caso Epstein. O material lan\u00e7ado n\u00e3o oferece, neste momento, prova conclusiva.<\/p>\n","protected":false},"excerpt":{"rendered":"<ul>\n<li>O ex-jogador Franck Rib\u00e9ry \u00e9 citado em depoimentos inclu\u00eddos na divulga\u00e7\u00e3o de documentos do caso Jeffrey Epstein pelo Departamento de Justi\u00e7a dos EUA.<\/li>\n<li>Na mais recente remessa de arquivos, surge a alega\u00e7\u00e3o de que Rib\u00e9ry solicitou meninas de 14 anos para uma festa privada.<\/li>\n<li>Os documentos s\u00e3o brutos e ainda n\u00e3o verificados, n\u00e3o constituindo, por si sse, acusa\u00e7\u00f5es formais contra Rib\u00e9ry.<\/li>\n<li>O material faz parte de uma investiga\u00e7\u00e3o que envolve figuras p\u00fablicas de v\u00e1rios setores, incluindo desporto, governo e economia.<\/li>\n<li>Anteriormente, Rib\u00e9ry j\u00e1 tinha sido relacionado com casos de prostitui\u00e7\u00e3o em dois casos semelhantes, em 2010, que, em 2014, foram retirados.<\/li>\n<\/ul>\n","protected":false},"author":2,"featured_media":206393,"comment_status":"closed","ping_status":"closed","sticky":false,"template":"","format":"standard","meta":{"footnotes":""},"categories":[4,1],"tags":[3990,195,215,5661,4285,4288],"class_list":["post-206391","post","type-post","status-publish","format-standard","has-post-thumbnail","hentry","category-internacional","category-noticias","tag-crimes-sexuais","tag-informacao","tag-investigacao","tag-pessoas-publicas","tag-prostituicao-de-menor-dependente-ou-em-situacao-vulneravel","tag-prostituicao-de-menores"],"yoast_head":"<!-- This site is optimized with the Yoast SEO plugin v27.2 - https:\/\/yoast.com\/product\/yoast-seo-wordpress\/ -->\n<title>V\u00edtima de Epstein afirma que Rib\u00e9ry solicitou meninas de 14 anos numa festa privada - Portal Tela Portugal<\/title>\n<meta name=\"robots\" content=\"index, follow, max-snippet:-1, max-image-preview:large, max-video-preview:-1\" \/>\n<meta property=\"og:locale\" content=\"pt_PT\" \/>\n<meta property=\"og:type\" content=\"article\" \/>\n<meta property=\"og:title\" content=\"V\u00edtima de Epstein afirma que Rib\u00e9ry solicitou meninas de 14 anos numa festa privada - Portal Tela Portugal\" \/>\n<meta property=\"og:description\" content=\"O ex-jogador Franck Rib\u00e9ry \u00e9 citado em depoimentos inclu\u00eddos na divulga\u00e7\u00e3o de documentos do caso Jeffrey Epstein pelo Departamento de Justi\u00e7a dos EUA. Na mais recente remessa de arquivos, surge a alega\u00e7\u00e3o de que Rib\u00e9ry solicitou meninas de 14 anos para uma festa privada. Os documentos s\u00e3o brutos e ainda n\u00e3o verificados, n\u00e3o constituindo, por si sse, acusa\u00e7\u00f5es formais contra Rib\u00e9ry. O material faz parte de uma investiga\u00e7\u00e3o que envolve figuras p\u00fablicas de v\u00e1rios setores, incluindo desporto, governo e economia. Anteriormente, Rib\u00e9ry j\u00e1 tinha sido relacionado com casos de prostitui\u00e7\u00e3o em dois casos semelhantes, em 2010, que, em 2014, foram retirados.\" \/>\n<meta property=\"og:url\" content=\"https:\/\/portaltela.pt\/noticias\/2026\/02\/10\/vitima-de-epstein-afirma-que-ribery-solicitou-meninas-de-14-anos-numa-festa-privada\/\" \/>\n<meta property=\"og:site_name\" content=\"Portal Tela Portugal\" \/>\n<meta property=\"article:published_time\" content=\"2026-02-10T09:19:00+00:00\" \/>\n<meta name=\"author\" content=\"Telinha\" \/>\n<meta name=\"twitter:card\" content=\"summary_large_image\" \/>\n<meta name=\"twitter:label1\" content=\"Escrito por\" \/>\n\t<meta name=\"twitter:data1\" content=\"Telinha\" \/>\n\t<meta name=\"twitter:label2\" content=\"Tempo estimado de leitura\" \/>\n\t<meta name=\"twitter:data2\" content=\"1 minuto\" \/>\n<script type=\"application\/ld+json\" class=\"yoast-schema-graph\">{\"@context\":\"https:\/\/schema.org\",\"@graph\":[{\"@type\":\"Article\",\"@id\":\"https:\/\/portaltela.pt\/noticias\/2026\/02\/10\/vitima-de-epstein-afirma-que-ribery-solicitou-meninas-de-14-anos-numa-festa-privada\/#article\",\"isPartOf\":{\"@id\":\"https:\/\/portaltela.pt\/noticias\/2026\/02\/10\/vitima-de-epstein-afirma-que-ribery-solicitou-meninas-de-14-anos-numa-festa-privada\/\"},\"author\":{\"name\":\"Telinha\",\"@id\":\"https:\/\/portaltela.pt\/#\/schema\/person\/c4278d4a6028830caff9ee44b42d32ed\"},\"headline\":\"V\u00edtima de Epstein afirma que Rib\u00e9ry solicitou meninas de 14 anos numa festa privada\",\"datePublished\":\"2026-02-10T09:19:00+00:00\",\"mainEntityOfPage\":{\"@id\":\"https:\/\/portaltela.pt\/noticias\/2026\/02\/10\/vitima-de-epstein-afirma-que-ribery-solicitou-meninas-de-14-anos-numa-festa-privada\/\"},\"wordCount\":235,\"image\":{\"@id\":\"https:\/\/portaltela.pt\/noticias\/2026\/02\/10\/vitima-de-epstein-afirma-que-ribery-solicitou-meninas-de-14-anos-numa-festa-privada\/#primaryimage\"},\"thumbnailUrl\":\"https:\/\/portaltela.pt\/s.01k8rhncp4jt1\/2026\/02\/img_920x518uu2026-02-10-09-16-54-2420716-im-639063118364271513.jpg\",\"keywords\":[\"crimes sexuais\",\"informa\u00e7\u00e3o\",\"investiga\u00e7\u00e3o\",\"pessoas p\u00fablicas\",\"prostitui\u00e7\u00e3o de menor dependente ou em situa\u00e7\u00e3o vulner\u00e1vel\",\"prostitui\u00e7\u00e3o de menores\"],\"articleSection\":[\"Internacional\",\"Not\u00edcias\"],\"inLanguage\":\"pt-PT\"},{\"@type\":\"WebPage\",\"@id\":\"https:\/\/portaltela.pt\/noticias\/2026\/02\/10\/vitima-de-epstein-afirma-que-ribery-solicitou-meninas-de-14-anos-numa-festa-privada\/\",\"url\":\"https:\/\/portaltela.pt\/noticias\/2026\/02\/10\/vitima-de-epstein-afirma-que-ribery-solicitou-meninas-de-14-anos-numa-festa-privada\/\",\"name\":\"V\u00edtima de Epstein afirma que Rib\u00e9ry solicitou meninas de 14 anos numa festa privada - Portal Tela Portugal\",\"isPartOf\":{\"@id\":\"https:\/\/portaltela.pt\/#website\"},\"primaryImageOfPage\":{\"@id\":\"https:\/\/portaltela.pt\/noticias\/2026\/02\/10\/vitima-de-epstein-afirma-que-ribery-solicitou-meninas-de-14-anos-numa-festa-privada\/#primaryimage\"},\"image\":{\"@id\":\"https:\/\/portaltela.pt\/noticias\/2026\/02\/10\/vitima-de-epstein-afirma-que-ribery-solicitou-meninas-de-14-anos-numa-festa-privada\/#primaryimage\"},\"thumbnailUrl\":\"https:\/\/portaltela.pt\/s.01k8rhncp4jt1\/2026\/02\/img_920x518uu2026-02-10-09-16-54-2420716-im-639063118364271513.jpg\",\"datePublished\":\"2026-02-10T09:19:00+00:00\",\"author\":{\"@id\":\"https:\/\/portaltela.pt\/#\/schema\/person\/c4278d4a6028830caff9ee44b42d32ed\"},\"breadcrumb\":{\"@id\":\"https:\/\/portaltela.pt\/noticias\/2026\/02\/10\/vitima-de-epstein-afirma-que-ribery-solicitou-meninas-de-14-anos-numa-festa-privada\/#breadcrumb\"},\"inLanguage\":\"pt-PT\",\"potentialAction\":[{\"@type\":\"ReadAction\",\"target\":[\"https:\/\/portaltela.pt\/noticias\/2026\/02\/10\/vitima-de-epstein-afirma-que-ribery-solicitou-meninas-de-14-anos-numa-festa-privada\/\"]}]},{\"@type\":\"ImageObject\",\"inLanguage\":\"pt-PT\",\"@id\":\"https:\/\/portaltela.pt\/noticias\/2026\/02\/10\/vitima-de-epstein-afirma-que-ribery-solicitou-meninas-de-14-anos-numa-festa-privada\/#primaryimage\",\"url\":\"https:\/\/portaltela.pt\/s.01k8rhncp4jt1\/2026\/02\/img_920x518uu2026-02-10-09-16-54-2420716-im-639063118364271513.jpg\",\"contentUrl\":\"https:\/\/portaltela.pt\/s.01k8rhncp4jt1\/2026\/02\/img_920x518uu2026-02-10-09-16-54-2420716-im-639063118364271513.jpg\",\"width\":796,\"height\":448,\"caption\":\"Franck Rib\u00e9ry \u00e9 acusado de solicitar menores de idade numa festa privada\"},{\"@type\":\"BreadcrumbList\",\"@id\":\"https:\/\/portaltela.pt\/noticias\/2026\/02\/10\/vitima-de-epstein-afirma-que-ribery-solicitou-meninas-de-14-anos-numa-festa-privada\/#breadcrumb\",\"itemListElement\":[{\"@type\":\"ListItem\",\"position\":1,\"name\":\"In\u00edcio\",\"item\":\"https:\/\/portaltela.pt\/\"},{\"@type\":\"ListItem\",\"position\":2,\"name\":\"V\u00edtima de Epstein afirma que Rib\u00e9ry solicitou meninas de 14 anos numa festa privada\"}]},{\"@type\":\"WebSite\",\"@id\":\"https:\/\/portaltela.pt\/#website\",\"url\":\"https:\/\/portaltela.pt\/\",\"name\":\"Portal Tela Portugal\",\"description\":\"\",\"potentialAction\":[{\"@type\":\"SearchAction\",\"target\":{\"@type\":\"EntryPoint\",\"urlTemplate\":\"https:\/\/portaltela.pt\/?s={search_term_string}\"},\"query-input\":{\"@type\":\"PropertyValueSpecification\",\"valueRequired\":true,\"valueName\":\"search_term_string\"}}],\"inLanguage\":\"pt-PT\"},{\"@type\":\"Person\",\"@id\":\"https:\/\/portaltela.pt\/#\/schema\/person\/c4278d4a6028830caff9ee44b42d32ed\",\"name\":\"Telinha\",\"image\":{\"@type\":\"ImageObject\",\"inLanguage\":\"pt-PT\",\"@id\":\"https:\/\/portaltela.pt\/s.01k8rhncp4jt1\/2025\/11\/talking-bot-125x125.png\",\"url\":\"https:\/\/portaltela.pt\/s.01k8rhncp4jt1\/2025\/11\/talking-bot-125x125.png\",\"contentUrl\":\"https:\/\/portaltela.pt\/s.01k8rhncp4jt1\/2025\/11\/talking-bot-125x125.png\",\"caption\":\"Telinha\"},\"sameAs\":[\"https:\/\/portaltela.pt\/\"],\"url\":\"https:\/\/portaltela.pt\/por\/367410592786\/\"}]}<\/script>\n<!-- \/ Yoast SEO plugin. -->","yoast_head_json":{"title":"V\u00edtima de Epstein afirma que Rib\u00e9ry solicitou meninas de 14 anos numa festa privada - Portal Tela Portugal","robots":{"index":"index","follow":"follow","max-snippet":"max-snippet:-1","max-image-preview":"max-image-preview:large","max-video-preview":"max-video-preview:-1"},"og_locale":"pt_PT","og_type":"article","og_title":"V\u00edtima de Epstein afirma que Rib\u00e9ry solicitou meninas de 14 anos numa festa privada - Portal Tela Portugal","og_description":"O ex-jogador Franck Rib\u00e9ry \u00e9 citado em depoimentos inclu\u00eddos na divulga\u00e7\u00e3o de documentos do caso Jeffrey Epstein pelo Departamento de Justi\u00e7a dos EUA. Na mais recente remessa de arquivos, surge a alega\u00e7\u00e3o de que Rib\u00e9ry solicitou meninas de 14 anos para uma festa privada. Os documentos s\u00e3o brutos e ainda n\u00e3o verificados, n\u00e3o constituindo, por si sse, acusa\u00e7\u00f5es formais contra Rib\u00e9ry. O material faz parte de uma investiga\u00e7\u00e3o que envolve figuras p\u00fablicas de v\u00e1rios setores, incluindo desporto, governo e economia. Anteriormente, Rib\u00e9ry j\u00e1 tinha sido relacionado com casos de prostitui\u00e7\u00e3o em dois casos semelhantes, em 2010, que, em 2014, foram retirados.","og_url":"https:\/\/portaltela.pt\/noticias\/2026\/02\/10\/vitima-de-epstein-afirma-que-ribery-solicitou-meninas-de-14-anos-numa-festa-privada\/","og_site_name":"Portal Tela Portugal","article_published_time":"2026-02-10T09:19:00+00:00","author":"Telinha","twitter_card":"summary_large_image","twitter_misc":{"Escrito por":"Telinha","Tempo estimado de leitura":"1 minuto"},"schema":{"@context":"https:\/\/schema.org","@graph":[{"@type":"Article","@id":"https:\/\/portaltela.pt\/noticias\/2026\/02\/10\/vitima-de-epstein-afirma-que-ribery-solicitou-meninas-de-14-anos-numa-festa-privada\/#article","isPartOf":{"@id":"https:\/\/portaltela.pt\/noticias\/2026\/02\/10\/vitima-de-epstein-afirma-que-ribery-solicitou-meninas-de-14-anos-numa-festa-privada\/"},"author":{"name":"Telinha","@id":"https:\/\/portaltela.pt\/#\/schema\/person\/c4278d4a6028830caff9ee44b42d32ed"},"headline":"V\u00edtima de Epstein afirma que Rib\u00e9ry solicitou meninas de 14 anos numa festa privada","datePublished":"2026-02-10T09:19:00+00:00","mainEntityOfPage":{"@id":"https:\/\/portaltela.pt\/noticias\/2026\/02\/10\/vitima-de-epstein-afirma-que-ribery-solicitou-meninas-de-14-anos-numa-festa-privada\/"},"wordCount":235,"image":{"@id":"https:\/\/portaltela.pt\/noticias\/2026\/02\/10\/vitima-de-epstein-afirma-que-ribery-solicitou-meninas-de-14-anos-numa-festa-privada\/#primaryimage"},"thumbnailUrl":"https:\/\/portaltela.pt\/s.01k8rhncp4jt1\/2026\/02\/img_920x518uu2026-02-10-09-16-54-2420716-im-639063118364271513.jpg","keywords":["crimes sexuais","informa\u00e7\u00e3o","investiga\u00e7\u00e3o","pessoas p\u00fablicas","prostitui\u00e7\u00e3o de menor dependente ou em situa\u00e7\u00e3o vulner\u00e1vel","prostitui\u00e7\u00e3o de menores"],"articleSection":["Internacional","Not\u00edcias"],"inLanguage":"pt-PT"},{"@type":"WebPage","@id":"https:\/\/portaltela.pt\/noticias\/2026\/02\/10\/vitima-de-epstein-afirma-que-ribery-solicitou-meninas-de-14-anos-numa-festa-privada\/","url":"https:\/\/portaltela.pt\/noticias\/2026\/02\/10\/vitima-de-epstein-afirma-que-ribery-solicitou-meninas-de-14-anos-numa-festa-privada\/","name":"V\u00edtima de Epstein afirma que Rib\u00e9ry solicitou meninas de 14 anos numa festa privada - Portal Tela Portugal","isPartOf":{"@id":"https:\/\/portaltela.pt\/#website"},"primaryImageOfPage":{"@id":"https:\/\/portaltela.pt\/noticias\/2026\/02\/10\/vitima-de-epstein-afirma-que-ribery-solicitou-meninas-de-14-anos-numa-festa-privada\/#primaryimage"},"image":{"@id":"https:\/\/portaltela.pt\/noticias\/2026\/02\/10\/vitima-de-epstein-afirma-que-ribery-solicitou-meninas-de-14-anos-numa-festa-privada\/#primaryimage"},"thumbnailUrl":"https:\/\/portaltela.pt\/s.01k8rhncp4jt1\/2026\/02\/img_920x518uu2026-02-10-09-16-54-2420716-im-639063118364271513.jpg","datePublished":"2026-02-10T09:19:00+00:00","author":{"@id":"https:\/\/portaltela.pt\/#\/schema\/person\/c4278d4a6028830caff9ee44b42d32ed"},"breadcrumb":{"@id":"https:\/\/portaltela.pt\/noticias\/2026\/02\/10\/vitima-de-epstein-afirma-que-ribery-solicitou-meninas-de-14-anos-numa-festa-privada\/#breadcrumb"},"inLanguage":"pt-PT","potentialAction":[{"@type":"ReadAction","target":["https:\/\/portaltela.pt\/noticias\/2026\/02\/10\/vitima-de-epstein-afirma-que-ribery-solicitou-meninas-de-14-anos-numa-festa-privada\/"]}]},{"@type":"ImageObject","inLanguage":"pt-PT","@id":"https:\/\/portaltela.pt\/noticias\/2026\/02\/10\/vitima-de-epstein-afirma-que-ribery-solicitou-meninas-de-14-anos-numa-festa-privada\/#primaryimage","url":"https:\/\/portaltela.pt\/s.01k8rhncp4jt1\/2026\/02\/img_920x518uu2026-02-10-09-16-54-2420716-im-639063118364271513.jpg","contentUrl":"https:\/\/portaltela.pt\/s.01k8rhncp4jt1\/2026\/02\/img_920x518uu2026-02-10-09-16-54-2420716-im-639063118364271513.jpg","width":796,"height":448,"caption":"Franck Rib\u00e9ry \u00e9 acusado de solicitar menores de idade numa festa privada"},{"@type":"BreadcrumbList","@id":"https:\/\/portaltela.pt\/noticias\/2026\/02\/10\/vitima-de-epstein-afirma-que-ribery-solicitou-meninas-de-14-anos-numa-festa-privada\/#breadcrumb","itemListElement":[{"@type":"ListItem","position":1,"name":"In\u00edcio","item":"https:\/\/portaltela.pt\/"},{"@type":"ListItem","position":2,"name":"V\u00edtima de Epstein afirma que Rib\u00e9ry solicitou meninas de 14 anos numa festa privada"}]},{"@type":"WebSite","@id":"https:\/\/portaltela.pt\/#website","url":"https:\/\/portaltela.pt\/","name":"Portal Tela Portugal","description":"","potentialAction":[{"@type":"SearchAction","target":{"@type":"EntryPoint","urlTemplate":"https:\/\/portaltela.pt\/?s={search_term_string}"},"query-input":{"@type":"PropertyValueSpecification","valueRequired":true,"valueName":"search_term_string"}}],"inLanguage":"pt-PT"},{"@type":"Person","@id":"https:\/\/portaltela.pt\/#\/schema\/person\/c4278d4a6028830caff9ee44b42d32ed","name":"Telinha","image":{"@type":"ImageObject","inLanguage":"pt-PT","@id":"https:\/\/portaltela.pt\/s.01k8rhncp4jt1\/2025\/11\/talking-bot-125x125.png","url":"https:\/\/portaltela.pt\/s.01k8rhncp4jt1\/2025\/11\/talking-bot-125x125.png","contentUrl":"https:\/\/portaltela.pt\/s.01k8rhncp4jt1\/2025\/11\/talking-bot-125x125.png","caption":"Telinha"},"sameAs":["https:\/\/portaltela.pt\/"],"url":"https:\/\/portaltela.pt\/por\/367410592786\/"}]}},"_links":{"self":[{"href":"https:\/\/portaltela.pt\/api\/wp\/v2\/posts\/206391","targetHints":{"allow":["GET"]}}],"collection":[{"href":"https:\/\/portaltela.pt\/api\/wp\/v2\/posts"}],"about":[{"href":"https:\/\/portaltela.pt\/api\/wp\/v2\/types\/post"}],"author":[{"embeddable":true,"href":"https:\/\/portaltela.pt\/api\/wp\/v2\/users\/2"}],"replies":[{"embeddable":true,"href":"https:\/\/portaltela.pt\/api\/wp\/v2\/comments?post=206391"}],"version-history":[{"count":0,"href":"https:\/\/portaltela.pt\/api\/wp\/v2\/posts\/206391\/revisions"}],"wp:featuredmedia":[{"embeddable":true,"href":"https:\/\/portaltela.pt\/api\/wp\/v2\/media\/206393"}],"wp:attachment":[{"href":"https:\/\/portaltela.pt\/api\/wp\/v2\/media?parent=206391"}],"wp:term":[{"taxonomy":"category","embeddable":true,"href":"https:\/\/portaltela.pt\/api\/wp\/v2\/categories?post=206391"},{"taxonomy":"post_tag","embeddable":true,"href":"https:\/\/portaltela.pt\/api\/wp\/v2\/tags?post=206391"}],"curies":[{"name":"wp","href":"https:\/\/api.w.org\/{rel}","templated":true}]}}