{"id":206329,"date":"2026-02-10T05:04:33","date_gmt":"2026-02-10T08:04:33","guid":{"rendered":"https:\/\/portaltela.pt\/noticias\/2026\/02\/10\/eua-deixam-de-comandar-setores-da-nato-no-sul-e-no-norte-da-europa\/"},"modified":"2026-02-10T05:04:33","modified_gmt":"2026-02-10T08:04:33","slug":"eua-deixam-de-comandar-setores-da-nato-no-sul-e-no-norte-da-europa","status":"publish","type":"post","link":"https:\/\/portaltela.pt\/noticias\/2026\/02\/10\/eua-deixam-de-comandar-setores-da-nato-no-sul-e-no-norte-da-europa\/","title":{"rendered":"EUA deixam de comandar setores da NATO no sul e no norte da Europa"},"content":{"rendered":"<p>Os Estados Unidos v\u00e3o abdicar da lideran\u00e7a de dois comandos da NATO, destinados ao sul da Europa e ao Norte, e passar a liderar o Comando Mar\u00edtimo Aliado, sediado no Reino Unido. A informa\u00e7\u00e3o foi avan\u00e7ada pela ag\u00eancia AFP, citando fontes diplom\u00e1ticas.<\/p>\n<p>Segundo as fontes, o comando Conjunto Aliado (JFC) com base em N\u00e1poles, no sul de It\u00e1lia, ficar\u00e1 a cargo de Roma, para opera\u00e7\u00f5es no sul da Europa e no Atl\u00e2ntico. O JFC em Norfolk, no leste dos EUA, tamb\u00e9m deixar\u00e1 a lideran\u00e7a norte-americana, passando esta para o Reino Unido.<\/p>\n<p>As altera\u00e7\u00f5es de comando, que n\u00e3o foram oficialmente confirmadas pelo governo dos EUA, s\u00e3o descritas pela AFP com base em informa\u00e7\u00f5es reveladas pelo jornal franc\u00eas La Lettre. A mudan\u00e7a envolve a transfer\u00eancia de responsabilidades estrat\u00e9gicas dentro da OTAN.<\/p>\n<h3>Reconfigura\u00e7\u00e3o de comandos<\/h3>\n<p>A partir desta reestrutura\u00e7\u00e3o, o Reino Unido passa a acolher o Comando Mar\u00edtimo Aliado, enquanto a It\u00e1lia assume o comando no sul da Europa e no Atl\u00e2ntico. A manobra, ainda sem confirma\u00e7\u00e3o oficial, \u00e9 apresentada como parte de uma reorganiza\u00e7\u00e3o das estruturas de comando da alian\u00e7a para as suas opera\u00e7\u00f5es.<\/p>\n<p>N\u00e3o houve indica\u00e7\u00e3o de datas formais para a implementa\u00e7\u00e3o das mudan\u00e7as nem de como ser\u00e1 o processo de transi\u00e7\u00e3o entre as partes envolvidas. O tema continua a ser objeto de an\u00e1lise entre autoridades dos EUA, de It\u00e1lia, do Reino Unido e da OTAN.<\/p>\n","protected":false},"excerpt":{"rendered":"<ul>\n<li>Os Estados Unidos v\u00e3o abdicar da lideran\u00e7a dos comandos da NATO para o sul da Europa e para o norte.<\/li>\n<li>Passam a assumir o Comando Mar\u00edtimo Aliado, sediado no Reino Unido.<\/li>\n<li>O Comando Conjunto Aliado (JFC) com base em N\u00e1poles passar\u00e1 a ser liderado por Roma.<\/li>\n<li>O JFC com base em Norfolk deixar\u00e1 a lideran\u00e7a norte-americana e ficar\u00e1 sob autoridade do Reino Unido.<\/li>\n<li>As informa\u00e7\u00f5es s\u00e3o citadas pela AFP, com confirma\u00e7\u00e3o de fontes diplom\u00e1ticas e do jornal franc\u00eas La Lettre.<\/li>\n<\/ul>\n","protected":false},"author":2,"featured_media":206335,"comment_status":"closed","ping_status":"closed","sticky":false,"template":"","format":"standard","meta":{"footnotes":""},"categories":[1],"tags":[3496,166,1600,1857,2111,4222],"class_list":["post-206329","post","type-post","status-publish","format-standard","has-post-thumbnail","hentry","category-noticias","tag-aliancas-internacionais","tag-comandos","tag-estados-unidos","tag-italia","tag-reino-unido","tag-seguranca-internacional"],"yoast_head":"<!-- This site is optimized with the Yoast SEO plugin v27.2 - https:\/\/yoast.com\/product\/yoast-seo-wordpress\/ -->\n<title>EUA deixam de comandar setores da NATO no sul e no norte da Europa - Portal Tela Portugal<\/title>\n<meta name=\"robots\" content=\"index, follow, max-snippet:-1, max-image-preview:large, max-video-preview:-1\" \/>\n<meta property=\"og:locale\" content=\"pt_PT\" \/>\n<meta property=\"og:type\" content=\"article\" \/>\n<meta property=\"og:title\" content=\"EUA deixam de comandar setores da NATO no sul e no norte da Europa - Portal Tela Portugal\" \/>\n<meta property=\"og:description\" content=\"Os Estados Unidos v\u00e3o abdicar da lideran\u00e7a dos comandos da NATO para o sul da Europa e para o norte. Passam a assumir o Comando Mar\u00edtimo Aliado, sediado no Reino Unido. O Comando Conjunto Aliado (JFC) com base em N\u00e1poles passar\u00e1 a ser liderado por Roma. O JFC com base em Norfolk deixar\u00e1 a lideran\u00e7a norte-americana e ficar\u00e1 sob autoridade do Reino Unido. As informa\u00e7\u00f5es s\u00e3o citadas pela AFP, com confirma\u00e7\u00e3o de fontes diplom\u00e1ticas e do jornal franc\u00eas La Lettre.\" \/>\n<meta property=\"og:url\" content=\"https:\/\/portaltela.pt\/noticias\/2026\/02\/10\/eua-deixam-de-comandar-setores-da-nato-no-sul-e-no-norte-da-europa\/\" \/>\n<meta property=\"og:site_name\" content=\"Portal Tela Portugal\" \/>\n<meta property=\"article:published_time\" content=\"2026-02-10T08:04:33+00:00\" \/>\n<meta name=\"author\" content=\"Telinha\" \/>\n<meta name=\"twitter:card\" content=\"summary_large_image\" \/>\n<meta name=\"twitter:label1\" content=\"Escrito por\" \/>\n\t<meta name=\"twitter:data1\" content=\"Telinha\" \/>\n\t<meta name=\"twitter:label2\" content=\"Tempo estimado de leitura\" \/>\n\t<meta name=\"twitter:data2\" content=\"1 minuto\" \/>\n<script type=\"application\/ld+json\" class=\"yoast-schema-graph\">{\"@context\":\"https:\/\/schema.org\",\"@graph\":[{\"@type\":\"Article\",\"@id\":\"https:\/\/portaltela.pt\/noticias\/2026\/02\/10\/eua-deixam-de-comandar-setores-da-nato-no-sul-e-no-norte-da-europa\/#article\",\"isPartOf\":{\"@id\":\"https:\/\/portaltela.pt\/noticias\/2026\/02\/10\/eua-deixam-de-comandar-setores-da-nato-no-sul-e-no-norte-da-europa\/\"},\"author\":{\"name\":\"Telinha\",\"@id\":\"https:\/\/portaltela.pt\/#\/schema\/person\/c4278d4a6028830caff9ee44b42d32ed\"},\"headline\":\"EUA deixam de comandar setores da NATO no sul e no norte da Europa\",\"datePublished\":\"2026-02-10T08:04:33+00:00\",\"mainEntityOfPage\":{\"@id\":\"https:\/\/portaltela.pt\/noticias\/2026\/02\/10\/eua-deixam-de-comandar-setores-da-nato-no-sul-e-no-norte-da-europa\/\"},\"wordCount\":275,\"image\":{\"@id\":\"https:\/\/portaltela.pt\/noticias\/2026\/02\/10\/eua-deixam-de-comandar-setores-da-nato-no-sul-e-no-norte-da-europa\/#primaryimage\"},\"thumbnailUrl\":\"https:\/\/portaltela.pt\/s.01k8rhncp4jt1\/2026\/02\/img_1500x1000uu2021-10-06-00-09-37-1087323.jpg\",\"keywords\":[\"alian\u00e7as internacionais\",\"comandos\",\"Estados Unidos\",\"It\u00e1lia\",\"Reino Unido\",\"seguran\u00e7a internacional\"],\"articleSection\":[\"Not\u00edcias\"],\"inLanguage\":\"pt-PT\"},{\"@type\":\"WebPage\",\"@id\":\"https:\/\/portaltela.pt\/noticias\/2026\/02\/10\/eua-deixam-de-comandar-setores-da-nato-no-sul-e-no-norte-da-europa\/\",\"url\":\"https:\/\/portaltela.pt\/noticias\/2026\/02\/10\/eua-deixam-de-comandar-setores-da-nato-no-sul-e-no-norte-da-europa\/\",\"name\":\"EUA deixam de comandar setores da NATO no sul e no norte da Europa - Portal Tela Portugal\",\"isPartOf\":{\"@id\":\"https:\/\/portaltela.pt\/#website\"},\"primaryImageOfPage\":{\"@id\":\"https:\/\/portaltela.pt\/noticias\/2026\/02\/10\/eua-deixam-de-comandar-setores-da-nato-no-sul-e-no-norte-da-europa\/#primaryimage\"},\"image\":{\"@id\":\"https:\/\/portaltela.pt\/noticias\/2026\/02\/10\/eua-deixam-de-comandar-setores-da-nato-no-sul-e-no-norte-da-europa\/#primaryimage\"},\"thumbnailUrl\":\"https:\/\/portaltela.pt\/s.01k8rhncp4jt1\/2026\/02\/img_1500x1000uu2021-10-06-00-09-37-1087323.jpg\",\"datePublished\":\"2026-02-10T08:04:33+00:00\",\"author\":{\"@id\":\"https:\/\/portaltela.pt\/#\/schema\/person\/c4278d4a6028830caff9ee44b42d32ed\"},\"breadcrumb\":{\"@id\":\"https:\/\/portaltela.pt\/noticias\/2026\/02\/10\/eua-deixam-de-comandar-setores-da-nato-no-sul-e-no-norte-da-europa\/#breadcrumb\"},\"inLanguage\":\"pt-PT\",\"potentialAction\":[{\"@type\":\"ReadAction\",\"target\":[\"https:\/\/portaltela.pt\/noticias\/2026\/02\/10\/eua-deixam-de-comandar-setores-da-nato-no-sul-e-no-norte-da-europa\/\"]}]},{\"@type\":\"ImageObject\",\"inLanguage\":\"pt-PT\",\"@id\":\"https:\/\/portaltela.pt\/noticias\/2026\/02\/10\/eua-deixam-de-comandar-setores-da-nato-no-sul-e-no-norte-da-europa\/#primaryimage\",\"url\":\"https:\/\/portaltela.pt\/s.01k8rhncp4jt1\/2026\/02\/img_1500x1000uu2021-10-06-00-09-37-1087323.jpg\",\"contentUrl\":\"https:\/\/portaltela.pt\/s.01k8rhncp4jt1\/2026\/02\/img_1500x1000uu2021-10-06-00-09-37-1087323.jpg\",\"width\":796,\"height\":448,\"caption\":\"Bandeira EUA\"},{\"@type\":\"BreadcrumbList\",\"@id\":\"https:\/\/portaltela.pt\/noticias\/2026\/02\/10\/eua-deixam-de-comandar-setores-da-nato-no-sul-e-no-norte-da-europa\/#breadcrumb\",\"itemListElement\":[{\"@type\":\"ListItem\",\"position\":1,\"name\":\"In\u00edcio\",\"item\":\"https:\/\/portaltela.pt\/\"},{\"@type\":\"ListItem\",\"position\":2,\"name\":\"EUA deixam de comandar setores da NATO no sul e no norte da Europa\"}]},{\"@type\":\"WebSite\",\"@id\":\"https:\/\/portaltela.pt\/#website\",\"url\":\"https:\/\/portaltela.pt\/\",\"name\":\"Portal Tela Portugal\",\"description\":\"\",\"potentialAction\":[{\"@type\":\"SearchAction\",\"target\":{\"@type\":\"EntryPoint\",\"urlTemplate\":\"https:\/\/portaltela.pt\/?s={search_term_string}\"},\"query-input\":{\"@type\":\"PropertyValueSpecification\",\"valueRequired\":true,\"valueName\":\"search_term_string\"}}],\"inLanguage\":\"pt-PT\"},{\"@type\":\"Person\",\"@id\":\"https:\/\/portaltela.pt\/#\/schema\/person\/c4278d4a6028830caff9ee44b42d32ed\",\"name\":\"Telinha\",\"image\":{\"@type\":\"ImageObject\",\"inLanguage\":\"pt-PT\",\"@id\":\"https:\/\/portaltela.pt\/s.01k8rhncp4jt1\/2025\/11\/talking-bot-125x125.png\",\"url\":\"https:\/\/portaltela.pt\/s.01k8rhncp4jt1\/2025\/11\/talking-bot-125x125.png\",\"contentUrl\":\"https:\/\/portaltela.pt\/s.01k8rhncp4jt1\/2025\/11\/talking-bot-125x125.png\",\"caption\":\"Telinha\"},\"sameAs\":[\"https:\/\/portaltela.pt\/\"],\"url\":\"https:\/\/portaltela.pt\/por\/367410592786\/\"}]}<\/script>\n<!-- \/ Yoast SEO plugin. -->","yoast_head_json":{"title":"EUA deixam de comandar setores da NATO no sul e no norte da Europa - Portal Tela Portugal","robots":{"index":"index","follow":"follow","max-snippet":"max-snippet:-1","max-image-preview":"max-image-preview:large","max-video-preview":"max-video-preview:-1"},"og_locale":"pt_PT","og_type":"article","og_title":"EUA deixam de comandar setores da NATO no sul e no norte da Europa - Portal Tela Portugal","og_description":"Os Estados Unidos v\u00e3o abdicar da lideran\u00e7a dos comandos da NATO para o sul da Europa e para o norte. Passam a assumir o Comando Mar\u00edtimo Aliado, sediado no Reino Unido. O Comando Conjunto Aliado (JFC) com base em N\u00e1poles passar\u00e1 a ser liderado por Roma. O JFC com base em Norfolk deixar\u00e1 a lideran\u00e7a norte-americana e ficar\u00e1 sob autoridade do Reino Unido. As informa\u00e7\u00f5es s\u00e3o citadas pela AFP, com confirma\u00e7\u00e3o de fontes diplom\u00e1ticas e do jornal franc\u00eas La Lettre.","og_url":"https:\/\/portaltela.pt\/noticias\/2026\/02\/10\/eua-deixam-de-comandar-setores-da-nato-no-sul-e-no-norte-da-europa\/","og_site_name":"Portal Tela Portugal","article_published_time":"2026-02-10T08:04:33+00:00","author":"Telinha","twitter_card":"summary_large_image","twitter_misc":{"Escrito por":"Telinha","Tempo estimado de leitura":"1 minuto"},"schema":{"@context":"https:\/\/schema.org","@graph":[{"@type":"Article","@id":"https:\/\/portaltela.pt\/noticias\/2026\/02\/10\/eua-deixam-de-comandar-setores-da-nato-no-sul-e-no-norte-da-europa\/#article","isPartOf":{"@id":"https:\/\/portaltela.pt\/noticias\/2026\/02\/10\/eua-deixam-de-comandar-setores-da-nato-no-sul-e-no-norte-da-europa\/"},"author":{"name":"Telinha","@id":"https:\/\/portaltela.pt\/#\/schema\/person\/c4278d4a6028830caff9ee44b42d32ed"},"headline":"EUA deixam de comandar setores da NATO no sul e no norte da Europa","datePublished":"2026-02-10T08:04:33+00:00","mainEntityOfPage":{"@id":"https:\/\/portaltela.pt\/noticias\/2026\/02\/10\/eua-deixam-de-comandar-setores-da-nato-no-sul-e-no-norte-da-europa\/"},"wordCount":275,"image":{"@id":"https:\/\/portaltela.pt\/noticias\/2026\/02\/10\/eua-deixam-de-comandar-setores-da-nato-no-sul-e-no-norte-da-europa\/#primaryimage"},"thumbnailUrl":"https:\/\/portaltela.pt\/s.01k8rhncp4jt1\/2026\/02\/img_1500x1000uu2021-10-06-00-09-37-1087323.jpg","keywords":["alian\u00e7as internacionais","comandos","Estados Unidos","It\u00e1lia","Reino Unido","seguran\u00e7a internacional"],"articleSection":["Not\u00edcias"],"inLanguage":"pt-PT"},{"@type":"WebPage","@id":"https:\/\/portaltela.pt\/noticias\/2026\/02\/10\/eua-deixam-de-comandar-setores-da-nato-no-sul-e-no-norte-da-europa\/","url":"https:\/\/portaltela.pt\/noticias\/2026\/02\/10\/eua-deixam-de-comandar-setores-da-nato-no-sul-e-no-norte-da-europa\/","name":"EUA deixam de comandar setores da NATO no sul e no norte da Europa - Portal Tela Portugal","isPartOf":{"@id":"https:\/\/portaltela.pt\/#website"},"primaryImageOfPage":{"@id":"https:\/\/portaltela.pt\/noticias\/2026\/02\/10\/eua-deixam-de-comandar-setores-da-nato-no-sul-e-no-norte-da-europa\/#primaryimage"},"image":{"@id":"https:\/\/portaltela.pt\/noticias\/2026\/02\/10\/eua-deixam-de-comandar-setores-da-nato-no-sul-e-no-norte-da-europa\/#primaryimage"},"thumbnailUrl":"https:\/\/portaltela.pt\/s.01k8rhncp4jt1\/2026\/02\/img_1500x1000uu2021-10-06-00-09-37-1087323.jpg","datePublished":"2026-02-10T08:04:33+00:00","author":{"@id":"https:\/\/portaltela.pt\/#\/schema\/person\/c4278d4a6028830caff9ee44b42d32ed"},"breadcrumb":{"@id":"https:\/\/portaltela.pt\/noticias\/2026\/02\/10\/eua-deixam-de-comandar-setores-da-nato-no-sul-e-no-norte-da-europa\/#breadcrumb"},"inLanguage":"pt-PT","potentialAction":[{"@type":"ReadAction","target":["https:\/\/portaltela.pt\/noticias\/2026\/02\/10\/eua-deixam-de-comandar-setores-da-nato-no-sul-e-no-norte-da-europa\/"]}]},{"@type":"ImageObject","inLanguage":"pt-PT","@id":"https:\/\/portaltela.pt\/noticias\/2026\/02\/10\/eua-deixam-de-comandar-setores-da-nato-no-sul-e-no-norte-da-europa\/#primaryimage","url":"https:\/\/portaltela.pt\/s.01k8rhncp4jt1\/2026\/02\/img_1500x1000uu2021-10-06-00-09-37-1087323.jpg","contentUrl":"https:\/\/portaltela.pt\/s.01k8rhncp4jt1\/2026\/02\/img_1500x1000uu2021-10-06-00-09-37-1087323.jpg","width":796,"height":448,"caption":"Bandeira EUA"},{"@type":"BreadcrumbList","@id":"https:\/\/portaltela.pt\/noticias\/2026\/02\/10\/eua-deixam-de-comandar-setores-da-nato-no-sul-e-no-norte-da-europa\/#breadcrumb","itemListElement":[{"@type":"ListItem","position":1,"name":"In\u00edcio","item":"https:\/\/portaltela.pt\/"},{"@type":"ListItem","position":2,"name":"EUA deixam de comandar setores da NATO no sul e no norte da Europa"}]},{"@type":"WebSite","@id":"https:\/\/portaltela.pt\/#website","url":"https:\/\/portaltela.pt\/","name":"Portal Tela Portugal","description":"","potentialAction":[{"@type":"SearchAction","target":{"@type":"EntryPoint","urlTemplate":"https:\/\/portaltela.pt\/?s={search_term_string}"},"query-input":{"@type":"PropertyValueSpecification","valueRequired":true,"valueName":"search_term_string"}}],"inLanguage":"pt-PT"},{"@type":"Person","@id":"https:\/\/portaltela.pt\/#\/schema\/person\/c4278d4a6028830caff9ee44b42d32ed","name":"Telinha","image":{"@type":"ImageObject","inLanguage":"pt-PT","@id":"https:\/\/portaltela.pt\/s.01k8rhncp4jt1\/2025\/11\/talking-bot-125x125.png","url":"https:\/\/portaltela.pt\/s.01k8rhncp4jt1\/2025\/11\/talking-bot-125x125.png","contentUrl":"https:\/\/portaltela.pt\/s.01k8rhncp4jt1\/2025\/11\/talking-bot-125x125.png","caption":"Telinha"},"sameAs":["https:\/\/portaltela.pt\/"],"url":"https:\/\/portaltela.pt\/por\/367410592786\/"}]}},"_links":{"self":[{"href":"https:\/\/portaltela.pt\/api\/wp\/v2\/posts\/206329","targetHints":{"allow":["GET"]}}],"collection":[{"href":"https:\/\/portaltela.pt\/api\/wp\/v2\/posts"}],"about":[{"href":"https:\/\/portaltela.pt\/api\/wp\/v2\/types\/post"}],"author":[{"embeddable":true,"href":"https:\/\/portaltela.pt\/api\/wp\/v2\/users\/2"}],"replies":[{"embeddable":true,"href":"https:\/\/portaltela.pt\/api\/wp\/v2\/comments?post=206329"}],"version-history":[{"count":0,"href":"https:\/\/portaltela.pt\/api\/wp\/v2\/posts\/206329\/revisions"}],"wp:featuredmedia":[{"embeddable":true,"href":"https:\/\/portaltela.pt\/api\/wp\/v2\/media\/206335"}],"wp:attachment":[{"href":"https:\/\/portaltela.pt\/api\/wp\/v2\/media?parent=206329"}],"wp:term":[{"taxonomy":"category","embeddable":true,"href":"https:\/\/portaltela.pt\/api\/wp\/v2\/categories?post=206329"},{"taxonomy":"post_tag","embeddable":true,"href":"https:\/\/portaltela.pt\/api\/wp\/v2\/tags?post=206329"}],"curies":[{"name":"wp","href":"https:\/\/api.w.org\/{rel}","templated":true}]}}