{"id":206323,"date":"2026-02-10T05:16:50","date_gmt":"2026-02-10T08:16:50","guid":{"rendered":"https:\/\/portaltela.pt\/noticias\/2026\/02\/10\/percecao-de-corrupcao-agrava-se-desde-2015\/"},"modified":"2026-02-10T05:16:50","modified_gmt":"2026-02-10T08:16:50","slug":"percecao-de-corrupcao-agrava-se-desde-2015","status":"publish","type":"post","link":"https:\/\/portaltela.pt\/noticias\/politica\/2026\/02\/10\/percecao-de-corrupcao-agrava-se-desde-2015\/","title":{"rendered":"Perce\u00e7\u00e3o de corrup\u00e7\u00e3o agrava-se desde 2015"},"content":{"rendered":"<p>A perce\u00e7\u00e3o de corrup\u00e7\u00e3o em Portugal continua a deteriorar-se, situando-se no 46.\u00ba lugar entre 180 pa\u00edses no \u00cdndice de Percep\u00e7\u00e3o da Corrup\u00e7\u00e3o de 2025. O pa\u00eds regista 56 pontos, abaixo da m\u00e9dia da Europa.<\/p>\n<p>O indicador evid\u00eancia fragilidades nos mecanismos de integridade p\u00fablica e na implementa\u00e7\u00e3o de pol\u00edticas anticorrup\u00e7\u00e3o, aponta o relat\u00f3rio. Al\u00e9m disso, as autoridades enfrentam cr\u00edticas pela efic\u00e1cia das medidas de controlo e transpar\u00eancia.<\/p>\n<p>Especialistas consideram urgente refor\u00e7ar regras de conduta, fiscaliza\u00e7\u00e3o independente e mecanismos de responsabiliza\u00e7\u00e3o para inverter a tend\u00eancia no curto prazo. O estudo compara Portugal com pares europeus e apresenta perspetivas de melhoria no combate \u00e0 corrup\u00e7\u00e3o.<\/p>\n","protected":false},"excerpt":{"rendered":"<ul>\n<li>Portugal ocupa o 46.\u00ba lugar entre 180 pa\u00edses no \u00cdndice de Percep\u00e7\u00e3o da Corrup\u00e7\u00e3o de 2025.<\/li>\n<li>O pa\u00eds tem 56 pontos no \u00edndice.<\/li>\n<li>Portugal fica abaixo da m\u00e9dia europeia.<\/li>\n<li>Afirma-se fragilidades nos mecanismos de integridade p\u00fablica e insufici\u00eancias na implementa\u00e7\u00e3o de pol\u00edticas anticorrup\u00e7\u00e3o.<\/li>\n<\/ul>\n","protected":false},"author":2,"featured_media":206324,"comment_status":"closed","ping_status":"closed","sticky":false,"template":"","format":"standard","meta":{"footnotes":""},"categories":[1,5],"tags":[309,83,34,5644,229,332],"class_list":["post-206323","post","type-post","status-publish","format-standard","has-post-thumbnail","hentry","category-noticias","category-politica","tag-combate-a-corrupcao","tag-corrupcao","tag-governo","tag-integridade-publica","tag-politica-publica","tag-transparencia"],"yoast_head":"<!-- This site is optimized with the Yoast SEO plugin v27.2 - https:\/\/yoast.com\/product\/yoast-seo-wordpress\/ -->\n<title>Perce\u00e7\u00e3o de corrup\u00e7\u00e3o agrava-se desde 2015 - Portal Tela Portugal<\/title>\n<meta name=\"robots\" content=\"index, follow, max-snippet:-1, max-image-preview:large, max-video-preview:-1\" \/>\n<meta property=\"og:locale\" content=\"pt_PT\" \/>\n<meta property=\"og:type\" content=\"article\" \/>\n<meta property=\"og:title\" content=\"Perce\u00e7\u00e3o de corrup\u00e7\u00e3o agrava-se desde 2015 - Portal Tela Portugal\" \/>\n<meta property=\"og:description\" content=\"Portugal ocupa o 46.\u00ba lugar entre 180 pa\u00edses no \u00cdndice de Percep\u00e7\u00e3o da Corrup\u00e7\u00e3o de 2025. O pa\u00eds tem 56 pontos no \u00edndice. Portugal fica abaixo da m\u00e9dia europeia. Afirma-se fragilidades nos mecanismos de integridade p\u00fablica e insufici\u00eancias na implementa\u00e7\u00e3o de pol\u00edticas anticorrup\u00e7\u00e3o.\" \/>\n<meta property=\"og:url\" content=\"https:\/\/portaltela.pt\/noticias\/2026\/02\/10\/percecao-de-corrupcao-agrava-se-desde-2015\/\" \/>\n<meta property=\"og:site_name\" content=\"Portal Tela Portugal\" \/>\n<meta property=\"article:published_time\" content=\"2026-02-10T08:16:50+00:00\" \/>\n<meta name=\"author\" content=\"Telinha\" \/>\n<meta name=\"twitter:card\" content=\"summary_large_image\" \/>\n<meta name=\"twitter:label1\" content=\"Escrito por\" \/>\n\t<meta name=\"twitter:data1\" content=\"Telinha\" \/>\n\t<meta name=\"twitter:label2\" content=\"Tempo estimado de leitura\" \/>\n\t<meta name=\"twitter:data2\" content=\"1 minuto\" \/>\n<script type=\"application\/ld+json\" class=\"yoast-schema-graph\">{\"@context\":\"https:\/\/schema.org\",\"@graph\":[{\"@type\":\"Article\",\"@id\":\"https:\/\/portaltela.pt\/noticias\/2026\/02\/10\/percecao-de-corrupcao-agrava-se-desde-2015\/#article\",\"isPartOf\":{\"@id\":\"https:\/\/portaltela.pt\/noticias\/2026\/02\/10\/percecao-de-corrupcao-agrava-se-desde-2015\/\"},\"author\":{\"name\":\"Telinha\",\"@id\":\"https:\/\/portaltela.pt\/#\/schema\/person\/c4278d4a6028830caff9ee44b42d32ed\"},\"headline\":\"Perce\u00e7\u00e3o de corrup\u00e7\u00e3o agrava-se desde 2015\",\"datePublished\":\"2026-02-10T08:16:50+00:00\",\"mainEntityOfPage\":{\"@id\":\"https:\/\/portaltela.pt\/noticias\/2026\/02\/10\/percecao-de-corrupcao-agrava-se-desde-2015\/\"},\"wordCount\":126,\"image\":{\"@id\":\"https:\/\/portaltela.pt\/noticias\/2026\/02\/10\/percecao-de-corrupcao-agrava-se-desde-2015\/#primaryimage\"},\"thumbnailUrl\":\"https:\/\/portaltela.pt\/s.01k8rhncp4jt1\/2026\/02\/dn2Fimport2Fdvlrsekjvabvdvos2Fmkrcbmlkgn23.jpg\",\"keywords\":[\"combate \u00e0 corrup\u00e7\u00e3o\",\"corrup\u00e7\u00e3o\",\"governo\",\"integridade p\u00fablica\",\"pol\u00edtica p\u00fablica\",\"transpar\u00eancia\"],\"articleSection\":[\"Not\u00edcias\",\"Pol\u00edtica\"],\"inLanguage\":\"pt-PT\"},{\"@type\":\"WebPage\",\"@id\":\"https:\/\/portaltela.pt\/noticias\/2026\/02\/10\/percecao-de-corrupcao-agrava-se-desde-2015\/\",\"url\":\"https:\/\/portaltela.pt\/noticias\/2026\/02\/10\/percecao-de-corrupcao-agrava-se-desde-2015\/\",\"name\":\"Perce\u00e7\u00e3o de corrup\u00e7\u00e3o agrava-se desde 2015 - Portal Tela Portugal\",\"isPartOf\":{\"@id\":\"https:\/\/portaltela.pt\/#website\"},\"primaryImageOfPage\":{\"@id\":\"https:\/\/portaltela.pt\/noticias\/2026\/02\/10\/percecao-de-corrupcao-agrava-se-desde-2015\/#primaryimage\"},\"image\":{\"@id\":\"https:\/\/portaltela.pt\/noticias\/2026\/02\/10\/percecao-de-corrupcao-agrava-se-desde-2015\/#primaryimage\"},\"thumbnailUrl\":\"https:\/\/portaltela.pt\/s.01k8rhncp4jt1\/2026\/02\/dn2Fimport2Fdvlrsekjvabvdvos2Fmkrcbmlkgn23.jpg\",\"datePublished\":\"2026-02-10T08:16:50+00:00\",\"author\":{\"@id\":\"https:\/\/portaltela.pt\/#\/schema\/person\/c4278d4a6028830caff9ee44b42d32ed\"},\"breadcrumb\":{\"@id\":\"https:\/\/portaltela.pt\/noticias\/2026\/02\/10\/percecao-de-corrupcao-agrava-se-desde-2015\/#breadcrumb\"},\"inLanguage\":\"pt-PT\",\"potentialAction\":[{\"@type\":\"ReadAction\",\"target\":[\"https:\/\/portaltela.pt\/noticias\/2026\/02\/10\/percecao-de-corrupcao-agrava-se-desde-2015\/\"]}]},{\"@type\":\"ImageObject\",\"inLanguage\":\"pt-PT\",\"@id\":\"https:\/\/portaltela.pt\/noticias\/2026\/02\/10\/percecao-de-corrupcao-agrava-se-desde-2015\/#primaryimage\",\"url\":\"https:\/\/portaltela.pt\/s.01k8rhncp4jt1\/2026\/02\/dn2Fimport2Fdvlrsekjvabvdvos2Fmkrcbmlkgn23.jpg\",\"contentUrl\":\"https:\/\/portaltela.pt\/s.01k8rhncp4jt1\/2026\/02\/dn2Fimport2Fdvlrsekjvabvdvos2Fmkrcbmlkgn23.jpg\",\"width\":1200,\"height\":759,\"caption\":\"Perce\u00e7\u00e3o de corrup\u00e7\u00e3o agrava-se desde 2015\"},{\"@type\":\"BreadcrumbList\",\"@id\":\"https:\/\/portaltela.pt\/noticias\/2026\/02\/10\/percecao-de-corrupcao-agrava-se-desde-2015\/#breadcrumb\",\"itemListElement\":[{\"@type\":\"ListItem\",\"position\":1,\"name\":\"In\u00edcio\",\"item\":\"https:\/\/portaltela.pt\/\"},{\"@type\":\"ListItem\",\"position\":2,\"name\":\"Perce\u00e7\u00e3o de corrup\u00e7\u00e3o agrava-se desde 2015\"}]},{\"@type\":\"WebSite\",\"@id\":\"https:\/\/portaltela.pt\/#website\",\"url\":\"https:\/\/portaltela.pt\/\",\"name\":\"Portal Tela Portugal\",\"description\":\"\",\"potentialAction\":[{\"@type\":\"SearchAction\",\"target\":{\"@type\":\"EntryPoint\",\"urlTemplate\":\"https:\/\/portaltela.pt\/?s={search_term_string}\"},\"query-input\":{\"@type\":\"PropertyValueSpecification\",\"valueRequired\":true,\"valueName\":\"search_term_string\"}}],\"inLanguage\":\"pt-PT\"},{\"@type\":\"Person\",\"@id\":\"https:\/\/portaltela.pt\/#\/schema\/person\/c4278d4a6028830caff9ee44b42d32ed\",\"name\":\"Telinha\",\"image\":{\"@type\":\"ImageObject\",\"inLanguage\":\"pt-PT\",\"@id\":\"https:\/\/portaltela.pt\/s.01k8rhncp4jt1\/2025\/11\/talking-bot-125x125.png\",\"url\":\"https:\/\/portaltela.pt\/s.01k8rhncp4jt1\/2025\/11\/talking-bot-125x125.png\",\"contentUrl\":\"https:\/\/portaltela.pt\/s.01k8rhncp4jt1\/2025\/11\/talking-bot-125x125.png\",\"caption\":\"Telinha\"},\"sameAs\":[\"https:\/\/portaltela.pt\/\"],\"url\":\"https:\/\/portaltela.pt\/por\/367410592786\/\"}]}<\/script>\n<!-- \/ Yoast SEO plugin. -->","yoast_head_json":{"title":"Perce\u00e7\u00e3o de corrup\u00e7\u00e3o agrava-se desde 2015 - Portal Tela Portugal","robots":{"index":"index","follow":"follow","max-snippet":"max-snippet:-1","max-image-preview":"max-image-preview:large","max-video-preview":"max-video-preview:-1"},"og_locale":"pt_PT","og_type":"article","og_title":"Perce\u00e7\u00e3o de corrup\u00e7\u00e3o agrava-se desde 2015 - Portal Tela Portugal","og_description":"Portugal ocupa o 46.\u00ba lugar entre 180 pa\u00edses no \u00cdndice de Percep\u00e7\u00e3o da Corrup\u00e7\u00e3o de 2025. O pa\u00eds tem 56 pontos no \u00edndice. Portugal fica abaixo da m\u00e9dia europeia. Afirma-se fragilidades nos mecanismos de integridade p\u00fablica e insufici\u00eancias na implementa\u00e7\u00e3o de pol\u00edticas anticorrup\u00e7\u00e3o.","og_url":"https:\/\/portaltela.pt\/noticias\/2026\/02\/10\/percecao-de-corrupcao-agrava-se-desde-2015\/","og_site_name":"Portal Tela Portugal","article_published_time":"2026-02-10T08:16:50+00:00","author":"Telinha","twitter_card":"summary_large_image","twitter_misc":{"Escrito por":"Telinha","Tempo estimado de leitura":"1 minuto"},"schema":{"@context":"https:\/\/schema.org","@graph":[{"@type":"Article","@id":"https:\/\/portaltela.pt\/noticias\/2026\/02\/10\/percecao-de-corrupcao-agrava-se-desde-2015\/#article","isPartOf":{"@id":"https:\/\/portaltela.pt\/noticias\/2026\/02\/10\/percecao-de-corrupcao-agrava-se-desde-2015\/"},"author":{"name":"Telinha","@id":"https:\/\/portaltela.pt\/#\/schema\/person\/c4278d4a6028830caff9ee44b42d32ed"},"headline":"Perce\u00e7\u00e3o de corrup\u00e7\u00e3o agrava-se desde 2015","datePublished":"2026-02-10T08:16:50+00:00","mainEntityOfPage":{"@id":"https:\/\/portaltela.pt\/noticias\/2026\/02\/10\/percecao-de-corrupcao-agrava-se-desde-2015\/"},"wordCount":126,"image":{"@id":"https:\/\/portaltela.pt\/noticias\/2026\/02\/10\/percecao-de-corrupcao-agrava-se-desde-2015\/#primaryimage"},"thumbnailUrl":"https:\/\/portaltela.pt\/s.01k8rhncp4jt1\/2026\/02\/dn2Fimport2Fdvlrsekjvabvdvos2Fmkrcbmlkgn23.jpg","keywords":["combate \u00e0 corrup\u00e7\u00e3o","corrup\u00e7\u00e3o","governo","integridade p\u00fablica","pol\u00edtica p\u00fablica","transpar\u00eancia"],"articleSection":["Not\u00edcias","Pol\u00edtica"],"inLanguage":"pt-PT"},{"@type":"WebPage","@id":"https:\/\/portaltela.pt\/noticias\/2026\/02\/10\/percecao-de-corrupcao-agrava-se-desde-2015\/","url":"https:\/\/portaltela.pt\/noticias\/2026\/02\/10\/percecao-de-corrupcao-agrava-se-desde-2015\/","name":"Perce\u00e7\u00e3o de corrup\u00e7\u00e3o agrava-se desde 2015 - Portal Tela Portugal","isPartOf":{"@id":"https:\/\/portaltela.pt\/#website"},"primaryImageOfPage":{"@id":"https:\/\/portaltela.pt\/noticias\/2026\/02\/10\/percecao-de-corrupcao-agrava-se-desde-2015\/#primaryimage"},"image":{"@id":"https:\/\/portaltela.pt\/noticias\/2026\/02\/10\/percecao-de-corrupcao-agrava-se-desde-2015\/#primaryimage"},"thumbnailUrl":"https:\/\/portaltela.pt\/s.01k8rhncp4jt1\/2026\/02\/dn2Fimport2Fdvlrsekjvabvdvos2Fmkrcbmlkgn23.jpg","datePublished":"2026-02-10T08:16:50+00:00","author":{"@id":"https:\/\/portaltela.pt\/#\/schema\/person\/c4278d4a6028830caff9ee44b42d32ed"},"breadcrumb":{"@id":"https:\/\/portaltela.pt\/noticias\/2026\/02\/10\/percecao-de-corrupcao-agrava-se-desde-2015\/#breadcrumb"},"inLanguage":"pt-PT","potentialAction":[{"@type":"ReadAction","target":["https:\/\/portaltela.pt\/noticias\/2026\/02\/10\/percecao-de-corrupcao-agrava-se-desde-2015\/"]}]},{"@type":"ImageObject","inLanguage":"pt-PT","@id":"https:\/\/portaltela.pt\/noticias\/2026\/02\/10\/percecao-de-corrupcao-agrava-se-desde-2015\/#primaryimage","url":"https:\/\/portaltela.pt\/s.01k8rhncp4jt1\/2026\/02\/dn2Fimport2Fdvlrsekjvabvdvos2Fmkrcbmlkgn23.jpg","contentUrl":"https:\/\/portaltela.pt\/s.01k8rhncp4jt1\/2026\/02\/dn2Fimport2Fdvlrsekjvabvdvos2Fmkrcbmlkgn23.jpg","width":1200,"height":759,"caption":"Perce\u00e7\u00e3o de corrup\u00e7\u00e3o agrava-se desde 2015"},{"@type":"BreadcrumbList","@id":"https:\/\/portaltela.pt\/noticias\/2026\/02\/10\/percecao-de-corrupcao-agrava-se-desde-2015\/#breadcrumb","itemListElement":[{"@type":"ListItem","position":1,"name":"In\u00edcio","item":"https:\/\/portaltela.pt\/"},{"@type":"ListItem","position":2,"name":"Perce\u00e7\u00e3o de corrup\u00e7\u00e3o agrava-se desde 2015"}]},{"@type":"WebSite","@id":"https:\/\/portaltela.pt\/#website","url":"https:\/\/portaltela.pt\/","name":"Portal Tela Portugal","description":"","potentialAction":[{"@type":"SearchAction","target":{"@type":"EntryPoint","urlTemplate":"https:\/\/portaltela.pt\/?s={search_term_string}"},"query-input":{"@type":"PropertyValueSpecification","valueRequired":true,"valueName":"search_term_string"}}],"inLanguage":"pt-PT"},{"@type":"Person","@id":"https:\/\/portaltela.pt\/#\/schema\/person\/c4278d4a6028830caff9ee44b42d32ed","name":"Telinha","image":{"@type":"ImageObject","inLanguage":"pt-PT","@id":"https:\/\/portaltela.pt\/s.01k8rhncp4jt1\/2025\/11\/talking-bot-125x125.png","url":"https:\/\/portaltela.pt\/s.01k8rhncp4jt1\/2025\/11\/talking-bot-125x125.png","contentUrl":"https:\/\/portaltela.pt\/s.01k8rhncp4jt1\/2025\/11\/talking-bot-125x125.png","caption":"Telinha"},"sameAs":["https:\/\/portaltela.pt\/"],"url":"https:\/\/portaltela.pt\/por\/367410592786\/"}]}},"_links":{"self":[{"href":"https:\/\/portaltela.pt\/api\/wp\/v2\/posts\/206323","targetHints":{"allow":["GET"]}}],"collection":[{"href":"https:\/\/portaltela.pt\/api\/wp\/v2\/posts"}],"about":[{"href":"https:\/\/portaltela.pt\/api\/wp\/v2\/types\/post"}],"author":[{"embeddable":true,"href":"https:\/\/portaltela.pt\/api\/wp\/v2\/users\/2"}],"replies":[{"embeddable":true,"href":"https:\/\/portaltela.pt\/api\/wp\/v2\/comments?post=206323"}],"version-history":[{"count":0,"href":"https:\/\/portaltela.pt\/api\/wp\/v2\/posts\/206323\/revisions"}],"wp:featuredmedia":[{"embeddable":true,"href":"https:\/\/portaltela.pt\/api\/wp\/v2\/media\/206324"}],"wp:attachment":[{"href":"https:\/\/portaltela.pt\/api\/wp\/v2\/media?parent=206323"}],"wp:term":[{"taxonomy":"category","embeddable":true,"href":"https:\/\/portaltela.pt\/api\/wp\/v2\/categories?post=206323"},{"taxonomy":"post_tag","embeddable":true,"href":"https:\/\/portaltela.pt\/api\/wp\/v2\/tags?post=206323"}],"curies":[{"name":"wp","href":"https:\/\/api.w.org\/{rel}","templated":true}]}}