{"id":206315,"date":"2026-02-10T04:51:00","date_gmt":"2026-02-10T07:51:00","guid":{"rendered":"https:\/\/portaltela.pt\/noticias\/2026\/02\/10\/caso-de-morte-por-sodomia-em-estufa-na-povoa-de-varzim-volta-a-julgamento\/"},"modified":"2026-02-10T04:51:00","modified_gmt":"2026-02-10T07:51:00","slug":"caso-de-morte-por-sodomia-em-estufa-na-povoa-de-varzim-volta-a-julgamento","status":"publish","type":"post","link":"https:\/\/portaltela.pt\/noticias\/2026\/02\/10\/caso-de-morte-por-sodomia-em-estufa-na-povoa-de-varzim-volta-a-julgamento\/","title":{"rendered":"Caso de morte por sodomia em estufa na P\u00f3voa de Varzim volta a julgamento"},"content":{"rendered":"<p>O empres\u00e1rio da P\u00f3voa de Varzim vai a novo julgamento por homic\u00eddio, numa repeti\u00e7\u00e3o parcial do caso que envolve a morte de um empregado ucraniano. A ordem partiu do Tribunal da Rela\u00e7\u00e3o do Porto e o processo ter\u00e1 in\u00edcio amanh\u00e3 no Tribunal de Matosinhos.<\/p>\n<p>A decis\u00e3o dos ju\u00edzes desembargadores aponta um erro not\u00f3rio na aprecia\u00e7\u00e3o da prova. Segundo o ac\u00f3rd\u00e3o, foi dado como provado que o homic\u00eddio ocorreu por uma pessoa n\u00e3o identificada e n\u00e3o foi determinada a hora da morte, confundindo-a com o momento das agress\u00f5es.<\/p>\n<p>O processo original j\u00e1 envolveu outras acusa\u00e7\u00f5es, incluindo alegada escraviza\u00e7\u00e3o e agress\u00f5es ao trabalhador; o empres\u00e1rio foi inicialmente absolvido desses crimes. A retrial foca apenas no crime de homic\u00eddio, em parte da mat\u00e9ria j\u00e1 julgada.<\/p>\n<p>O tribunal de Matosinhos recebe o julgamento amanh\u00e3, com a necessidade de esclarecer as datas e a autoria de eventos-chave. A decis\u00e3o visa corrigir aspectos probat\u00f3rios identificados pela Rela\u00e7\u00e3o do Porto, mantendo a tramita\u00e7\u00e3o do caso nos seus limites legais.<\/p>\n","protected":false},"excerpt":{"rendered":"<ul>\n<li>Um empres\u00e1rio da P\u00f3voa de Varzim ser\u00e1 novo julgamento pelo crime de homic\u00eddio, numa repeti\u00e7\u00e3o parcial do caso que j\u00e1 havia absolvido de escravizar, abusar sexualmente e matar um trabalhador ucraniano.<\/li>\n<li>A reabertura do processo foi ordenada pelo Tribunal da Rela\u00e7\u00e3o do Porto e o julgamento come\u00e7a amanh\u00e3 no Tribunal de Matosinhos.<\/li>\n<li>Os ju\u00edzes desembargadores entenderam que houve erro not\u00f3rio na aprecia\u00e7\u00e3o da prova, ao considerar provado que o homic\u00eddio foi cometido por pessoa n\u00e3o identificada.<\/li>\n<li>Tamb\u00e9m entenderam que n\u00e3o foi determinada a hora da morte e que essa informa\u00e7\u00e3o foi confundida com a hora das agress\u00f5es.<\/li>\n<li>O caso continua sob a mesma linha factual envolvendo o empres\u00e1rio e as acusa\u00e7\u00f5es associadas ao empregado ucraniano.<\/li>\n<\/ul>\n","protected":false},"author":2,"featured_media":206316,"comment_status":"closed","ping_status":"closed","sticky":false,"template":"","format":"standard","meta":{"footnotes":""},"categories":[1],"tags":[574,147,1345,803,3343,2134],"class_list":["post-206315","post","type-post","status-publish","format-standard","has-post-thumbnail","hentry","category-noticias","tag-acordao","tag-crime","tag-homicidio","tag-justica","tag-povoa-de-varzim","tag-ucrania"],"yoast_head":"<!-- This site is optimized with the Yoast SEO plugin v27.2 - https:\/\/yoast.com\/product\/yoast-seo-wordpress\/ -->\n<title>Caso de morte por sodomia em estufa na P\u00f3voa de Varzim volta a julgamento - Portal Tela Portugal<\/title>\n<meta name=\"robots\" content=\"index, follow, max-snippet:-1, max-image-preview:large, max-video-preview:-1\" \/>\n<meta property=\"og:locale\" content=\"pt_PT\" \/>\n<meta property=\"og:type\" content=\"article\" \/>\n<meta property=\"og:title\" content=\"Caso de morte por sodomia em estufa na P\u00f3voa de Varzim volta a julgamento - Portal Tela Portugal\" \/>\n<meta property=\"og:description\" content=\"Um empres\u00e1rio da P\u00f3voa de Varzim ser\u00e1 novo julgamento pelo crime de homic\u00eddio, numa repeti\u00e7\u00e3o parcial do caso que j\u00e1 havia absolvido de escravizar, abusar sexualmente e matar um trabalhador ucraniano. A reabertura do processo foi ordenada pelo Tribunal da Rela\u00e7\u00e3o do Porto e o julgamento come\u00e7a amanh\u00e3 no Tribunal de Matosinhos. Os ju\u00edzes desembargadores entenderam que houve erro not\u00f3rio na aprecia\u00e7\u00e3o da prova, ao considerar provado que o homic\u00eddio foi cometido por pessoa n\u00e3o identificada. Tamb\u00e9m entenderam que n\u00e3o foi determinada a hora da morte e que essa informa\u00e7\u00e3o foi confundida com a hora das agress\u00f5es. O caso continua sob a mesma linha factual envolvendo o empres\u00e1rio e as acusa\u00e7\u00f5es associadas ao empregado ucraniano.\" \/>\n<meta property=\"og:url\" content=\"https:\/\/portaltela.pt\/noticias\/2026\/02\/10\/caso-de-morte-por-sodomia-em-estufa-na-povoa-de-varzim-volta-a-julgamento\/\" \/>\n<meta property=\"og:site_name\" content=\"Portal Tela Portugal\" \/>\n<meta property=\"article:published_time\" content=\"2026-02-10T07:51:00+00:00\" \/>\n<meta name=\"author\" content=\"Telinha\" \/>\n<meta name=\"twitter:card\" content=\"summary_large_image\" \/>\n<meta name=\"twitter:label1\" content=\"Escrito por\" \/>\n\t<meta name=\"twitter:data1\" content=\"Telinha\" \/>\n\t<meta name=\"twitter:label2\" content=\"Tempo estimado de leitura\" \/>\n\t<meta name=\"twitter:data2\" content=\"1 minuto\" \/>\n<script type=\"application\/ld+json\" class=\"yoast-schema-graph\">{\"@context\":\"https:\/\/schema.org\",\"@graph\":[{\"@type\":\"Article\",\"@id\":\"https:\/\/portaltela.pt\/noticias\/2026\/02\/10\/caso-de-morte-por-sodomia-em-estufa-na-povoa-de-varzim-volta-a-julgamento\/#article\",\"isPartOf\":{\"@id\":\"https:\/\/portaltela.pt\/noticias\/2026\/02\/10\/caso-de-morte-por-sodomia-em-estufa-na-povoa-de-varzim-volta-a-julgamento\/\"},\"author\":{\"name\":\"Telinha\",\"@id\":\"https:\/\/portaltela.pt\/#\/schema\/person\/c4278d4a6028830caff9ee44b42d32ed\"},\"headline\":\"Caso de morte por sodomia em estufa na P\u00f3voa de Varzim volta a julgamento\",\"datePublished\":\"2026-02-10T07:51:00+00:00\",\"mainEntityOfPage\":{\"@id\":\"https:\/\/portaltela.pt\/noticias\/2026\/02\/10\/caso-de-morte-por-sodomia-em-estufa-na-povoa-de-varzim-volta-a-julgamento\/\"},\"wordCount\":203,\"image\":{\"@id\":\"https:\/\/portaltela.pt\/noticias\/2026\/02\/10\/caso-de-morte-por-sodomia-em-estufa-na-povoa-de-varzim-volta-a-julgamento\/#primaryimage\"},\"thumbnailUrl\":\"https:\/\/portaltela.pt\/s.01k8rhncp4jt1\/2026\/02\/image-755.jpg\",\"keywords\":[\"ac\u00f3rd\u00e3o\",\"crime\",\"homic\u00eddio\",\"justi\u00e7a\",\"P\u00f3voa de Varzim\",\"Ucr\u00e2nia\"],\"articleSection\":[\"Not\u00edcias\"],\"inLanguage\":\"pt-PT\"},{\"@type\":\"WebPage\",\"@id\":\"https:\/\/portaltela.pt\/noticias\/2026\/02\/10\/caso-de-morte-por-sodomia-em-estufa-na-povoa-de-varzim-volta-a-julgamento\/\",\"url\":\"https:\/\/portaltela.pt\/noticias\/2026\/02\/10\/caso-de-morte-por-sodomia-em-estufa-na-povoa-de-varzim-volta-a-julgamento\/\",\"name\":\"Caso de morte por sodomia em estufa na P\u00f3voa de Varzim volta a julgamento - Portal Tela Portugal\",\"isPartOf\":{\"@id\":\"https:\/\/portaltela.pt\/#website\"},\"primaryImageOfPage\":{\"@id\":\"https:\/\/portaltela.pt\/noticias\/2026\/02\/10\/caso-de-morte-por-sodomia-em-estufa-na-povoa-de-varzim-volta-a-julgamento\/#primaryimage\"},\"image\":{\"@id\":\"https:\/\/portaltela.pt\/noticias\/2026\/02\/10\/caso-de-morte-por-sodomia-em-estufa-na-povoa-de-varzim-volta-a-julgamento\/#primaryimage\"},\"thumbnailUrl\":\"https:\/\/portaltela.pt\/s.01k8rhncp4jt1\/2026\/02\/image-755.jpg\",\"datePublished\":\"2026-02-10T07:51:00+00:00\",\"author\":{\"@id\":\"https:\/\/portaltela.pt\/#\/schema\/person\/c4278d4a6028830caff9ee44b42d32ed\"},\"breadcrumb\":{\"@id\":\"https:\/\/portaltela.pt\/noticias\/2026\/02\/10\/caso-de-morte-por-sodomia-em-estufa-na-povoa-de-varzim-volta-a-julgamento\/#breadcrumb\"},\"inLanguage\":\"pt-PT\",\"potentialAction\":[{\"@type\":\"ReadAction\",\"target\":[\"https:\/\/portaltela.pt\/noticias\/2026\/02\/10\/caso-de-morte-por-sodomia-em-estufa-na-povoa-de-varzim-volta-a-julgamento\/\"]}]},{\"@type\":\"ImageObject\",\"inLanguage\":\"pt-PT\",\"@id\":\"https:\/\/portaltela.pt\/noticias\/2026\/02\/10\/caso-de-morte-por-sodomia-em-estufa-na-povoa-de-varzim-volta-a-julgamento\/#primaryimage\",\"url\":\"https:\/\/portaltela.pt\/s.01k8rhncp4jt1\/2026\/02\/image-755.jpg\",\"contentUrl\":\"https:\/\/portaltela.pt\/s.01k8rhncp4jt1\/2026\/02\/image-755.jpg\",\"width\":796,\"height\":448,\"caption\":\"Danny Eus\u00e9bio esteve em pris\u00e3o preventiva mais de um ano\"},{\"@type\":\"BreadcrumbList\",\"@id\":\"https:\/\/portaltela.pt\/noticias\/2026\/02\/10\/caso-de-morte-por-sodomia-em-estufa-na-povoa-de-varzim-volta-a-julgamento\/#breadcrumb\",\"itemListElement\":[{\"@type\":\"ListItem\",\"position\":1,\"name\":\"In\u00edcio\",\"item\":\"https:\/\/portaltela.pt\/\"},{\"@type\":\"ListItem\",\"position\":2,\"name\":\"Caso de morte por sodomia em estufa na P\u00f3voa de Varzim volta a julgamento\"}]},{\"@type\":\"WebSite\",\"@id\":\"https:\/\/portaltela.pt\/#website\",\"url\":\"https:\/\/portaltela.pt\/\",\"name\":\"Portal Tela Portugal\",\"description\":\"\",\"potentialAction\":[{\"@type\":\"SearchAction\",\"target\":{\"@type\":\"EntryPoint\",\"urlTemplate\":\"https:\/\/portaltela.pt\/?s={search_term_string}\"},\"query-input\":{\"@type\":\"PropertyValueSpecification\",\"valueRequired\":true,\"valueName\":\"search_term_string\"}}],\"inLanguage\":\"pt-PT\"},{\"@type\":\"Person\",\"@id\":\"https:\/\/portaltela.pt\/#\/schema\/person\/c4278d4a6028830caff9ee44b42d32ed\",\"name\":\"Telinha\",\"image\":{\"@type\":\"ImageObject\",\"inLanguage\":\"pt-PT\",\"@id\":\"https:\/\/portaltela.pt\/s.01k8rhncp4jt1\/2025\/11\/talking-bot-125x125.png\",\"url\":\"https:\/\/portaltela.pt\/s.01k8rhncp4jt1\/2025\/11\/talking-bot-125x125.png\",\"contentUrl\":\"https:\/\/portaltela.pt\/s.01k8rhncp4jt1\/2025\/11\/talking-bot-125x125.png\",\"caption\":\"Telinha\"},\"sameAs\":[\"https:\/\/portaltela.pt\/\"],\"url\":\"https:\/\/portaltela.pt\/por\/367410592786\/\"}]}<\/script>\n<!-- \/ Yoast SEO plugin. -->","yoast_head_json":{"title":"Caso de morte por sodomia em estufa na P\u00f3voa de Varzim volta a julgamento - Portal Tela Portugal","robots":{"index":"index","follow":"follow","max-snippet":"max-snippet:-1","max-image-preview":"max-image-preview:large","max-video-preview":"max-video-preview:-1"},"og_locale":"pt_PT","og_type":"article","og_title":"Caso de morte por sodomia em estufa na P\u00f3voa de Varzim volta a julgamento - Portal Tela Portugal","og_description":"Um empres\u00e1rio da P\u00f3voa de Varzim ser\u00e1 novo julgamento pelo crime de homic\u00eddio, numa repeti\u00e7\u00e3o parcial do caso que j\u00e1 havia absolvido de escravizar, abusar sexualmente e matar um trabalhador ucraniano. A reabertura do processo foi ordenada pelo Tribunal da Rela\u00e7\u00e3o do Porto e o julgamento come\u00e7a amanh\u00e3 no Tribunal de Matosinhos. Os ju\u00edzes desembargadores entenderam que houve erro not\u00f3rio na aprecia\u00e7\u00e3o da prova, ao considerar provado que o homic\u00eddio foi cometido por pessoa n\u00e3o identificada. Tamb\u00e9m entenderam que n\u00e3o foi determinada a hora da morte e que essa informa\u00e7\u00e3o foi confundida com a hora das agress\u00f5es. O caso continua sob a mesma linha factual envolvendo o empres\u00e1rio e as acusa\u00e7\u00f5es associadas ao empregado ucraniano.","og_url":"https:\/\/portaltela.pt\/noticias\/2026\/02\/10\/caso-de-morte-por-sodomia-em-estufa-na-povoa-de-varzim-volta-a-julgamento\/","og_site_name":"Portal Tela Portugal","article_published_time":"2026-02-10T07:51:00+00:00","author":"Telinha","twitter_card":"summary_large_image","twitter_misc":{"Escrito por":"Telinha","Tempo estimado de leitura":"1 minuto"},"schema":{"@context":"https:\/\/schema.org","@graph":[{"@type":"Article","@id":"https:\/\/portaltela.pt\/noticias\/2026\/02\/10\/caso-de-morte-por-sodomia-em-estufa-na-povoa-de-varzim-volta-a-julgamento\/#article","isPartOf":{"@id":"https:\/\/portaltela.pt\/noticias\/2026\/02\/10\/caso-de-morte-por-sodomia-em-estufa-na-povoa-de-varzim-volta-a-julgamento\/"},"author":{"name":"Telinha","@id":"https:\/\/portaltela.pt\/#\/schema\/person\/c4278d4a6028830caff9ee44b42d32ed"},"headline":"Caso de morte por sodomia em estufa na P\u00f3voa de Varzim volta a julgamento","datePublished":"2026-02-10T07:51:00+00:00","mainEntityOfPage":{"@id":"https:\/\/portaltela.pt\/noticias\/2026\/02\/10\/caso-de-morte-por-sodomia-em-estufa-na-povoa-de-varzim-volta-a-julgamento\/"},"wordCount":203,"image":{"@id":"https:\/\/portaltela.pt\/noticias\/2026\/02\/10\/caso-de-morte-por-sodomia-em-estufa-na-povoa-de-varzim-volta-a-julgamento\/#primaryimage"},"thumbnailUrl":"https:\/\/portaltela.pt\/s.01k8rhncp4jt1\/2026\/02\/image-755.jpg","keywords":["ac\u00f3rd\u00e3o","crime","homic\u00eddio","justi\u00e7a","P\u00f3voa de Varzim","Ucr\u00e2nia"],"articleSection":["Not\u00edcias"],"inLanguage":"pt-PT"},{"@type":"WebPage","@id":"https:\/\/portaltela.pt\/noticias\/2026\/02\/10\/caso-de-morte-por-sodomia-em-estufa-na-povoa-de-varzim-volta-a-julgamento\/","url":"https:\/\/portaltela.pt\/noticias\/2026\/02\/10\/caso-de-morte-por-sodomia-em-estufa-na-povoa-de-varzim-volta-a-julgamento\/","name":"Caso de morte por sodomia em estufa na P\u00f3voa de Varzim volta a julgamento - Portal Tela Portugal","isPartOf":{"@id":"https:\/\/portaltela.pt\/#website"},"primaryImageOfPage":{"@id":"https:\/\/portaltela.pt\/noticias\/2026\/02\/10\/caso-de-morte-por-sodomia-em-estufa-na-povoa-de-varzim-volta-a-julgamento\/#primaryimage"},"image":{"@id":"https:\/\/portaltela.pt\/noticias\/2026\/02\/10\/caso-de-morte-por-sodomia-em-estufa-na-povoa-de-varzim-volta-a-julgamento\/#primaryimage"},"thumbnailUrl":"https:\/\/portaltela.pt\/s.01k8rhncp4jt1\/2026\/02\/image-755.jpg","datePublished":"2026-02-10T07:51:00+00:00","author":{"@id":"https:\/\/portaltela.pt\/#\/schema\/person\/c4278d4a6028830caff9ee44b42d32ed"},"breadcrumb":{"@id":"https:\/\/portaltela.pt\/noticias\/2026\/02\/10\/caso-de-morte-por-sodomia-em-estufa-na-povoa-de-varzim-volta-a-julgamento\/#breadcrumb"},"inLanguage":"pt-PT","potentialAction":[{"@type":"ReadAction","target":["https:\/\/portaltela.pt\/noticias\/2026\/02\/10\/caso-de-morte-por-sodomia-em-estufa-na-povoa-de-varzim-volta-a-julgamento\/"]}]},{"@type":"ImageObject","inLanguage":"pt-PT","@id":"https:\/\/portaltela.pt\/noticias\/2026\/02\/10\/caso-de-morte-por-sodomia-em-estufa-na-povoa-de-varzim-volta-a-julgamento\/#primaryimage","url":"https:\/\/portaltela.pt\/s.01k8rhncp4jt1\/2026\/02\/image-755.jpg","contentUrl":"https:\/\/portaltela.pt\/s.01k8rhncp4jt1\/2026\/02\/image-755.jpg","width":796,"height":448,"caption":"Danny Eus\u00e9bio esteve em pris\u00e3o preventiva mais de um ano"},{"@type":"BreadcrumbList","@id":"https:\/\/portaltela.pt\/noticias\/2026\/02\/10\/caso-de-morte-por-sodomia-em-estufa-na-povoa-de-varzim-volta-a-julgamento\/#breadcrumb","itemListElement":[{"@type":"ListItem","position":1,"name":"In\u00edcio","item":"https:\/\/portaltela.pt\/"},{"@type":"ListItem","position":2,"name":"Caso de morte por sodomia em estufa na P\u00f3voa de Varzim volta a julgamento"}]},{"@type":"WebSite","@id":"https:\/\/portaltela.pt\/#website","url":"https:\/\/portaltela.pt\/","name":"Portal Tela Portugal","description":"","potentialAction":[{"@type":"SearchAction","target":{"@type":"EntryPoint","urlTemplate":"https:\/\/portaltela.pt\/?s={search_term_string}"},"query-input":{"@type":"PropertyValueSpecification","valueRequired":true,"valueName":"search_term_string"}}],"inLanguage":"pt-PT"},{"@type":"Person","@id":"https:\/\/portaltela.pt\/#\/schema\/person\/c4278d4a6028830caff9ee44b42d32ed","name":"Telinha","image":{"@type":"ImageObject","inLanguage":"pt-PT","@id":"https:\/\/portaltela.pt\/s.01k8rhncp4jt1\/2025\/11\/talking-bot-125x125.png","url":"https:\/\/portaltela.pt\/s.01k8rhncp4jt1\/2025\/11\/talking-bot-125x125.png","contentUrl":"https:\/\/portaltela.pt\/s.01k8rhncp4jt1\/2025\/11\/talking-bot-125x125.png","caption":"Telinha"},"sameAs":["https:\/\/portaltela.pt\/"],"url":"https:\/\/portaltela.pt\/por\/367410592786\/"}]}},"_links":{"self":[{"href":"https:\/\/portaltela.pt\/api\/wp\/v2\/posts\/206315","targetHints":{"allow":["GET"]}}],"collection":[{"href":"https:\/\/portaltela.pt\/api\/wp\/v2\/posts"}],"about":[{"href":"https:\/\/portaltela.pt\/api\/wp\/v2\/types\/post"}],"author":[{"embeddable":true,"href":"https:\/\/portaltela.pt\/api\/wp\/v2\/users\/2"}],"replies":[{"embeddable":true,"href":"https:\/\/portaltela.pt\/api\/wp\/v2\/comments?post=206315"}],"version-history":[{"count":0,"href":"https:\/\/portaltela.pt\/api\/wp\/v2\/posts\/206315\/revisions"}],"wp:featuredmedia":[{"embeddable":true,"href":"https:\/\/portaltela.pt\/api\/wp\/v2\/media\/206316"}],"wp:attachment":[{"href":"https:\/\/portaltela.pt\/api\/wp\/v2\/media?parent=206315"}],"wp:term":[{"taxonomy":"category","embeddable":true,"href":"https:\/\/portaltela.pt\/api\/wp\/v2\/categories?post=206315"},{"taxonomy":"post_tag","embeddable":true,"href":"https:\/\/portaltela.pt\/api\/wp\/v2\/tags?post=206315"}],"curies":[{"name":"wp","href":"https:\/\/api.w.org\/{rel}","templated":true}]}}