{"id":206234,"date":"2026-02-09T22:45:00","date_gmt":"2026-02-10T01:45:00","guid":{"rendered":"https:\/\/portaltela.pt\/noticias\/2026\/02\/09\/gustavo-teixeira-brilha-na-vitoria-da-ovarense-sobre-a-oliveirense\/"},"modified":"2026-02-09T22:45:00","modified_gmt":"2026-02-10T01:45:00","slug":"gustavo-teixeira-brilha-na-vitoria-da-ovarense-sobre-a-oliveirense","status":"publish","type":"post","link":"https:\/\/portaltela.pt\/desporto\/2026\/02\/09\/gustavo-teixeira-brilha-na-vitoria-da-ovarense-sobre-a-oliveirense\/","title":{"rendered":"Gustavo Teixeira brilha na vit\u00f3ria da Ovarense sobre a Oliveirense"},"content":{"rendered":"<p>A Ovarense somou uma vit\u00f3ria importante na Liga Betclic, ao vencer a Oliveirense no d\u00e9rbi de Aveiro, no \u00faltimo fim de semana. O jogo ficou marcado pelo desempenho de Gustavo Teixeira, que marcou 19 pontos, com 12 no \u00faltimo quarto, incluindo tr\u00eas lan\u00e7amentos de tr\u00eas pontos no tramo decisivo.<\/p>\n<p>A equipa vareira chegou ao equivalente ao 3\u00ba lugar da classifica\u00e7\u00e3o, com os mesmos pontos do Sporting, segundo classificado. Tr\u00eas vit\u00f3rias seguidas consolidam a boa fase do conjunto de Ovar, que vem de um ciclo vitorioso em casa e em terreno advers\u00e1rio.<\/p>\n<p>Gustavo Teixeira, de 25 anos, foi o motor da vit\u00f3ria. O base destacou-se na reta final, quando ajudou a equilibrar o marcador e a manter a lideran\u00e7a da equipa. No final, reconheceu a emo\u00e7\u00e3o de enfrentar o maior rival e a satisfa\u00e7\u00e3o de contribuir para o sucesso coletivo.<\/p>\n<p>O respons\u00e1vel pela equipa sustenta que o objetivo \u00e9 manter o rendimento alto. O grupo tem mostrado coes\u00e3o e ambi\u00e7\u00e3o de chegar aos momentos decisivos da \u00e9poca, mantendo o foco no pr\u00f3ximo duelo com o Sporting, na 15.\u00aa jornada.<\/p>\n<p>Para j\u00e1, Teixeira soma m\u00e9dias de 8 pontos e quase 4 assist\u00eancias por jogo nesta temporada, num objetivo pessoal de evoluir para um jogador mais completo e consistente, mantendo o foco na contribui\u00e7\u00e3o para a equipa.<\/p>\n<p>Este ano, o jogador n\u00e3o integrou o lote de pr\u00e9-convocados da Sele\u00e7\u00e3o Nacional para o choque com a Rom\u00e9nia, no apuramento para o Mundial 2027. Em 2019, integrou a equipa de sub-19 que venceu o Euro Divis\u00e3o B em Matosinhos.<\/p>\n","protected":false},"excerpt":{"rendered":"<ul>\n<li>Gustavo Teixeira marcou 19 pontos, com 12 no \u00faltimo quarto, e ajudou a Ovarense a vencer a Oliveirense no d\u00e9rbi de Aveiro.<\/li>\n<li>A vit\u00f3ria deixou a Ovarense em terceiro lugar, empatada com o Sporting no segundo, numa S\u00e9rie de quatro triunfos consecutivos, a melhor desta \u00e9poca.<\/li>\n<li>O base elogiou a exibi\u00e7\u00e3o, dizendo que foi uma das melhores da temporada, especialmente pelo desempenho na reta final com tr\u00eas triplos.<\/li>\n<li>Reiterou a import\u00e2ncia do grupo, com uni\u00e3o e foco em manter o ritmo para chegar aos momentos decisivos.<\/li>\n<li>O pr\u00f3ximo compromisso \u00e9 diante do Sporting, no s\u00e1bado, na 15.\u00aa jornada, com Teixeira a viser tornar-se mais completo; ficou fora da pr\u00e9-convocat\u00f3ria da Sele\u00e7\u00e3o Nacional para a dupla frente \u00e0 Rom\u00e9nia.<\/li>\n<\/ul>\n","protected":false},"author":2,"featured_media":206235,"comment_status":"closed","ping_status":"closed","sticky":false,"template":"","format":"standard","meta":{"footnotes":""},"categories":[21],"tags":[3522,1059,85,392,1786,3210],"class_list":["post-206234","post","type-post","status-publish","format-standard","has-post-thumbnail","hentry","category-desporto","tag-5basket","tag-aveiro","tag-basquete","tag-basquetebol","tag-liga","tag-ovar"],"yoast_head":"<!-- This site is optimized with the Yoast SEO plugin v27.2 - https:\/\/yoast.com\/product\/yoast-seo-wordpress\/ -->\n<title>Gustavo Teixeira brilha na vit\u00f3ria da Ovarense sobre a Oliveirense - Portal Tela Portugal<\/title>\n<meta name=\"robots\" content=\"index, follow, max-snippet:-1, max-image-preview:large, max-video-preview:-1\" \/>\n<meta property=\"og:locale\" content=\"pt_PT\" \/>\n<meta property=\"og:type\" content=\"article\" \/>\n<meta property=\"og:title\" content=\"Gustavo Teixeira brilha na vit\u00f3ria da Ovarense sobre a Oliveirense - Portal Tela Portugal\" \/>\n<meta property=\"og:description\" content=\"Gustavo Teixeira marcou 19 pontos, com 12 no \u00faltimo quarto, e ajudou a Ovarense a vencer a Oliveirense no d\u00e9rbi de Aveiro. A vit\u00f3ria deixou a Ovarense em terceiro lugar, empatada com o Sporting no segundo, numa S\u00e9rie de quatro triunfos consecutivos, a melhor desta \u00e9poca. O base elogiou a exibi\u00e7\u00e3o, dizendo que foi uma das melhores da temporada, especialmente pelo desempenho na reta final com tr\u00eas triplos. Reiterou a import\u00e2ncia do grupo, com uni\u00e3o e foco em manter o ritmo para chegar aos momentos decisivos. O pr\u00f3ximo compromisso \u00e9 diante do Sporting, no s\u00e1bado, na 15.\u00aa jornada, com Teixeira a viser tornar-se mais completo; ficou fora da pr\u00e9-convocat\u00f3ria da Sele\u00e7\u00e3o Nacional para a dupla frente \u00e0 Rom\u00e9nia.\" \/>\n<meta property=\"og:url\" content=\"https:\/\/portaltela.pt\/noticias\/2026\/02\/09\/gustavo-teixeira-brilha-na-vitoria-da-ovarense-sobre-a-oliveirense\/\" \/>\n<meta property=\"og:site_name\" content=\"Portal Tela Portugal\" \/>\n<meta property=\"article:published_time\" content=\"2026-02-10T01:45:00+00:00\" \/>\n<meta name=\"author\" content=\"Telinha\" \/>\n<meta name=\"twitter:card\" content=\"summary_large_image\" \/>\n<meta name=\"twitter:label1\" content=\"Escrito por\" \/>\n\t<meta name=\"twitter:data1\" content=\"Telinha\" \/>\n\t<meta name=\"twitter:label2\" content=\"Tempo estimado de leitura\" \/>\n\t<meta name=\"twitter:data2\" content=\"1 minuto\" \/>\n<script type=\"application\/ld+json\" class=\"yoast-schema-graph\">{\"@context\":\"https:\/\/schema.org\",\"@graph\":[{\"@type\":\"Article\",\"@id\":\"https:\/\/portaltela.pt\/noticias\/2026\/02\/09\/gustavo-teixeira-brilha-na-vitoria-da-ovarense-sobre-a-oliveirense\/#article\",\"isPartOf\":{\"@id\":\"https:\/\/portaltela.pt\/noticias\/2026\/02\/09\/gustavo-teixeira-brilha-na-vitoria-da-ovarense-sobre-a-oliveirense\/\"},\"author\":{\"name\":\"Telinha\",\"@id\":\"https:\/\/portaltela.pt\/#\/schema\/person\/c4278d4a6028830caff9ee44b42d32ed\"},\"headline\":\"Gustavo Teixeira brilha na vit\u00f3ria da Ovarense sobre a Oliveirense\",\"datePublished\":\"2026-02-10T01:45:00+00:00\",\"mainEntityOfPage\":{\"@id\":\"https:\/\/portaltela.pt\/noticias\/2026\/02\/09\/gustavo-teixeira-brilha-na-vitoria-da-ovarense-sobre-a-oliveirense\/\"},\"wordCount\":280,\"image\":{\"@id\":\"https:\/\/portaltela.pt\/noticias\/2026\/02\/09\/gustavo-teixeira-brilha-na-vitoria-da-ovarense-sobre-a-oliveirense\/#primaryimage\"},\"thumbnailUrl\":\"https:\/\/portaltela.pt\/s.01k8rhncp4jt1\/2026\/02\/img_920x518uu2026-02-09-19-18-22-2420603.jpg\",\"keywords\":[\"5Basket\",\"Aveiro\",\"basquete\",\"basquetebol\",\"Liga\",\"Ovar\"],\"articleSection\":[\"Desporto\"],\"inLanguage\":\"pt-PT\"},{\"@type\":\"WebPage\",\"@id\":\"https:\/\/portaltela.pt\/noticias\/2026\/02\/09\/gustavo-teixeira-brilha-na-vitoria-da-ovarense-sobre-a-oliveirense\/\",\"url\":\"https:\/\/portaltela.pt\/noticias\/2026\/02\/09\/gustavo-teixeira-brilha-na-vitoria-da-ovarense-sobre-a-oliveirense\/\",\"name\":\"Gustavo Teixeira brilha na vit\u00f3ria da Ovarense sobre a Oliveirense - Portal Tela Portugal\",\"isPartOf\":{\"@id\":\"https:\/\/portaltela.pt\/#website\"},\"primaryImageOfPage\":{\"@id\":\"https:\/\/portaltela.pt\/noticias\/2026\/02\/09\/gustavo-teixeira-brilha-na-vitoria-da-ovarense-sobre-a-oliveirense\/#primaryimage\"},\"image\":{\"@id\":\"https:\/\/portaltela.pt\/noticias\/2026\/02\/09\/gustavo-teixeira-brilha-na-vitoria-da-ovarense-sobre-a-oliveirense\/#primaryimage\"},\"thumbnailUrl\":\"https:\/\/portaltela.pt\/s.01k8rhncp4jt1\/2026\/02\/img_920x518uu2026-02-09-19-18-22-2420603.jpg\",\"datePublished\":\"2026-02-10T01:45:00+00:00\",\"author\":{\"@id\":\"https:\/\/portaltela.pt\/#\/schema\/person\/c4278d4a6028830caff9ee44b42d32ed\"},\"breadcrumb\":{\"@id\":\"https:\/\/portaltela.pt\/noticias\/2026\/02\/09\/gustavo-teixeira-brilha-na-vitoria-da-ovarense-sobre-a-oliveirense\/#breadcrumb\"},\"inLanguage\":\"pt-PT\",\"potentialAction\":[{\"@type\":\"ReadAction\",\"target\":[\"https:\/\/portaltela.pt\/noticias\/2026\/02\/09\/gustavo-teixeira-brilha-na-vitoria-da-ovarense-sobre-a-oliveirense\/\"]}]},{\"@type\":\"ImageObject\",\"inLanguage\":\"pt-PT\",\"@id\":\"https:\/\/portaltela.pt\/noticias\/2026\/02\/09\/gustavo-teixeira-brilha-na-vitoria-da-ovarense-sobre-a-oliveirense\/#primaryimage\",\"url\":\"https:\/\/portaltela.pt\/s.01k8rhncp4jt1\/2026\/02\/img_920x518uu2026-02-09-19-18-22-2420603.jpg\",\"contentUrl\":\"https:\/\/portaltela.pt\/s.01k8rhncp4jt1\/2026\/02\/img_920x518uu2026-02-09-19-18-22-2420603.jpg\",\"width\":796,\"height\":448,\"caption\":\"Guga em destaque no Oliveirense-Ovarense\"},{\"@type\":\"BreadcrumbList\",\"@id\":\"https:\/\/portaltela.pt\/noticias\/2026\/02\/09\/gustavo-teixeira-brilha-na-vitoria-da-ovarense-sobre-a-oliveirense\/#breadcrumb\",\"itemListElement\":[{\"@type\":\"ListItem\",\"position\":1,\"name\":\"In\u00edcio\",\"item\":\"https:\/\/portaltela.pt\/\"},{\"@type\":\"ListItem\",\"position\":2,\"name\":\"Gustavo Teixeira brilha na vit\u00f3ria da Ovarense sobre a Oliveirense\"}]},{\"@type\":\"WebSite\",\"@id\":\"https:\/\/portaltela.pt\/#website\",\"url\":\"https:\/\/portaltela.pt\/\",\"name\":\"Portal Tela Portugal\",\"description\":\"\",\"potentialAction\":[{\"@type\":\"SearchAction\",\"target\":{\"@type\":\"EntryPoint\",\"urlTemplate\":\"https:\/\/portaltela.pt\/?s={search_term_string}\"},\"query-input\":{\"@type\":\"PropertyValueSpecification\",\"valueRequired\":true,\"valueName\":\"search_term_string\"}}],\"inLanguage\":\"pt-PT\"},{\"@type\":\"Person\",\"@id\":\"https:\/\/portaltela.pt\/#\/schema\/person\/c4278d4a6028830caff9ee44b42d32ed\",\"name\":\"Telinha\",\"image\":{\"@type\":\"ImageObject\",\"inLanguage\":\"pt-PT\",\"@id\":\"https:\/\/portaltela.pt\/s.01k8rhncp4jt1\/2025\/11\/talking-bot-125x125.png\",\"url\":\"https:\/\/portaltela.pt\/s.01k8rhncp4jt1\/2025\/11\/talking-bot-125x125.png\",\"contentUrl\":\"https:\/\/portaltela.pt\/s.01k8rhncp4jt1\/2025\/11\/talking-bot-125x125.png\",\"caption\":\"Telinha\"},\"sameAs\":[\"https:\/\/portaltela.pt\/\"],\"url\":\"https:\/\/portaltela.pt\/por\/367410592786\/\"}]}<\/script>\n<!-- \/ Yoast SEO plugin. -->","yoast_head_json":{"title":"Gustavo Teixeira brilha na vit\u00f3ria da Ovarense sobre a Oliveirense - Portal Tela Portugal","robots":{"index":"index","follow":"follow","max-snippet":"max-snippet:-1","max-image-preview":"max-image-preview:large","max-video-preview":"max-video-preview:-1"},"og_locale":"pt_PT","og_type":"article","og_title":"Gustavo Teixeira brilha na vit\u00f3ria da Ovarense sobre a Oliveirense - Portal Tela Portugal","og_description":"Gustavo Teixeira marcou 19 pontos, com 12 no \u00faltimo quarto, e ajudou a Ovarense a vencer a Oliveirense no d\u00e9rbi de Aveiro. A vit\u00f3ria deixou a Ovarense em terceiro lugar, empatada com o Sporting no segundo, numa S\u00e9rie de quatro triunfos consecutivos, a melhor desta \u00e9poca. O base elogiou a exibi\u00e7\u00e3o, dizendo que foi uma das melhores da temporada, especialmente pelo desempenho na reta final com tr\u00eas triplos. Reiterou a import\u00e2ncia do grupo, com uni\u00e3o e foco em manter o ritmo para chegar aos momentos decisivos. O pr\u00f3ximo compromisso \u00e9 diante do Sporting, no s\u00e1bado, na 15.\u00aa jornada, com Teixeira a viser tornar-se mais completo; ficou fora da pr\u00e9-convocat\u00f3ria da Sele\u00e7\u00e3o Nacional para a dupla frente \u00e0 Rom\u00e9nia.","og_url":"https:\/\/portaltela.pt\/noticias\/2026\/02\/09\/gustavo-teixeira-brilha-na-vitoria-da-ovarense-sobre-a-oliveirense\/","og_site_name":"Portal Tela Portugal","article_published_time":"2026-02-10T01:45:00+00:00","author":"Telinha","twitter_card":"summary_large_image","twitter_misc":{"Escrito por":"Telinha","Tempo estimado de leitura":"1 minuto"},"schema":{"@context":"https:\/\/schema.org","@graph":[{"@type":"Article","@id":"https:\/\/portaltela.pt\/noticias\/2026\/02\/09\/gustavo-teixeira-brilha-na-vitoria-da-ovarense-sobre-a-oliveirense\/#article","isPartOf":{"@id":"https:\/\/portaltela.pt\/noticias\/2026\/02\/09\/gustavo-teixeira-brilha-na-vitoria-da-ovarense-sobre-a-oliveirense\/"},"author":{"name":"Telinha","@id":"https:\/\/portaltela.pt\/#\/schema\/person\/c4278d4a6028830caff9ee44b42d32ed"},"headline":"Gustavo Teixeira brilha na vit\u00f3ria da Ovarense sobre a Oliveirense","datePublished":"2026-02-10T01:45:00+00:00","mainEntityOfPage":{"@id":"https:\/\/portaltela.pt\/noticias\/2026\/02\/09\/gustavo-teixeira-brilha-na-vitoria-da-ovarense-sobre-a-oliveirense\/"},"wordCount":280,"image":{"@id":"https:\/\/portaltela.pt\/noticias\/2026\/02\/09\/gustavo-teixeira-brilha-na-vitoria-da-ovarense-sobre-a-oliveirense\/#primaryimage"},"thumbnailUrl":"https:\/\/portaltela.pt\/s.01k8rhncp4jt1\/2026\/02\/img_920x518uu2026-02-09-19-18-22-2420603.jpg","keywords":["5Basket","Aveiro","basquete","basquetebol","Liga","Ovar"],"articleSection":["Desporto"],"inLanguage":"pt-PT"},{"@type":"WebPage","@id":"https:\/\/portaltela.pt\/noticias\/2026\/02\/09\/gustavo-teixeira-brilha-na-vitoria-da-ovarense-sobre-a-oliveirense\/","url":"https:\/\/portaltela.pt\/noticias\/2026\/02\/09\/gustavo-teixeira-brilha-na-vitoria-da-ovarense-sobre-a-oliveirense\/","name":"Gustavo Teixeira brilha na vit\u00f3ria da Ovarense sobre a Oliveirense - Portal Tela Portugal","isPartOf":{"@id":"https:\/\/portaltela.pt\/#website"},"primaryImageOfPage":{"@id":"https:\/\/portaltela.pt\/noticias\/2026\/02\/09\/gustavo-teixeira-brilha-na-vitoria-da-ovarense-sobre-a-oliveirense\/#primaryimage"},"image":{"@id":"https:\/\/portaltela.pt\/noticias\/2026\/02\/09\/gustavo-teixeira-brilha-na-vitoria-da-ovarense-sobre-a-oliveirense\/#primaryimage"},"thumbnailUrl":"https:\/\/portaltela.pt\/s.01k8rhncp4jt1\/2026\/02\/img_920x518uu2026-02-09-19-18-22-2420603.jpg","datePublished":"2026-02-10T01:45:00+00:00","author":{"@id":"https:\/\/portaltela.pt\/#\/schema\/person\/c4278d4a6028830caff9ee44b42d32ed"},"breadcrumb":{"@id":"https:\/\/portaltela.pt\/noticias\/2026\/02\/09\/gustavo-teixeira-brilha-na-vitoria-da-ovarense-sobre-a-oliveirense\/#breadcrumb"},"inLanguage":"pt-PT","potentialAction":[{"@type":"ReadAction","target":["https:\/\/portaltela.pt\/noticias\/2026\/02\/09\/gustavo-teixeira-brilha-na-vitoria-da-ovarense-sobre-a-oliveirense\/"]}]},{"@type":"ImageObject","inLanguage":"pt-PT","@id":"https:\/\/portaltela.pt\/noticias\/2026\/02\/09\/gustavo-teixeira-brilha-na-vitoria-da-ovarense-sobre-a-oliveirense\/#primaryimage","url":"https:\/\/portaltela.pt\/s.01k8rhncp4jt1\/2026\/02\/img_920x518uu2026-02-09-19-18-22-2420603.jpg","contentUrl":"https:\/\/portaltela.pt\/s.01k8rhncp4jt1\/2026\/02\/img_920x518uu2026-02-09-19-18-22-2420603.jpg","width":796,"height":448,"caption":"Guga em destaque no Oliveirense-Ovarense"},{"@type":"BreadcrumbList","@id":"https:\/\/portaltela.pt\/noticias\/2026\/02\/09\/gustavo-teixeira-brilha-na-vitoria-da-ovarense-sobre-a-oliveirense\/#breadcrumb","itemListElement":[{"@type":"ListItem","position":1,"name":"In\u00edcio","item":"https:\/\/portaltela.pt\/"},{"@type":"ListItem","position":2,"name":"Gustavo Teixeira brilha na vit\u00f3ria da Ovarense sobre a Oliveirense"}]},{"@type":"WebSite","@id":"https:\/\/portaltela.pt\/#website","url":"https:\/\/portaltela.pt\/","name":"Portal Tela Portugal","description":"","potentialAction":[{"@type":"SearchAction","target":{"@type":"EntryPoint","urlTemplate":"https:\/\/portaltela.pt\/?s={search_term_string}"},"query-input":{"@type":"PropertyValueSpecification","valueRequired":true,"valueName":"search_term_string"}}],"inLanguage":"pt-PT"},{"@type":"Person","@id":"https:\/\/portaltela.pt\/#\/schema\/person\/c4278d4a6028830caff9ee44b42d32ed","name":"Telinha","image":{"@type":"ImageObject","inLanguage":"pt-PT","@id":"https:\/\/portaltela.pt\/s.01k8rhncp4jt1\/2025\/11\/talking-bot-125x125.png","url":"https:\/\/portaltela.pt\/s.01k8rhncp4jt1\/2025\/11\/talking-bot-125x125.png","contentUrl":"https:\/\/portaltela.pt\/s.01k8rhncp4jt1\/2025\/11\/talking-bot-125x125.png","caption":"Telinha"},"sameAs":["https:\/\/portaltela.pt\/"],"url":"https:\/\/portaltela.pt\/por\/367410592786\/"}]}},"_links":{"self":[{"href":"https:\/\/portaltela.pt\/api\/wp\/v2\/posts\/206234","targetHints":{"allow":["GET"]}}],"collection":[{"href":"https:\/\/portaltela.pt\/api\/wp\/v2\/posts"}],"about":[{"href":"https:\/\/portaltela.pt\/api\/wp\/v2\/types\/post"}],"author":[{"embeddable":true,"href":"https:\/\/portaltela.pt\/api\/wp\/v2\/users\/2"}],"replies":[{"embeddable":true,"href":"https:\/\/portaltela.pt\/api\/wp\/v2\/comments?post=206234"}],"version-history":[{"count":0,"href":"https:\/\/portaltela.pt\/api\/wp\/v2\/posts\/206234\/revisions"}],"wp:featuredmedia":[{"embeddable":true,"href":"https:\/\/portaltela.pt\/api\/wp\/v2\/media\/206235"}],"wp:attachment":[{"href":"https:\/\/portaltela.pt\/api\/wp\/v2\/media?parent=206234"}],"wp:term":[{"taxonomy":"category","embeddable":true,"href":"https:\/\/portaltela.pt\/api\/wp\/v2\/categories?post=206234"},{"taxonomy":"post_tag","embeddable":true,"href":"https:\/\/portaltela.pt\/api\/wp\/v2\/tags?post=206234"}],"curies":[{"name":"wp","href":"https:\/\/api.w.org\/{rel}","templated":true}]}}