{"id":206214,"date":"2026-02-09T22:30:00","date_gmt":"2026-02-10T01:30:00","guid":{"rendered":"https:\/\/portaltela.pt\/noticias\/2026\/02\/09\/funeral-de-maria-custodia-amaral-realiza-se-22-dias-apos-o-crime\/"},"modified":"2026-02-09T22:30:00","modified_gmt":"2026-02-10T01:30:00","slug":"funeral-de-maria-custodia-amaral-realiza-se-22-dias-apos-o-crime","status":"publish","type":"post","link":"https:\/\/portaltela.pt\/noticias\/2026\/02\/09\/funeral-de-maria-custodia-amaral-realiza-se-22-dias-apos-o-crime\/","title":{"rendered":"Funeral de Maria Cust\u00f3dia Amaral realiza-se 22 dias ap\u00f3s o crime"},"content":{"rendered":"<p>O funeral de Maria Cust\u00f3dia Amaral ocorreu 22 dias ap\u00f3s o crime. A desaparecida, filha da atriz Delfina Cruz, foi dada como desaparecida a 19 de janeiro e o corpo foi encontrado a 31 do mesmo m\u00eas. O vel\u00f3rio decorreu na Igreja dos Salesianos do Estoril e o funeral realiza-se hoje \u00e0s 10h30. Maria Amaral tinha 54 anos e era agente imobili\u00e1ria.<\/p>\n<p>A Pol\u00edcia Judici\u00e1ria concluiu que faleceu na noite de 19 de janeiro. O autor confessou o crime, tem 35 anos e conhecia a v\u00edtima h\u00e1 alguns anos. Foi detido e aguarda julgamento em pris\u00e3o preventiva. Vest\u00edgios de sangue foram encontrados na casa do suspeito.<\/p>\n<p>Depois de o crime ocorrer em S\u00e3o Bartolomeu dos Galegos, Lourinh\u00e3, o corpo foi transportado no carro da v\u00edtima para a Lagoa de \u00d3bidos. A viatura foi deixada perto do quartel dos Bombeiros de Peniche, onde foi detetada por c\u00e2maras de videovigil\u00e2ncia.<\/p>\n<h3>Detalhes do crime<\/h3>\n<p>O corpo de Maria Cust\u00f3dia Amaral foi encontrado na Lagoa de \u00d3bidos, enterrado na areia. A investiga\u00e7\u00e3o envolve a autoria do homic\u00eddio qualificado e a profana\u00e7\u00e3o de cad\u00e1ver. A representante do Minist\u00e9rio P\u00fablico j\u00e1 pediu a not\u00edcias sobre o andamento do caso.<\/p>\n<p>A fam\u00edlia e amigos devem participar nas cerim\u00f3nias f\u00fanebres, confirmadas para as nove dias ap\u00f3s a localiza\u00e7\u00e3o do corpo, seguindo o luto da v\u00edtima. O processo judicial continua em curso com o arguido a aguardar julgamento.<\/p>\n","protected":false},"excerpt":{"rendered":"<ul>\n<li>Maria Cust\u00f3dia Amaral, 54 anos, filha da atriz Delfina Cruz, desapareceu a 19 de janeiro; o corpo foi encontrado a 31 de janeiro na Lagoa de \u00d3bidos e estava enterrado na areia ap\u00f3s 12 dias desaparecida.<\/li>\n<li>O vel\u00f3rio realizou-se na Igreja dos Salesianos do Estoril, nove dias ap\u00f3s a descoberta do corpo; o funeral est\u00e1 marcado para as 10h30 de hoje.<\/li>\n<li>A Pol\u00edcia Judici\u00e1ria concluiu que a v\u00edtima foi morta na noite do seu desaparecimento, a 19 de janeiro; o autor confesso, de 35 anos, conhecia a v\u00edtima h\u00e1 v\u00e1rios anos e est\u00e1 em pris\u00e3o preventiva.<\/li>\n<li>vest\u00edgios de sangue foram encontrados na casa do suspeito; ele \u00e9 indiciado por homic\u00eddio qualificado e profana\u00e7\u00e3o de cad\u00e1ver.<\/li>\n<li>Ap\u00f3s o crime, o corpo ter\u00e1 sido transportado no carro da v\u00edtima para a Lagoa de \u00d3bidos e deixado perto do quartel dos Bombeiros de Peniche, onde foi detectado por c\u00e2maras de videovigil\u00e2ncia.<\/li>\n<\/ul>\n","protected":false},"author":2,"featured_media":206228,"comment_status":"closed","ping_status":"closed","sticky":false,"template":"","format":"standard","meta":{"footnotes":""},"categories":[1],"tags":[999,1345,1189,1280,1096,2234],"class_list":["post-206214","post","type-post","status-publish","format-standard","has-post-thumbnail","hentry","category-noticias","tag-estoril","tag-homicidio","tag-homicidio-qualificado","tag-obidos","tag-profanacao-de-cadaver","tag-videovigilancia"],"yoast_head":"<!-- This site is optimized with the Yoast SEO plugin v27.2 - https:\/\/yoast.com\/product\/yoast-seo-wordpress\/ -->\n<title>Funeral de Maria Cust\u00f3dia Amaral realiza-se 22 dias ap\u00f3s o crime - Portal Tela Portugal<\/title>\n<meta name=\"robots\" content=\"index, follow, max-snippet:-1, max-image-preview:large, max-video-preview:-1\" \/>\n<meta property=\"og:locale\" content=\"pt_PT\" \/>\n<meta property=\"og:type\" content=\"article\" \/>\n<meta property=\"og:title\" content=\"Funeral de Maria Cust\u00f3dia Amaral realiza-se 22 dias ap\u00f3s o crime - Portal Tela Portugal\" \/>\n<meta property=\"og:description\" content=\"Maria Cust\u00f3dia Amaral, 54 anos, filha da atriz Delfina Cruz, desapareceu a 19 de janeiro; o corpo foi encontrado a 31 de janeiro na Lagoa de \u00d3bidos e estava enterrado na areia ap\u00f3s 12 dias desaparecida. O vel\u00f3rio realizou-se na Igreja dos Salesianos do Estoril, nove dias ap\u00f3s a descoberta do corpo; o funeral est\u00e1 marcado para as 10h30 de hoje. A Pol\u00edcia Judici\u00e1ria concluiu que a v\u00edtima foi morta na noite do seu desaparecimento, a 19 de janeiro; o autor confesso, de 35 anos, conhecia a v\u00edtima h\u00e1 v\u00e1rios anos e est\u00e1 em pris\u00e3o preventiva. vest\u00edgios de sangue foram encontrados na casa do suspeito; ele \u00e9 indiciado por homic\u00eddio qualificado e profana\u00e7\u00e3o de cad\u00e1ver. Ap\u00f3s o crime, o corpo ter\u00e1 sido transportado no carro da v\u00edtima para a Lagoa de \u00d3bidos e deixado perto do quartel dos Bombeiros de Peniche, onde foi detectado por c\u00e2maras de videovigil\u00e2ncia.\" \/>\n<meta property=\"og:url\" content=\"https:\/\/portaltela.pt\/noticias\/2026\/02\/09\/funeral-de-maria-custodia-amaral-realiza-se-22-dias-apos-o-crime\/\" \/>\n<meta property=\"og:site_name\" content=\"Portal Tela Portugal\" \/>\n<meta property=\"article:published_time\" content=\"2026-02-10T01:30:00+00:00\" \/>\n<meta name=\"author\" content=\"Telinha\" \/>\n<meta name=\"twitter:card\" content=\"summary_large_image\" \/>\n<meta name=\"twitter:label1\" content=\"Escrito por\" \/>\n\t<meta name=\"twitter:data1\" content=\"Telinha\" \/>\n\t<meta name=\"twitter:label2\" content=\"Tempo estimado de leitura\" \/>\n\t<meta name=\"twitter:data2\" content=\"1 minuto\" \/>\n<script type=\"application\/ld+json\" class=\"yoast-schema-graph\">{\"@context\":\"https:\/\/schema.org\",\"@graph\":[{\"@type\":\"Article\",\"@id\":\"https:\/\/portaltela.pt\/noticias\/2026\/02\/09\/funeral-de-maria-custodia-amaral-realiza-se-22-dias-apos-o-crime\/#article\",\"isPartOf\":{\"@id\":\"https:\/\/portaltela.pt\/noticias\/2026\/02\/09\/funeral-de-maria-custodia-amaral-realiza-se-22-dias-apos-o-crime\/\"},\"author\":{\"name\":\"Telinha\",\"@id\":\"https:\/\/portaltela.pt\/#\/schema\/person\/c4278d4a6028830caff9ee44b42d32ed\"},\"headline\":\"Funeral de Maria Cust\u00f3dia Amaral realiza-se 22 dias ap\u00f3s o crime\",\"datePublished\":\"2026-02-10T01:30:00+00:00\",\"mainEntityOfPage\":{\"@id\":\"https:\/\/portaltela.pt\/noticias\/2026\/02\/09\/funeral-de-maria-custodia-amaral-realiza-se-22-dias-apos-o-crime\/\"},\"wordCount\":263,\"image\":{\"@id\":\"https:\/\/portaltela.pt\/noticias\/2026\/02\/09\/funeral-de-maria-custodia-amaral-realiza-se-22-dias-apos-o-crime\/#primaryimage\"},\"thumbnailUrl\":\"https:\/\/portaltela.pt\/s.01k8rhncp4jt1\/2026\/02\/img_1500x1000uu2026-01-23-21-29-53-2262207-im-639057300073627918.jpg\",\"keywords\":[\"Estoril\",\"homic\u00eddio\",\"homic\u00eddio qualificado\",\"\u00d3bidos\",\"profana\u00e7\u00e3o de cad\u00e1ver\",\"videovigil\u00e2ncia\"],\"articleSection\":[\"Not\u00edcias\"],\"inLanguage\":\"pt-PT\"},{\"@type\":\"WebPage\",\"@id\":\"https:\/\/portaltela.pt\/noticias\/2026\/02\/09\/funeral-de-maria-custodia-amaral-realiza-se-22-dias-apos-o-crime\/\",\"url\":\"https:\/\/portaltela.pt\/noticias\/2026\/02\/09\/funeral-de-maria-custodia-amaral-realiza-se-22-dias-apos-o-crime\/\",\"name\":\"Funeral de Maria Cust\u00f3dia Amaral realiza-se 22 dias ap\u00f3s o crime - Portal Tela Portugal\",\"isPartOf\":{\"@id\":\"https:\/\/portaltela.pt\/#website\"},\"primaryImageOfPage\":{\"@id\":\"https:\/\/portaltela.pt\/noticias\/2026\/02\/09\/funeral-de-maria-custodia-amaral-realiza-se-22-dias-apos-o-crime\/#primaryimage\"},\"image\":{\"@id\":\"https:\/\/portaltela.pt\/noticias\/2026\/02\/09\/funeral-de-maria-custodia-amaral-realiza-se-22-dias-apos-o-crime\/#primaryimage\"},\"thumbnailUrl\":\"https:\/\/portaltela.pt\/s.01k8rhncp4jt1\/2026\/02\/img_1500x1000uu2026-01-23-21-29-53-2262207-im-639057300073627918.jpg\",\"datePublished\":\"2026-02-10T01:30:00+00:00\",\"author\":{\"@id\":\"https:\/\/portaltela.pt\/#\/schema\/person\/c4278d4a6028830caff9ee44b42d32ed\"},\"breadcrumb\":{\"@id\":\"https:\/\/portaltela.pt\/noticias\/2026\/02\/09\/funeral-de-maria-custodia-amaral-realiza-se-22-dias-apos-o-crime\/#breadcrumb\"},\"inLanguage\":\"pt-PT\",\"potentialAction\":[{\"@type\":\"ReadAction\",\"target\":[\"https:\/\/portaltela.pt\/noticias\/2026\/02\/09\/funeral-de-maria-custodia-amaral-realiza-se-22-dias-apos-o-crime\/\"]}]},{\"@type\":\"ImageObject\",\"inLanguage\":\"pt-PT\",\"@id\":\"https:\/\/portaltela.pt\/noticias\/2026\/02\/09\/funeral-de-maria-custodia-amaral-realiza-se-22-dias-apos-o-crime\/#primaryimage\",\"url\":\"https:\/\/portaltela.pt\/s.01k8rhncp4jt1\/2026\/02\/img_1500x1000uu2026-01-23-21-29-53-2262207-im-639057300073627918.jpg\",\"contentUrl\":\"https:\/\/portaltela.pt\/s.01k8rhncp4jt1\/2026\/02\/img_1500x1000uu2026-01-23-21-29-53-2262207-im-639057300073627918.jpg\",\"width\":796,\"height\":448,\"caption\":\"Maria Cust\u00f3dia Amaral\"},{\"@type\":\"BreadcrumbList\",\"@id\":\"https:\/\/portaltela.pt\/noticias\/2026\/02\/09\/funeral-de-maria-custodia-amaral-realiza-se-22-dias-apos-o-crime\/#breadcrumb\",\"itemListElement\":[{\"@type\":\"ListItem\",\"position\":1,\"name\":\"In\u00edcio\",\"item\":\"https:\/\/portaltela.pt\/\"},{\"@type\":\"ListItem\",\"position\":2,\"name\":\"Funeral de Maria Cust\u00f3dia Amaral realiza-se 22 dias ap\u00f3s o crime\"}]},{\"@type\":\"WebSite\",\"@id\":\"https:\/\/portaltela.pt\/#website\",\"url\":\"https:\/\/portaltela.pt\/\",\"name\":\"Portal Tela Portugal\",\"description\":\"\",\"potentialAction\":[{\"@type\":\"SearchAction\",\"target\":{\"@type\":\"EntryPoint\",\"urlTemplate\":\"https:\/\/portaltela.pt\/?s={search_term_string}\"},\"query-input\":{\"@type\":\"PropertyValueSpecification\",\"valueRequired\":true,\"valueName\":\"search_term_string\"}}],\"inLanguage\":\"pt-PT\"},{\"@type\":\"Person\",\"@id\":\"https:\/\/portaltela.pt\/#\/schema\/person\/c4278d4a6028830caff9ee44b42d32ed\",\"name\":\"Telinha\",\"image\":{\"@type\":\"ImageObject\",\"inLanguage\":\"pt-PT\",\"@id\":\"https:\/\/portaltela.pt\/s.01k8rhncp4jt1\/2025\/11\/talking-bot-125x125.png\",\"url\":\"https:\/\/portaltela.pt\/s.01k8rhncp4jt1\/2025\/11\/talking-bot-125x125.png\",\"contentUrl\":\"https:\/\/portaltela.pt\/s.01k8rhncp4jt1\/2025\/11\/talking-bot-125x125.png\",\"caption\":\"Telinha\"},\"sameAs\":[\"https:\/\/portaltela.pt\/\"],\"url\":\"https:\/\/portaltela.pt\/por\/367410592786\/\"}]}<\/script>\n<!-- \/ Yoast SEO plugin. -->","yoast_head_json":{"title":"Funeral de Maria Cust\u00f3dia Amaral realiza-se 22 dias ap\u00f3s o crime - Portal Tela Portugal","robots":{"index":"index","follow":"follow","max-snippet":"max-snippet:-1","max-image-preview":"max-image-preview:large","max-video-preview":"max-video-preview:-1"},"og_locale":"pt_PT","og_type":"article","og_title":"Funeral de Maria Cust\u00f3dia Amaral realiza-se 22 dias ap\u00f3s o crime - Portal Tela Portugal","og_description":"Maria Cust\u00f3dia Amaral, 54 anos, filha da atriz Delfina Cruz, desapareceu a 19 de janeiro; o corpo foi encontrado a 31 de janeiro na Lagoa de \u00d3bidos e estava enterrado na areia ap\u00f3s 12 dias desaparecida. O vel\u00f3rio realizou-se na Igreja dos Salesianos do Estoril, nove dias ap\u00f3s a descoberta do corpo; o funeral est\u00e1 marcado para as 10h30 de hoje. A Pol\u00edcia Judici\u00e1ria concluiu que a v\u00edtima foi morta na noite do seu desaparecimento, a 19 de janeiro; o autor confesso, de 35 anos, conhecia a v\u00edtima h\u00e1 v\u00e1rios anos e est\u00e1 em pris\u00e3o preventiva. vest\u00edgios de sangue foram encontrados na casa do suspeito; ele \u00e9 indiciado por homic\u00eddio qualificado e profana\u00e7\u00e3o de cad\u00e1ver. Ap\u00f3s o crime, o corpo ter\u00e1 sido transportado no carro da v\u00edtima para a Lagoa de \u00d3bidos e deixado perto do quartel dos Bombeiros de Peniche, onde foi detectado por c\u00e2maras de videovigil\u00e2ncia.","og_url":"https:\/\/portaltela.pt\/noticias\/2026\/02\/09\/funeral-de-maria-custodia-amaral-realiza-se-22-dias-apos-o-crime\/","og_site_name":"Portal Tela Portugal","article_published_time":"2026-02-10T01:30:00+00:00","author":"Telinha","twitter_card":"summary_large_image","twitter_misc":{"Escrito por":"Telinha","Tempo estimado de leitura":"1 minuto"},"schema":{"@context":"https:\/\/schema.org","@graph":[{"@type":"Article","@id":"https:\/\/portaltela.pt\/noticias\/2026\/02\/09\/funeral-de-maria-custodia-amaral-realiza-se-22-dias-apos-o-crime\/#article","isPartOf":{"@id":"https:\/\/portaltela.pt\/noticias\/2026\/02\/09\/funeral-de-maria-custodia-amaral-realiza-se-22-dias-apos-o-crime\/"},"author":{"name":"Telinha","@id":"https:\/\/portaltela.pt\/#\/schema\/person\/c4278d4a6028830caff9ee44b42d32ed"},"headline":"Funeral de Maria Cust\u00f3dia Amaral realiza-se 22 dias ap\u00f3s o crime","datePublished":"2026-02-10T01:30:00+00:00","mainEntityOfPage":{"@id":"https:\/\/portaltela.pt\/noticias\/2026\/02\/09\/funeral-de-maria-custodia-amaral-realiza-se-22-dias-apos-o-crime\/"},"wordCount":263,"image":{"@id":"https:\/\/portaltela.pt\/noticias\/2026\/02\/09\/funeral-de-maria-custodia-amaral-realiza-se-22-dias-apos-o-crime\/#primaryimage"},"thumbnailUrl":"https:\/\/portaltela.pt\/s.01k8rhncp4jt1\/2026\/02\/img_1500x1000uu2026-01-23-21-29-53-2262207-im-639057300073627918.jpg","keywords":["Estoril","homic\u00eddio","homic\u00eddio qualificado","\u00d3bidos","profana\u00e7\u00e3o de cad\u00e1ver","videovigil\u00e2ncia"],"articleSection":["Not\u00edcias"],"inLanguage":"pt-PT"},{"@type":"WebPage","@id":"https:\/\/portaltela.pt\/noticias\/2026\/02\/09\/funeral-de-maria-custodia-amaral-realiza-se-22-dias-apos-o-crime\/","url":"https:\/\/portaltela.pt\/noticias\/2026\/02\/09\/funeral-de-maria-custodia-amaral-realiza-se-22-dias-apos-o-crime\/","name":"Funeral de Maria Cust\u00f3dia Amaral realiza-se 22 dias ap\u00f3s o crime - Portal Tela Portugal","isPartOf":{"@id":"https:\/\/portaltela.pt\/#website"},"primaryImageOfPage":{"@id":"https:\/\/portaltela.pt\/noticias\/2026\/02\/09\/funeral-de-maria-custodia-amaral-realiza-se-22-dias-apos-o-crime\/#primaryimage"},"image":{"@id":"https:\/\/portaltela.pt\/noticias\/2026\/02\/09\/funeral-de-maria-custodia-amaral-realiza-se-22-dias-apos-o-crime\/#primaryimage"},"thumbnailUrl":"https:\/\/portaltela.pt\/s.01k8rhncp4jt1\/2026\/02\/img_1500x1000uu2026-01-23-21-29-53-2262207-im-639057300073627918.jpg","datePublished":"2026-02-10T01:30:00+00:00","author":{"@id":"https:\/\/portaltela.pt\/#\/schema\/person\/c4278d4a6028830caff9ee44b42d32ed"},"breadcrumb":{"@id":"https:\/\/portaltela.pt\/noticias\/2026\/02\/09\/funeral-de-maria-custodia-amaral-realiza-se-22-dias-apos-o-crime\/#breadcrumb"},"inLanguage":"pt-PT","potentialAction":[{"@type":"ReadAction","target":["https:\/\/portaltela.pt\/noticias\/2026\/02\/09\/funeral-de-maria-custodia-amaral-realiza-se-22-dias-apos-o-crime\/"]}]},{"@type":"ImageObject","inLanguage":"pt-PT","@id":"https:\/\/portaltela.pt\/noticias\/2026\/02\/09\/funeral-de-maria-custodia-amaral-realiza-se-22-dias-apos-o-crime\/#primaryimage","url":"https:\/\/portaltela.pt\/s.01k8rhncp4jt1\/2026\/02\/img_1500x1000uu2026-01-23-21-29-53-2262207-im-639057300073627918.jpg","contentUrl":"https:\/\/portaltela.pt\/s.01k8rhncp4jt1\/2026\/02\/img_1500x1000uu2026-01-23-21-29-53-2262207-im-639057300073627918.jpg","width":796,"height":448,"caption":"Maria Cust\u00f3dia Amaral"},{"@type":"BreadcrumbList","@id":"https:\/\/portaltela.pt\/noticias\/2026\/02\/09\/funeral-de-maria-custodia-amaral-realiza-se-22-dias-apos-o-crime\/#breadcrumb","itemListElement":[{"@type":"ListItem","position":1,"name":"In\u00edcio","item":"https:\/\/portaltela.pt\/"},{"@type":"ListItem","position":2,"name":"Funeral de Maria Cust\u00f3dia Amaral realiza-se 22 dias ap\u00f3s o crime"}]},{"@type":"WebSite","@id":"https:\/\/portaltela.pt\/#website","url":"https:\/\/portaltela.pt\/","name":"Portal Tela Portugal","description":"","potentialAction":[{"@type":"SearchAction","target":{"@type":"EntryPoint","urlTemplate":"https:\/\/portaltela.pt\/?s={search_term_string}"},"query-input":{"@type":"PropertyValueSpecification","valueRequired":true,"valueName":"search_term_string"}}],"inLanguage":"pt-PT"},{"@type":"Person","@id":"https:\/\/portaltela.pt\/#\/schema\/person\/c4278d4a6028830caff9ee44b42d32ed","name":"Telinha","image":{"@type":"ImageObject","inLanguage":"pt-PT","@id":"https:\/\/portaltela.pt\/s.01k8rhncp4jt1\/2025\/11\/talking-bot-125x125.png","url":"https:\/\/portaltela.pt\/s.01k8rhncp4jt1\/2025\/11\/talking-bot-125x125.png","contentUrl":"https:\/\/portaltela.pt\/s.01k8rhncp4jt1\/2025\/11\/talking-bot-125x125.png","caption":"Telinha"},"sameAs":["https:\/\/portaltela.pt\/"],"url":"https:\/\/portaltela.pt\/por\/367410592786\/"}]}},"_links":{"self":[{"href":"https:\/\/portaltela.pt\/api\/wp\/v2\/posts\/206214","targetHints":{"allow":["GET"]}}],"collection":[{"href":"https:\/\/portaltela.pt\/api\/wp\/v2\/posts"}],"about":[{"href":"https:\/\/portaltela.pt\/api\/wp\/v2\/types\/post"}],"author":[{"embeddable":true,"href":"https:\/\/portaltela.pt\/api\/wp\/v2\/users\/2"}],"replies":[{"embeddable":true,"href":"https:\/\/portaltela.pt\/api\/wp\/v2\/comments?post=206214"}],"version-history":[{"count":0,"href":"https:\/\/portaltela.pt\/api\/wp\/v2\/posts\/206214\/revisions"}],"wp:featuredmedia":[{"embeddable":true,"href":"https:\/\/portaltela.pt\/api\/wp\/v2\/media\/206228"}],"wp:attachment":[{"href":"https:\/\/portaltela.pt\/api\/wp\/v2\/media?parent=206214"}],"wp:term":[{"taxonomy":"category","embeddable":true,"href":"https:\/\/portaltela.pt\/api\/wp\/v2\/categories?post=206214"},{"taxonomy":"post_tag","embeddable":true,"href":"https:\/\/portaltela.pt\/api\/wp\/v2\/tags?post=206214"}],"curies":[{"name":"wp","href":"https:\/\/api.w.org\/{rel}","templated":true}]}}