{"id":206206,"date":"2026-02-09T22:30:00","date_gmt":"2026-02-10T01:30:00","guid":{"rendered":"https:\/\/portaltela.pt\/noticias\/2026\/02\/09\/nuno-homem-de-sa-e-novamente-acusado-de-violencia-domestica\/"},"modified":"2026-02-09T22:30:00","modified_gmt":"2026-02-10T01:30:00","slug":"nuno-homem-de-sa-e-novamente-acusado-de-violencia-domestica","status":"publish","type":"post","link":"https:\/\/portaltela.pt\/noticias\/politica\/2026\/02\/09\/nuno-homem-de-sa-e-novamente-acusado-de-violencia-domestica\/","title":{"rendered":"Nuno Homem de S\u00e1 \u00e9 novamente acusado de viol\u00eancia dom\u00e9stica"},"content":{"rendered":"<p>Nuno Homem de S\u00e1, 63 anos, volta a ser acusado de viol\u00eancia dom\u00e9stica agravada, desta vez envolvendo a ex-namorada N\u00e1dia Lopes. O ator ser\u00e1 julgado em mar\u00e7o no Tribunal de Viseu, e, antes disso, tem audi\u00e7\u00e3o marcada para 24 de mar\u00e7o no Tribunal de Torres Vedras, no \u00e2mbito de outro crime contra Frederica Lima. Os processos podem render pena efetiva se houver condena\u00e7\u00e3o nos dois casos.<\/p>\n<p>A rela\u00e7\u00e3o entre Nuno Homem de S\u00e1 e N\u00e1dia Lopes come\u00e7ou no Instagram, em dezembro de 2023. A jovem, de 36 anos, mudou-se para a casa do ent\u00e3o companheiro e, durante tr\u00eas meses, experienciou v\u00e1rios epis\u00f3dios de press\u00e3o e controlo. A acusa\u00e7\u00e3o descreve um padr\u00e3o de desvaloriza\u00e7\u00e3o e de isolamento social.<\/p>\n<p>Segundo o Minist\u00e9rio P\u00fablico, o ator impedia-a de falar ao telem\u00f3vel, acusava-a de ter amantes e restringia o contacto com amigos. Em casa, alegadamente era proibida de sair, com insultos frequentes. Foram ainda descritos epis\u00f3dios de higiene neglicenciada e feridas por falta de cuidado.<\/p>\n<p>Nuno Homem de S\u00e1 ter\u00e1 tamb\u00e9m criado perfis falsos para denegrir N\u00e1dia nas redes sociais. A rela\u00e7\u00e3o terminou em mar\u00e7o de 2024, com amea\u00e7as de morte por mensagens no Instagram. Diante das agress\u00f5es, N\u00e1dia chegou a tentar suicidar-se, o que motivou o processo em Viseu.<\/p>\n<h3>Em curso nos tribunais<\/h3>\n<p>No caso envolvendo Frederica Lima, o ator \u00e9 acusado de viol\u00eancia dom\u00e9stica, viola\u00e7\u00e3o de domic\u00edlio e perturba\u00e7\u00e3o da vida privada. Est\u00e1 proibido de se aproximar da v\u00edtima, com uma dist\u00e2ncia de pelo menos 500 metros da resid\u00eancia e do local de trabalho.<\/p>\n","protected":false},"excerpt":{"rendered":"<ul>\n<li>Nuno Homem de S\u00e1, de 63 anos, volta a ser acusado de viol\u00eancia dom\u00e9stica agravada, desta vez pela ex-namorada N\u00e1dia Lopes, com julgamento previsto em mar\u00e7o no Tribunal de Viseu.<\/li>\n<li>Antes disso, no dia 24, enfrenta o mesmo crime no Tribunal de Torres Vedras, relacionado com Frederica Lima, outra ex-namorada.<\/li>\n<li>A acusa\u00e7\u00e3o relata tr\u00eas meses de terror na rela\u00e7\u00e3o com N\u00e1dia Lopes, incluindo controlo extremo, insultos, priva\u00e7\u00e3o de higiene e perfis falsos nas redes sociais para denegrir a v\u00edtima.<\/li>\n<li>N\u00e1dia Lopes, que j\u00e1 emigrar\u00e1 para Inglaterra, chegou a tentar suicidar-se devido \u00e0s amea\u00e7as e persegui\u00e7\u00f5es descritas pela acusa\u00e7\u00e3o.<\/li>\n<li>Em rela\u00e7\u00e3o a Frederica Lima, o ator \u00e9 acusado de viol\u00eancia dom\u00e9stica, viola\u00e7\u00e3o de domic\u00edlio e perturba\u00e7\u00e3o da vida privada, estando proibido de se aproximar a menos de quinhentos metros.<\/li>\n<\/ul>\n","protected":false},"author":2,"featured_media":206208,"comment_status":"closed","ping_status":"closed","sticky":false,"template":"","format":"standard","meta":{"footnotes":""},"categories":[1,5],"tags":[5656,5703,2649,214,899,1171],"class_list":["post-206206","post","type-post","status-publish","format-standard","has-post-thumbnail","hentry","category-noticias","category-politica","tag-criminalidade","tag-perturbacao-da-vida-privada","tag-violacao-de-domicilio","tag-violencia-domestica","tag-violencia-domestica-agravada","tag-viseu"],"yoast_head":"<!-- This site is optimized with the Yoast SEO plugin v27.2 - https:\/\/yoast.com\/product\/yoast-seo-wordpress\/ -->\n<title>Nuno Homem de S\u00e1 \u00e9 novamente acusado de viol\u00eancia dom\u00e9stica - Portal Tela Portugal<\/title>\n<meta name=\"robots\" content=\"index, follow, max-snippet:-1, max-image-preview:large, max-video-preview:-1\" \/>\n<meta property=\"og:locale\" content=\"pt_PT\" \/>\n<meta property=\"og:type\" content=\"article\" \/>\n<meta property=\"og:title\" content=\"Nuno Homem de S\u00e1 \u00e9 novamente acusado de viol\u00eancia dom\u00e9stica - Portal Tela Portugal\" \/>\n<meta property=\"og:description\" content=\"Nuno Homem de S\u00e1, de 63 anos, volta a ser acusado de viol\u00eancia dom\u00e9stica agravada, desta vez pela ex-namorada N\u00e1dia Lopes, com julgamento previsto em mar\u00e7o no Tribunal de Viseu. Antes disso, no dia 24, enfrenta o mesmo crime no Tribunal de Torres Vedras, relacionado com Frederica Lima, outra ex-namorada. A acusa\u00e7\u00e3o relata tr\u00eas meses de terror na rela\u00e7\u00e3o com N\u00e1dia Lopes, incluindo controlo extremo, insultos, priva\u00e7\u00e3o de higiene e perfis falsos nas redes sociais para denegrir a v\u00edtima. N\u00e1dia Lopes, que j\u00e1 emigrar\u00e1 para Inglaterra, chegou a tentar suicidar-se devido \u00e0s amea\u00e7as e persegui\u00e7\u00f5es descritas pela acusa\u00e7\u00e3o. Em rela\u00e7\u00e3o a Frederica Lima, o ator \u00e9 acusado de viol\u00eancia dom\u00e9stica, viola\u00e7\u00e3o de domic\u00edlio e perturba\u00e7\u00e3o da vida privada, estando proibido de se aproximar a menos de quinhentos metros.\" \/>\n<meta property=\"og:url\" content=\"https:\/\/portaltela.pt\/noticias\/2026\/02\/09\/nuno-homem-de-sa-e-novamente-acusado-de-violencia-domestica\/\" \/>\n<meta property=\"og:site_name\" content=\"Portal Tela Portugal\" \/>\n<meta property=\"article:published_time\" content=\"2026-02-10T01:30:00+00:00\" \/>\n<meta name=\"author\" content=\"Telinha\" \/>\n<meta name=\"twitter:card\" content=\"summary_large_image\" \/>\n<meta name=\"twitter:label1\" content=\"Escrito por\" \/>\n\t<meta name=\"twitter:data1\" content=\"Telinha\" \/>\n\t<meta name=\"twitter:label2\" content=\"Tempo estimado de leitura\" \/>\n\t<meta name=\"twitter:data2\" content=\"1 minuto\" \/>\n<script type=\"application\/ld+json\" class=\"yoast-schema-graph\">{\"@context\":\"https:\/\/schema.org\",\"@graph\":[{\"@type\":\"Article\",\"@id\":\"https:\/\/portaltela.pt\/noticias\/2026\/02\/09\/nuno-homem-de-sa-e-novamente-acusado-de-violencia-domestica\/#article\",\"isPartOf\":{\"@id\":\"https:\/\/portaltela.pt\/noticias\/2026\/02\/09\/nuno-homem-de-sa-e-novamente-acusado-de-violencia-domestica\/\"},\"author\":{\"name\":\"Telinha\",\"@id\":\"https:\/\/portaltela.pt\/#\/schema\/person\/c4278d4a6028830caff9ee44b42d32ed\"},\"headline\":\"Nuno Homem de S\u00e1 \u00e9 novamente acusado de viol\u00eancia dom\u00e9stica\",\"datePublished\":\"2026-02-10T01:30:00+00:00\",\"mainEntityOfPage\":{\"@id\":\"https:\/\/portaltela.pt\/noticias\/2026\/02\/09\/nuno-homem-de-sa-e-novamente-acusado-de-violencia-domestica\/\"},\"wordCount\":293,\"image\":{\"@id\":\"https:\/\/portaltela.pt\/noticias\/2026\/02\/09\/nuno-homem-de-sa-e-novamente-acusado-de-violencia-domestica\/#primaryimage\"},\"thumbnailUrl\":\"https:\/\/portaltela.pt\/s.01k8rhncp4jt1\/2026\/02\/img_1500x1000uu2024-03-22-13-26-45-1606691.jpg\",\"keywords\":[\"criminalidade\",\"perturba\u00e7\u00e3o da vida privada\",\"viola\u00e7\u00e3o de domic\u00edlio\",\"viol\u00eancia dom\u00e9stica\",\"viol\u00eancia dom\u00e9stica agravada\",\"Viseu\"],\"articleSection\":[\"Not\u00edcias\",\"Pol\u00edtica\"],\"inLanguage\":\"pt-PT\"},{\"@type\":\"WebPage\",\"@id\":\"https:\/\/portaltela.pt\/noticias\/2026\/02\/09\/nuno-homem-de-sa-e-novamente-acusado-de-violencia-domestica\/\",\"url\":\"https:\/\/portaltela.pt\/noticias\/2026\/02\/09\/nuno-homem-de-sa-e-novamente-acusado-de-violencia-domestica\/\",\"name\":\"Nuno Homem de S\u00e1 \u00e9 novamente acusado de viol\u00eancia dom\u00e9stica - Portal Tela Portugal\",\"isPartOf\":{\"@id\":\"https:\/\/portaltela.pt\/#website\"},\"primaryImageOfPage\":{\"@id\":\"https:\/\/portaltela.pt\/noticias\/2026\/02\/09\/nuno-homem-de-sa-e-novamente-acusado-de-violencia-domestica\/#primaryimage\"},\"image\":{\"@id\":\"https:\/\/portaltela.pt\/noticias\/2026\/02\/09\/nuno-homem-de-sa-e-novamente-acusado-de-violencia-domestica\/#primaryimage\"},\"thumbnailUrl\":\"https:\/\/portaltela.pt\/s.01k8rhncp4jt1\/2026\/02\/img_1500x1000uu2024-03-22-13-26-45-1606691.jpg\",\"datePublished\":\"2026-02-10T01:30:00+00:00\",\"author\":{\"@id\":\"https:\/\/portaltela.pt\/#\/schema\/person\/c4278d4a6028830caff9ee44b42d32ed\"},\"breadcrumb\":{\"@id\":\"https:\/\/portaltela.pt\/noticias\/2026\/02\/09\/nuno-homem-de-sa-e-novamente-acusado-de-violencia-domestica\/#breadcrumb\"},\"inLanguage\":\"pt-PT\",\"potentialAction\":[{\"@type\":\"ReadAction\",\"target\":[\"https:\/\/portaltela.pt\/noticias\/2026\/02\/09\/nuno-homem-de-sa-e-novamente-acusado-de-violencia-domestica\/\"]}]},{\"@type\":\"ImageObject\",\"inLanguage\":\"pt-PT\",\"@id\":\"https:\/\/portaltela.pt\/noticias\/2026\/02\/09\/nuno-homem-de-sa-e-novamente-acusado-de-violencia-domestica\/#primaryimage\",\"url\":\"https:\/\/portaltela.pt\/s.01k8rhncp4jt1\/2026\/02\/img_1500x1000uu2024-03-22-13-26-45-1606691.jpg\",\"contentUrl\":\"https:\/\/portaltela.pt\/s.01k8rhncp4jt1\/2026\/02\/img_1500x1000uu2024-03-22-13-26-45-1606691.jpg\",\"width\":796,\"height\":448,\"caption\":\"Nuno Homem de S\u00c1 e N\u00e1dia Lopes\"},{\"@type\":\"BreadcrumbList\",\"@id\":\"https:\/\/portaltela.pt\/noticias\/2026\/02\/09\/nuno-homem-de-sa-e-novamente-acusado-de-violencia-domestica\/#breadcrumb\",\"itemListElement\":[{\"@type\":\"ListItem\",\"position\":1,\"name\":\"In\u00edcio\",\"item\":\"https:\/\/portaltela.pt\/\"},{\"@type\":\"ListItem\",\"position\":2,\"name\":\"Nuno Homem de S\u00e1 \u00e9 novamente acusado de viol\u00eancia dom\u00e9stica\"}]},{\"@type\":\"WebSite\",\"@id\":\"https:\/\/portaltela.pt\/#website\",\"url\":\"https:\/\/portaltela.pt\/\",\"name\":\"Portal Tela Portugal\",\"description\":\"\",\"potentialAction\":[{\"@type\":\"SearchAction\",\"target\":{\"@type\":\"EntryPoint\",\"urlTemplate\":\"https:\/\/portaltela.pt\/?s={search_term_string}\"},\"query-input\":{\"@type\":\"PropertyValueSpecification\",\"valueRequired\":true,\"valueName\":\"search_term_string\"}}],\"inLanguage\":\"pt-PT\"},{\"@type\":\"Person\",\"@id\":\"https:\/\/portaltela.pt\/#\/schema\/person\/c4278d4a6028830caff9ee44b42d32ed\",\"name\":\"Telinha\",\"image\":{\"@type\":\"ImageObject\",\"inLanguage\":\"pt-PT\",\"@id\":\"https:\/\/portaltela.pt\/s.01k8rhncp4jt1\/2025\/11\/talking-bot-125x125.png\",\"url\":\"https:\/\/portaltela.pt\/s.01k8rhncp4jt1\/2025\/11\/talking-bot-125x125.png\",\"contentUrl\":\"https:\/\/portaltela.pt\/s.01k8rhncp4jt1\/2025\/11\/talking-bot-125x125.png\",\"caption\":\"Telinha\"},\"sameAs\":[\"https:\/\/portaltela.pt\/\"],\"url\":\"https:\/\/portaltela.pt\/por\/367410592786\/\"}]}<\/script>\n<!-- \/ Yoast SEO plugin. -->","yoast_head_json":{"title":"Nuno Homem de S\u00e1 \u00e9 novamente acusado de viol\u00eancia dom\u00e9stica - Portal Tela Portugal","robots":{"index":"index","follow":"follow","max-snippet":"max-snippet:-1","max-image-preview":"max-image-preview:large","max-video-preview":"max-video-preview:-1"},"og_locale":"pt_PT","og_type":"article","og_title":"Nuno Homem de S\u00e1 \u00e9 novamente acusado de viol\u00eancia dom\u00e9stica - Portal Tela Portugal","og_description":"Nuno Homem de S\u00e1, de 63 anos, volta a ser acusado de viol\u00eancia dom\u00e9stica agravada, desta vez pela ex-namorada N\u00e1dia Lopes, com julgamento previsto em mar\u00e7o no Tribunal de Viseu. Antes disso, no dia 24, enfrenta o mesmo crime no Tribunal de Torres Vedras, relacionado com Frederica Lima, outra ex-namorada. A acusa\u00e7\u00e3o relata tr\u00eas meses de terror na rela\u00e7\u00e3o com N\u00e1dia Lopes, incluindo controlo extremo, insultos, priva\u00e7\u00e3o de higiene e perfis falsos nas redes sociais para denegrir a v\u00edtima. N\u00e1dia Lopes, que j\u00e1 emigrar\u00e1 para Inglaterra, chegou a tentar suicidar-se devido \u00e0s amea\u00e7as e persegui\u00e7\u00f5es descritas pela acusa\u00e7\u00e3o. Em rela\u00e7\u00e3o a Frederica Lima, o ator \u00e9 acusado de viol\u00eancia dom\u00e9stica, viola\u00e7\u00e3o de domic\u00edlio e perturba\u00e7\u00e3o da vida privada, estando proibido de se aproximar a menos de quinhentos metros.","og_url":"https:\/\/portaltela.pt\/noticias\/2026\/02\/09\/nuno-homem-de-sa-e-novamente-acusado-de-violencia-domestica\/","og_site_name":"Portal Tela Portugal","article_published_time":"2026-02-10T01:30:00+00:00","author":"Telinha","twitter_card":"summary_large_image","twitter_misc":{"Escrito por":"Telinha","Tempo estimado de leitura":"1 minuto"},"schema":{"@context":"https:\/\/schema.org","@graph":[{"@type":"Article","@id":"https:\/\/portaltela.pt\/noticias\/2026\/02\/09\/nuno-homem-de-sa-e-novamente-acusado-de-violencia-domestica\/#article","isPartOf":{"@id":"https:\/\/portaltela.pt\/noticias\/2026\/02\/09\/nuno-homem-de-sa-e-novamente-acusado-de-violencia-domestica\/"},"author":{"name":"Telinha","@id":"https:\/\/portaltela.pt\/#\/schema\/person\/c4278d4a6028830caff9ee44b42d32ed"},"headline":"Nuno Homem de S\u00e1 \u00e9 novamente acusado de viol\u00eancia dom\u00e9stica","datePublished":"2026-02-10T01:30:00+00:00","mainEntityOfPage":{"@id":"https:\/\/portaltela.pt\/noticias\/2026\/02\/09\/nuno-homem-de-sa-e-novamente-acusado-de-violencia-domestica\/"},"wordCount":293,"image":{"@id":"https:\/\/portaltela.pt\/noticias\/2026\/02\/09\/nuno-homem-de-sa-e-novamente-acusado-de-violencia-domestica\/#primaryimage"},"thumbnailUrl":"https:\/\/portaltela.pt\/s.01k8rhncp4jt1\/2026\/02\/img_1500x1000uu2024-03-22-13-26-45-1606691.jpg","keywords":["criminalidade","perturba\u00e7\u00e3o da vida privada","viola\u00e7\u00e3o de domic\u00edlio","viol\u00eancia dom\u00e9stica","viol\u00eancia dom\u00e9stica agravada","Viseu"],"articleSection":["Not\u00edcias","Pol\u00edtica"],"inLanguage":"pt-PT"},{"@type":"WebPage","@id":"https:\/\/portaltela.pt\/noticias\/2026\/02\/09\/nuno-homem-de-sa-e-novamente-acusado-de-violencia-domestica\/","url":"https:\/\/portaltela.pt\/noticias\/2026\/02\/09\/nuno-homem-de-sa-e-novamente-acusado-de-violencia-domestica\/","name":"Nuno Homem de S\u00e1 \u00e9 novamente acusado de viol\u00eancia dom\u00e9stica - Portal Tela Portugal","isPartOf":{"@id":"https:\/\/portaltela.pt\/#website"},"primaryImageOfPage":{"@id":"https:\/\/portaltela.pt\/noticias\/2026\/02\/09\/nuno-homem-de-sa-e-novamente-acusado-de-violencia-domestica\/#primaryimage"},"image":{"@id":"https:\/\/portaltela.pt\/noticias\/2026\/02\/09\/nuno-homem-de-sa-e-novamente-acusado-de-violencia-domestica\/#primaryimage"},"thumbnailUrl":"https:\/\/portaltela.pt\/s.01k8rhncp4jt1\/2026\/02\/img_1500x1000uu2024-03-22-13-26-45-1606691.jpg","datePublished":"2026-02-10T01:30:00+00:00","author":{"@id":"https:\/\/portaltela.pt\/#\/schema\/person\/c4278d4a6028830caff9ee44b42d32ed"},"breadcrumb":{"@id":"https:\/\/portaltela.pt\/noticias\/2026\/02\/09\/nuno-homem-de-sa-e-novamente-acusado-de-violencia-domestica\/#breadcrumb"},"inLanguage":"pt-PT","potentialAction":[{"@type":"ReadAction","target":["https:\/\/portaltela.pt\/noticias\/2026\/02\/09\/nuno-homem-de-sa-e-novamente-acusado-de-violencia-domestica\/"]}]},{"@type":"ImageObject","inLanguage":"pt-PT","@id":"https:\/\/portaltela.pt\/noticias\/2026\/02\/09\/nuno-homem-de-sa-e-novamente-acusado-de-violencia-domestica\/#primaryimage","url":"https:\/\/portaltela.pt\/s.01k8rhncp4jt1\/2026\/02\/img_1500x1000uu2024-03-22-13-26-45-1606691.jpg","contentUrl":"https:\/\/portaltela.pt\/s.01k8rhncp4jt1\/2026\/02\/img_1500x1000uu2024-03-22-13-26-45-1606691.jpg","width":796,"height":448,"caption":"Nuno Homem de S\u00c1 e N\u00e1dia Lopes"},{"@type":"BreadcrumbList","@id":"https:\/\/portaltela.pt\/noticias\/2026\/02\/09\/nuno-homem-de-sa-e-novamente-acusado-de-violencia-domestica\/#breadcrumb","itemListElement":[{"@type":"ListItem","position":1,"name":"In\u00edcio","item":"https:\/\/portaltela.pt\/"},{"@type":"ListItem","position":2,"name":"Nuno Homem de S\u00e1 \u00e9 novamente acusado de viol\u00eancia dom\u00e9stica"}]},{"@type":"WebSite","@id":"https:\/\/portaltela.pt\/#website","url":"https:\/\/portaltela.pt\/","name":"Portal Tela Portugal","description":"","potentialAction":[{"@type":"SearchAction","target":{"@type":"EntryPoint","urlTemplate":"https:\/\/portaltela.pt\/?s={search_term_string}"},"query-input":{"@type":"PropertyValueSpecification","valueRequired":true,"valueName":"search_term_string"}}],"inLanguage":"pt-PT"},{"@type":"Person","@id":"https:\/\/portaltela.pt\/#\/schema\/person\/c4278d4a6028830caff9ee44b42d32ed","name":"Telinha","image":{"@type":"ImageObject","inLanguage":"pt-PT","@id":"https:\/\/portaltela.pt\/s.01k8rhncp4jt1\/2025\/11\/talking-bot-125x125.png","url":"https:\/\/portaltela.pt\/s.01k8rhncp4jt1\/2025\/11\/talking-bot-125x125.png","contentUrl":"https:\/\/portaltela.pt\/s.01k8rhncp4jt1\/2025\/11\/talking-bot-125x125.png","caption":"Telinha"},"sameAs":["https:\/\/portaltela.pt\/"],"url":"https:\/\/portaltela.pt\/por\/367410592786\/"}]}},"_links":{"self":[{"href":"https:\/\/portaltela.pt\/api\/wp\/v2\/posts\/206206","targetHints":{"allow":["GET"]}}],"collection":[{"href":"https:\/\/portaltela.pt\/api\/wp\/v2\/posts"}],"about":[{"href":"https:\/\/portaltela.pt\/api\/wp\/v2\/types\/post"}],"author":[{"embeddable":true,"href":"https:\/\/portaltela.pt\/api\/wp\/v2\/users\/2"}],"replies":[{"embeddable":true,"href":"https:\/\/portaltela.pt\/api\/wp\/v2\/comments?post=206206"}],"version-history":[{"count":0,"href":"https:\/\/portaltela.pt\/api\/wp\/v2\/posts\/206206\/revisions"}],"wp:featuredmedia":[{"embeddable":true,"href":"https:\/\/portaltela.pt\/api\/wp\/v2\/media\/206208"}],"wp:attachment":[{"href":"https:\/\/portaltela.pt\/api\/wp\/v2\/media?parent=206206"}],"wp:term":[{"taxonomy":"category","embeddable":true,"href":"https:\/\/portaltela.pt\/api\/wp\/v2\/categories?post=206206"},{"taxonomy":"post_tag","embeddable":true,"href":"https:\/\/portaltela.pt\/api\/wp\/v2\/tags?post=206206"}],"curies":[{"name":"wp","href":"https:\/\/api.w.org\/{rel}","templated":true}]}}